{"id":23711,"date":"2018-08-01T08:54:39","date_gmt":"2018-08-01T11:54:39","guid":{"rendered":"http:\/\/www.noticiasradioreflejos.com.ar\/noticias\/?p=23711"},"modified":"2018-08-01T08:54:39","modified_gmt":"2018-08-01T11:54:39","slug":"servicio-de-pediatria-se-amplia-el-horario-de-atencion","status":"publish","type":"post","link":"https:\/\/www.noticiasradioreflejos.com.ar\/2021\/servicio-de-pediatria-se-amplia-el-horario-de-atencion\/","title":{"rendered":"Servicio de pediatr\u00eda: se ampl\u00eda el horario de atenci\u00f3n"},"content":{"rendered":"<p>La Secretaria de Salud informa que, a partir del mes de agosto, se ampl\u00eda el horario de atenci\u00f3n en el servicio de pediatr\u00eda gracias a la incorporaci\u00f3n de un nuevo profesional, la doctora Natalia Rouco (pediatra). <!--more--><br \/>\n<strong><br \/>\nLos horarios de atenci\u00f3n ser\u00e1n:<\/strong><br \/>\nSALA NORTE:  lunes de 15.15 a 18,  y mi\u00e9rcoles de 12 a 15 hs.<br \/>\nHOSPITAL \u201cDr. Castro\u201d: lunes de 12 a 15 y  mi\u00e9rcoles de 15.15 a 18 hs. .<br \/>\nEsta acci\u00f3n, adem\u00e1s de ampliar la cobertura, permite en el turno tarde, contar con el servicio en Sala Norte.<br \/>\nPor otro lado, desde la mencionada cartera comunican que tambi\u00e9n se ampl\u00eda el horario en el servicio de ginecolog\u00eda, ya que  la doctora Ana Zyla atender\u00e1, en SALA NORTE,  los jueves a partir de 16.30 hs..<br \/>\nAdem\u00e1s, se informa que se modifica el d\u00eda y horario de atenci\u00f3n del doctor  Pablo Veneziano (Traumat\u00f3logo).  A partir de agosto atender\u00e1 los  lunes y mi\u00e9rcoles de 9 a 11.40 hs.  en el nosocomio local.<br \/>\nPara turnos comunicarse con el hospital municipal (494.1020), o Sala Norte (494.0812), seg\u00fan corresponda.<\/p>\n","protected":false},"excerpt":{"rendered":"<p>La Secretaria de Salud informa que, a partir del mes de agosto, se ampl\u00eda el horario de atenci\u00f3n en el servicio de pediatr\u00eda gracias a la incorporaci\u00f3n de un nuevo profesional, la doctora Natalia Rouco (pediatra).<\/p>\n","protected":false},"author":3,"featured_media":0,"comment_status":"closed","ping_status":"open","sticky":false,"template":"","format":"standard","meta":{"footnotes":""},"categories":[30],"tags":[],"class_list":["post-23711","post","type-post","status-publish","format-standard","hentry","category-salud"],"yoast_head":"<!-- This site is optimized with the Yoast SEO plugin v25.9 - https:\/\/yoast.com\/wordpress\/plugins\/seo\/ -->\n<title>Servicio de pediatr\u00eda: se ampl\u00eda el horario de atenci\u00f3n - Noticias Radio Reflejos<\/title>\n<meta name=\"robots\" content=\"index, follow, max-snippet:-1, max-image-preview:large, max-video-preview:-1\" \/>\n<link rel=\"canonical\" href=\"https:\/\/www.noticiasradioreflejos.com.ar\/2021\/servicio-de-pediatria-se-amplia-el-horario-de-atencion\/\" \/>\n<meta property=\"og:locale\" content=\"es_ES\" \/>\n<meta property=\"og:type\" content=\"article\" \/>\n<meta property=\"og:title\" content=\"Servicio de pediatr\u00eda: se ampl\u00eda el horario de atenci\u00f3n - Noticias Radio Reflejos\" \/>\n<meta property=\"og:description\" content=\"La Secretaria de Salud informa que, a partir del mes de agosto, se ampl\u00eda el horario de atenci\u00f3n en el servicio de pediatr\u00eda gracias a la incorporaci\u00f3n de un nuevo profesional, la doctora Natalia Rouco (pediatra).\" \/>\n<meta property=\"og:url\" content=\"https:\/\/www.noticiasradioreflejos.com.ar\/2021\/servicio-de-pediatria-se-amplia-el-horario-de-atencion\/\" \/>\n<meta property=\"og:site_name\" content=\"Noticias Radio Reflejos\" \/>\n<meta property=\"article:published_time\" content=\"2018-08-01T11:54:39+00:00\" \/>\n<meta property=\"og:image\" content=\"https:\/\/www.noticiasradioreflejos.com.ar\/2021\/wp-content\/uploads\/2021\/07\/logosol300x200.png\" \/>\n\t<meta property=\"og:image:width\" content=\"300\" \/>\n\t<meta property=\"og:image:height\" content=\"200\" \/>\n\t<meta property=\"og:image:type\" content=\"image\/png\" \/>\n<meta name=\"author\" content=\"Arnaldo Botto\" \/>\n<meta name=\"twitter:card\" content=\"summary_large_image\" \/>\n<script type=\"application\/ld+json\" class=\"yoast-schema-graph\">{\"@context\":\"https:\/\/schema.org\",\"@graph\":[{\"@type\":\"WebPage\",\"@id\":\"https:\/\/www.noticiasradioreflejos.com.ar\/2021\/servicio-de-pediatria-se-amplia-el-horario-de-atencion\/\",\"url\":\"https:\/\/www.noticiasradioreflejos.com.ar\/2021\/servicio-de-pediatria-se-amplia-el-horario-de-atencion\/\",\"name\":\"Servicio de pediatr\u00eda: se ampl\u00eda el horario de atenci\u00f3n - Noticias Radio Reflejos\",\"isPartOf\":{\"@id\":\"https:\/\/www.noticiasradioreflejos.com.ar\/2021\/#website\"},\"datePublished\":\"2018-08-01T11:54:39+00:00\",\"author\":{\"@id\":\"https:\/\/www.noticiasradioreflejos.com.ar\/2021\/#\/schema\/person\/ad82545263dcc5ec0996818884fd5fb1\"},\"breadcrumb\":{\"@id\":\"https:\/\/www.noticiasradioreflejos.com.ar\/2021\/servicio-de-pediatria-se-amplia-el-horario-de-atencion\/#breadcrumb\"},\"inLanguage\":\"es\",\"potentialAction\":[{\"@type\":\"ReadAction\",\"target\":[\"https:\/\/www.noticiasradioreflejos.com.ar\/2021\/servicio-de-pediatria-se-amplia-el-horario-de-atencion\/\"]}]},{\"@type\":\"BreadcrumbList\",\"@id\":\"https:\/\/www.noticiasradioreflejos.com.ar\/2021\/servicio-de-pediatria-se-amplia-el-horario-de-atencion\/#breadcrumb\",\"itemListElement\":[{\"@type\":\"ListItem\",\"position\":1,\"name\":\"Portada\",\"item\":\"https:\/\/www.noticiasradioreflejos.com.ar\/2021\/\"},{\"@type\":\"ListItem\",\"position\":2,\"name\":\"Servicio de pediatr\u00eda: se ampl\u00eda el horario de atenci\u00f3n\"}]},{\"@type\":\"WebSite\",\"@id\":\"https:\/\/www.noticiasradioreflejos.com.ar\/2021\/#website\",\"url\":\"https:\/\/www.noticiasradioreflejos.com.ar\/2021\/\",\"name\":\"Noticias Radio Reflejos\",\"description\":\"Las noticias de mi comarca\",\"potentialAction\":[{\"@type\":\"SearchAction\",\"target\":{\"@type\":\"EntryPoint\",\"urlTemplate\":\"https:\/\/www.noticiasradioreflejos.com.ar\/2021\/?s={search_term_string}\"},\"query-input\":{\"@type\":\"PropertyValueSpecification\",\"valueRequired\":true,\"valueName\":\"search_term_string\"}}],\"inLanguage\":\"es\"},{\"@type\":\"Person\",\"@id\":\"https:\/\/www.noticiasradioreflejos.com.ar\/2021\/#\/schema\/person\/ad82545263dcc5ec0996818884fd5fb1\",\"name\":\"Arnaldo Botto\",\"image\":{\"@type\":\"ImageObject\",\"inLanguage\":\"es\",\"@id\":\"https:\/\/www.noticiasradioreflejos.com.ar\/2021\/#\/schema\/person\/image\/\",\"url\":\"https:\/\/secure.gravatar.com\/avatar\/55cb5e37c1efa326397366e6974cb338056df65cb50e7d64d1cf314e87504837?s=96&d=mm&r=g\",\"contentUrl\":\"https:\/\/secure.gravatar.com\/avatar\/55cb5e37c1efa326397366e6974cb338056df65cb50e7d64d1cf314e87504837?s=96&d=mm&r=g\",\"caption\":\"Arnaldo Botto\"},\"url\":\"https:\/\/www.noticiasradioreflejos.com.ar\/2021\/author\/arnaldo\/\"}]}<\/script>\n<!-- \/ Yoast SEO plugin. -->","yoast_head_json":{"title":"Servicio de pediatr\u00eda: se ampl\u00eda el horario de atenci\u00f3n - Noticias Radio Reflejos","robots":{"index":"index","follow":"follow","max-snippet":"max-snippet:-1","max-image-preview":"max-image-preview:large","max-video-preview":"max-video-preview:-1"},"canonical":"https:\/\/www.noticiasradioreflejos.com.ar\/2021\/servicio-de-pediatria-se-amplia-el-horario-de-atencion\/","og_locale":"es_ES","og_type":"article","og_title":"Servicio de pediatr\u00eda: se ampl\u00eda el horario de atenci\u00f3n - Noticias Radio Reflejos","og_description":"La Secretaria de Salud informa que, a partir del mes de agosto, se ampl\u00eda el horario de atenci\u00f3n en el servicio de pediatr\u00eda gracias a la incorporaci\u00f3n de un nuevo profesional, la doctora Natalia Rouco (pediatra).","og_url":"https:\/\/www.noticiasradioreflejos.com.ar\/2021\/servicio-de-pediatria-se-amplia-el-horario-de-atencion\/","og_site_name":"Noticias Radio Reflejos","article_published_time":"2018-08-01T11:54:39+00:00","og_image":[{"width":300,"height":200,"url":"https:\/\/www.noticiasradioreflejos.com.ar\/2021\/wp-content\/uploads\/2021\/07\/logosol300x200.png","type":"image\/png"}],"author":"Arnaldo Botto","twitter_card":"summary_large_image","schema":{"@context":"https:\/\/schema.org","@graph":[{"@type":"WebPage","@id":"https:\/\/www.noticiasradioreflejos.com.ar\/2021\/servicio-de-pediatria-se-amplia-el-horario-de-atencion\/","url":"https:\/\/www.noticiasradioreflejos.com.ar\/2021\/servicio-de-pediatria-se-amplia-el-horario-de-atencion\/","name":"Servicio de pediatr\u00eda: se ampl\u00eda el horario de atenci\u00f3n - Noticias Radio Reflejos","isPartOf":{"@id":"https:\/\/www.noticiasradioreflejos.com.ar\/2021\/#website"},"datePublished":"2018-08-01T11:54:39+00:00","author":{"@id":"https:\/\/www.noticiasradioreflejos.com.ar\/2021\/#\/schema\/person\/ad82545263dcc5ec0996818884fd5fb1"},"breadcrumb":{"@id":"https:\/\/www.noticiasradioreflejos.com.ar\/2021\/servicio-de-pediatria-se-amplia-el-horario-de-atencion\/#breadcrumb"},"inLanguage":"es","potentialAction":[{"@type":"ReadAction","target":["https:\/\/www.noticiasradioreflejos.com.ar\/2021\/servicio-de-pediatria-se-amplia-el-horario-de-atencion\/"]}]},{"@type":"BreadcrumbList","@id":"https:\/\/www.noticiasradioreflejos.com.ar\/2021\/servicio-de-pediatria-se-amplia-el-horario-de-atencion\/#breadcrumb","itemListElement":[{"@type":"ListItem","position":1,"name":"Portada","item":"https:\/\/www.noticiasradioreflejos.com.ar\/2021\/"},{"@type":"ListItem","position":2,"name":"Servicio de pediatr\u00eda: se ampl\u00eda el horario de atenci\u00f3n"}]},{"@type":"WebSite","@id":"https:\/\/www.noticiasradioreflejos.com.ar\/2021\/#website","url":"https:\/\/www.noticiasradioreflejos.com.ar\/2021\/","name":"Noticias Radio Reflejos","description":"Las noticias de mi comarca","potentialAction":[{"@type":"SearchAction","target":{"@type":"EntryPoint","urlTemplate":"https:\/\/www.noticiasradioreflejos.com.ar\/2021\/?s={search_term_string}"},"query-input":{"@type":"PropertyValueSpecification","valueRequired":true,"valueName":"search_term_string"}}],"inLanguage":"es"},{"@type":"Person","@id":"https:\/\/www.noticiasradioreflejos.com.ar\/2021\/#\/schema\/person\/ad82545263dcc5ec0996818884fd5fb1","name":"Arnaldo Botto","image":{"@type":"ImageObject","inLanguage":"es","@id":"https:\/\/www.noticiasradioreflejos.com.ar\/2021\/#\/schema\/person\/image\/","url":"https:\/\/secure.gravatar.com\/avatar\/55cb5e37c1efa326397366e6974cb338056df65cb50e7d64d1cf314e87504837?s=96&d=mm&r=g","contentUrl":"https:\/\/secure.gravatar.com\/avatar\/55cb5e37c1efa326397366e6974cb338056df65cb50e7d64d1cf314e87504837?s=96&d=mm&r=g","caption":"Arnaldo Botto"},"url":"https:\/\/www.noticiasradioreflejos.com.ar\/2021\/author\/arnaldo\/"}]}},"_links":{"self":[{"href":"https:\/\/www.noticiasradioreflejos.com.ar\/2021\/wp-json\/wp\/v2\/posts\/23711","targetHints":{"allow":["GET"]}}],"collection":[{"href":"https:\/\/www.noticiasradioreflejos.com.ar\/2021\/wp-json\/wp\/v2\/posts"}],"about":[{"href":"https:\/\/www.noticiasradioreflejos.com.ar\/2021\/wp-json\/wp\/v2\/types\/post"}],"author":[{"embeddable":true,"href":"https:\/\/www.noticiasradioreflejos.com.ar\/2021\/wp-json\/wp\/v2\/users\/3"}],"replies":[{"embeddable":true,"href":"https:\/\/www.noticiasradioreflejos.com.ar\/2021\/wp-json\/wp\/v2\/comments?post=23711"}],"version-history":[{"count":0,"href":"https:\/\/www.noticiasradioreflejos.com.ar\/2021\/wp-json\/wp\/v2\/posts\/23711\/revisions"}],"wp:attachment":[{"href":"https:\/\/www.noticiasradioreflejos.com.ar\/2021\/wp-json\/wp\/v2\/media?parent=23711"}],"wp:term":[{"taxonomy":"category","embeddable":true,"href":"https:\/\/www.noticiasradioreflejos.com.ar\/2021\/wp-json\/wp\/v2\/categories?post=23711"},{"taxonomy":"post_tag","embeddable":true,"href":"https:\/\/www.noticiasradioreflejos.com.ar\/2021\/wp-json\/wp\/v2\/tags?post=23711"}],"curies":[{"name":"wp","href":"https:\/\/api.w.org\/{rel}","templated":true}]}}