{"id":23698,"date":"2018-07-31T12:24:00","date_gmt":"2018-07-31T15:24:00","guid":{"rendered":"http:\/\/www.noticiasradioreflejos.com.ar\/noticias\/?p=23698"},"modified":"2018-07-31T12:24:00","modified_gmt":"2018-07-31T15:24:00","slug":"son-hechos-que-inquietan-a-la-comunidad-ruben-testa-sobre-los-robos-en-villa-ventana","status":"publish","type":"post","link":"https:\/\/www.noticiasradioreflejos.com.ar\/2021\/son-hechos-que-inquietan-a-la-comunidad-ruben-testa-sobre-los-robos-en-villa-ventana\/","title":{"rendered":"&quot;Son hechos que inquietan a la comunidad&quot;,  Rub\u00e9n Testa sobre los robos en Villa Ventana."},"content":{"rendered":"<p>Tras la seguidilla de hechos delictivos en Villa Ventana, hablamos con el presidente de  la Asoc. de Fomento de la localidad, Rub\u00e9n Testa, qui\u00e9n nos da detalles de lo sucedido e informa que se  convoca a una reuni\u00f3n a todos los vecinos con las autoridades municipales y policiales para ma\u00f1ana mi\u00e9rcoles 1\u00b0 de Agosto a la hora 18 en las instalaciones de la instituci\u00f3n.<br \/>\nVarios robos y hurtos preocupan a la poblaci\u00f3n de la localidad de Villa Ventana.<br \/>\nPor esto llamamos al Presidente de la Asociaci\u00f3n de Fomento, cultural y F\u00edsica de Villa Ventana para conocer como trabaja la instituci\u00f3n de frente a la problem\u00e1tica.<br \/>\nRuben Testa manifest\u00f3 que si bien no son casos graves, todos los vecinos y comerciantes se sienten muy preocupados por lo que est\u00e1 pasando.<!--more--><br \/>\n\u00abConfiamos en que vamos a recuperar la tranquilidad\u00bb manifest\u00f3 Testa poniendo de manifiesto que conf\u00edan plenamente en la polic\u00eda que<br \/>\n\u00abTrabajan incansablemente para resolverlo\u00bb asegur\u00f3.<br \/>\nEste mi\u00e9rcoles a las 18 hs se realizar\u00e1 una reuni\u00f3n con el Intendente Sergio Bordoni para buscar alternativas que les permitan terminar con la situaci\u00f3n.<br \/>\nEn poco menos de 10 d\u00edas son 4 o 5 los hechos delictivos que sufren los vecinos de la Villa a lo que se suman otros casos en Sierra de la Ventana y Villa Ventana.<br \/>\n\u00abAc\u00e1 estamos, afrontando esta situaci\u00f3n que nos pone en alerta a los vecinos de Villa Ventana, porque sabemos que es un lugar tranquilo, que no suceden estas cosas y no son hechos graves tampoco, pero, son hechos de hurto que nos inquietan\u00bb.<br \/>\n\u00ab4 o 5 robos seguro, este fin de semana hubo 3 hechos que llamaron la atenci\u00f3n, y bueno esta toda la polic\u00eda trabajando, la verdad que tenemos que agradecer que la presencia policial esta, pero bueno, Villa Ventana si bien es un pueblo chico por la topograf\u00eda del terreno tampoco es muy f\u00e1cil de trabajar para los polic\u00edas. S\u00e9 que la polic\u00eda esta trabajando sobre pistas firmes, pero bueno mucha informaci\u00f3n no se puede dar por la situaci\u00f3n, confiamos en que se va a llevar a buen termino, y confiamos en que vamos a recuperar la tranquilidad. No solo es un trabajo de los polic\u00edas, sino tambi\u00e9n como vecinos tenemos que contribuir, porque muchas veces nosotros vemos que suceden cosas, que son sospechosas, o por ah\u00ed que llama la atenci\u00f3n y no tomamos la decisi\u00f3n de llamar a la polic\u00eda, y esa decisi\u00f3n puede cambiar en que sucedan o no los hechos, porque f\u00edjate que un vecino comento que hab\u00eda visto movimientos de linternas este fin de semana en una de las casas que entraron, que se llevaron un tel\u00e9fono celular, no fue gran cosa, pero le llamo la atenci\u00f3n que vio esas linternas, pero lo paso por alto, si ese vecino tal vez hubiese llamado, se hubiese evitado el robo. Son cosas que como vecinos nos tenemos que organizar, tambi\u00e9n Villa creci\u00f3 much\u00edsimo, vinieron much\u00edsimas familias nuevas, hay mucha gente que viene a trabajar, entonces, tambi\u00e9n eso es para tener en cuenta, tener un registro de las personas que vienen a trabajar, un registro de pasajeros confiable con numero de documento, como corresponde\u00bb.<br \/>\n\u00abNo podemos decir si es un chico, si es un adulto, lo que si creo yo es que es una persona que entra, manotea lo que tiene a mano y se va, en estas circunstancias que se da de una seguidilla de lugares, creo yo que tiene que ser alguien que conoce el lugar, porque no cualquiera va a venir y hacer este tipo de cosas sin conocer el lugar, donde esconderse, donde refugiarse digo yo, no soy polic\u00eda, no soy muy entendido en la materia, son conclusiones que uno va sacando, pero vuelvo a repetir, nosotros como vecinos ahora lo que queremos es, por eso convocamos a una reuni\u00f3n a todos los vecinos, el d\u00eda de ma\u00f1ana me confirm\u00f3 el intendente que va a estar presente, por eso la postergamos para el d\u00eda de ma\u00f1ana, lo que queremos es organizarnos, y empezar a tener en cuenta que Villa Ventana ya no es la misma que hace unos a\u00f1os atr\u00e1s, y que tenemos que tener ciertos recaudos, tenemos que tener ciertos controles, nosotros como vecinos organizarnos para colaborar, y pedir de las autoridades las medidas necesarias como para seguir teniendo tranquilidad, mayor cantidad de c\u00e1maras, operativos de control vehicular y dem\u00e1s\u00bb.<br \/>\n\u00abEstuve hablando con la polic\u00eda est\u00e1n haciendo los trabajos, muchas veces se hacen las investigaciones, se hacen las actuaciones, pero hay que esperar que la justicia autorice. Pasa que los tiempos de la justicia muchas veces no son los tiempos de los vecinos, y tambi\u00e9n yo llamo un poco a la reflexi\u00f3n de todos los vecinos, porque puede ser que sea una persona mal habida que venga a hacer da\u00f1o a Villa pero tambi\u00e9n puede ser que sea el hijo de un vecino, el hijo de un pap\u00e1 o una mam\u00e1 que este transitando un momento dif\u00edcil de la vida, y que este haciendo cosas por necesidad, o por equis motivo, he escuchado gente que dice (lo encuentro en el jard\u00edn de mi casa y le pego un tiro), entonces yo llamo a la comunidad a poner pa\u00f1os fr\u00edos y tranquilizarnos. Acompa\u00f1emos a la polic\u00eda para que pueda llegar a buen termino con esto\u00bb.<br \/>\nNOTA COMPLETA:<br \/>\n<iframe loading=\"lazy\" width=\"100%\" height=\"166\" scrolling=\"no\" frameborder=\"no\" allow=\"autoplay\" src=\"https:\/\/w.soundcloud.com\/player\/?url=https%3A\/\/api.soundcloud.com\/tracks\/479216577&#038;color=%23ff5500&#038;auto_play=false&#038;hide_related=false&#038;show_comments=true&#038;show_user=true&#038;show_reposts=false&#038;show_teaser=true\"><\/iframe><\/p>\n","protected":false},"excerpt":{"rendered":"<p>Tras la seguidilla de hechos delictivos en Villa Ventana, hablamos con el presidente de la Asoc. de Fomento de la localidad, Rub\u00e9n Testa, qui\u00e9n nos da detalles de lo sucedido e informa que se convoca a una reuni\u00f3n a todos los vecinos con las autoridades municipales y policiales para ma\u00f1ana mi\u00e9rcoles 1\u00b0 de Agosto a [&hellip;]<\/p>\n","protected":false},"author":3,"featured_media":6465,"comment_status":"closed","ping_status":"open","sticky":false,"template":"","format":"standard","meta":{"footnotes":""},"categories":[29],"tags":[],"class_list":["post-23698","post","type-post","status-publish","format-standard","has-post-thumbnail","hentry","category-policiales"],"yoast_head":"<!-- This site is optimized with the Yoast SEO plugin v25.9 - https:\/\/yoast.com\/wordpress\/plugins\/seo\/ -->\n<title>&quot;Son hechos que inquietan a la comunidad&quot;, Rub\u00e9n Testa sobre los robos en Villa Ventana. - Noticias Radio Reflejos<\/title>\n<meta name=\"robots\" content=\"index, follow, max-snippet:-1, max-image-preview:large, max-video-preview:-1\" \/>\n<link rel=\"canonical\" href=\"https:\/\/www.noticiasradioreflejos.com.ar\/2021\/son-hechos-que-inquietan-a-la-comunidad-ruben-testa-sobre-los-robos-en-villa-ventana\/\" \/>\n<meta property=\"og:locale\" content=\"es_ES\" \/>\n<meta property=\"og:type\" content=\"article\" \/>\n<meta property=\"og:title\" content=\"&quot;Son hechos que inquietan a la comunidad&quot;, Rub\u00e9n Testa sobre los robos en Villa Ventana. - Noticias Radio Reflejos\" \/>\n<meta property=\"og:description\" content=\"Tras la seguidilla de hechos delictivos en Villa Ventana, hablamos con el presidente de la Asoc. de Fomento de la localidad, Rub\u00e9n Testa, qui\u00e9n nos da detalles de lo sucedido e informa que se convoca a una reuni\u00f3n a todos los vecinos con las autoridades municipales y policiales para ma\u00f1ana mi\u00e9rcoles 1\u00b0 de Agosto a [&hellip;]\" \/>\n<meta property=\"og:url\" content=\"https:\/\/www.noticiasradioreflejos.com.ar\/2021\/son-hechos-que-inquietan-a-la-comunidad-ruben-testa-sobre-los-robos-en-villa-ventana\/\" \/>\n<meta property=\"og:site_name\" content=\"Noticias Radio Reflejos\" \/>\n<meta property=\"article:published_time\" content=\"2018-07-31T15:24:00+00:00\" \/>\n<meta property=\"og:image\" content=\"https:\/\/www.noticiasradioreflejos.com.ar\/2021\/wp-content\/uploads\/2017\/01\/2a-Cablagata-Esc.-Agraria-Villa-Ventana-2.jpg\" \/>\n\t<meta property=\"og:image:width\" content=\"2304\" \/>\n\t<meta property=\"og:image:height\" content=\"1296\" \/>\n\t<meta property=\"og:image:type\" content=\"image\/jpeg\" \/>\n<meta name=\"author\" content=\"Arnaldo Botto\" \/>\n<meta name=\"twitter:card\" content=\"summary_large_image\" \/>\n<script type=\"application\/ld+json\" class=\"yoast-schema-graph\">{\"@context\":\"https:\/\/schema.org\",\"@graph\":[{\"@type\":\"WebPage\",\"@id\":\"https:\/\/www.noticiasradioreflejos.com.ar\/2021\/son-hechos-que-inquietan-a-la-comunidad-ruben-testa-sobre-los-robos-en-villa-ventana\/\",\"url\":\"https:\/\/www.noticiasradioreflejos.com.ar\/2021\/son-hechos-que-inquietan-a-la-comunidad-ruben-testa-sobre-los-robos-en-villa-ventana\/\",\"name\":\"&quot;Son hechos que inquietan a la comunidad&quot;, Rub\u00e9n Testa sobre los robos en Villa Ventana. - Noticias Radio Reflejos\",\"isPartOf\":{\"@id\":\"https:\/\/www.noticiasradioreflejos.com.ar\/2021\/#website\"},\"primaryImageOfPage\":{\"@id\":\"https:\/\/www.noticiasradioreflejos.com.ar\/2021\/son-hechos-que-inquietan-a-la-comunidad-ruben-testa-sobre-los-robos-en-villa-ventana\/#primaryimage\"},\"image\":{\"@id\":\"https:\/\/www.noticiasradioreflejos.com.ar\/2021\/son-hechos-que-inquietan-a-la-comunidad-ruben-testa-sobre-los-robos-en-villa-ventana\/#primaryimage\"},\"thumbnailUrl\":\"https:\/\/www.noticiasradioreflejos.com.ar\/2021\/wp-content\/uploads\/2017\/01\/2a-Cablagata-Esc.-Agraria-Villa-Ventana-2.jpg\",\"datePublished\":\"2018-07-31T15:24:00+00:00\",\"author\":{\"@id\":\"https:\/\/www.noticiasradioreflejos.com.ar\/2021\/#\/schema\/person\/ad82545263dcc5ec0996818884fd5fb1\"},\"breadcrumb\":{\"@id\":\"https:\/\/www.noticiasradioreflejos.com.ar\/2021\/son-hechos-que-inquietan-a-la-comunidad-ruben-testa-sobre-los-robos-en-villa-ventana\/#breadcrumb\"},\"inLanguage\":\"es\",\"potentialAction\":[{\"@type\":\"ReadAction\",\"target\":[\"https:\/\/www.noticiasradioreflejos.com.ar\/2021\/son-hechos-que-inquietan-a-la-comunidad-ruben-testa-sobre-los-robos-en-villa-ventana\/\"]}]},{\"@type\":\"ImageObject\",\"inLanguage\":\"es\",\"@id\":\"https:\/\/www.noticiasradioreflejos.com.ar\/2021\/son-hechos-que-inquietan-a-la-comunidad-ruben-testa-sobre-los-robos-en-villa-ventana\/#primaryimage\",\"url\":\"https:\/\/www.noticiasradioreflejos.com.ar\/2021\/wp-content\/uploads\/2017\/01\/2a-Cablagata-Esc.-Agraria-Villa-Ventana-2.jpg\",\"contentUrl\":\"https:\/\/www.noticiasradioreflejos.com.ar\/2021\/wp-content\/uploads\/2017\/01\/2a-Cablagata-Esc.-Agraria-Villa-Ventana-2.jpg\",\"width\":2304,\"height\":1296},{\"@type\":\"BreadcrumbList\",\"@id\":\"https:\/\/www.noticiasradioreflejos.com.ar\/2021\/son-hechos-que-inquietan-a-la-comunidad-ruben-testa-sobre-los-robos-en-villa-ventana\/#breadcrumb\",\"itemListElement\":[{\"@type\":\"ListItem\",\"position\":1,\"name\":\"Portada\",\"item\":\"https:\/\/www.noticiasradioreflejos.com.ar\/2021\/\"},{\"@type\":\"ListItem\",\"position\":2,\"name\":\"&quot;Son hechos que inquietan a la comunidad&quot;, Rub\u00e9n Testa sobre los robos en Villa Ventana.\"}]},{\"@type\":\"WebSite\",\"@id\":\"https:\/\/www.noticiasradioreflejos.com.ar\/2021\/#website\",\"url\":\"https:\/\/www.noticiasradioreflejos.com.ar\/2021\/\",\"name\":\"Noticias Radio Reflejos\",\"description\":\"Las noticias de mi comarca\",\"potentialAction\":[{\"@type\":\"SearchAction\",\"target\":{\"@type\":\"EntryPoint\",\"urlTemplate\":\"https:\/\/www.noticiasradioreflejos.com.ar\/2021\/?s={search_term_string}\"},\"query-input\":{\"@type\":\"PropertyValueSpecification\",\"valueRequired\":true,\"valueName\":\"search_term_string\"}}],\"inLanguage\":\"es\"},{\"@type\":\"Person\",\"@id\":\"https:\/\/www.noticiasradioreflejos.com.ar\/2021\/#\/schema\/person\/ad82545263dcc5ec0996818884fd5fb1\",\"name\":\"Arnaldo Botto\",\"image\":{\"@type\":\"ImageObject\",\"inLanguage\":\"es\",\"@id\":\"https:\/\/www.noticiasradioreflejos.com.ar\/2021\/#\/schema\/person\/image\/\",\"url\":\"https:\/\/secure.gravatar.com\/avatar\/55cb5e37c1efa326397366e6974cb338056df65cb50e7d64d1cf314e87504837?s=96&d=mm&r=g\",\"contentUrl\":\"https:\/\/secure.gravatar.com\/avatar\/55cb5e37c1efa326397366e6974cb338056df65cb50e7d64d1cf314e87504837?s=96&d=mm&r=g\",\"caption\":\"Arnaldo Botto\"},\"url\":\"https:\/\/www.noticiasradioreflejos.com.ar\/2021\/author\/arnaldo\/\"}]}<\/script>\n<!-- \/ Yoast SEO plugin. -->","yoast_head_json":{"title":"&quot;Son hechos que inquietan a la comunidad&quot;, Rub\u00e9n Testa sobre los robos en Villa Ventana. - Noticias Radio Reflejos","robots":{"index":"index","follow":"follow","max-snippet":"max-snippet:-1","max-image-preview":"max-image-preview:large","max-video-preview":"max-video-preview:-1"},"canonical":"https:\/\/www.noticiasradioreflejos.com.ar\/2021\/son-hechos-que-inquietan-a-la-comunidad-ruben-testa-sobre-los-robos-en-villa-ventana\/","og_locale":"es_ES","og_type":"article","og_title":"&quot;Son hechos que inquietan a la comunidad&quot;, Rub\u00e9n Testa sobre los robos en Villa Ventana. - Noticias Radio Reflejos","og_description":"Tras la seguidilla de hechos delictivos en Villa Ventana, hablamos con el presidente de la Asoc. de Fomento de la localidad, Rub\u00e9n Testa, qui\u00e9n nos da detalles de lo sucedido e informa que se convoca a una reuni\u00f3n a todos los vecinos con las autoridades municipales y policiales para ma\u00f1ana mi\u00e9rcoles 1\u00b0 de Agosto a [&hellip;]","og_url":"https:\/\/www.noticiasradioreflejos.com.ar\/2021\/son-hechos-que-inquietan-a-la-comunidad-ruben-testa-sobre-los-robos-en-villa-ventana\/","og_site_name":"Noticias Radio Reflejos","article_published_time":"2018-07-31T15:24:00+00:00","og_image":[{"width":2304,"height":1296,"url":"https:\/\/www.noticiasradioreflejos.com.ar\/2021\/wp-content\/uploads\/2017\/01\/2a-Cablagata-Esc.-Agraria-Villa-Ventana-2.jpg","type":"image\/jpeg"}],"author":"Arnaldo Botto","twitter_card":"summary_large_image","schema":{"@context":"https:\/\/schema.org","@graph":[{"@type":"WebPage","@id":"https:\/\/www.noticiasradioreflejos.com.ar\/2021\/son-hechos-que-inquietan-a-la-comunidad-ruben-testa-sobre-los-robos-en-villa-ventana\/","url":"https:\/\/www.noticiasradioreflejos.com.ar\/2021\/son-hechos-que-inquietan-a-la-comunidad-ruben-testa-sobre-los-robos-en-villa-ventana\/","name":"&quot;Son hechos que inquietan a la comunidad&quot;, Rub\u00e9n Testa sobre los robos en Villa Ventana. - Noticias Radio Reflejos","isPartOf":{"@id":"https:\/\/www.noticiasradioreflejos.com.ar\/2021\/#website"},"primaryImageOfPage":{"@id":"https:\/\/www.noticiasradioreflejos.com.ar\/2021\/son-hechos-que-inquietan-a-la-comunidad-ruben-testa-sobre-los-robos-en-villa-ventana\/#primaryimage"},"image":{"@id":"https:\/\/www.noticiasradioreflejos.com.ar\/2021\/son-hechos-que-inquietan-a-la-comunidad-ruben-testa-sobre-los-robos-en-villa-ventana\/#primaryimage"},"thumbnailUrl":"https:\/\/www.noticiasradioreflejos.com.ar\/2021\/wp-content\/uploads\/2017\/01\/2a-Cablagata-Esc.-Agraria-Villa-Ventana-2.jpg","datePublished":"2018-07-31T15:24:00+00:00","author":{"@id":"https:\/\/www.noticiasradioreflejos.com.ar\/2021\/#\/schema\/person\/ad82545263dcc5ec0996818884fd5fb1"},"breadcrumb":{"@id":"https:\/\/www.noticiasradioreflejos.com.ar\/2021\/son-hechos-que-inquietan-a-la-comunidad-ruben-testa-sobre-los-robos-en-villa-ventana\/#breadcrumb"},"inLanguage":"es","potentialAction":[{"@type":"ReadAction","target":["https:\/\/www.noticiasradioreflejos.com.ar\/2021\/son-hechos-que-inquietan-a-la-comunidad-ruben-testa-sobre-los-robos-en-villa-ventana\/"]}]},{"@type":"ImageObject","inLanguage":"es","@id":"https:\/\/www.noticiasradioreflejos.com.ar\/2021\/son-hechos-que-inquietan-a-la-comunidad-ruben-testa-sobre-los-robos-en-villa-ventana\/#primaryimage","url":"https:\/\/www.noticiasradioreflejos.com.ar\/2021\/wp-content\/uploads\/2017\/01\/2a-Cablagata-Esc.-Agraria-Villa-Ventana-2.jpg","contentUrl":"https:\/\/www.noticiasradioreflejos.com.ar\/2021\/wp-content\/uploads\/2017\/01\/2a-Cablagata-Esc.-Agraria-Villa-Ventana-2.jpg","width":2304,"height":1296},{"@type":"BreadcrumbList","@id":"https:\/\/www.noticiasradioreflejos.com.ar\/2021\/son-hechos-que-inquietan-a-la-comunidad-ruben-testa-sobre-los-robos-en-villa-ventana\/#breadcrumb","itemListElement":[{"@type":"ListItem","position":1,"name":"Portada","item":"https:\/\/www.noticiasradioreflejos.com.ar\/2021\/"},{"@type":"ListItem","position":2,"name":"&quot;Son hechos que inquietan a la comunidad&quot;, Rub\u00e9n Testa sobre los robos en Villa Ventana."}]},{"@type":"WebSite","@id":"https:\/\/www.noticiasradioreflejos.com.ar\/2021\/#website","url":"https:\/\/www.noticiasradioreflejos.com.ar\/2021\/","name":"Noticias Radio Reflejos","description":"Las noticias de mi comarca","potentialAction":[{"@type":"SearchAction","target":{"@type":"EntryPoint","urlTemplate":"https:\/\/www.noticiasradioreflejos.com.ar\/2021\/?s={search_term_string}"},"query-input":{"@type":"PropertyValueSpecification","valueRequired":true,"valueName":"search_term_string"}}],"inLanguage":"es"},{"@type":"Person","@id":"https:\/\/www.noticiasradioreflejos.com.ar\/2021\/#\/schema\/person\/ad82545263dcc5ec0996818884fd5fb1","name":"Arnaldo Botto","image":{"@type":"ImageObject","inLanguage":"es","@id":"https:\/\/www.noticiasradioreflejos.com.ar\/2021\/#\/schema\/person\/image\/","url":"https:\/\/secure.gravatar.com\/avatar\/55cb5e37c1efa326397366e6974cb338056df65cb50e7d64d1cf314e87504837?s=96&d=mm&r=g","contentUrl":"https:\/\/secure.gravatar.com\/avatar\/55cb5e37c1efa326397366e6974cb338056df65cb50e7d64d1cf314e87504837?s=96&d=mm&r=g","caption":"Arnaldo Botto"},"url":"https:\/\/www.noticiasradioreflejos.com.ar\/2021\/author\/arnaldo\/"}]}},"_links":{"self":[{"href":"https:\/\/www.noticiasradioreflejos.com.ar\/2021\/wp-json\/wp\/v2\/posts\/23698","targetHints":{"allow":["GET"]}}],"collection":[{"href":"https:\/\/www.noticiasradioreflejos.com.ar\/2021\/wp-json\/wp\/v2\/posts"}],"about":[{"href":"https:\/\/www.noticiasradioreflejos.com.ar\/2021\/wp-json\/wp\/v2\/types\/post"}],"author":[{"embeddable":true,"href":"https:\/\/www.noticiasradioreflejos.com.ar\/2021\/wp-json\/wp\/v2\/users\/3"}],"replies":[{"embeddable":true,"href":"https:\/\/www.noticiasradioreflejos.com.ar\/2021\/wp-json\/wp\/v2\/comments?post=23698"}],"version-history":[{"count":0,"href":"https:\/\/www.noticiasradioreflejos.com.ar\/2021\/wp-json\/wp\/v2\/posts\/23698\/revisions"}],"wp:featuredmedia":[{"embeddable":true,"href":"https:\/\/www.noticiasradioreflejos.com.ar\/2021\/wp-json\/wp\/v2\/media\/6465"}],"wp:attachment":[{"href":"https:\/\/www.noticiasradioreflejos.com.ar\/2021\/wp-json\/wp\/v2\/media?parent=23698"}],"wp:term":[{"taxonomy":"category","embeddable":true,"href":"https:\/\/www.noticiasradioreflejos.com.ar\/2021\/wp-json\/wp\/v2\/categories?post=23698"},{"taxonomy":"post_tag","embeddable":true,"href":"https:\/\/www.noticiasradioreflejos.com.ar\/2021\/wp-json\/wp\/v2\/tags?post=23698"}],"curies":[{"name":"wp","href":"https:\/\/api.w.org\/{rel}","templated":true}]}}