{"id":23686,"date":"2018-07-30T18:24:27","date_gmt":"2018-07-30T21:24:27","guid":{"rendered":"http:\/\/www.noticiasradioreflejos.com.ar\/noticias\/?p=23686"},"modified":"2018-07-30T18:24:27","modified_gmt":"2018-07-30T21:24:27","slug":"la-sala-medica-del-barrio-sur-y-vecinos-de-tornquist-tendran-sus-escrituras","status":"publish","type":"post","link":"https:\/\/www.noticiasradioreflejos.com.ar\/2021\/la-sala-medica-del-barrio-sur-y-vecinos-de-tornquist-tendran-sus-escrituras\/","title":{"rendered":"La sala medica del Barrio Sur y vecinos de Tornquist tendr\u00e1n sus escrituras"},"content":{"rendered":"<div class=\"x_gmail_quote\">\n<div dir=\"ltr\">\n<p class=\"x_MsoNormal\">La comunidad de Tornquist se beneficiar\u00e1 en su conjunto al recibir las escrituras del Sal\u00f3n de Usos M\u00faltiples y de la sala m\u00e9dica del barrio Sur. El encargado de recibir los t\u00edtulos ser\u00e1 el intendente Sergio Bordoni, ya que los mismos se realizaron a favor del municipio.<\/p>\n<p><!--more--><\/p>\n<p class=\"x_MsoNormal\">Estas y otras escrituras de viviendas particulares ser\u00e1n entregadas este martes 31 de julio, a las 17 hs, en el Palacio Municipal, calle\u00a0Sarmiento 53. Los encargados de recibir y acompa\u00f1ar a las familias ser\u00e1n el mandatario comunal, el Senador Provincial Andr\u00e9s De Leo y el Escribano General de Gobierno de la provincia de Buenos Aires, Marcos Rospide.<\/p>\n<p class=\"x_MsoNormal\">Cabe destacar que durante el encuentro se entregar\u00e1n un total de 68 t\u00edtulos y se firmar\u00e1n 55, todos gestionados de forma gratuita gracias al plan de regularizaci\u00f3n dominial que est\u00e1 implementando el gobierno de Mar\u00eda Eugenia Vidal en los 135 municipios bonaerenses.<\/p>\n<p class=\"x_MsoNormal\">Los que est\u00e9n interesados en escriturar por este organismo se pueden informar en\u00a0<a href=\"http:\/\/www.egg.gba.gov.ar\/\" target=\"_blank\" rel=\"noopener noreferrer\" data-auth=\"NotApplicable\">www.egg.gba.gov.ar<\/a>\u00a0o en la Fan page: Escriban\u00eda General de Gobierno &#8211; Oficial.<\/p>\n<p>&nbsp;<\/p>\n<div>\n<div class=\"x_m_-1224064536242594246gmail_signature\">\n<div dir=\"ltr\">\n<b>Direcci\u00f3n de Fortalecimiento Institucional<\/b><\/p>\n<div><b>Tel\u00e9fono (0221)439-1900 Int 161 o 199<\/b><\/div>\n<div><b>Escriban\u00eda General de Gobierno<\/b><\/div>\n<\/div>\n<\/div>\n<\/div>\n<\/div>\n<\/div>\n<p>&nbsp;<br \/>\n<a href=\"http:\/\/farm1.staticflickr.com\/850\/42843328595_80860b50ff_z.jpg\" title=\"escrituras2\" rel=\"\"><img loading=\"lazy\" decoding=\"async\" src=\"http:\/\/farm1.staticflickr.com\/850\/42843328595_80860b50ff_z.jpg\" width=\"600\" height=\"300\" alt=\"escrituras2\" title=\"escrituras2\" class=\"aligncenter\"><\/a><\/p>\n","protected":false},"excerpt":{"rendered":"<p>La comunidad de Tornquist se beneficiar\u00e1 en su conjunto al recibir las escrituras del Sal\u00f3n de Usos M\u00faltiples y de la sala m\u00e9dica del barrio Sur. El encargado de recibir los t\u00edtulos ser\u00e1 el intendente Sergio Bordoni, ya que los mismos se realizaron a favor del municipio.<\/p>\n","protected":false},"author":3,"featured_media":0,"comment_status":"closed","ping_status":"open","sticky":false,"template":"","format":"standard","meta":{"footnotes":""},"categories":[26],"tags":[],"class_list":["post-23686","post","type-post","status-publish","format-standard","hentry","category-sociedad"],"yoast_head":"<!-- This site is optimized with the Yoast SEO plugin v25.9 - https:\/\/yoast.com\/wordpress\/plugins\/seo\/ -->\n<title>La sala medica del Barrio Sur y vecinos de Tornquist tendr\u00e1n sus escrituras - Noticias Radio Reflejos<\/title>\n<meta name=\"robots\" content=\"index, follow, max-snippet:-1, max-image-preview:large, max-video-preview:-1\" \/>\n<link rel=\"canonical\" href=\"https:\/\/www.noticiasradioreflejos.com.ar\/2021\/la-sala-medica-del-barrio-sur-y-vecinos-de-tornquist-tendran-sus-escrituras\/\" \/>\n<meta property=\"og:locale\" content=\"es_ES\" \/>\n<meta property=\"og:type\" content=\"article\" \/>\n<meta property=\"og:title\" content=\"La sala medica del Barrio Sur y vecinos de Tornquist tendr\u00e1n sus escrituras - Noticias Radio Reflejos\" \/>\n<meta property=\"og:description\" content=\"La comunidad de Tornquist se beneficiar\u00e1 en su conjunto al recibir las escrituras del Sal\u00f3n de Usos M\u00faltiples y de la sala m\u00e9dica del barrio Sur. El encargado de recibir los t\u00edtulos ser\u00e1 el intendente Sergio Bordoni, ya que los mismos se realizaron a favor del municipio.\" \/>\n<meta property=\"og:url\" content=\"https:\/\/www.noticiasradioreflejos.com.ar\/2021\/la-sala-medica-del-barrio-sur-y-vecinos-de-tornquist-tendran-sus-escrituras\/\" \/>\n<meta property=\"og:site_name\" content=\"Noticias Radio Reflejos\" \/>\n<meta property=\"article:published_time\" content=\"2018-07-30T21:24:27+00:00\" \/>\n<meta property=\"og:image\" content=\"http:\/\/farm1.staticflickr.com\/850\/42843328595_80860b50ff_z.jpg\" \/>\n<meta name=\"author\" content=\"Arnaldo Botto\" \/>\n<meta name=\"twitter:card\" content=\"summary_large_image\" \/>\n<script type=\"application\/ld+json\" class=\"yoast-schema-graph\">{\"@context\":\"https:\/\/schema.org\",\"@graph\":[{\"@type\":\"WebPage\",\"@id\":\"https:\/\/www.noticiasradioreflejos.com.ar\/2021\/la-sala-medica-del-barrio-sur-y-vecinos-de-tornquist-tendran-sus-escrituras\/\",\"url\":\"https:\/\/www.noticiasradioreflejos.com.ar\/2021\/la-sala-medica-del-barrio-sur-y-vecinos-de-tornquist-tendran-sus-escrituras\/\",\"name\":\"La sala medica del Barrio Sur y vecinos de Tornquist tendr\u00e1n sus escrituras - Noticias Radio Reflejos\",\"isPartOf\":{\"@id\":\"https:\/\/www.noticiasradioreflejos.com.ar\/2021\/#website\"},\"primaryImageOfPage\":{\"@id\":\"https:\/\/www.noticiasradioreflejos.com.ar\/2021\/la-sala-medica-del-barrio-sur-y-vecinos-de-tornquist-tendran-sus-escrituras\/#primaryimage\"},\"image\":{\"@id\":\"https:\/\/www.noticiasradioreflejos.com.ar\/2021\/la-sala-medica-del-barrio-sur-y-vecinos-de-tornquist-tendran-sus-escrituras\/#primaryimage\"},\"thumbnailUrl\":\"http:\/\/farm1.staticflickr.com\/850\/42843328595_80860b50ff_z.jpg\",\"datePublished\":\"2018-07-30T21:24:27+00:00\",\"author\":{\"@id\":\"https:\/\/www.noticiasradioreflejos.com.ar\/2021\/#\/schema\/person\/ad82545263dcc5ec0996818884fd5fb1\"},\"breadcrumb\":{\"@id\":\"https:\/\/www.noticiasradioreflejos.com.ar\/2021\/la-sala-medica-del-barrio-sur-y-vecinos-de-tornquist-tendran-sus-escrituras\/#breadcrumb\"},\"inLanguage\":\"es\",\"potentialAction\":[{\"@type\":\"ReadAction\",\"target\":[\"https:\/\/www.noticiasradioreflejos.com.ar\/2021\/la-sala-medica-del-barrio-sur-y-vecinos-de-tornquist-tendran-sus-escrituras\/\"]}]},{\"@type\":\"ImageObject\",\"inLanguage\":\"es\",\"@id\":\"https:\/\/www.noticiasradioreflejos.com.ar\/2021\/la-sala-medica-del-barrio-sur-y-vecinos-de-tornquist-tendran-sus-escrituras\/#primaryimage\",\"url\":\"http:\/\/farm1.staticflickr.com\/850\/42843328595_80860b50ff_z.jpg\",\"contentUrl\":\"http:\/\/farm1.staticflickr.com\/850\/42843328595_80860b50ff_z.jpg\"},{\"@type\":\"BreadcrumbList\",\"@id\":\"https:\/\/www.noticiasradioreflejos.com.ar\/2021\/la-sala-medica-del-barrio-sur-y-vecinos-de-tornquist-tendran-sus-escrituras\/#breadcrumb\",\"itemListElement\":[{\"@type\":\"ListItem\",\"position\":1,\"name\":\"Portada\",\"item\":\"https:\/\/www.noticiasradioreflejos.com.ar\/2021\/\"},{\"@type\":\"ListItem\",\"position\":2,\"name\":\"La sala medica del Barrio Sur y vecinos de Tornquist tendr\u00e1n sus escrituras\"}]},{\"@type\":\"WebSite\",\"@id\":\"https:\/\/www.noticiasradioreflejos.com.ar\/2021\/#website\",\"url\":\"https:\/\/www.noticiasradioreflejos.com.ar\/2021\/\",\"name\":\"Noticias Radio Reflejos\",\"description\":\"Las noticias de mi comarca\",\"potentialAction\":[{\"@type\":\"SearchAction\",\"target\":{\"@type\":\"EntryPoint\",\"urlTemplate\":\"https:\/\/www.noticiasradioreflejos.com.ar\/2021\/?s={search_term_string}\"},\"query-input\":{\"@type\":\"PropertyValueSpecification\",\"valueRequired\":true,\"valueName\":\"search_term_string\"}}],\"inLanguage\":\"es\"},{\"@type\":\"Person\",\"@id\":\"https:\/\/www.noticiasradioreflejos.com.ar\/2021\/#\/schema\/person\/ad82545263dcc5ec0996818884fd5fb1\",\"name\":\"Arnaldo Botto\",\"image\":{\"@type\":\"ImageObject\",\"inLanguage\":\"es\",\"@id\":\"https:\/\/www.noticiasradioreflejos.com.ar\/2021\/#\/schema\/person\/image\/\",\"url\":\"https:\/\/secure.gravatar.com\/avatar\/55cb5e37c1efa326397366e6974cb338056df65cb50e7d64d1cf314e87504837?s=96&d=mm&r=g\",\"contentUrl\":\"https:\/\/secure.gravatar.com\/avatar\/55cb5e37c1efa326397366e6974cb338056df65cb50e7d64d1cf314e87504837?s=96&d=mm&r=g\",\"caption\":\"Arnaldo Botto\"},\"url\":\"https:\/\/www.noticiasradioreflejos.com.ar\/2021\/author\/arnaldo\/\"}]}<\/script>\n<!-- \/ Yoast SEO plugin. -->","yoast_head_json":{"title":"La sala medica del Barrio Sur y vecinos de Tornquist tendr\u00e1n sus escrituras - Noticias Radio Reflejos","robots":{"index":"index","follow":"follow","max-snippet":"max-snippet:-1","max-image-preview":"max-image-preview:large","max-video-preview":"max-video-preview:-1"},"canonical":"https:\/\/www.noticiasradioreflejos.com.ar\/2021\/la-sala-medica-del-barrio-sur-y-vecinos-de-tornquist-tendran-sus-escrituras\/","og_locale":"es_ES","og_type":"article","og_title":"La sala medica del Barrio Sur y vecinos de Tornquist tendr\u00e1n sus escrituras - Noticias Radio Reflejos","og_description":"La comunidad de Tornquist se beneficiar\u00e1 en su conjunto al recibir las escrituras del Sal\u00f3n de Usos M\u00faltiples y de la sala m\u00e9dica del barrio Sur. El encargado de recibir los t\u00edtulos ser\u00e1 el intendente Sergio Bordoni, ya que los mismos se realizaron a favor del municipio.","og_url":"https:\/\/www.noticiasradioreflejos.com.ar\/2021\/la-sala-medica-del-barrio-sur-y-vecinos-de-tornquist-tendran-sus-escrituras\/","og_site_name":"Noticias Radio Reflejos","article_published_time":"2018-07-30T21:24:27+00:00","og_image":[{"url":"http:\/\/farm1.staticflickr.com\/850\/42843328595_80860b50ff_z.jpg","type":"","width":"","height":""}],"author":"Arnaldo Botto","twitter_card":"summary_large_image","schema":{"@context":"https:\/\/schema.org","@graph":[{"@type":"WebPage","@id":"https:\/\/www.noticiasradioreflejos.com.ar\/2021\/la-sala-medica-del-barrio-sur-y-vecinos-de-tornquist-tendran-sus-escrituras\/","url":"https:\/\/www.noticiasradioreflejos.com.ar\/2021\/la-sala-medica-del-barrio-sur-y-vecinos-de-tornquist-tendran-sus-escrituras\/","name":"La sala medica del Barrio Sur y vecinos de Tornquist tendr\u00e1n sus escrituras - Noticias Radio Reflejos","isPartOf":{"@id":"https:\/\/www.noticiasradioreflejos.com.ar\/2021\/#website"},"primaryImageOfPage":{"@id":"https:\/\/www.noticiasradioreflejos.com.ar\/2021\/la-sala-medica-del-barrio-sur-y-vecinos-de-tornquist-tendran-sus-escrituras\/#primaryimage"},"image":{"@id":"https:\/\/www.noticiasradioreflejos.com.ar\/2021\/la-sala-medica-del-barrio-sur-y-vecinos-de-tornquist-tendran-sus-escrituras\/#primaryimage"},"thumbnailUrl":"http:\/\/farm1.staticflickr.com\/850\/42843328595_80860b50ff_z.jpg","datePublished":"2018-07-30T21:24:27+00:00","author":{"@id":"https:\/\/www.noticiasradioreflejos.com.ar\/2021\/#\/schema\/person\/ad82545263dcc5ec0996818884fd5fb1"},"breadcrumb":{"@id":"https:\/\/www.noticiasradioreflejos.com.ar\/2021\/la-sala-medica-del-barrio-sur-y-vecinos-de-tornquist-tendran-sus-escrituras\/#breadcrumb"},"inLanguage":"es","potentialAction":[{"@type":"ReadAction","target":["https:\/\/www.noticiasradioreflejos.com.ar\/2021\/la-sala-medica-del-barrio-sur-y-vecinos-de-tornquist-tendran-sus-escrituras\/"]}]},{"@type":"ImageObject","inLanguage":"es","@id":"https:\/\/www.noticiasradioreflejos.com.ar\/2021\/la-sala-medica-del-barrio-sur-y-vecinos-de-tornquist-tendran-sus-escrituras\/#primaryimage","url":"http:\/\/farm1.staticflickr.com\/850\/42843328595_80860b50ff_z.jpg","contentUrl":"http:\/\/farm1.staticflickr.com\/850\/42843328595_80860b50ff_z.jpg"},{"@type":"BreadcrumbList","@id":"https:\/\/www.noticiasradioreflejos.com.ar\/2021\/la-sala-medica-del-barrio-sur-y-vecinos-de-tornquist-tendran-sus-escrituras\/#breadcrumb","itemListElement":[{"@type":"ListItem","position":1,"name":"Portada","item":"https:\/\/www.noticiasradioreflejos.com.ar\/2021\/"},{"@type":"ListItem","position":2,"name":"La sala medica del Barrio Sur y vecinos de Tornquist tendr\u00e1n sus escrituras"}]},{"@type":"WebSite","@id":"https:\/\/www.noticiasradioreflejos.com.ar\/2021\/#website","url":"https:\/\/www.noticiasradioreflejos.com.ar\/2021\/","name":"Noticias Radio Reflejos","description":"Las noticias de mi comarca","potentialAction":[{"@type":"SearchAction","target":{"@type":"EntryPoint","urlTemplate":"https:\/\/www.noticiasradioreflejos.com.ar\/2021\/?s={search_term_string}"},"query-input":{"@type":"PropertyValueSpecification","valueRequired":true,"valueName":"search_term_string"}}],"inLanguage":"es"},{"@type":"Person","@id":"https:\/\/www.noticiasradioreflejos.com.ar\/2021\/#\/schema\/person\/ad82545263dcc5ec0996818884fd5fb1","name":"Arnaldo Botto","image":{"@type":"ImageObject","inLanguage":"es","@id":"https:\/\/www.noticiasradioreflejos.com.ar\/2021\/#\/schema\/person\/image\/","url":"https:\/\/secure.gravatar.com\/avatar\/55cb5e37c1efa326397366e6974cb338056df65cb50e7d64d1cf314e87504837?s=96&d=mm&r=g","contentUrl":"https:\/\/secure.gravatar.com\/avatar\/55cb5e37c1efa326397366e6974cb338056df65cb50e7d64d1cf314e87504837?s=96&d=mm&r=g","caption":"Arnaldo Botto"},"url":"https:\/\/www.noticiasradioreflejos.com.ar\/2021\/author\/arnaldo\/"}]}},"_links":{"self":[{"href":"https:\/\/www.noticiasradioreflejos.com.ar\/2021\/wp-json\/wp\/v2\/posts\/23686","targetHints":{"allow":["GET"]}}],"collection":[{"href":"https:\/\/www.noticiasradioreflejos.com.ar\/2021\/wp-json\/wp\/v2\/posts"}],"about":[{"href":"https:\/\/www.noticiasradioreflejos.com.ar\/2021\/wp-json\/wp\/v2\/types\/post"}],"author":[{"embeddable":true,"href":"https:\/\/www.noticiasradioreflejos.com.ar\/2021\/wp-json\/wp\/v2\/users\/3"}],"replies":[{"embeddable":true,"href":"https:\/\/www.noticiasradioreflejos.com.ar\/2021\/wp-json\/wp\/v2\/comments?post=23686"}],"version-history":[{"count":0,"href":"https:\/\/www.noticiasradioreflejos.com.ar\/2021\/wp-json\/wp\/v2\/posts\/23686\/revisions"}],"wp:attachment":[{"href":"https:\/\/www.noticiasradioreflejos.com.ar\/2021\/wp-json\/wp\/v2\/media?parent=23686"}],"wp:term":[{"taxonomy":"category","embeddable":true,"href":"https:\/\/www.noticiasradioreflejos.com.ar\/2021\/wp-json\/wp\/v2\/categories?post=23686"},{"taxonomy":"post_tag","embeddable":true,"href":"https:\/\/www.noticiasradioreflejos.com.ar\/2021\/wp-json\/wp\/v2\/tags?post=23686"}],"curies":[{"name":"wp","href":"https:\/\/api.w.org\/{rel}","templated":true}]}}