{"id":23673,"date":"2018-07-30T10:15:27","date_gmt":"2018-07-30T13:15:27","guid":{"rendered":"http:\/\/www.noticiasradioreflejos.com.ar\/noticias\/?p=23673"},"modified":"2018-07-30T10:15:27","modified_gmt":"2018-07-30T13:15:27","slug":"informe-sobre-hechos-policiales-en-la-comarca","status":"publish","type":"post","link":"https:\/\/www.noticiasradioreflejos.com.ar\/2021\/informe-sobre-hechos-policiales-en-la-comarca\/","title":{"rendered":"Informe sobre hechos policiales en la comarca."},"content":{"rendered":"<p>Comunicado de prensa:<br \/>\nLa Secretaria de Seguridad dependiente de la Municipalidad de Tornquist, lleva a conocimiento de la poblaci\u00f3n que en virtud del Receso Invernal pr\u00f3ximo pasado, desde la Jefatura Departamental de la ciudad de Bah\u00eda Blanca, se dispuso refuerzo policial,<!--more--><br \/>\nabocando para la prevenci\u00f3n de la seguridad del distrito la cantidad de 18 Polic\u00edas, contando asimismo con el apoyo de personal de la Seguridad Vial Tornquist, Comando de Prevenci\u00f3n Rural de Tornquist, y Motorizada de Bah\u00eda Blanca, los cuales fueron distribuidos en las localidades de Sierra de la Ventana y Villa Ventana, lugares \u00e9stos con mayor presencia de turistas, arrojando como resultado la siguiente estad\u00edstica delictual: en la Estaci\u00f3n de Polic\u00eda Comunal de Tornquist, se llev\u00f3 a cabo Orden de Allanamiento por el delito de Desobediencia, resultando causante Patricia Ramos, arrojando resultados positivos secuestr\u00e1ndose tel\u00e9fonos celulares. Que personal policial procedi\u00f3 a la detenci\u00f3n de Martin Odera por Infracci\u00f3n a los Art\u00edculos 72 y 74 del Decreto Ley 8031\/73, toda vez que se lo encontrara en la v\u00eda p\u00fablica profiriendo insultos en evidente estado de ebriedad. Que asimismo procedi\u00f3 a la demora de Leonardo Javier Varrote sobre quien pesada un pedido de Paradero Activo solicitado por el Juzgado de Paz de Coronel Pringles por Infracci\u00f3n a los Art\u00edculos 72 y 74 del Decreto Ley 8031\/73. Tambi\u00e9n, en dicha seccional policial se recepcionaron denuncias por el delito de DA\u00d1O, siendo los damnificados Mario Cesar Diocares y la Agencia Minujin Automotores respectivamente, sindic\u00e1ndose ambos hechos al joven Braian Federico Castro. No obstante a ello, se procedi\u00f3 a la aprehensi\u00f3n del mentado Castro Braian Federico por los delitos de DA\u00d1O, RESISTENCIA A LA AUTORIDAD Y VIOLACION DE DOMICILIO, toda vez que fuera sorprendido en flagrante delito ocasionando abollones sobre un Chevrolet Corsa propiedad de Horacio Oscar Dumrauf, y quien ante la presencia policial emprende una fuga a pie ingresando al patio del domicilio de Jorge Enrique Heine, donde ocasiona roturas de sillas y compresor, resisti\u00e9ndose a su aprehensi\u00f3n.<br \/>\nQue personal de la Sub Estaci\u00f3n de Polic\u00eda Comunal de Sierra de la Ventana, procedi\u00f3 a la aprehensi\u00f3n de Carlos Roberto Amarrilla por el delito de DA\u00d1O, persona \u00e9sta que provocara la rotura de vidrios de la puerta de la vivienda donde reside Fabi\u00e1n Eduardo Rulli; y de Federico Ariel Peralta por los delitos de ATENTADO Y RESISTENCIA A LA AUTORIDAD, quien agrediera verbal y f\u00edsicamente al personal policial de dicha dependencia.-<br \/>\nQue en el Puesto de Vigilancia de Villa Ventana se recepcionaron denuncias por los delitos de HURTO (dos hechos) y ROBO (dos hechos), resultando damnificados los ciudadanos Bernardo Figueredo, Patricia Liliana Acosta, Fernando Gabriero y Gustavo Cevasco. Que personal de dicho Puesto se halla abocado a las tareas investigativas en conjunto con personal de Polic\u00eda Cient\u00edfica y D.D.I de Bah\u00eda Blanca, con el objeto de dar con el o los autores de los hechos denunciados.-<br \/>\nNo obstante a todo ello, Polic\u00edas del Distrito de Tornquist en conjunto con personal del Cuerpo de Inspector de la Municipalidad de Tornquist, llevaron a cabo diferentes Operativos Vehiculares sobre distintos puntos de las localidades de Tornquist, Villa Serrana La Gruta, Villa Ventana y Sierra de La Ventana, arrojando como consecuencia el secuestro de varios rodados por falta de documentaci\u00f3n.-<\/p>\n","protected":false},"excerpt":{"rendered":"<p>Comunicado de prensa: La Secretaria de Seguridad dependiente de la Municipalidad de Tornquist, lleva a conocimiento de la poblaci\u00f3n que en virtud del Receso Invernal pr\u00f3ximo pasado, desde la Jefatura Departamental de la ciudad de Bah\u00eda Blanca, se dispuso refuerzo policial,<\/p>\n","protected":false},"author":3,"featured_media":0,"comment_status":"closed","ping_status":"open","sticky":false,"template":"","format":"standard","meta":{"footnotes":""},"categories":[29],"tags":[],"class_list":["post-23673","post","type-post","status-publish","format-standard","hentry","category-policiales"],"yoast_head":"<!-- This site is optimized with the Yoast SEO plugin v25.9 - https:\/\/yoast.com\/wordpress\/plugins\/seo\/ -->\n<title>Informe sobre hechos policiales en la comarca. - Noticias Radio Reflejos<\/title>\n<meta name=\"robots\" content=\"index, follow, max-snippet:-1, max-image-preview:large, max-video-preview:-1\" \/>\n<link rel=\"canonical\" href=\"https:\/\/www.noticiasradioreflejos.com.ar\/2021\/informe-sobre-hechos-policiales-en-la-comarca\/\" \/>\n<meta property=\"og:locale\" content=\"es_ES\" \/>\n<meta property=\"og:type\" content=\"article\" \/>\n<meta property=\"og:title\" content=\"Informe sobre hechos policiales en la comarca. - Noticias Radio Reflejos\" \/>\n<meta property=\"og:description\" content=\"Comunicado de prensa: La Secretaria de Seguridad dependiente de la Municipalidad de Tornquist, lleva a conocimiento de la poblaci\u00f3n que en virtud del Receso Invernal pr\u00f3ximo pasado, desde la Jefatura Departamental de la ciudad de Bah\u00eda Blanca, se dispuso refuerzo policial,\" \/>\n<meta property=\"og:url\" content=\"https:\/\/www.noticiasradioreflejos.com.ar\/2021\/informe-sobre-hechos-policiales-en-la-comarca\/\" \/>\n<meta property=\"og:site_name\" content=\"Noticias Radio Reflejos\" \/>\n<meta property=\"article:published_time\" content=\"2018-07-30T13:15:27+00:00\" \/>\n<meta property=\"og:image\" content=\"https:\/\/www.noticiasradioreflejos.com.ar\/2021\/wp-content\/uploads\/2021\/07\/logosol300x200.png\" \/>\n\t<meta property=\"og:image:width\" content=\"300\" \/>\n\t<meta property=\"og:image:height\" content=\"200\" \/>\n\t<meta property=\"og:image:type\" content=\"image\/png\" \/>\n<meta name=\"author\" content=\"Arnaldo Botto\" \/>\n<meta name=\"twitter:card\" content=\"summary_large_image\" \/>\n<script type=\"application\/ld+json\" class=\"yoast-schema-graph\">{\"@context\":\"https:\/\/schema.org\",\"@graph\":[{\"@type\":\"WebPage\",\"@id\":\"https:\/\/www.noticiasradioreflejos.com.ar\/2021\/informe-sobre-hechos-policiales-en-la-comarca\/\",\"url\":\"https:\/\/www.noticiasradioreflejos.com.ar\/2021\/informe-sobre-hechos-policiales-en-la-comarca\/\",\"name\":\"Informe sobre hechos policiales en la comarca. - Noticias Radio Reflejos\",\"isPartOf\":{\"@id\":\"https:\/\/www.noticiasradioreflejos.com.ar\/2021\/#website\"},\"datePublished\":\"2018-07-30T13:15:27+00:00\",\"author\":{\"@id\":\"https:\/\/www.noticiasradioreflejos.com.ar\/2021\/#\/schema\/person\/ad82545263dcc5ec0996818884fd5fb1\"},\"breadcrumb\":{\"@id\":\"https:\/\/www.noticiasradioreflejos.com.ar\/2021\/informe-sobre-hechos-policiales-en-la-comarca\/#breadcrumb\"},\"inLanguage\":\"es\",\"potentialAction\":[{\"@type\":\"ReadAction\",\"target\":[\"https:\/\/www.noticiasradioreflejos.com.ar\/2021\/informe-sobre-hechos-policiales-en-la-comarca\/\"]}]},{\"@type\":\"BreadcrumbList\",\"@id\":\"https:\/\/www.noticiasradioreflejos.com.ar\/2021\/informe-sobre-hechos-policiales-en-la-comarca\/#breadcrumb\",\"itemListElement\":[{\"@type\":\"ListItem\",\"position\":1,\"name\":\"Portada\",\"item\":\"https:\/\/www.noticiasradioreflejos.com.ar\/2021\/\"},{\"@type\":\"ListItem\",\"position\":2,\"name\":\"Informe sobre hechos policiales en la comarca.\"}]},{\"@type\":\"WebSite\",\"@id\":\"https:\/\/www.noticiasradioreflejos.com.ar\/2021\/#website\",\"url\":\"https:\/\/www.noticiasradioreflejos.com.ar\/2021\/\",\"name\":\"Noticias Radio Reflejos\",\"description\":\"Las noticias de mi comarca\",\"potentialAction\":[{\"@type\":\"SearchAction\",\"target\":{\"@type\":\"EntryPoint\",\"urlTemplate\":\"https:\/\/www.noticiasradioreflejos.com.ar\/2021\/?s={search_term_string}\"},\"query-input\":{\"@type\":\"PropertyValueSpecification\",\"valueRequired\":true,\"valueName\":\"search_term_string\"}}],\"inLanguage\":\"es\"},{\"@type\":\"Person\",\"@id\":\"https:\/\/www.noticiasradioreflejos.com.ar\/2021\/#\/schema\/person\/ad82545263dcc5ec0996818884fd5fb1\",\"name\":\"Arnaldo Botto\",\"image\":{\"@type\":\"ImageObject\",\"inLanguage\":\"es\",\"@id\":\"https:\/\/www.noticiasradioreflejos.com.ar\/2021\/#\/schema\/person\/image\/\",\"url\":\"https:\/\/secure.gravatar.com\/avatar\/55cb5e37c1efa326397366e6974cb338056df65cb50e7d64d1cf314e87504837?s=96&d=mm&r=g\",\"contentUrl\":\"https:\/\/secure.gravatar.com\/avatar\/55cb5e37c1efa326397366e6974cb338056df65cb50e7d64d1cf314e87504837?s=96&d=mm&r=g\",\"caption\":\"Arnaldo Botto\"},\"url\":\"https:\/\/www.noticiasradioreflejos.com.ar\/2021\/author\/arnaldo\/\"}]}<\/script>\n<!-- \/ Yoast SEO plugin. -->","yoast_head_json":{"title":"Informe sobre hechos policiales en la comarca. - Noticias Radio Reflejos","robots":{"index":"index","follow":"follow","max-snippet":"max-snippet:-1","max-image-preview":"max-image-preview:large","max-video-preview":"max-video-preview:-1"},"canonical":"https:\/\/www.noticiasradioreflejos.com.ar\/2021\/informe-sobre-hechos-policiales-en-la-comarca\/","og_locale":"es_ES","og_type":"article","og_title":"Informe sobre hechos policiales en la comarca. - Noticias Radio Reflejos","og_description":"Comunicado de prensa: La Secretaria de Seguridad dependiente de la Municipalidad de Tornquist, lleva a conocimiento de la poblaci\u00f3n que en virtud del Receso Invernal pr\u00f3ximo pasado, desde la Jefatura Departamental de la ciudad de Bah\u00eda Blanca, se dispuso refuerzo policial,","og_url":"https:\/\/www.noticiasradioreflejos.com.ar\/2021\/informe-sobre-hechos-policiales-en-la-comarca\/","og_site_name":"Noticias Radio Reflejos","article_published_time":"2018-07-30T13:15:27+00:00","og_image":[{"width":300,"height":200,"url":"https:\/\/www.noticiasradioreflejos.com.ar\/2021\/wp-content\/uploads\/2021\/07\/logosol300x200.png","type":"image\/png"}],"author":"Arnaldo Botto","twitter_card":"summary_large_image","schema":{"@context":"https:\/\/schema.org","@graph":[{"@type":"WebPage","@id":"https:\/\/www.noticiasradioreflejos.com.ar\/2021\/informe-sobre-hechos-policiales-en-la-comarca\/","url":"https:\/\/www.noticiasradioreflejos.com.ar\/2021\/informe-sobre-hechos-policiales-en-la-comarca\/","name":"Informe sobre hechos policiales en la comarca. - Noticias Radio Reflejos","isPartOf":{"@id":"https:\/\/www.noticiasradioreflejos.com.ar\/2021\/#website"},"datePublished":"2018-07-30T13:15:27+00:00","author":{"@id":"https:\/\/www.noticiasradioreflejos.com.ar\/2021\/#\/schema\/person\/ad82545263dcc5ec0996818884fd5fb1"},"breadcrumb":{"@id":"https:\/\/www.noticiasradioreflejos.com.ar\/2021\/informe-sobre-hechos-policiales-en-la-comarca\/#breadcrumb"},"inLanguage":"es","potentialAction":[{"@type":"ReadAction","target":["https:\/\/www.noticiasradioreflejos.com.ar\/2021\/informe-sobre-hechos-policiales-en-la-comarca\/"]}]},{"@type":"BreadcrumbList","@id":"https:\/\/www.noticiasradioreflejos.com.ar\/2021\/informe-sobre-hechos-policiales-en-la-comarca\/#breadcrumb","itemListElement":[{"@type":"ListItem","position":1,"name":"Portada","item":"https:\/\/www.noticiasradioreflejos.com.ar\/2021\/"},{"@type":"ListItem","position":2,"name":"Informe sobre hechos policiales en la comarca."}]},{"@type":"WebSite","@id":"https:\/\/www.noticiasradioreflejos.com.ar\/2021\/#website","url":"https:\/\/www.noticiasradioreflejos.com.ar\/2021\/","name":"Noticias Radio Reflejos","description":"Las noticias de mi comarca","potentialAction":[{"@type":"SearchAction","target":{"@type":"EntryPoint","urlTemplate":"https:\/\/www.noticiasradioreflejos.com.ar\/2021\/?s={search_term_string}"},"query-input":{"@type":"PropertyValueSpecification","valueRequired":true,"valueName":"search_term_string"}}],"inLanguage":"es"},{"@type":"Person","@id":"https:\/\/www.noticiasradioreflejos.com.ar\/2021\/#\/schema\/person\/ad82545263dcc5ec0996818884fd5fb1","name":"Arnaldo Botto","image":{"@type":"ImageObject","inLanguage":"es","@id":"https:\/\/www.noticiasradioreflejos.com.ar\/2021\/#\/schema\/person\/image\/","url":"https:\/\/secure.gravatar.com\/avatar\/55cb5e37c1efa326397366e6974cb338056df65cb50e7d64d1cf314e87504837?s=96&d=mm&r=g","contentUrl":"https:\/\/secure.gravatar.com\/avatar\/55cb5e37c1efa326397366e6974cb338056df65cb50e7d64d1cf314e87504837?s=96&d=mm&r=g","caption":"Arnaldo Botto"},"url":"https:\/\/www.noticiasradioreflejos.com.ar\/2021\/author\/arnaldo\/"}]}},"_links":{"self":[{"href":"https:\/\/www.noticiasradioreflejos.com.ar\/2021\/wp-json\/wp\/v2\/posts\/23673","targetHints":{"allow":["GET"]}}],"collection":[{"href":"https:\/\/www.noticiasradioreflejos.com.ar\/2021\/wp-json\/wp\/v2\/posts"}],"about":[{"href":"https:\/\/www.noticiasradioreflejos.com.ar\/2021\/wp-json\/wp\/v2\/types\/post"}],"author":[{"embeddable":true,"href":"https:\/\/www.noticiasradioreflejos.com.ar\/2021\/wp-json\/wp\/v2\/users\/3"}],"replies":[{"embeddable":true,"href":"https:\/\/www.noticiasradioreflejos.com.ar\/2021\/wp-json\/wp\/v2\/comments?post=23673"}],"version-history":[{"count":0,"href":"https:\/\/www.noticiasradioreflejos.com.ar\/2021\/wp-json\/wp\/v2\/posts\/23673\/revisions"}],"wp:attachment":[{"href":"https:\/\/www.noticiasradioreflejos.com.ar\/2021\/wp-json\/wp\/v2\/media?parent=23673"}],"wp:term":[{"taxonomy":"category","embeddable":true,"href":"https:\/\/www.noticiasradioreflejos.com.ar\/2021\/wp-json\/wp\/v2\/categories?post=23673"},{"taxonomy":"post_tag","embeddable":true,"href":"https:\/\/www.noticiasradioreflejos.com.ar\/2021\/wp-json\/wp\/v2\/tags?post=23673"}],"curies":[{"name":"wp","href":"https:\/\/api.w.org\/{rel}","templated":true}]}}