{"id":23665,"date":"2018-07-28T17:57:26","date_gmt":"2018-07-28T20:57:26","guid":{"rendered":"http:\/\/www.noticiasradioreflejos.com.ar\/noticias\/?p=23665"},"modified":"2018-07-28T17:57:26","modified_gmt":"2018-07-28T20:57:26","slug":"sadop-decide-acatar-la-conciliacion-obligatoria-se-resuelve-suspender-toda-medida-de-accion-directa","status":"publish","type":"post","link":"https:\/\/www.noticiasradioreflejos.com.ar\/2021\/sadop-decide-acatar-la-conciliacion-obligatoria-se-resuelve-suspender-toda-medida-de-accion-directa\/","title":{"rendered":"SADOP decide acatar la conciliacion Obligatoria &#8211; Se resuelve suspender toda medida de accion directa."},"content":{"rendered":"<p>\u201cPOR SALARIO JUSTO Y DIGNAS CONDICIONES DE TRABAJO, LA LUCHA CONTINUA\u201d<br \/>\nEl conflicto docente durante todo este a\u00f1o, se ha caracterizado por la arbitraria e injustificada negativa del gobierno provincial a negociar colectivamente y a reconocer la constante p\u00e9rdida del poder adquisitivo del salario.<!--more--><br \/>\nDebimos recurrir a la Justicia para que ordenara a la gobernadora Mar\u00eda Eugenia Vidal reabrir la paritaria, negociar de buena fe y actualizar los salarios, hasta el logro de un nuevo acuerdo paritario.<br \/>\nSin embargo el gobierno de la provincia persiste en su incumplimiento, lo que queda de manifiesto en la \u00faltima propuesta del pasado 23 de julio, en donde reiteraron el ofrecimiento del 15% de aumento sin la garant\u00eda de la clausula \u201cgatillo\u201d.<br \/>\nAnte esta situaci\u00f3n, y habiendo declarado un PARO de 72 horas, como \u00fanica respuesta dilatoria y antisindical, con fecha 27\/07\/2018 hemos sido notificados de la Disposici\u00f3n Nro. 26\/2018 del Ministerio de Trabajo de la Pcia. de Buenos Aires, por la cual se nos dicta la Conciliaci\u00f3n Obligatoria.<br \/>\nEn raz\u00f3n de los efectos que la Disposici\u00f3n nos impone, nuestra Organizaci\u00f3n Sindical resuelve SUSPENDER las medidas de acci\u00f3n directa, exigiendo al Gobierno Provincial la INMEDIATA convocatoria y URGENTE resoluci\u00f3n del conflicto.<br \/>\nEN DEFENSA DE NUESTROS DERECHOS LABORALES Y POR CONDICIONES DIGNAS DE TRABAJO<br \/>\n                                                                                                                                                                        La Plata, 28 de julio de 2018<br \/>\nJuan Carlos Cuy\u00e1s<br \/>\nSecretario General<br \/>\nHoracio Rodr\u00edguez<br \/>\nSec de Comunicaci\u00f3n y Prensa<br \/>\n2235700758<br \/>\nSeccional Pcia. de Bs. As.<\/p>\n","protected":false},"excerpt":{"rendered":"<p>\u201cPOR SALARIO JUSTO Y DIGNAS CONDICIONES DE TRABAJO, LA LUCHA CONTINUA\u201d El conflicto docente durante todo este a\u00f1o, se ha caracterizado por la arbitraria e injustificada negativa del gobierno provincial a negociar colectivamente y a reconocer la constante p\u00e9rdida del poder adquisitivo del salario.<\/p>\n","protected":false},"author":3,"featured_media":0,"comment_status":"closed","ping_status":"open","sticky":false,"template":"","format":"standard","meta":{"footnotes":""},"categories":[34],"tags":[],"class_list":["post-23665","post","type-post","status-publish","format-standard","hentry","category-educacion"],"yoast_head":"<!-- This site is optimized with the Yoast SEO plugin v25.9 - https:\/\/yoast.com\/wordpress\/plugins\/seo\/ -->\n<title>SADOP decide acatar la conciliacion Obligatoria - Se resuelve suspender toda medida de accion directa. - Noticias Radio Reflejos<\/title>\n<meta name=\"robots\" content=\"index, follow, max-snippet:-1, max-image-preview:large, max-video-preview:-1\" \/>\n<link rel=\"canonical\" href=\"https:\/\/www.noticiasradioreflejos.com.ar\/2021\/sadop-decide-acatar-la-conciliacion-obligatoria-se-resuelve-suspender-toda-medida-de-accion-directa\/\" \/>\n<meta property=\"og:locale\" content=\"es_ES\" \/>\n<meta property=\"og:type\" content=\"article\" \/>\n<meta property=\"og:title\" content=\"SADOP decide acatar la conciliacion Obligatoria - Se resuelve suspender toda medida de accion directa. - Noticias Radio Reflejos\" \/>\n<meta property=\"og:description\" content=\"\u201cPOR SALARIO JUSTO Y DIGNAS CONDICIONES DE TRABAJO, LA LUCHA CONTINUA\u201d El conflicto docente durante todo este a\u00f1o, se ha caracterizado por la arbitraria e injustificada negativa del gobierno provincial a negociar colectivamente y a reconocer la constante p\u00e9rdida del poder adquisitivo del salario.\" \/>\n<meta property=\"og:url\" content=\"https:\/\/www.noticiasradioreflejos.com.ar\/2021\/sadop-decide-acatar-la-conciliacion-obligatoria-se-resuelve-suspender-toda-medida-de-accion-directa\/\" \/>\n<meta property=\"og:site_name\" content=\"Noticias Radio Reflejos\" \/>\n<meta property=\"article:published_time\" content=\"2018-07-28T20:57:26+00:00\" \/>\n<meta property=\"og:image\" content=\"https:\/\/www.noticiasradioreflejos.com.ar\/2021\/wp-content\/uploads\/2021\/07\/logosol300x200.png\" \/>\n\t<meta property=\"og:image:width\" content=\"300\" \/>\n\t<meta property=\"og:image:height\" content=\"200\" \/>\n\t<meta property=\"og:image:type\" content=\"image\/png\" \/>\n<meta name=\"author\" content=\"Arnaldo Botto\" \/>\n<meta name=\"twitter:card\" content=\"summary_large_image\" \/>\n<script type=\"application\/ld+json\" class=\"yoast-schema-graph\">{\"@context\":\"https:\/\/schema.org\",\"@graph\":[{\"@type\":\"WebPage\",\"@id\":\"https:\/\/www.noticiasradioreflejos.com.ar\/2021\/sadop-decide-acatar-la-conciliacion-obligatoria-se-resuelve-suspender-toda-medida-de-accion-directa\/\",\"url\":\"https:\/\/www.noticiasradioreflejos.com.ar\/2021\/sadop-decide-acatar-la-conciliacion-obligatoria-se-resuelve-suspender-toda-medida-de-accion-directa\/\",\"name\":\"SADOP decide acatar la conciliacion Obligatoria - Se resuelve suspender toda medida de accion directa. - Noticias Radio Reflejos\",\"isPartOf\":{\"@id\":\"https:\/\/www.noticiasradioreflejos.com.ar\/2021\/#website\"},\"datePublished\":\"2018-07-28T20:57:26+00:00\",\"author\":{\"@id\":\"https:\/\/www.noticiasradioreflejos.com.ar\/2021\/#\/schema\/person\/ad82545263dcc5ec0996818884fd5fb1\"},\"breadcrumb\":{\"@id\":\"https:\/\/www.noticiasradioreflejos.com.ar\/2021\/sadop-decide-acatar-la-conciliacion-obligatoria-se-resuelve-suspender-toda-medida-de-accion-directa\/#breadcrumb\"},\"inLanguage\":\"es\",\"potentialAction\":[{\"@type\":\"ReadAction\",\"target\":[\"https:\/\/www.noticiasradioreflejos.com.ar\/2021\/sadop-decide-acatar-la-conciliacion-obligatoria-se-resuelve-suspender-toda-medida-de-accion-directa\/\"]}]},{\"@type\":\"BreadcrumbList\",\"@id\":\"https:\/\/www.noticiasradioreflejos.com.ar\/2021\/sadop-decide-acatar-la-conciliacion-obligatoria-se-resuelve-suspender-toda-medida-de-accion-directa\/#breadcrumb\",\"itemListElement\":[{\"@type\":\"ListItem\",\"position\":1,\"name\":\"Portada\",\"item\":\"https:\/\/www.noticiasradioreflejos.com.ar\/2021\/\"},{\"@type\":\"ListItem\",\"position\":2,\"name\":\"SADOP decide acatar la conciliacion Obligatoria &#8211; Se resuelve suspender toda medida de accion directa.\"}]},{\"@type\":\"WebSite\",\"@id\":\"https:\/\/www.noticiasradioreflejos.com.ar\/2021\/#website\",\"url\":\"https:\/\/www.noticiasradioreflejos.com.ar\/2021\/\",\"name\":\"Noticias Radio Reflejos\",\"description\":\"Las noticias de mi comarca\",\"potentialAction\":[{\"@type\":\"SearchAction\",\"target\":{\"@type\":\"EntryPoint\",\"urlTemplate\":\"https:\/\/www.noticiasradioreflejos.com.ar\/2021\/?s={search_term_string}\"},\"query-input\":{\"@type\":\"PropertyValueSpecification\",\"valueRequired\":true,\"valueName\":\"search_term_string\"}}],\"inLanguage\":\"es\"},{\"@type\":\"Person\",\"@id\":\"https:\/\/www.noticiasradioreflejos.com.ar\/2021\/#\/schema\/person\/ad82545263dcc5ec0996818884fd5fb1\",\"name\":\"Arnaldo Botto\",\"image\":{\"@type\":\"ImageObject\",\"inLanguage\":\"es\",\"@id\":\"https:\/\/www.noticiasradioreflejos.com.ar\/2021\/#\/schema\/person\/image\/\",\"url\":\"https:\/\/secure.gravatar.com\/avatar\/55cb5e37c1efa326397366e6974cb338056df65cb50e7d64d1cf314e87504837?s=96&d=mm&r=g\",\"contentUrl\":\"https:\/\/secure.gravatar.com\/avatar\/55cb5e37c1efa326397366e6974cb338056df65cb50e7d64d1cf314e87504837?s=96&d=mm&r=g\",\"caption\":\"Arnaldo Botto\"},\"url\":\"https:\/\/www.noticiasradioreflejos.com.ar\/2021\/author\/arnaldo\/\"}]}<\/script>\n<!-- \/ Yoast SEO plugin. -->","yoast_head_json":{"title":"SADOP decide acatar la conciliacion Obligatoria - Se resuelve suspender toda medida de accion directa. - Noticias Radio Reflejos","robots":{"index":"index","follow":"follow","max-snippet":"max-snippet:-1","max-image-preview":"max-image-preview:large","max-video-preview":"max-video-preview:-1"},"canonical":"https:\/\/www.noticiasradioreflejos.com.ar\/2021\/sadop-decide-acatar-la-conciliacion-obligatoria-se-resuelve-suspender-toda-medida-de-accion-directa\/","og_locale":"es_ES","og_type":"article","og_title":"SADOP decide acatar la conciliacion Obligatoria - Se resuelve suspender toda medida de accion directa. - Noticias Radio Reflejos","og_description":"\u201cPOR SALARIO JUSTO Y DIGNAS CONDICIONES DE TRABAJO, LA LUCHA CONTINUA\u201d El conflicto docente durante todo este a\u00f1o, se ha caracterizado por la arbitraria e injustificada negativa del gobierno provincial a negociar colectivamente y a reconocer la constante p\u00e9rdida del poder adquisitivo del salario.","og_url":"https:\/\/www.noticiasradioreflejos.com.ar\/2021\/sadop-decide-acatar-la-conciliacion-obligatoria-se-resuelve-suspender-toda-medida-de-accion-directa\/","og_site_name":"Noticias Radio Reflejos","article_published_time":"2018-07-28T20:57:26+00:00","og_image":[{"width":300,"height":200,"url":"https:\/\/www.noticiasradioreflejos.com.ar\/2021\/wp-content\/uploads\/2021\/07\/logosol300x200.png","type":"image\/png"}],"author":"Arnaldo Botto","twitter_card":"summary_large_image","schema":{"@context":"https:\/\/schema.org","@graph":[{"@type":"WebPage","@id":"https:\/\/www.noticiasradioreflejos.com.ar\/2021\/sadop-decide-acatar-la-conciliacion-obligatoria-se-resuelve-suspender-toda-medida-de-accion-directa\/","url":"https:\/\/www.noticiasradioreflejos.com.ar\/2021\/sadop-decide-acatar-la-conciliacion-obligatoria-se-resuelve-suspender-toda-medida-de-accion-directa\/","name":"SADOP decide acatar la conciliacion Obligatoria - Se resuelve suspender toda medida de accion directa. - Noticias Radio Reflejos","isPartOf":{"@id":"https:\/\/www.noticiasradioreflejos.com.ar\/2021\/#website"},"datePublished":"2018-07-28T20:57:26+00:00","author":{"@id":"https:\/\/www.noticiasradioreflejos.com.ar\/2021\/#\/schema\/person\/ad82545263dcc5ec0996818884fd5fb1"},"breadcrumb":{"@id":"https:\/\/www.noticiasradioreflejos.com.ar\/2021\/sadop-decide-acatar-la-conciliacion-obligatoria-se-resuelve-suspender-toda-medida-de-accion-directa\/#breadcrumb"},"inLanguage":"es","potentialAction":[{"@type":"ReadAction","target":["https:\/\/www.noticiasradioreflejos.com.ar\/2021\/sadop-decide-acatar-la-conciliacion-obligatoria-se-resuelve-suspender-toda-medida-de-accion-directa\/"]}]},{"@type":"BreadcrumbList","@id":"https:\/\/www.noticiasradioreflejos.com.ar\/2021\/sadop-decide-acatar-la-conciliacion-obligatoria-se-resuelve-suspender-toda-medida-de-accion-directa\/#breadcrumb","itemListElement":[{"@type":"ListItem","position":1,"name":"Portada","item":"https:\/\/www.noticiasradioreflejos.com.ar\/2021\/"},{"@type":"ListItem","position":2,"name":"SADOP decide acatar la conciliacion Obligatoria &#8211; Se resuelve suspender toda medida de accion directa."}]},{"@type":"WebSite","@id":"https:\/\/www.noticiasradioreflejos.com.ar\/2021\/#website","url":"https:\/\/www.noticiasradioreflejos.com.ar\/2021\/","name":"Noticias Radio Reflejos","description":"Las noticias de mi comarca","potentialAction":[{"@type":"SearchAction","target":{"@type":"EntryPoint","urlTemplate":"https:\/\/www.noticiasradioreflejos.com.ar\/2021\/?s={search_term_string}"},"query-input":{"@type":"PropertyValueSpecification","valueRequired":true,"valueName":"search_term_string"}}],"inLanguage":"es"},{"@type":"Person","@id":"https:\/\/www.noticiasradioreflejos.com.ar\/2021\/#\/schema\/person\/ad82545263dcc5ec0996818884fd5fb1","name":"Arnaldo Botto","image":{"@type":"ImageObject","inLanguage":"es","@id":"https:\/\/www.noticiasradioreflejos.com.ar\/2021\/#\/schema\/person\/image\/","url":"https:\/\/secure.gravatar.com\/avatar\/55cb5e37c1efa326397366e6974cb338056df65cb50e7d64d1cf314e87504837?s=96&d=mm&r=g","contentUrl":"https:\/\/secure.gravatar.com\/avatar\/55cb5e37c1efa326397366e6974cb338056df65cb50e7d64d1cf314e87504837?s=96&d=mm&r=g","caption":"Arnaldo Botto"},"url":"https:\/\/www.noticiasradioreflejos.com.ar\/2021\/author\/arnaldo\/"}]}},"_links":{"self":[{"href":"https:\/\/www.noticiasradioreflejos.com.ar\/2021\/wp-json\/wp\/v2\/posts\/23665","targetHints":{"allow":["GET"]}}],"collection":[{"href":"https:\/\/www.noticiasradioreflejos.com.ar\/2021\/wp-json\/wp\/v2\/posts"}],"about":[{"href":"https:\/\/www.noticiasradioreflejos.com.ar\/2021\/wp-json\/wp\/v2\/types\/post"}],"author":[{"embeddable":true,"href":"https:\/\/www.noticiasradioreflejos.com.ar\/2021\/wp-json\/wp\/v2\/users\/3"}],"replies":[{"embeddable":true,"href":"https:\/\/www.noticiasradioreflejos.com.ar\/2021\/wp-json\/wp\/v2\/comments?post=23665"}],"version-history":[{"count":0,"href":"https:\/\/www.noticiasradioreflejos.com.ar\/2021\/wp-json\/wp\/v2\/posts\/23665\/revisions"}],"wp:attachment":[{"href":"https:\/\/www.noticiasradioreflejos.com.ar\/2021\/wp-json\/wp\/v2\/media?parent=23665"}],"wp:term":[{"taxonomy":"category","embeddable":true,"href":"https:\/\/www.noticiasradioreflejos.com.ar\/2021\/wp-json\/wp\/v2\/categories?post=23665"},{"taxonomy":"post_tag","embeddable":true,"href":"https:\/\/www.noticiasradioreflejos.com.ar\/2021\/wp-json\/wp\/v2\/tags?post=23665"}],"curies":[{"name":"wp","href":"https:\/\/api.w.org\/{rel}","templated":true}]}}