{"id":23639,"date":"2018-07-27T18:42:44","date_gmt":"2018-07-27T21:42:44","guid":{"rendered":"http:\/\/www.noticiasradioreflejos.com.ar\/noticias\/?p=23639"},"modified":"2018-07-27T18:42:44","modified_gmt":"2018-07-27T21:42:44","slug":"cabana-la-tigra-de-guillermo-cassano-premiada-en-palermo","status":"publish","type":"post","link":"https:\/\/www.noticiasradioreflejos.com.ar\/2021\/cabana-la-tigra-de-guillermo-cassano-premiada-en-palermo\/","title":{"rendered":"Caba\u00f1a La Tigra de Guillermo Cassano premiada en Palermo"},"content":{"rendered":"<p>Desde la Exposici\u00f3n Rural de Palermo,\u00a0<strong>Guillermo Cassano<\/strong>\u00a0expres\u00f3 su satisfacci\u00f3n por premios otorgados en la presentaci\u00f3n de sus animales en Angus y Polled Hereford.<!--more--><br \/>\nEl titular de Caba\u00f1a \u201cLa Tigra\u201d de \u00a0Estancias y Caba\u00f1a La centella ubicada en nuestro partido, dialog\u00f3 con FM de la Ciudad y Noticias Tornquist, \u201c La verdad que nos fue muy bien, hemos logrado el Reservado Gran Campe\u00f3n Hereford, el tercer mejor toro Hereford y la final de los campeones de Hereford donde estuvieron tres toros m\u00edos de seis que hab\u00eda. En Angus tambi\u00e9n nos fue bien con un 4\u00ba puesto\u201d indic\u00f3.<br \/>\nSobre los premios adelant\u00f3 \u201cLa verdad que en la historia de Palermo creo que es la segunda vez que sucede que tres integrantes de una caba\u00f1a participan en una final. Presentamos un toro Senior muy bueno. Uno dos a\u00f1os mayor y un dos a\u00f1os menor que la verdad estaba para ganar pero as\u00ed no lo vieron los jurados a pesar de que mi toro fue muy aplaudido y es como si hubiese sacado un gran campe\u00f3n pero el a\u00f1o que\u00a0 viene va a venir porque me lo voy a guardar\u201d, remarc\u00f3.<br \/>\nVeredicto<br \/>\nMachos PP Polled Hereford<br \/>\nGran Campe\u00f3n Macho y Campe\u00f3n Dos A\u00f1os Mayor<br \/>\nBOX 704, RP X1364 de Cab. Los Murmullos de Garruchos S.A.<br \/>\n<strong>Reservado Gran Campe\u00f3n Macho y Campe\u00f3n Dos A\u00f1os Menor<\/strong><br \/>\nBOX 690 de Cab. La Tigra de Est. y Cab. La Centella S.A.<br \/>\n<strong>Tercer Mejor Macho y Campe\u00f3n Senior<\/strong><br \/>\nBOX 719,\u00a0Cab. La Tigra de Est. y Cab. La Centella S.A.<br \/>\n<strong>Guillermo Cassano<\/strong>\u00a0adem\u00e1s invit\u00f3 a una nueva edici\u00f3n de su remate anual a realizase en el predio de la Asociaci\u00f3n Rural de Tornquist el jueves 18 de Octubre.<br \/>\nRecordemos que Caba\u00f1a \u201cLa Tigra\u201d ubicada en el partido de Tornquist ofrece alta calidad gen\u00e9tica en Angus y Hereford, razas que nos representan a\u00f1o tras a\u00f1o en la Exposici\u00f3n Rural de Palermo.<br \/>\n&nbsp;<br \/>\n<a href=\"http:\/\/farm1.staticflickr.com\/849\/42962849624_98c80492eb_z.jpg\" title=\"rural3\" rel=\"\"><img loading=\"lazy\" decoding=\"async\" src=\"http:\/\/farm1.staticflickr.com\/849\/42962849624_98c80492eb_z.jpg\" width=\"640\" height=\"427\" alt=\"rural3\" title=\"rural3\" class=\"aligncenter\"><\/a><br \/>\n<a href=\"http:\/\/farm1.staticflickr.com\/854\/28790368617_2958b473e8_z.jpg\" title=\"rural2\" rel=\"\"><img loading=\"lazy\" decoding=\"async\" src=\"http:\/\/farm1.staticflickr.com\/854\/28790368617_2958b473e8_z.jpg\" width=\"640\" height=\"428\" alt=\"rural2\" title=\"rural2\" class=\"aligncenter\"><\/a><\/p>\n","protected":false},"excerpt":{"rendered":"<p>Desde la Exposici\u00f3n Rural de Palermo,\u00a0Guillermo Cassano\u00a0expres\u00f3 su satisfacci\u00f3n por premios otorgados en la presentaci\u00f3n de sus animales en Angus y Polled Hereford.<\/p>\n","protected":false},"author":3,"featured_media":0,"comment_status":"closed","ping_status":"open","sticky":false,"template":"","format":"standard","meta":{"footnotes":""},"categories":[26],"tags":[],"class_list":["post-23639","post","type-post","status-publish","format-standard","hentry","category-sociedad"],"yoast_head":"<!-- This site is optimized with the Yoast SEO plugin v25.9 - https:\/\/yoast.com\/wordpress\/plugins\/seo\/ -->\n<title>Caba\u00f1a La Tigra de Guillermo Cassano premiada en Palermo - Noticias Radio Reflejos<\/title>\n<meta name=\"robots\" content=\"index, follow, max-snippet:-1, max-image-preview:large, max-video-preview:-1\" \/>\n<link rel=\"canonical\" href=\"https:\/\/www.noticiasradioreflejos.com.ar\/2021\/cabana-la-tigra-de-guillermo-cassano-premiada-en-palermo\/\" \/>\n<meta property=\"og:locale\" content=\"es_ES\" \/>\n<meta property=\"og:type\" content=\"article\" \/>\n<meta property=\"og:title\" content=\"Caba\u00f1a La Tigra de Guillermo Cassano premiada en Palermo - Noticias Radio Reflejos\" \/>\n<meta property=\"og:description\" content=\"Desde la Exposici\u00f3n Rural de Palermo,\u00a0Guillermo Cassano\u00a0expres\u00f3 su satisfacci\u00f3n por premios otorgados en la presentaci\u00f3n de sus animales en Angus y Polled Hereford.\" \/>\n<meta property=\"og:url\" content=\"https:\/\/www.noticiasradioreflejos.com.ar\/2021\/cabana-la-tigra-de-guillermo-cassano-premiada-en-palermo\/\" \/>\n<meta property=\"og:site_name\" content=\"Noticias Radio Reflejos\" \/>\n<meta property=\"article:published_time\" content=\"2018-07-27T21:42:44+00:00\" \/>\n<meta property=\"og:image\" content=\"http:\/\/farm1.staticflickr.com\/849\/42962849624_98c80492eb_z.jpg\" \/>\n<meta name=\"author\" content=\"Arnaldo Botto\" \/>\n<meta name=\"twitter:card\" content=\"summary_large_image\" \/>\n<script type=\"application\/ld+json\" class=\"yoast-schema-graph\">{\"@context\":\"https:\/\/schema.org\",\"@graph\":[{\"@type\":\"WebPage\",\"@id\":\"https:\/\/www.noticiasradioreflejos.com.ar\/2021\/cabana-la-tigra-de-guillermo-cassano-premiada-en-palermo\/\",\"url\":\"https:\/\/www.noticiasradioreflejos.com.ar\/2021\/cabana-la-tigra-de-guillermo-cassano-premiada-en-palermo\/\",\"name\":\"Caba\u00f1a La Tigra de Guillermo Cassano premiada en Palermo - Noticias Radio Reflejos\",\"isPartOf\":{\"@id\":\"https:\/\/www.noticiasradioreflejos.com.ar\/2021\/#website\"},\"primaryImageOfPage\":{\"@id\":\"https:\/\/www.noticiasradioreflejos.com.ar\/2021\/cabana-la-tigra-de-guillermo-cassano-premiada-en-palermo\/#primaryimage\"},\"image\":{\"@id\":\"https:\/\/www.noticiasradioreflejos.com.ar\/2021\/cabana-la-tigra-de-guillermo-cassano-premiada-en-palermo\/#primaryimage\"},\"thumbnailUrl\":\"http:\/\/farm1.staticflickr.com\/849\/42962849624_98c80492eb_z.jpg\",\"datePublished\":\"2018-07-27T21:42:44+00:00\",\"author\":{\"@id\":\"https:\/\/www.noticiasradioreflejos.com.ar\/2021\/#\/schema\/person\/ad82545263dcc5ec0996818884fd5fb1\"},\"breadcrumb\":{\"@id\":\"https:\/\/www.noticiasradioreflejos.com.ar\/2021\/cabana-la-tigra-de-guillermo-cassano-premiada-en-palermo\/#breadcrumb\"},\"inLanguage\":\"es\",\"potentialAction\":[{\"@type\":\"ReadAction\",\"target\":[\"https:\/\/www.noticiasradioreflejos.com.ar\/2021\/cabana-la-tigra-de-guillermo-cassano-premiada-en-palermo\/\"]}]},{\"@type\":\"ImageObject\",\"inLanguage\":\"es\",\"@id\":\"https:\/\/www.noticiasradioreflejos.com.ar\/2021\/cabana-la-tigra-de-guillermo-cassano-premiada-en-palermo\/#primaryimage\",\"url\":\"http:\/\/farm1.staticflickr.com\/849\/42962849624_98c80492eb_z.jpg\",\"contentUrl\":\"http:\/\/farm1.staticflickr.com\/849\/42962849624_98c80492eb_z.jpg\"},{\"@type\":\"BreadcrumbList\",\"@id\":\"https:\/\/www.noticiasradioreflejos.com.ar\/2021\/cabana-la-tigra-de-guillermo-cassano-premiada-en-palermo\/#breadcrumb\",\"itemListElement\":[{\"@type\":\"ListItem\",\"position\":1,\"name\":\"Portada\",\"item\":\"https:\/\/www.noticiasradioreflejos.com.ar\/2021\/\"},{\"@type\":\"ListItem\",\"position\":2,\"name\":\"Caba\u00f1a La Tigra de Guillermo Cassano premiada en Palermo\"}]},{\"@type\":\"WebSite\",\"@id\":\"https:\/\/www.noticiasradioreflejos.com.ar\/2021\/#website\",\"url\":\"https:\/\/www.noticiasradioreflejos.com.ar\/2021\/\",\"name\":\"Noticias Radio Reflejos\",\"description\":\"Las noticias de mi comarca\",\"potentialAction\":[{\"@type\":\"SearchAction\",\"target\":{\"@type\":\"EntryPoint\",\"urlTemplate\":\"https:\/\/www.noticiasradioreflejos.com.ar\/2021\/?s={search_term_string}\"},\"query-input\":{\"@type\":\"PropertyValueSpecification\",\"valueRequired\":true,\"valueName\":\"search_term_string\"}}],\"inLanguage\":\"es\"},{\"@type\":\"Person\",\"@id\":\"https:\/\/www.noticiasradioreflejos.com.ar\/2021\/#\/schema\/person\/ad82545263dcc5ec0996818884fd5fb1\",\"name\":\"Arnaldo Botto\",\"image\":{\"@type\":\"ImageObject\",\"inLanguage\":\"es\",\"@id\":\"https:\/\/www.noticiasradioreflejos.com.ar\/2021\/#\/schema\/person\/image\/\",\"url\":\"https:\/\/secure.gravatar.com\/avatar\/55cb5e37c1efa326397366e6974cb338056df65cb50e7d64d1cf314e87504837?s=96&d=mm&r=g\",\"contentUrl\":\"https:\/\/secure.gravatar.com\/avatar\/55cb5e37c1efa326397366e6974cb338056df65cb50e7d64d1cf314e87504837?s=96&d=mm&r=g\",\"caption\":\"Arnaldo Botto\"},\"url\":\"https:\/\/www.noticiasradioreflejos.com.ar\/2021\/author\/arnaldo\/\"}]}<\/script>\n<!-- \/ Yoast SEO plugin. -->","yoast_head_json":{"title":"Caba\u00f1a La Tigra de Guillermo Cassano premiada en Palermo - Noticias Radio Reflejos","robots":{"index":"index","follow":"follow","max-snippet":"max-snippet:-1","max-image-preview":"max-image-preview:large","max-video-preview":"max-video-preview:-1"},"canonical":"https:\/\/www.noticiasradioreflejos.com.ar\/2021\/cabana-la-tigra-de-guillermo-cassano-premiada-en-palermo\/","og_locale":"es_ES","og_type":"article","og_title":"Caba\u00f1a La Tigra de Guillermo Cassano premiada en Palermo - Noticias Radio Reflejos","og_description":"Desde la Exposici\u00f3n Rural de Palermo,\u00a0Guillermo Cassano\u00a0expres\u00f3 su satisfacci\u00f3n por premios otorgados en la presentaci\u00f3n de sus animales en Angus y Polled Hereford.","og_url":"https:\/\/www.noticiasradioreflejos.com.ar\/2021\/cabana-la-tigra-de-guillermo-cassano-premiada-en-palermo\/","og_site_name":"Noticias Radio Reflejos","article_published_time":"2018-07-27T21:42:44+00:00","og_image":[{"url":"http:\/\/farm1.staticflickr.com\/849\/42962849624_98c80492eb_z.jpg","type":"","width":"","height":""}],"author":"Arnaldo Botto","twitter_card":"summary_large_image","schema":{"@context":"https:\/\/schema.org","@graph":[{"@type":"WebPage","@id":"https:\/\/www.noticiasradioreflejos.com.ar\/2021\/cabana-la-tigra-de-guillermo-cassano-premiada-en-palermo\/","url":"https:\/\/www.noticiasradioreflejos.com.ar\/2021\/cabana-la-tigra-de-guillermo-cassano-premiada-en-palermo\/","name":"Caba\u00f1a La Tigra de Guillermo Cassano premiada en Palermo - Noticias Radio Reflejos","isPartOf":{"@id":"https:\/\/www.noticiasradioreflejos.com.ar\/2021\/#website"},"primaryImageOfPage":{"@id":"https:\/\/www.noticiasradioreflejos.com.ar\/2021\/cabana-la-tigra-de-guillermo-cassano-premiada-en-palermo\/#primaryimage"},"image":{"@id":"https:\/\/www.noticiasradioreflejos.com.ar\/2021\/cabana-la-tigra-de-guillermo-cassano-premiada-en-palermo\/#primaryimage"},"thumbnailUrl":"http:\/\/farm1.staticflickr.com\/849\/42962849624_98c80492eb_z.jpg","datePublished":"2018-07-27T21:42:44+00:00","author":{"@id":"https:\/\/www.noticiasradioreflejos.com.ar\/2021\/#\/schema\/person\/ad82545263dcc5ec0996818884fd5fb1"},"breadcrumb":{"@id":"https:\/\/www.noticiasradioreflejos.com.ar\/2021\/cabana-la-tigra-de-guillermo-cassano-premiada-en-palermo\/#breadcrumb"},"inLanguage":"es","potentialAction":[{"@type":"ReadAction","target":["https:\/\/www.noticiasradioreflejos.com.ar\/2021\/cabana-la-tigra-de-guillermo-cassano-premiada-en-palermo\/"]}]},{"@type":"ImageObject","inLanguage":"es","@id":"https:\/\/www.noticiasradioreflejos.com.ar\/2021\/cabana-la-tigra-de-guillermo-cassano-premiada-en-palermo\/#primaryimage","url":"http:\/\/farm1.staticflickr.com\/849\/42962849624_98c80492eb_z.jpg","contentUrl":"http:\/\/farm1.staticflickr.com\/849\/42962849624_98c80492eb_z.jpg"},{"@type":"BreadcrumbList","@id":"https:\/\/www.noticiasradioreflejos.com.ar\/2021\/cabana-la-tigra-de-guillermo-cassano-premiada-en-palermo\/#breadcrumb","itemListElement":[{"@type":"ListItem","position":1,"name":"Portada","item":"https:\/\/www.noticiasradioreflejos.com.ar\/2021\/"},{"@type":"ListItem","position":2,"name":"Caba\u00f1a La Tigra de Guillermo Cassano premiada en Palermo"}]},{"@type":"WebSite","@id":"https:\/\/www.noticiasradioreflejos.com.ar\/2021\/#website","url":"https:\/\/www.noticiasradioreflejos.com.ar\/2021\/","name":"Noticias Radio Reflejos","description":"Las noticias de mi comarca","potentialAction":[{"@type":"SearchAction","target":{"@type":"EntryPoint","urlTemplate":"https:\/\/www.noticiasradioreflejos.com.ar\/2021\/?s={search_term_string}"},"query-input":{"@type":"PropertyValueSpecification","valueRequired":true,"valueName":"search_term_string"}}],"inLanguage":"es"},{"@type":"Person","@id":"https:\/\/www.noticiasradioreflejos.com.ar\/2021\/#\/schema\/person\/ad82545263dcc5ec0996818884fd5fb1","name":"Arnaldo Botto","image":{"@type":"ImageObject","inLanguage":"es","@id":"https:\/\/www.noticiasradioreflejos.com.ar\/2021\/#\/schema\/person\/image\/","url":"https:\/\/secure.gravatar.com\/avatar\/55cb5e37c1efa326397366e6974cb338056df65cb50e7d64d1cf314e87504837?s=96&d=mm&r=g","contentUrl":"https:\/\/secure.gravatar.com\/avatar\/55cb5e37c1efa326397366e6974cb338056df65cb50e7d64d1cf314e87504837?s=96&d=mm&r=g","caption":"Arnaldo Botto"},"url":"https:\/\/www.noticiasradioreflejos.com.ar\/2021\/author\/arnaldo\/"}]}},"_links":{"self":[{"href":"https:\/\/www.noticiasradioreflejos.com.ar\/2021\/wp-json\/wp\/v2\/posts\/23639","targetHints":{"allow":["GET"]}}],"collection":[{"href":"https:\/\/www.noticiasradioreflejos.com.ar\/2021\/wp-json\/wp\/v2\/posts"}],"about":[{"href":"https:\/\/www.noticiasradioreflejos.com.ar\/2021\/wp-json\/wp\/v2\/types\/post"}],"author":[{"embeddable":true,"href":"https:\/\/www.noticiasradioreflejos.com.ar\/2021\/wp-json\/wp\/v2\/users\/3"}],"replies":[{"embeddable":true,"href":"https:\/\/www.noticiasradioreflejos.com.ar\/2021\/wp-json\/wp\/v2\/comments?post=23639"}],"version-history":[{"count":0,"href":"https:\/\/www.noticiasradioreflejos.com.ar\/2021\/wp-json\/wp\/v2\/posts\/23639\/revisions"}],"wp:attachment":[{"href":"https:\/\/www.noticiasradioreflejos.com.ar\/2021\/wp-json\/wp\/v2\/media?parent=23639"}],"wp:term":[{"taxonomy":"category","embeddable":true,"href":"https:\/\/www.noticiasradioreflejos.com.ar\/2021\/wp-json\/wp\/v2\/categories?post=23639"},{"taxonomy":"post_tag","embeddable":true,"href":"https:\/\/www.noticiasradioreflejos.com.ar\/2021\/wp-json\/wp\/v2\/tags?post=23639"}],"curies":[{"name":"wp","href":"https:\/\/api.w.org\/{rel}","templated":true}]}}