{"id":23626,"date":"2018-07-27T18:05:03","date_gmt":"2018-07-27T21:05:03","guid":{"rendered":"http:\/\/www.noticiasradioreflejos.com.ar\/noticias\/?p=23626"},"modified":"2018-07-27T18:05:03","modified_gmt":"2018-07-27T21:05:03","slug":"la-provincia-dicto-la-conciliacion-obligatoria-y-adelanto-el-pago-de-sueldos","status":"publish","type":"post","link":"https:\/\/www.noticiasradioreflejos.com.ar\/2021\/la-provincia-dicto-la-conciliacion-obligatoria-y-adelanto-el-pago-de-sueldos\/","title":{"rendered":"La Provincia dict\u00f3 la conciliaci\u00f3n obligatoria y adelant\u00f3 el pago de sueldos."},"content":{"rendered":"<p>Finalmente el gobierno provincial dict\u00f3 la conciliaci\u00f3n obligatoria por 15 d\u00edas y ahora espera si los gremios la acatan o no. Adem\u00e1s adelant\u00f3 los sueldos docentes correspondientes al mes de julio, por lo que hoy a la ma\u00f1ana ya ten\u00edan depositados los haberes en sus cuentas bancarias. As\u00ed el Gobierno emplaz\u00f3 a los gremios a que el lunes se reinicie el ciclo lectivo porque considera que \u00abla escolaridad es un derecho inalienable\u00bb.<!--more--><br \/>\n<a title=\"1532707222674\" href=\"http:\/\/farm1.staticflickr.com\/849\/42775918865_5c51ed8250.jpg\" rel=\"\"><img loading=\"lazy\" decoding=\"async\" class=\"alignleft\" style=\"float: left;\" title=\"1532707222674\" src=\"http:\/\/farm1.staticflickr.com\/849\/42775918865_5c51ed8250.jpg\" alt=\"1532707222674\" width=\"389\" height=\"500\" \/><\/a>Seg\u00fan fuentes consultadas por este diario, esta ma\u00f1ana se hizo la notificaci\u00f3n a los sindicatos. En tanto se inform\u00f3 que los docentes ya cobraron el quinto adelanto a cuenta de paritaria decretado por Vidal, que acumula un 15% acumulado en lo que va del a\u00f1o con el objetivo de que los docentes no pierdan contra la inflaci\u00f3n y mantengan el poder adquisitivo.<br \/>\nDe esta forma, la relaci\u00f3n entre el Gobierno y los maestros se vuelve cada vez m\u00e1s tirante ya que a la abismal diferencia de posturas respecto del aumento salarial para este a\u00f1o, que ya bati\u00f3 el r\u00e9cord de \u201cno acuerdo paritario\u201d que ostentaba el 2017, cuando el acta se firm\u00f3 el 4 de julio, ahora se suma la mayor medida de fuerza de los maestros en lo que va del presente ciclo lectivo, es decir, 3 d\u00edas de huelga entre el lunes 30 y el mi\u00e9rcoles 1\u00ba de agosto, y la contraofensiva del Ejecutivo al confirmarse el llamado a conciliaci\u00f3n obligatoria.<br \/>\nCon respecto a los haberes, cabe resaltar que la administraci\u00f3n de Vidal deposit\u00f3 el pasado mi\u00e9rcoles na nueva suma, la quinta del a\u00f1o, a cuenta de un futuro acuerdo paritario. Seg\u00fan fuentes oficiales es \u201cla garant\u00eda de que los docentes no pierdan ante la inflaci\u00f3n\u201d. Por su parte, los dirigentes sindicales sostienen que son \u201csumas fijas que se cobran por \u00fanica vez en base a una extra\u00f1a escala salarial que invent\u00f3 el ministerio de Econom\u00eda, no remunerativas y no acumulativas, no aportan a la jubilaci\u00f3n, a la antig\u00fcedad y no se contemplan para el aguinaldo\u201d.<br \/>\nPor otro lado, la respuesta de los gremios no tard\u00f3 en llegar. La presidente de la FEB, Mirta Petrocini, asegur\u00f3 hoy que \u201cel Gobierno bonaerense elije agudizar el conflicto con los docentes para disimular sus evidentes problemas pol\u00edticos\u201d. \u201cHay funcionarios que nos acusan de llevar adelante medidas de fuerza con oscuros trasfondos pol\u00edticos, cuando en realidad no hemos hecho m\u00e1s que mostrar durante todo este conflicto voluntad de di\u00e1logo y soportar agravios constantes\u201d, dijo Petrocini.<br \/>\n<a title=\"1532707225911\" href=\"http:\/\/farm1.staticflickr.com\/940\/42775918345_ed8cba7385.jpg\" rel=\"\"><img loading=\"lazy\" decoding=\"async\" class=\"alignleft\" style=\"float: left;\" title=\"1532707225911\" src=\"http:\/\/farm1.staticflickr.com\/940\/42775918345_ed8cba7385.jpg\" alt=\"1532707225911\" width=\"395\" height=\"500\" \/><\/a>La titular del gremio record\u00f3 que \u201cdurante m\u00e1s de tres meses estuvimos esperando una convocatoria, con los chicos en las aulas, y el gobierno s\u00f3lo volvi\u00f3 a convocar a la paritaria porque se lo orden\u00f3 la Justicia. Nunca mostr\u00f3 voluntad para destrabar este conflicto. Y todav\u00eda hay funcionarios que tienen el valor de salir a decir que son dialoguistas\u201d. Asimismo, Petrocini asegur\u00f3 que \u201cel ministro de Trabajo, Marcelo Villegas, miente cuando asegura que entre ayer y hoy los docentes iban a tener depositado el incremento del 15% salarial. Hasta el momento, como podemos mostrar en los recibos de sueldo que tenemos en nuestro poder, no hay ning\u00fan tipo de incremento\u201d.<br \/>\n\u201cEl docente no sabe hasta el momento en que llega al cajero autom\u00e1tico cu\u00e1nto va a cobrar; han sometido al sector a un nivel de incertidumbre nunca visto\u201d, indic\u00f3 Petrocini y agreg\u00f3 que \u201cas\u00ed se hace imposible una planificaci\u00f3n familiar y nunca se tiene certeza de cu\u00e1l es el salario real\u201d. Petrocini explic\u00f3 que \u201crecibimos denuncias de docentes que cobraron menos, de otros que no tienen aumentos, no llegan a descifrar lo que cobran. Incluso, se han realizado descuentos a educadores por paros que no han realizado\u201d.<br \/>\n\u201cEl ministro de Trabajo nos acusa de hacer paros pol\u00edticos porque el verdadero problema pol\u00edtico lo est\u00e1 teniendo el Gobierno. Por eso intentan correr el foco hacia los docentes, que es uno de los sectores que hist\u00f3ricamente han sido atacados\u201d, sostuvo Petrocini.<br \/>\nFuente : <a href=\"http:\/\/www.eldia.com\">www.eldia.com<\/a><\/p>\n","protected":false},"excerpt":{"rendered":"<p>Finalmente el gobierno provincial dict\u00f3 la conciliaci\u00f3n obligatoria por 15 d\u00edas y ahora espera si los gremios la acatan o no. Adem\u00e1s adelant\u00f3 los sueldos docentes correspondientes al mes de julio, por lo que hoy a la ma\u00f1ana ya ten\u00edan depositados los haberes en sus cuentas bancarias. As\u00ed el Gobierno emplaz\u00f3 a los gremios a [&hellip;]<\/p>\n","protected":false},"author":3,"featured_media":0,"comment_status":"closed","ping_status":"open","sticky":false,"template":"","format":"standard","meta":{"footnotes":""},"categories":[34],"tags":[],"class_list":["post-23626","post","type-post","status-publish","format-standard","hentry","category-educacion"],"yoast_head":"<!-- This site is optimized with the Yoast SEO plugin v25.9 - https:\/\/yoast.com\/wordpress\/plugins\/seo\/ -->\n<title>La Provincia dict\u00f3 la conciliaci\u00f3n obligatoria y adelant\u00f3 el pago de sueldos. - Noticias Radio Reflejos<\/title>\n<meta name=\"robots\" content=\"index, follow, max-snippet:-1, max-image-preview:large, max-video-preview:-1\" \/>\n<link rel=\"canonical\" href=\"https:\/\/www.noticiasradioreflejos.com.ar\/2021\/la-provincia-dicto-la-conciliacion-obligatoria-y-adelanto-el-pago-de-sueldos\/\" \/>\n<meta property=\"og:locale\" content=\"es_ES\" \/>\n<meta property=\"og:type\" content=\"article\" \/>\n<meta property=\"og:title\" content=\"La Provincia dict\u00f3 la conciliaci\u00f3n obligatoria y adelant\u00f3 el pago de sueldos. - Noticias Radio Reflejos\" \/>\n<meta property=\"og:description\" content=\"Finalmente el gobierno provincial dict\u00f3 la conciliaci\u00f3n obligatoria por 15 d\u00edas y ahora espera si los gremios la acatan o no. Adem\u00e1s adelant\u00f3 los sueldos docentes correspondientes al mes de julio, por lo que hoy a la ma\u00f1ana ya ten\u00edan depositados los haberes en sus cuentas bancarias. As\u00ed el Gobierno emplaz\u00f3 a los gremios a [&hellip;]\" \/>\n<meta property=\"og:url\" content=\"https:\/\/www.noticiasradioreflejos.com.ar\/2021\/la-provincia-dicto-la-conciliacion-obligatoria-y-adelanto-el-pago-de-sueldos\/\" \/>\n<meta property=\"og:site_name\" content=\"Noticias Radio Reflejos\" \/>\n<meta property=\"article:published_time\" content=\"2018-07-27T21:05:03+00:00\" \/>\n<meta property=\"og:image\" content=\"http:\/\/farm1.staticflickr.com\/849\/42775918865_5c51ed8250.jpg\" \/>\n<meta name=\"author\" content=\"Arnaldo Botto\" \/>\n<meta name=\"twitter:card\" content=\"summary_large_image\" \/>\n<script type=\"application\/ld+json\" class=\"yoast-schema-graph\">{\"@context\":\"https:\/\/schema.org\",\"@graph\":[{\"@type\":\"WebPage\",\"@id\":\"https:\/\/www.noticiasradioreflejos.com.ar\/2021\/la-provincia-dicto-la-conciliacion-obligatoria-y-adelanto-el-pago-de-sueldos\/\",\"url\":\"https:\/\/www.noticiasradioreflejos.com.ar\/2021\/la-provincia-dicto-la-conciliacion-obligatoria-y-adelanto-el-pago-de-sueldos\/\",\"name\":\"La Provincia dict\u00f3 la conciliaci\u00f3n obligatoria y adelant\u00f3 el pago de sueldos. - Noticias Radio Reflejos\",\"isPartOf\":{\"@id\":\"https:\/\/www.noticiasradioreflejos.com.ar\/2021\/#website\"},\"primaryImageOfPage\":{\"@id\":\"https:\/\/www.noticiasradioreflejos.com.ar\/2021\/la-provincia-dicto-la-conciliacion-obligatoria-y-adelanto-el-pago-de-sueldos\/#primaryimage\"},\"image\":{\"@id\":\"https:\/\/www.noticiasradioreflejos.com.ar\/2021\/la-provincia-dicto-la-conciliacion-obligatoria-y-adelanto-el-pago-de-sueldos\/#primaryimage\"},\"thumbnailUrl\":\"http:\/\/farm1.staticflickr.com\/849\/42775918865_5c51ed8250.jpg\",\"datePublished\":\"2018-07-27T21:05:03+00:00\",\"author\":{\"@id\":\"https:\/\/www.noticiasradioreflejos.com.ar\/2021\/#\/schema\/person\/ad82545263dcc5ec0996818884fd5fb1\"},\"breadcrumb\":{\"@id\":\"https:\/\/www.noticiasradioreflejos.com.ar\/2021\/la-provincia-dicto-la-conciliacion-obligatoria-y-adelanto-el-pago-de-sueldos\/#breadcrumb\"},\"inLanguage\":\"es\",\"potentialAction\":[{\"@type\":\"ReadAction\",\"target\":[\"https:\/\/www.noticiasradioreflejos.com.ar\/2021\/la-provincia-dicto-la-conciliacion-obligatoria-y-adelanto-el-pago-de-sueldos\/\"]}]},{\"@type\":\"ImageObject\",\"inLanguage\":\"es\",\"@id\":\"https:\/\/www.noticiasradioreflejos.com.ar\/2021\/la-provincia-dicto-la-conciliacion-obligatoria-y-adelanto-el-pago-de-sueldos\/#primaryimage\",\"url\":\"http:\/\/farm1.staticflickr.com\/849\/42775918865_5c51ed8250.jpg\",\"contentUrl\":\"http:\/\/farm1.staticflickr.com\/849\/42775918865_5c51ed8250.jpg\"},{\"@type\":\"BreadcrumbList\",\"@id\":\"https:\/\/www.noticiasradioreflejos.com.ar\/2021\/la-provincia-dicto-la-conciliacion-obligatoria-y-adelanto-el-pago-de-sueldos\/#breadcrumb\",\"itemListElement\":[{\"@type\":\"ListItem\",\"position\":1,\"name\":\"Portada\",\"item\":\"https:\/\/www.noticiasradioreflejos.com.ar\/2021\/\"},{\"@type\":\"ListItem\",\"position\":2,\"name\":\"La Provincia dict\u00f3 la conciliaci\u00f3n obligatoria y adelant\u00f3 el pago de sueldos.\"}]},{\"@type\":\"WebSite\",\"@id\":\"https:\/\/www.noticiasradioreflejos.com.ar\/2021\/#website\",\"url\":\"https:\/\/www.noticiasradioreflejos.com.ar\/2021\/\",\"name\":\"Noticias Radio Reflejos\",\"description\":\"Las noticias de mi comarca\",\"potentialAction\":[{\"@type\":\"SearchAction\",\"target\":{\"@type\":\"EntryPoint\",\"urlTemplate\":\"https:\/\/www.noticiasradioreflejos.com.ar\/2021\/?s={search_term_string}\"},\"query-input\":{\"@type\":\"PropertyValueSpecification\",\"valueRequired\":true,\"valueName\":\"search_term_string\"}}],\"inLanguage\":\"es\"},{\"@type\":\"Person\",\"@id\":\"https:\/\/www.noticiasradioreflejos.com.ar\/2021\/#\/schema\/person\/ad82545263dcc5ec0996818884fd5fb1\",\"name\":\"Arnaldo Botto\",\"image\":{\"@type\":\"ImageObject\",\"inLanguage\":\"es\",\"@id\":\"https:\/\/www.noticiasradioreflejos.com.ar\/2021\/#\/schema\/person\/image\/\",\"url\":\"https:\/\/secure.gravatar.com\/avatar\/55cb5e37c1efa326397366e6974cb338056df65cb50e7d64d1cf314e87504837?s=96&d=mm&r=g\",\"contentUrl\":\"https:\/\/secure.gravatar.com\/avatar\/55cb5e37c1efa326397366e6974cb338056df65cb50e7d64d1cf314e87504837?s=96&d=mm&r=g\",\"caption\":\"Arnaldo Botto\"},\"url\":\"https:\/\/www.noticiasradioreflejos.com.ar\/2021\/author\/arnaldo\/\"}]}<\/script>\n<!-- \/ Yoast SEO plugin. -->","yoast_head_json":{"title":"La Provincia dict\u00f3 la conciliaci\u00f3n obligatoria y adelant\u00f3 el pago de sueldos. - Noticias Radio Reflejos","robots":{"index":"index","follow":"follow","max-snippet":"max-snippet:-1","max-image-preview":"max-image-preview:large","max-video-preview":"max-video-preview:-1"},"canonical":"https:\/\/www.noticiasradioreflejos.com.ar\/2021\/la-provincia-dicto-la-conciliacion-obligatoria-y-adelanto-el-pago-de-sueldos\/","og_locale":"es_ES","og_type":"article","og_title":"La Provincia dict\u00f3 la conciliaci\u00f3n obligatoria y adelant\u00f3 el pago de sueldos. - Noticias Radio Reflejos","og_description":"Finalmente el gobierno provincial dict\u00f3 la conciliaci\u00f3n obligatoria por 15 d\u00edas y ahora espera si los gremios la acatan o no. Adem\u00e1s adelant\u00f3 los sueldos docentes correspondientes al mes de julio, por lo que hoy a la ma\u00f1ana ya ten\u00edan depositados los haberes en sus cuentas bancarias. As\u00ed el Gobierno emplaz\u00f3 a los gremios a [&hellip;]","og_url":"https:\/\/www.noticiasradioreflejos.com.ar\/2021\/la-provincia-dicto-la-conciliacion-obligatoria-y-adelanto-el-pago-de-sueldos\/","og_site_name":"Noticias Radio Reflejos","article_published_time":"2018-07-27T21:05:03+00:00","og_image":[{"url":"http:\/\/farm1.staticflickr.com\/849\/42775918865_5c51ed8250.jpg","type":"","width":"","height":""}],"author":"Arnaldo Botto","twitter_card":"summary_large_image","schema":{"@context":"https:\/\/schema.org","@graph":[{"@type":"WebPage","@id":"https:\/\/www.noticiasradioreflejos.com.ar\/2021\/la-provincia-dicto-la-conciliacion-obligatoria-y-adelanto-el-pago-de-sueldos\/","url":"https:\/\/www.noticiasradioreflejos.com.ar\/2021\/la-provincia-dicto-la-conciliacion-obligatoria-y-adelanto-el-pago-de-sueldos\/","name":"La Provincia dict\u00f3 la conciliaci\u00f3n obligatoria y adelant\u00f3 el pago de sueldos. - Noticias Radio Reflejos","isPartOf":{"@id":"https:\/\/www.noticiasradioreflejos.com.ar\/2021\/#website"},"primaryImageOfPage":{"@id":"https:\/\/www.noticiasradioreflejos.com.ar\/2021\/la-provincia-dicto-la-conciliacion-obligatoria-y-adelanto-el-pago-de-sueldos\/#primaryimage"},"image":{"@id":"https:\/\/www.noticiasradioreflejos.com.ar\/2021\/la-provincia-dicto-la-conciliacion-obligatoria-y-adelanto-el-pago-de-sueldos\/#primaryimage"},"thumbnailUrl":"http:\/\/farm1.staticflickr.com\/849\/42775918865_5c51ed8250.jpg","datePublished":"2018-07-27T21:05:03+00:00","author":{"@id":"https:\/\/www.noticiasradioreflejos.com.ar\/2021\/#\/schema\/person\/ad82545263dcc5ec0996818884fd5fb1"},"breadcrumb":{"@id":"https:\/\/www.noticiasradioreflejos.com.ar\/2021\/la-provincia-dicto-la-conciliacion-obligatoria-y-adelanto-el-pago-de-sueldos\/#breadcrumb"},"inLanguage":"es","potentialAction":[{"@type":"ReadAction","target":["https:\/\/www.noticiasradioreflejos.com.ar\/2021\/la-provincia-dicto-la-conciliacion-obligatoria-y-adelanto-el-pago-de-sueldos\/"]}]},{"@type":"ImageObject","inLanguage":"es","@id":"https:\/\/www.noticiasradioreflejos.com.ar\/2021\/la-provincia-dicto-la-conciliacion-obligatoria-y-adelanto-el-pago-de-sueldos\/#primaryimage","url":"http:\/\/farm1.staticflickr.com\/849\/42775918865_5c51ed8250.jpg","contentUrl":"http:\/\/farm1.staticflickr.com\/849\/42775918865_5c51ed8250.jpg"},{"@type":"BreadcrumbList","@id":"https:\/\/www.noticiasradioreflejos.com.ar\/2021\/la-provincia-dicto-la-conciliacion-obligatoria-y-adelanto-el-pago-de-sueldos\/#breadcrumb","itemListElement":[{"@type":"ListItem","position":1,"name":"Portada","item":"https:\/\/www.noticiasradioreflejos.com.ar\/2021\/"},{"@type":"ListItem","position":2,"name":"La Provincia dict\u00f3 la conciliaci\u00f3n obligatoria y adelant\u00f3 el pago de sueldos."}]},{"@type":"WebSite","@id":"https:\/\/www.noticiasradioreflejos.com.ar\/2021\/#website","url":"https:\/\/www.noticiasradioreflejos.com.ar\/2021\/","name":"Noticias Radio Reflejos","description":"Las noticias de mi comarca","potentialAction":[{"@type":"SearchAction","target":{"@type":"EntryPoint","urlTemplate":"https:\/\/www.noticiasradioreflejos.com.ar\/2021\/?s={search_term_string}"},"query-input":{"@type":"PropertyValueSpecification","valueRequired":true,"valueName":"search_term_string"}}],"inLanguage":"es"},{"@type":"Person","@id":"https:\/\/www.noticiasradioreflejos.com.ar\/2021\/#\/schema\/person\/ad82545263dcc5ec0996818884fd5fb1","name":"Arnaldo Botto","image":{"@type":"ImageObject","inLanguage":"es","@id":"https:\/\/www.noticiasradioreflejos.com.ar\/2021\/#\/schema\/person\/image\/","url":"https:\/\/secure.gravatar.com\/avatar\/55cb5e37c1efa326397366e6974cb338056df65cb50e7d64d1cf314e87504837?s=96&d=mm&r=g","contentUrl":"https:\/\/secure.gravatar.com\/avatar\/55cb5e37c1efa326397366e6974cb338056df65cb50e7d64d1cf314e87504837?s=96&d=mm&r=g","caption":"Arnaldo Botto"},"url":"https:\/\/www.noticiasradioreflejos.com.ar\/2021\/author\/arnaldo\/"}]}},"_links":{"self":[{"href":"https:\/\/www.noticiasradioreflejos.com.ar\/2021\/wp-json\/wp\/v2\/posts\/23626","targetHints":{"allow":["GET"]}}],"collection":[{"href":"https:\/\/www.noticiasradioreflejos.com.ar\/2021\/wp-json\/wp\/v2\/posts"}],"about":[{"href":"https:\/\/www.noticiasradioreflejos.com.ar\/2021\/wp-json\/wp\/v2\/types\/post"}],"author":[{"embeddable":true,"href":"https:\/\/www.noticiasradioreflejos.com.ar\/2021\/wp-json\/wp\/v2\/users\/3"}],"replies":[{"embeddable":true,"href":"https:\/\/www.noticiasradioreflejos.com.ar\/2021\/wp-json\/wp\/v2\/comments?post=23626"}],"version-history":[{"count":0,"href":"https:\/\/www.noticiasradioreflejos.com.ar\/2021\/wp-json\/wp\/v2\/posts\/23626\/revisions"}],"wp:attachment":[{"href":"https:\/\/www.noticiasradioreflejos.com.ar\/2021\/wp-json\/wp\/v2\/media?parent=23626"}],"wp:term":[{"taxonomy":"category","embeddable":true,"href":"https:\/\/www.noticiasradioreflejos.com.ar\/2021\/wp-json\/wp\/v2\/categories?post=23626"},{"taxonomy":"post_tag","embeddable":true,"href":"https:\/\/www.noticiasradioreflejos.com.ar\/2021\/wp-json\/wp\/v2\/tags?post=23626"}],"curies":[{"name":"wp","href":"https:\/\/api.w.org\/{rel}","templated":true}]}}