{"id":23620,"date":"2018-07-27T10:18:41","date_gmt":"2018-07-27T13:18:41","guid":{"rendered":"http:\/\/www.noticiasradioreflejos.com.ar\/noticias\/?p=23620"},"modified":"2018-07-27T10:18:41","modified_gmt":"2018-07-27T13:18:41","slug":"la-camara-de-comercio-y-turismo-de-villa-ventana-en-el-primer-encuentro-anual-para-el-desarrollo-del-comercio-y-los-servicios","status":"publish","type":"post","link":"https:\/\/www.noticiasradioreflejos.com.ar\/2021\/la-camara-de-comercio-y-turismo-de-villa-ventana-en-el-primer-encuentro-anual-para-el-desarrollo-del-comercio-y-los-servicios\/","title":{"rendered":"La C\u00e1mara de Comercio y Turismo de Villa Ventana en el Primer Encuentro Anual para el Desarrollo del Comercio y los Servicios"},"content":{"rendered":"<p><a title=\"ENCUENTRO CAC\" href=\"http:\/\/farm1.staticflickr.com\/846\/28783051297_4bb8c519e7.jpg\" rel=\"\"><img loading=\"lazy\" decoding=\"async\" class=\"alignleft\" style=\"float: left;\" title=\"ENCUENTRO CAC\" src=\"http:\/\/farm1.staticflickr.com\/846\/28783051297_4bb8c519e7.jpg\" alt=\"ENCUENTRO CAC\" width=\"375\" height=\"500\" \/><\/a>Invitada por la C\u00e1mara Argentina de Comercio y Servicios, nuestra Instituci\u00f3n, representada por su presidente Gabriela Garcia, particip\u00f3 el mi\u00e9rcoles 25 de julio de dicho Encuentro junto a m\u00e1s de doscientas C\u00e1maras de todo el pa\u00eds y pa\u00edses lim\u00edtrofes, en el Complejo Golden Center de Parque Norte en la ciudad de Buenos Aires. <!--more--><br \/>\nFormaron parte del Seminario oradores de primer nivel, como Eduardo Fidanza, Director de Poliarqu\u00eda; el economista Jos\u00e9 Fanelli, CEOs de Falabella.com, Mercado Libre y Google; el Director de la C\u00e1mara Argentina de Comercio Electr\u00f3nico, Alberto Calvo; Santiago Bilinkis, columnista de La Naci\u00f3n en temas de tecnolog\u00eda y emprende-turismo; el Secretario de Planificaci\u00f3n Territorial de la Naci\u00f3n Fernando \u00c1lvarez de Celis; Fernando Dozo de la Academia Argentina de Turismo; Emiliano Ezcurra, Vicepresidente de la Administraci\u00f3n de Parques Nacionales, y el Ministro de Turismo de la Naci\u00f3n Gustavo Santos, con el cierre del Ministro de Producci\u00f3n de la Naci\u00f3n, Dante Sica. Todos ellos abordaron temas relevantes para el comercio y los servicios y participaron de interesantes Mesas de Di\u00e1logo acerca de<br \/>\naspectos como Oportunidades del Mundo Digital; Innovar en la Agenda Institucional: Oportunidades en el actual contexto pol\u00edtico y econ\u00f3mico; El Desarrollo Local a partir de lo aut\u00e9ntico y natural: Oportunidades a partir de la conectividad a\u00e9rea y el turismo; La escala regional: su importancia para el desarrollo local; El mercado laboral actual y futuro, entre otros.<br \/>\nUna larga y fruct\u00edfera jornada para recabar informaci\u00f3n \u00fatil para el comercio en general y los servicios en particular, para pensar y repensar la Agenda Institucional, generar nuevos contactos e intensificar los ya existentes, para que Villa Ventana y la Comarca Serrana sigan resonando en sus o\u00eddos.<br \/>\nAgradecemos a la C\u00e1mara Argentina de Comercio y Servicios por esta oportunidad que resulta un est\u00edmulo para seguir trabajando a nivel<br \/>\ninstitucional en forma planificada y en pos del desarrollo sustentable de Villa Ventana.<br \/>\n<a title=\"ENCUENTRO CAC 2\" href=\"http:\/\/farm1.staticflickr.com\/842\/42768394375_b4f4ebe94c.jpg\" rel=\"\"><img loading=\"lazy\" decoding=\"async\" class=\"aligncenter\" title=\"ENCUENTRO CAC 2\" src=\"http:\/\/farm1.staticflickr.com\/842\/42768394375_b4f4ebe94c.jpg\" alt=\"ENCUENTRO CAC 2\" width=\"375\" height=\"500\" \/><\/a><br \/>\n<strong>Comisi\u00f3n Directiva<\/strong><br \/>\n<strong>C\u00e1mara de Comercio y Turismo de Villa Ventana<\/strong><\/p>\n","protected":false},"excerpt":{"rendered":"<p>Invitada por la C\u00e1mara Argentina de Comercio y Servicios, nuestra Instituci\u00f3n, representada por su presidente Gabriela Garcia, particip\u00f3 el mi\u00e9rcoles 25 de julio de dicho Encuentro junto a m\u00e1s de doscientas C\u00e1maras de todo el pa\u00eds y pa\u00edses lim\u00edtrofes, en el Complejo Golden Center de Parque Norte en la ciudad de Buenos Aires.<\/p>\n","protected":false},"author":3,"featured_media":0,"comment_status":"closed","ping_status":"open","sticky":false,"template":"","format":"standard","meta":{"footnotes":""},"categories":[33],"tags":[],"class_list":["post-23620","post","type-post","status-publish","format-standard","hentry","category-turismo"],"yoast_head":"<!-- This site is optimized with the Yoast SEO plugin v25.9 - https:\/\/yoast.com\/wordpress\/plugins\/seo\/ -->\n<title>La C\u00e1mara de Comercio y Turismo de Villa Ventana en el Primer Encuentro Anual para el Desarrollo del Comercio y los Servicios - Noticias Radio Reflejos<\/title>\n<meta name=\"robots\" content=\"index, follow, max-snippet:-1, max-image-preview:large, max-video-preview:-1\" \/>\n<link rel=\"canonical\" href=\"https:\/\/www.noticiasradioreflejos.com.ar\/2021\/la-camara-de-comercio-y-turismo-de-villa-ventana-en-el-primer-encuentro-anual-para-el-desarrollo-del-comercio-y-los-servicios\/\" \/>\n<meta property=\"og:locale\" content=\"es_ES\" \/>\n<meta property=\"og:type\" content=\"article\" \/>\n<meta property=\"og:title\" content=\"La C\u00e1mara de Comercio y Turismo de Villa Ventana en el Primer Encuentro Anual para el Desarrollo del Comercio y los Servicios - Noticias Radio Reflejos\" \/>\n<meta property=\"og:description\" content=\"Invitada por la C\u00e1mara Argentina de Comercio y Servicios, nuestra Instituci\u00f3n, representada por su presidente Gabriela Garcia, particip\u00f3 el mi\u00e9rcoles 25 de julio de dicho Encuentro junto a m\u00e1s de doscientas C\u00e1maras de todo el pa\u00eds y pa\u00edses lim\u00edtrofes, en el Complejo Golden Center de Parque Norte en la ciudad de Buenos Aires.\" \/>\n<meta property=\"og:url\" content=\"https:\/\/www.noticiasradioreflejos.com.ar\/2021\/la-camara-de-comercio-y-turismo-de-villa-ventana-en-el-primer-encuentro-anual-para-el-desarrollo-del-comercio-y-los-servicios\/\" \/>\n<meta property=\"og:site_name\" content=\"Noticias Radio Reflejos\" \/>\n<meta property=\"article:published_time\" content=\"2018-07-27T13:18:41+00:00\" \/>\n<meta property=\"og:image\" content=\"http:\/\/farm1.staticflickr.com\/846\/28783051297_4bb8c519e7.jpg\" \/>\n<meta name=\"author\" content=\"Arnaldo Botto\" \/>\n<meta name=\"twitter:card\" content=\"summary_large_image\" \/>\n<script type=\"application\/ld+json\" class=\"yoast-schema-graph\">{\"@context\":\"https:\/\/schema.org\",\"@graph\":[{\"@type\":\"WebPage\",\"@id\":\"https:\/\/www.noticiasradioreflejos.com.ar\/2021\/la-camara-de-comercio-y-turismo-de-villa-ventana-en-el-primer-encuentro-anual-para-el-desarrollo-del-comercio-y-los-servicios\/\",\"url\":\"https:\/\/www.noticiasradioreflejos.com.ar\/2021\/la-camara-de-comercio-y-turismo-de-villa-ventana-en-el-primer-encuentro-anual-para-el-desarrollo-del-comercio-y-los-servicios\/\",\"name\":\"La C\u00e1mara de Comercio y Turismo de Villa Ventana en el Primer Encuentro Anual para el Desarrollo del Comercio y los Servicios - Noticias Radio Reflejos\",\"isPartOf\":{\"@id\":\"https:\/\/www.noticiasradioreflejos.com.ar\/2021\/#website\"},\"primaryImageOfPage\":{\"@id\":\"https:\/\/www.noticiasradioreflejos.com.ar\/2021\/la-camara-de-comercio-y-turismo-de-villa-ventana-en-el-primer-encuentro-anual-para-el-desarrollo-del-comercio-y-los-servicios\/#primaryimage\"},\"image\":{\"@id\":\"https:\/\/www.noticiasradioreflejos.com.ar\/2021\/la-camara-de-comercio-y-turismo-de-villa-ventana-en-el-primer-encuentro-anual-para-el-desarrollo-del-comercio-y-los-servicios\/#primaryimage\"},\"thumbnailUrl\":\"http:\/\/farm1.staticflickr.com\/846\/28783051297_4bb8c519e7.jpg\",\"datePublished\":\"2018-07-27T13:18:41+00:00\",\"author\":{\"@id\":\"https:\/\/www.noticiasradioreflejos.com.ar\/2021\/#\/schema\/person\/ad82545263dcc5ec0996818884fd5fb1\"},\"breadcrumb\":{\"@id\":\"https:\/\/www.noticiasradioreflejos.com.ar\/2021\/la-camara-de-comercio-y-turismo-de-villa-ventana-en-el-primer-encuentro-anual-para-el-desarrollo-del-comercio-y-los-servicios\/#breadcrumb\"},\"inLanguage\":\"es\",\"potentialAction\":[{\"@type\":\"ReadAction\",\"target\":[\"https:\/\/www.noticiasradioreflejos.com.ar\/2021\/la-camara-de-comercio-y-turismo-de-villa-ventana-en-el-primer-encuentro-anual-para-el-desarrollo-del-comercio-y-los-servicios\/\"]}]},{\"@type\":\"ImageObject\",\"inLanguage\":\"es\",\"@id\":\"https:\/\/www.noticiasradioreflejos.com.ar\/2021\/la-camara-de-comercio-y-turismo-de-villa-ventana-en-el-primer-encuentro-anual-para-el-desarrollo-del-comercio-y-los-servicios\/#primaryimage\",\"url\":\"http:\/\/farm1.staticflickr.com\/846\/28783051297_4bb8c519e7.jpg\",\"contentUrl\":\"http:\/\/farm1.staticflickr.com\/846\/28783051297_4bb8c519e7.jpg\"},{\"@type\":\"BreadcrumbList\",\"@id\":\"https:\/\/www.noticiasradioreflejos.com.ar\/2021\/la-camara-de-comercio-y-turismo-de-villa-ventana-en-el-primer-encuentro-anual-para-el-desarrollo-del-comercio-y-los-servicios\/#breadcrumb\",\"itemListElement\":[{\"@type\":\"ListItem\",\"position\":1,\"name\":\"Portada\",\"item\":\"https:\/\/www.noticiasradioreflejos.com.ar\/2021\/\"},{\"@type\":\"ListItem\",\"position\":2,\"name\":\"La C\u00e1mara de Comercio y Turismo de Villa Ventana en el Primer Encuentro Anual para el Desarrollo del Comercio y los Servicios\"}]},{\"@type\":\"WebSite\",\"@id\":\"https:\/\/www.noticiasradioreflejos.com.ar\/2021\/#website\",\"url\":\"https:\/\/www.noticiasradioreflejos.com.ar\/2021\/\",\"name\":\"Noticias Radio Reflejos\",\"description\":\"Las noticias de mi comarca\",\"potentialAction\":[{\"@type\":\"SearchAction\",\"target\":{\"@type\":\"EntryPoint\",\"urlTemplate\":\"https:\/\/www.noticiasradioreflejos.com.ar\/2021\/?s={search_term_string}\"},\"query-input\":{\"@type\":\"PropertyValueSpecification\",\"valueRequired\":true,\"valueName\":\"search_term_string\"}}],\"inLanguage\":\"es\"},{\"@type\":\"Person\",\"@id\":\"https:\/\/www.noticiasradioreflejos.com.ar\/2021\/#\/schema\/person\/ad82545263dcc5ec0996818884fd5fb1\",\"name\":\"Arnaldo Botto\",\"image\":{\"@type\":\"ImageObject\",\"inLanguage\":\"es\",\"@id\":\"https:\/\/www.noticiasradioreflejos.com.ar\/2021\/#\/schema\/person\/image\/\",\"url\":\"https:\/\/secure.gravatar.com\/avatar\/55cb5e37c1efa326397366e6974cb338056df65cb50e7d64d1cf314e87504837?s=96&d=mm&r=g\",\"contentUrl\":\"https:\/\/secure.gravatar.com\/avatar\/55cb5e37c1efa326397366e6974cb338056df65cb50e7d64d1cf314e87504837?s=96&d=mm&r=g\",\"caption\":\"Arnaldo Botto\"},\"url\":\"https:\/\/www.noticiasradioreflejos.com.ar\/2021\/author\/arnaldo\/\"}]}<\/script>\n<!-- \/ Yoast SEO plugin. -->","yoast_head_json":{"title":"La C\u00e1mara de Comercio y Turismo de Villa Ventana en el Primer Encuentro Anual para el Desarrollo del Comercio y los Servicios - Noticias Radio Reflejos","robots":{"index":"index","follow":"follow","max-snippet":"max-snippet:-1","max-image-preview":"max-image-preview:large","max-video-preview":"max-video-preview:-1"},"canonical":"https:\/\/www.noticiasradioreflejos.com.ar\/2021\/la-camara-de-comercio-y-turismo-de-villa-ventana-en-el-primer-encuentro-anual-para-el-desarrollo-del-comercio-y-los-servicios\/","og_locale":"es_ES","og_type":"article","og_title":"La C\u00e1mara de Comercio y Turismo de Villa Ventana en el Primer Encuentro Anual para el Desarrollo del Comercio y los Servicios - Noticias Radio Reflejos","og_description":"Invitada por la C\u00e1mara Argentina de Comercio y Servicios, nuestra Instituci\u00f3n, representada por su presidente Gabriela Garcia, particip\u00f3 el mi\u00e9rcoles 25 de julio de dicho Encuentro junto a m\u00e1s de doscientas C\u00e1maras de todo el pa\u00eds y pa\u00edses lim\u00edtrofes, en el Complejo Golden Center de Parque Norte en la ciudad de Buenos Aires.","og_url":"https:\/\/www.noticiasradioreflejos.com.ar\/2021\/la-camara-de-comercio-y-turismo-de-villa-ventana-en-el-primer-encuentro-anual-para-el-desarrollo-del-comercio-y-los-servicios\/","og_site_name":"Noticias Radio Reflejos","article_published_time":"2018-07-27T13:18:41+00:00","og_image":[{"url":"http:\/\/farm1.staticflickr.com\/846\/28783051297_4bb8c519e7.jpg","type":"","width":"","height":""}],"author":"Arnaldo Botto","twitter_card":"summary_large_image","schema":{"@context":"https:\/\/schema.org","@graph":[{"@type":"WebPage","@id":"https:\/\/www.noticiasradioreflejos.com.ar\/2021\/la-camara-de-comercio-y-turismo-de-villa-ventana-en-el-primer-encuentro-anual-para-el-desarrollo-del-comercio-y-los-servicios\/","url":"https:\/\/www.noticiasradioreflejos.com.ar\/2021\/la-camara-de-comercio-y-turismo-de-villa-ventana-en-el-primer-encuentro-anual-para-el-desarrollo-del-comercio-y-los-servicios\/","name":"La C\u00e1mara de Comercio y Turismo de Villa Ventana en el Primer Encuentro Anual para el Desarrollo del Comercio y los Servicios - Noticias Radio Reflejos","isPartOf":{"@id":"https:\/\/www.noticiasradioreflejos.com.ar\/2021\/#website"},"primaryImageOfPage":{"@id":"https:\/\/www.noticiasradioreflejos.com.ar\/2021\/la-camara-de-comercio-y-turismo-de-villa-ventana-en-el-primer-encuentro-anual-para-el-desarrollo-del-comercio-y-los-servicios\/#primaryimage"},"image":{"@id":"https:\/\/www.noticiasradioreflejos.com.ar\/2021\/la-camara-de-comercio-y-turismo-de-villa-ventana-en-el-primer-encuentro-anual-para-el-desarrollo-del-comercio-y-los-servicios\/#primaryimage"},"thumbnailUrl":"http:\/\/farm1.staticflickr.com\/846\/28783051297_4bb8c519e7.jpg","datePublished":"2018-07-27T13:18:41+00:00","author":{"@id":"https:\/\/www.noticiasradioreflejos.com.ar\/2021\/#\/schema\/person\/ad82545263dcc5ec0996818884fd5fb1"},"breadcrumb":{"@id":"https:\/\/www.noticiasradioreflejos.com.ar\/2021\/la-camara-de-comercio-y-turismo-de-villa-ventana-en-el-primer-encuentro-anual-para-el-desarrollo-del-comercio-y-los-servicios\/#breadcrumb"},"inLanguage":"es","potentialAction":[{"@type":"ReadAction","target":["https:\/\/www.noticiasradioreflejos.com.ar\/2021\/la-camara-de-comercio-y-turismo-de-villa-ventana-en-el-primer-encuentro-anual-para-el-desarrollo-del-comercio-y-los-servicios\/"]}]},{"@type":"ImageObject","inLanguage":"es","@id":"https:\/\/www.noticiasradioreflejos.com.ar\/2021\/la-camara-de-comercio-y-turismo-de-villa-ventana-en-el-primer-encuentro-anual-para-el-desarrollo-del-comercio-y-los-servicios\/#primaryimage","url":"http:\/\/farm1.staticflickr.com\/846\/28783051297_4bb8c519e7.jpg","contentUrl":"http:\/\/farm1.staticflickr.com\/846\/28783051297_4bb8c519e7.jpg"},{"@type":"BreadcrumbList","@id":"https:\/\/www.noticiasradioreflejos.com.ar\/2021\/la-camara-de-comercio-y-turismo-de-villa-ventana-en-el-primer-encuentro-anual-para-el-desarrollo-del-comercio-y-los-servicios\/#breadcrumb","itemListElement":[{"@type":"ListItem","position":1,"name":"Portada","item":"https:\/\/www.noticiasradioreflejos.com.ar\/2021\/"},{"@type":"ListItem","position":2,"name":"La C\u00e1mara de Comercio y Turismo de Villa Ventana en el Primer Encuentro Anual para el Desarrollo del Comercio y los Servicios"}]},{"@type":"WebSite","@id":"https:\/\/www.noticiasradioreflejos.com.ar\/2021\/#website","url":"https:\/\/www.noticiasradioreflejos.com.ar\/2021\/","name":"Noticias Radio Reflejos","description":"Las noticias de mi comarca","potentialAction":[{"@type":"SearchAction","target":{"@type":"EntryPoint","urlTemplate":"https:\/\/www.noticiasradioreflejos.com.ar\/2021\/?s={search_term_string}"},"query-input":{"@type":"PropertyValueSpecification","valueRequired":true,"valueName":"search_term_string"}}],"inLanguage":"es"},{"@type":"Person","@id":"https:\/\/www.noticiasradioreflejos.com.ar\/2021\/#\/schema\/person\/ad82545263dcc5ec0996818884fd5fb1","name":"Arnaldo Botto","image":{"@type":"ImageObject","inLanguage":"es","@id":"https:\/\/www.noticiasradioreflejos.com.ar\/2021\/#\/schema\/person\/image\/","url":"https:\/\/secure.gravatar.com\/avatar\/55cb5e37c1efa326397366e6974cb338056df65cb50e7d64d1cf314e87504837?s=96&d=mm&r=g","contentUrl":"https:\/\/secure.gravatar.com\/avatar\/55cb5e37c1efa326397366e6974cb338056df65cb50e7d64d1cf314e87504837?s=96&d=mm&r=g","caption":"Arnaldo Botto"},"url":"https:\/\/www.noticiasradioreflejos.com.ar\/2021\/author\/arnaldo\/"}]}},"_links":{"self":[{"href":"https:\/\/www.noticiasradioreflejos.com.ar\/2021\/wp-json\/wp\/v2\/posts\/23620","targetHints":{"allow":["GET"]}}],"collection":[{"href":"https:\/\/www.noticiasradioreflejos.com.ar\/2021\/wp-json\/wp\/v2\/posts"}],"about":[{"href":"https:\/\/www.noticiasradioreflejos.com.ar\/2021\/wp-json\/wp\/v2\/types\/post"}],"author":[{"embeddable":true,"href":"https:\/\/www.noticiasradioreflejos.com.ar\/2021\/wp-json\/wp\/v2\/users\/3"}],"replies":[{"embeddable":true,"href":"https:\/\/www.noticiasradioreflejos.com.ar\/2021\/wp-json\/wp\/v2\/comments?post=23620"}],"version-history":[{"count":0,"href":"https:\/\/www.noticiasradioreflejos.com.ar\/2021\/wp-json\/wp\/v2\/posts\/23620\/revisions"}],"wp:attachment":[{"href":"https:\/\/www.noticiasradioreflejos.com.ar\/2021\/wp-json\/wp\/v2\/media?parent=23620"}],"wp:term":[{"taxonomy":"category","embeddable":true,"href":"https:\/\/www.noticiasradioreflejos.com.ar\/2021\/wp-json\/wp\/v2\/categories?post=23620"},{"taxonomy":"post_tag","embeddable":true,"href":"https:\/\/www.noticiasradioreflejos.com.ar\/2021\/wp-json\/wp\/v2\/tags?post=23620"}],"curies":[{"name":"wp","href":"https:\/\/api.w.org\/{rel}","templated":true}]}}