{"id":23600,"date":"2018-07-27T02:08:12","date_gmt":"2018-07-27T05:08:12","guid":{"rendered":"http:\/\/www.noticiasradioreflejos.com.ar\/noticias\/?p=23600"},"modified":"2018-07-27T02:08:12","modified_gmt":"2018-07-27T05:08:12","slug":"llego-abcdario-del-rock-con-nito-mestre","status":"publish","type":"post","link":"https:\/\/www.noticiasradioreflejos.com.ar\/2021\/llego-abcdario-del-rock-con-nito-mestre\/","title":{"rendered":"Lleg\u00f3 &quot;Abcdario del Rock&quot; con Nito Mestre"},"content":{"rendered":"<p><a title=\"nito mestre (1)\" href=\"http:\/\/farm1.staticflickr.com\/918\/43623274362_c3fa5d869d.jpg\" rel=\"\"><img loading=\"lazy\" decoding=\"async\" class=\"alignleft\" style=\"float: left;\" title=\"nito mestre (1)\" src=\"http:\/\/farm1.staticflickr.com\/918\/43623274362_c3fa5d869d.jpg\" alt=\"nito mestre (1)\" width=\"500\" height=\"375\" \/><\/a>La tarde del jueves ca\u00eda y el cielo se mostraba amenazante de lluvia tenue, apenas el sol ya se encontraba en su ocaso, poco a poco el centro cultural de nuestra comarca se fue colmando de gent\u00edo, gente de todas las edades, antiguos adolescentes, hoy ya padres de familia, ni\u00f1os, abuelos, matrimonios, fueron completando la sala y las sillas bien dispuestas se vieron escasas.<!--more--><br \/>\nYa entrada las 19 horas dan inicio a la velada musical un grupo formado en nuestra comarca quienes interpretaron canciones de distintos g\u00e9neros musicales, una banda formada a partir de un taller local y que demostr\u00f3 el grado de profesionalismo de cada uno de sus integrantes.<br \/>\nLuego de ello Ezequiel Gabella, Secretario de Gobierno, agradeci\u00f3 al publico presente por la concurrencia y compromiso ante el conv\u00edte cultural, dando lugar al diputado Emiliano Balbin quien acompa\u00f1a en su nueva etapa y proyect\u00f3 a NITO MESTRE, con el denominado \u201cABCdario del Rock\u201d en el cual rememora toda su historia de vida. As\u00ed, cerca de la hora 19:45 aparece en escena aquel que supo ser parte del comienzo de nuestra historia del Rock Nacional. Un tipo de mirada tranquila, noble y sabia, que se pierde mirando hacia atr\u00e1s pero que regresa en un instante con an\u00e9cdotas que desnudan al hombre detr\u00e1s del mito.<br \/>\nConserva aun esa cabellera rebelde que supo desafiar a un sistema represor durante los a\u00f1os mas oscuros de nuestro pa\u00eds, los a\u00f1os 70. Comenz\u00f3 recordando a su padre quien era medico y un violinista amateur, de all\u00ed su gusto por la m\u00fasica desde peque\u00f1o y a su madre de origen danes quien compon\u00eda poemas al portador. A la edad de 11 a\u00f1os pierde a su padre y junto a su madre y hermano menor se instalan definitivamente en Buenos Aires ya que pasaban gran parte all\u00ed y en la ciudad de Mar del Plata. Fue rondando durante la charla por distintas partes de su vida, recordando que su primer contacto con el escenario fue a los 6 a\u00f1os durante su etapa en la escuela primaria en la cual se inicia con el folklore.<br \/>\nApenas roza el colegio secundario tuvo su primer contacto con otra rama musical lo que lo motiv\u00f3 al rock al ver por primera vez en un cine una pel\u00edcula de The Beatles. Al d\u00eda siguiente desarm\u00f3 su banda de folklore y se volc\u00f3 al rock, formando as\u00ed su primer banda<br \/>\nEn el mismo colegio conoce a un tipo desgarbado, un poco raro seg\u00fan el describe y con quien se conect\u00f3 en forma instant\u00e1nea, all\u00ed comenzaba a gestarse aquella banda que cambio a la cultura del rock, hac\u00eda su aparici\u00f3n en su vida Charly Garcia. Entre su anecdotario recalc\u00f3 principalmente el sacrificio que tuvieron que hacer durante mucho tiempo para lograr grabar su primer disco y firmar su primer contrato ya que eran \u00e9pocas dif\u00edciles para dos muchachos como ellos.<br \/>\n\u201cPero los sue\u00f1os, si los so\u00f1as y los deseas con pasi\u00f3n se cumplen, sino f\u00edjense, so\u00f1aba con estar con Paul Mccartney y fue un sue\u00f1o recurrente, hasta que en el a\u00f1o 2009 tuve el placer de estar tres d\u00edas con \u00e9l y que \u00e9l me este observando cantar en mi propio escenario y hasta me llame colega. Fue un honor y jamas olvidare esos d\u00edas\u201d. Expres\u00f3.<br \/>\nAgradeci\u00f3 principalmente a su padres, cosa que recalc\u00f3 en varias oportunidades, la posibilidad que le dieron de elegir que hacer y que ser en la vida, y le dieron esa libertad. \u201cHoy me acompa\u00f1a en este proyecto Mariano Irigoyen quien en una especie de entrevista deja mostrarme desde adentro, desde mi g\u00e9nesis, de lo que estoy hecho\u201d.<br \/>\n\u201cMi etapa con Charly y el fin de Sui Generis fue por que ya est\u00e1bamos aburridos, cost\u00f3 mucho pero fue una decisi\u00f3n en conjunto\u201d. Se decidi\u00f3 entonces hacer adi\u00f3s Sui Generis. \u201cHicimos 2 Luna Park y recorrimos algunas ciudades, hasta que en uno de los viajes , quien transportaba nuestros instrumentos volc\u00f3 la combi volviendo del sur.<br \/>\nAll\u00ed nos quedamos sin nada, solo se salvo mi guitarra, entonces ah\u00ed fue el fin de la banda\u201d.<br \/>\nCont\u00f3 tambi\u00e9n parte de su historia con su peor enemigo, con el cual tuvo una lucha incesante al que batall\u00f3 y venci\u00f3, y que fuera el alcohol, al cual hace a\u00f1os ya tiene en el olvido. Cerca de las 22 finaliz\u00f3 la velada con baladas viejas y que nos transport\u00f3 hacia el pasado donde el fuego nos ve\u00eda adolescentes y con sue\u00f1os por cumplir.<\/p>\n<div class=\"jeg_video_container jeg_video_content\"><iframe loading=\"lazy\" title=\"Nito Mestre en Sierra de la Ventana ABC Diario Rock\" width=\"500\" height=\"281\" src=\"https:\/\/www.youtube.com\/embed\/9y_-Zp4zkHw?start=1&#038;feature=oembed\" frameborder=\"0\" allow=\"accelerometer; autoplay; clipboard-write; encrypted-media; gyroscope; picture-in-picture; web-share\" referrerpolicy=\"strict-origin-when-cross-origin\" allowfullscreen><\/iframe><\/div>\n<p><a title=\"mestre centro cultural2\" href=\"http:\/\/farm1.staticflickr.com\/928\/41857162210_8999f4581f_z.jpg\" rel=\"\"><img loading=\"lazy\" decoding=\"async\" class=\"aligncenter\" title=\"mestre centro cultural2\" src=\"http:\/\/farm1.staticflickr.com\/928\/41857162210_8999f4581f_z.jpg\" alt=\"mestre centro cultural2\" width=\"480\" height=\"640\" \/><\/a><br \/>\n<a title=\"mestre centro cultural3\" href=\"http:\/\/farm1.staticflickr.com\/940\/41857161920_6e52009c3a_z.jpg\" rel=\"\"><img loading=\"lazy\" decoding=\"async\" class=\"aligncenter\" title=\"mestre centro cultural3\" src=\"http:\/\/farm1.staticflickr.com\/940\/41857161920_6e52009c3a_z.jpg\" alt=\"mestre centro cultural3\" width=\"360\" height=\"640\" \/><\/a><br \/>\n<a title=\"mestre centro cultural4\" href=\"http:\/\/farm1.staticflickr.com\/845\/29795294088_002ae78274_z.jpg\" rel=\"\"><img loading=\"lazy\" decoding=\"async\" class=\"aligncenter\" title=\"mestre centro cultural4\" src=\"http:\/\/farm1.staticflickr.com\/845\/29795294088_002ae78274_z.jpg\" alt=\"mestre centro cultural4\" width=\"360\" height=\"640\" \/><\/a><br \/>\n<a title=\"mestre centro cultural5\" href=\"http:\/\/farm1.staticflickr.com\/929\/41857161660_70cefb8370_z.jpg\" rel=\"\"><img loading=\"lazy\" decoding=\"async\" class=\"aligncenter\" title=\"mestre centro cultural5\" src=\"http:\/\/farm1.staticflickr.com\/929\/41857161660_70cefb8370_z.jpg\" alt=\"mestre centro cultural5\" width=\"360\" height=\"640\" \/><\/a><\/p>\n","protected":false},"excerpt":{"rendered":"<p>La tarde del jueves ca\u00eda y el cielo se mostraba amenazante de lluvia tenue, apenas el sol ya se encontraba en su ocaso, poco a poco el centro cultural de nuestra comarca se fue colmando de gent\u00edo, gente de todas las edades, antiguos adolescentes, hoy ya padres de familia, ni\u00f1os, abuelos, matrimonios, fueron completando la [&hellip;]<\/p>\n","protected":false},"author":3,"featured_media":0,"comment_status":"closed","ping_status":"open","sticky":false,"template":"","format":"standard","meta":{"footnotes":""},"categories":[35],"tags":[],"class_list":["post-23600","post","type-post","status-publish","format-standard","hentry","category-cultura"],"yoast_head":"<!-- This site is optimized with the Yoast SEO plugin v25.9 - https:\/\/yoast.com\/wordpress\/plugins\/seo\/ -->\n<title>Lleg\u00f3 &quot;Abcdario del Rock&quot; con Nito Mestre - Noticias Radio Reflejos<\/title>\n<meta name=\"robots\" content=\"index, follow, max-snippet:-1, max-image-preview:large, max-video-preview:-1\" \/>\n<link rel=\"canonical\" href=\"https:\/\/www.noticiasradioreflejos.com.ar\/2021\/llego-abcdario-del-rock-con-nito-mestre\/\" \/>\n<meta property=\"og:locale\" content=\"es_ES\" \/>\n<meta property=\"og:type\" content=\"article\" \/>\n<meta property=\"og:title\" content=\"Lleg\u00f3 &quot;Abcdario del Rock&quot; con Nito Mestre - Noticias Radio Reflejos\" \/>\n<meta property=\"og:description\" content=\"La tarde del jueves ca\u00eda y el cielo se mostraba amenazante de lluvia tenue, apenas el sol ya se encontraba en su ocaso, poco a poco el centro cultural de nuestra comarca se fue colmando de gent\u00edo, gente de todas las edades, antiguos adolescentes, hoy ya padres de familia, ni\u00f1os, abuelos, matrimonios, fueron completando la [&hellip;]\" \/>\n<meta property=\"og:url\" content=\"https:\/\/www.noticiasradioreflejos.com.ar\/2021\/llego-abcdario-del-rock-con-nito-mestre\/\" \/>\n<meta property=\"og:site_name\" content=\"Noticias Radio Reflejos\" \/>\n<meta property=\"article:published_time\" content=\"2018-07-27T05:08:12+00:00\" \/>\n<meta property=\"og:image\" content=\"http:\/\/farm1.staticflickr.com\/918\/43623274362_c3fa5d869d.jpg\" \/>\n<meta name=\"author\" content=\"Arnaldo Botto\" \/>\n<meta name=\"twitter:card\" content=\"summary_large_image\" \/>\n<script type=\"application\/ld+json\" class=\"yoast-schema-graph\">{\"@context\":\"https:\/\/schema.org\",\"@graph\":[{\"@type\":\"WebPage\",\"@id\":\"https:\/\/www.noticiasradioreflejos.com.ar\/2021\/llego-abcdario-del-rock-con-nito-mestre\/\",\"url\":\"https:\/\/www.noticiasradioreflejos.com.ar\/2021\/llego-abcdario-del-rock-con-nito-mestre\/\",\"name\":\"Lleg\u00f3 &quot;Abcdario del Rock&quot; con Nito Mestre - Noticias Radio Reflejos\",\"isPartOf\":{\"@id\":\"https:\/\/www.noticiasradioreflejos.com.ar\/2021\/#website\"},\"primaryImageOfPage\":{\"@id\":\"https:\/\/www.noticiasradioreflejos.com.ar\/2021\/llego-abcdario-del-rock-con-nito-mestre\/#primaryimage\"},\"image\":{\"@id\":\"https:\/\/www.noticiasradioreflejos.com.ar\/2021\/llego-abcdario-del-rock-con-nito-mestre\/#primaryimage\"},\"thumbnailUrl\":\"http:\/\/farm1.staticflickr.com\/918\/43623274362_c3fa5d869d.jpg\",\"datePublished\":\"2018-07-27T05:08:12+00:00\",\"author\":{\"@id\":\"https:\/\/www.noticiasradioreflejos.com.ar\/2021\/#\/schema\/person\/ad82545263dcc5ec0996818884fd5fb1\"},\"breadcrumb\":{\"@id\":\"https:\/\/www.noticiasradioreflejos.com.ar\/2021\/llego-abcdario-del-rock-con-nito-mestre\/#breadcrumb\"},\"inLanguage\":\"es\",\"potentialAction\":[{\"@type\":\"ReadAction\",\"target\":[\"https:\/\/www.noticiasradioreflejos.com.ar\/2021\/llego-abcdario-del-rock-con-nito-mestre\/\"]}]},{\"@type\":\"ImageObject\",\"inLanguage\":\"es\",\"@id\":\"https:\/\/www.noticiasradioreflejos.com.ar\/2021\/llego-abcdario-del-rock-con-nito-mestre\/#primaryimage\",\"url\":\"http:\/\/farm1.staticflickr.com\/918\/43623274362_c3fa5d869d.jpg\",\"contentUrl\":\"http:\/\/farm1.staticflickr.com\/918\/43623274362_c3fa5d869d.jpg\"},{\"@type\":\"BreadcrumbList\",\"@id\":\"https:\/\/www.noticiasradioreflejos.com.ar\/2021\/llego-abcdario-del-rock-con-nito-mestre\/#breadcrumb\",\"itemListElement\":[{\"@type\":\"ListItem\",\"position\":1,\"name\":\"Portada\",\"item\":\"https:\/\/www.noticiasradioreflejos.com.ar\/2021\/\"},{\"@type\":\"ListItem\",\"position\":2,\"name\":\"Lleg\u00f3 &quot;Abcdario del Rock&quot; con Nito Mestre\"}]},{\"@type\":\"WebSite\",\"@id\":\"https:\/\/www.noticiasradioreflejos.com.ar\/2021\/#website\",\"url\":\"https:\/\/www.noticiasradioreflejos.com.ar\/2021\/\",\"name\":\"Noticias Radio Reflejos\",\"description\":\"Las noticias de mi comarca\",\"potentialAction\":[{\"@type\":\"SearchAction\",\"target\":{\"@type\":\"EntryPoint\",\"urlTemplate\":\"https:\/\/www.noticiasradioreflejos.com.ar\/2021\/?s={search_term_string}\"},\"query-input\":{\"@type\":\"PropertyValueSpecification\",\"valueRequired\":true,\"valueName\":\"search_term_string\"}}],\"inLanguage\":\"es\"},{\"@type\":\"Person\",\"@id\":\"https:\/\/www.noticiasradioreflejos.com.ar\/2021\/#\/schema\/person\/ad82545263dcc5ec0996818884fd5fb1\",\"name\":\"Arnaldo Botto\",\"image\":{\"@type\":\"ImageObject\",\"inLanguage\":\"es\",\"@id\":\"https:\/\/www.noticiasradioreflejos.com.ar\/2021\/#\/schema\/person\/image\/\",\"url\":\"https:\/\/secure.gravatar.com\/avatar\/55cb5e37c1efa326397366e6974cb338056df65cb50e7d64d1cf314e87504837?s=96&d=mm&r=g\",\"contentUrl\":\"https:\/\/secure.gravatar.com\/avatar\/55cb5e37c1efa326397366e6974cb338056df65cb50e7d64d1cf314e87504837?s=96&d=mm&r=g\",\"caption\":\"Arnaldo Botto\"},\"url\":\"https:\/\/www.noticiasradioreflejos.com.ar\/2021\/author\/arnaldo\/\"}]}<\/script>\n<!-- \/ Yoast SEO plugin. -->","yoast_head_json":{"title":"Lleg\u00f3 &quot;Abcdario del Rock&quot; con Nito Mestre - Noticias Radio Reflejos","robots":{"index":"index","follow":"follow","max-snippet":"max-snippet:-1","max-image-preview":"max-image-preview:large","max-video-preview":"max-video-preview:-1"},"canonical":"https:\/\/www.noticiasradioreflejos.com.ar\/2021\/llego-abcdario-del-rock-con-nito-mestre\/","og_locale":"es_ES","og_type":"article","og_title":"Lleg\u00f3 &quot;Abcdario del Rock&quot; con Nito Mestre - Noticias Radio Reflejos","og_description":"La tarde del jueves ca\u00eda y el cielo se mostraba amenazante de lluvia tenue, apenas el sol ya se encontraba en su ocaso, poco a poco el centro cultural de nuestra comarca se fue colmando de gent\u00edo, gente de todas las edades, antiguos adolescentes, hoy ya padres de familia, ni\u00f1os, abuelos, matrimonios, fueron completando la [&hellip;]","og_url":"https:\/\/www.noticiasradioreflejos.com.ar\/2021\/llego-abcdario-del-rock-con-nito-mestre\/","og_site_name":"Noticias Radio Reflejos","article_published_time":"2018-07-27T05:08:12+00:00","og_image":[{"url":"http:\/\/farm1.staticflickr.com\/918\/43623274362_c3fa5d869d.jpg","type":"","width":"","height":""}],"author":"Arnaldo Botto","twitter_card":"summary_large_image","schema":{"@context":"https:\/\/schema.org","@graph":[{"@type":"WebPage","@id":"https:\/\/www.noticiasradioreflejos.com.ar\/2021\/llego-abcdario-del-rock-con-nito-mestre\/","url":"https:\/\/www.noticiasradioreflejos.com.ar\/2021\/llego-abcdario-del-rock-con-nito-mestre\/","name":"Lleg\u00f3 &quot;Abcdario del Rock&quot; con Nito Mestre - Noticias Radio Reflejos","isPartOf":{"@id":"https:\/\/www.noticiasradioreflejos.com.ar\/2021\/#website"},"primaryImageOfPage":{"@id":"https:\/\/www.noticiasradioreflejos.com.ar\/2021\/llego-abcdario-del-rock-con-nito-mestre\/#primaryimage"},"image":{"@id":"https:\/\/www.noticiasradioreflejos.com.ar\/2021\/llego-abcdario-del-rock-con-nito-mestre\/#primaryimage"},"thumbnailUrl":"http:\/\/farm1.staticflickr.com\/918\/43623274362_c3fa5d869d.jpg","datePublished":"2018-07-27T05:08:12+00:00","author":{"@id":"https:\/\/www.noticiasradioreflejos.com.ar\/2021\/#\/schema\/person\/ad82545263dcc5ec0996818884fd5fb1"},"breadcrumb":{"@id":"https:\/\/www.noticiasradioreflejos.com.ar\/2021\/llego-abcdario-del-rock-con-nito-mestre\/#breadcrumb"},"inLanguage":"es","potentialAction":[{"@type":"ReadAction","target":["https:\/\/www.noticiasradioreflejos.com.ar\/2021\/llego-abcdario-del-rock-con-nito-mestre\/"]}]},{"@type":"ImageObject","inLanguage":"es","@id":"https:\/\/www.noticiasradioreflejos.com.ar\/2021\/llego-abcdario-del-rock-con-nito-mestre\/#primaryimage","url":"http:\/\/farm1.staticflickr.com\/918\/43623274362_c3fa5d869d.jpg","contentUrl":"http:\/\/farm1.staticflickr.com\/918\/43623274362_c3fa5d869d.jpg"},{"@type":"BreadcrumbList","@id":"https:\/\/www.noticiasradioreflejos.com.ar\/2021\/llego-abcdario-del-rock-con-nito-mestre\/#breadcrumb","itemListElement":[{"@type":"ListItem","position":1,"name":"Portada","item":"https:\/\/www.noticiasradioreflejos.com.ar\/2021\/"},{"@type":"ListItem","position":2,"name":"Lleg\u00f3 &quot;Abcdario del Rock&quot; con Nito Mestre"}]},{"@type":"WebSite","@id":"https:\/\/www.noticiasradioreflejos.com.ar\/2021\/#website","url":"https:\/\/www.noticiasradioreflejos.com.ar\/2021\/","name":"Noticias Radio Reflejos","description":"Las noticias de mi comarca","potentialAction":[{"@type":"SearchAction","target":{"@type":"EntryPoint","urlTemplate":"https:\/\/www.noticiasradioreflejos.com.ar\/2021\/?s={search_term_string}"},"query-input":{"@type":"PropertyValueSpecification","valueRequired":true,"valueName":"search_term_string"}}],"inLanguage":"es"},{"@type":"Person","@id":"https:\/\/www.noticiasradioreflejos.com.ar\/2021\/#\/schema\/person\/ad82545263dcc5ec0996818884fd5fb1","name":"Arnaldo Botto","image":{"@type":"ImageObject","inLanguage":"es","@id":"https:\/\/www.noticiasradioreflejos.com.ar\/2021\/#\/schema\/person\/image\/","url":"https:\/\/secure.gravatar.com\/avatar\/55cb5e37c1efa326397366e6974cb338056df65cb50e7d64d1cf314e87504837?s=96&d=mm&r=g","contentUrl":"https:\/\/secure.gravatar.com\/avatar\/55cb5e37c1efa326397366e6974cb338056df65cb50e7d64d1cf314e87504837?s=96&d=mm&r=g","caption":"Arnaldo Botto"},"url":"https:\/\/www.noticiasradioreflejos.com.ar\/2021\/author\/arnaldo\/"}]}},"_links":{"self":[{"href":"https:\/\/www.noticiasradioreflejos.com.ar\/2021\/wp-json\/wp\/v2\/posts\/23600","targetHints":{"allow":["GET"]}}],"collection":[{"href":"https:\/\/www.noticiasradioreflejos.com.ar\/2021\/wp-json\/wp\/v2\/posts"}],"about":[{"href":"https:\/\/www.noticiasradioreflejos.com.ar\/2021\/wp-json\/wp\/v2\/types\/post"}],"author":[{"embeddable":true,"href":"https:\/\/www.noticiasradioreflejos.com.ar\/2021\/wp-json\/wp\/v2\/users\/3"}],"replies":[{"embeddable":true,"href":"https:\/\/www.noticiasradioreflejos.com.ar\/2021\/wp-json\/wp\/v2\/comments?post=23600"}],"version-history":[{"count":0,"href":"https:\/\/www.noticiasradioreflejos.com.ar\/2021\/wp-json\/wp\/v2\/posts\/23600\/revisions"}],"wp:attachment":[{"href":"https:\/\/www.noticiasradioreflejos.com.ar\/2021\/wp-json\/wp\/v2\/media?parent=23600"}],"wp:term":[{"taxonomy":"category","embeddable":true,"href":"https:\/\/www.noticiasradioreflejos.com.ar\/2021\/wp-json\/wp\/v2\/categories?post=23600"},{"taxonomy":"post_tag","embeddable":true,"href":"https:\/\/www.noticiasradioreflejos.com.ar\/2021\/wp-json\/wp\/v2\/tags?post=23600"}],"curies":[{"name":"wp","href":"https:\/\/api.w.org\/{rel}","templated":true}]}}