{"id":23597,"date":"2018-07-27T00:30:05","date_gmt":"2018-07-27T03:30:05","guid":{"rendered":"http:\/\/www.noticiasradioreflejos.com.ar\/noticias\/?p=23597"},"modified":"2018-07-27T00:30:05","modified_gmt":"2018-07-27T03:30:05","slug":"bordoni-recibio-a-nito-mestre","status":"publish","type":"post","link":"https:\/\/www.noticiasradioreflejos.com.ar\/2021\/bordoni-recibio-a-nito-mestre\/","title":{"rendered":"Bordoni recibi\u00f3 a Nito Mestre"},"content":{"rendered":"<div>En el d\u00eda de ayer, el m\u00fasico Nito Mestre fue recibido por el jefe comunal Sergio Bordoni en el palacio municipal donde conversaron sobre la charla que dar\u00e1 el artista hoy en el Centro Cultural de Sierra de la Ventana a las 19hs.<\/div>\n<p><!--more--><\/p>\n<div>\u00abABCdario del Rock\u00bb, es una recorrida sobre la vida de Nito Mestre, donde se tocan temas de actualidad, pol\u00edticos e<\/div>\n<div>hist\u00f3ricos.<\/div>\n<p><a href=\"http:\/\/farm1.staticflickr.com\/848\/28776005017_6fb5154c39_z.jpg\" title=\"bordoni mestre2\" rel=\"\"><img loading=\"lazy\" decoding=\"async\" src=\"http:\/\/farm1.staticflickr.com\/848\/28776005017_6fb5154c39_z.jpg\" width=\"622\" height=\"622\" alt=\"bordoni mestre2\" title=\"bordoni mestre2\" class=\"aligncenter\"><\/a><\/p>\n","protected":false},"excerpt":{"rendered":"<p>En el d\u00eda de ayer, el m\u00fasico Nito Mestre fue recibido por el jefe comunal Sergio Bordoni en el palacio municipal donde conversaron sobre la charla que dar\u00e1 el artista hoy en el Centro Cultural de Sierra de la Ventana a las 19hs.<\/p>\n","protected":false},"author":3,"featured_media":0,"comment_status":"closed","ping_status":"open","sticky":false,"template":"","format":"standard","meta":{"footnotes":""},"categories":[35],"tags":[],"class_list":["post-23597","post","type-post","status-publish","format-standard","hentry","category-cultura"],"yoast_head":"<!-- This site is optimized with the Yoast SEO plugin v25.9 - https:\/\/yoast.com\/wordpress\/plugins\/seo\/ -->\n<title>Bordoni recibi\u00f3 a Nito Mestre - Noticias Radio Reflejos<\/title>\n<meta name=\"robots\" content=\"index, follow, max-snippet:-1, max-image-preview:large, max-video-preview:-1\" \/>\n<link rel=\"canonical\" href=\"https:\/\/www.noticiasradioreflejos.com.ar\/2021\/bordoni-recibio-a-nito-mestre\/\" \/>\n<meta property=\"og:locale\" content=\"es_ES\" \/>\n<meta property=\"og:type\" content=\"article\" \/>\n<meta property=\"og:title\" content=\"Bordoni recibi\u00f3 a Nito Mestre - Noticias Radio Reflejos\" \/>\n<meta property=\"og:description\" content=\"En el d\u00eda de ayer, el m\u00fasico Nito Mestre fue recibido por el jefe comunal Sergio Bordoni en el palacio municipal donde conversaron sobre la charla que dar\u00e1 el artista hoy en el Centro Cultural de Sierra de la Ventana a las 19hs.\" \/>\n<meta property=\"og:url\" content=\"https:\/\/www.noticiasradioreflejos.com.ar\/2021\/bordoni-recibio-a-nito-mestre\/\" \/>\n<meta property=\"og:site_name\" content=\"Noticias Radio Reflejos\" \/>\n<meta property=\"article:published_time\" content=\"2018-07-27T03:30:05+00:00\" \/>\n<meta property=\"og:image\" content=\"http:\/\/farm1.staticflickr.com\/848\/28776005017_6fb5154c39_z.jpg\" \/>\n<meta name=\"author\" content=\"Arnaldo Botto\" \/>\n<meta name=\"twitter:card\" content=\"summary_large_image\" \/>\n<script type=\"application\/ld+json\" class=\"yoast-schema-graph\">{\"@context\":\"https:\/\/schema.org\",\"@graph\":[{\"@type\":\"WebPage\",\"@id\":\"https:\/\/www.noticiasradioreflejos.com.ar\/2021\/bordoni-recibio-a-nito-mestre\/\",\"url\":\"https:\/\/www.noticiasradioreflejos.com.ar\/2021\/bordoni-recibio-a-nito-mestre\/\",\"name\":\"Bordoni recibi\u00f3 a Nito Mestre - Noticias Radio Reflejos\",\"isPartOf\":{\"@id\":\"https:\/\/www.noticiasradioreflejos.com.ar\/2021\/#website\"},\"primaryImageOfPage\":{\"@id\":\"https:\/\/www.noticiasradioreflejos.com.ar\/2021\/bordoni-recibio-a-nito-mestre\/#primaryimage\"},\"image\":{\"@id\":\"https:\/\/www.noticiasradioreflejos.com.ar\/2021\/bordoni-recibio-a-nito-mestre\/#primaryimage\"},\"thumbnailUrl\":\"http:\/\/farm1.staticflickr.com\/848\/28776005017_6fb5154c39_z.jpg\",\"datePublished\":\"2018-07-27T03:30:05+00:00\",\"author\":{\"@id\":\"https:\/\/www.noticiasradioreflejos.com.ar\/2021\/#\/schema\/person\/ad82545263dcc5ec0996818884fd5fb1\"},\"breadcrumb\":{\"@id\":\"https:\/\/www.noticiasradioreflejos.com.ar\/2021\/bordoni-recibio-a-nito-mestre\/#breadcrumb\"},\"inLanguage\":\"es\",\"potentialAction\":[{\"@type\":\"ReadAction\",\"target\":[\"https:\/\/www.noticiasradioreflejos.com.ar\/2021\/bordoni-recibio-a-nito-mestre\/\"]}]},{\"@type\":\"ImageObject\",\"inLanguage\":\"es\",\"@id\":\"https:\/\/www.noticiasradioreflejos.com.ar\/2021\/bordoni-recibio-a-nito-mestre\/#primaryimage\",\"url\":\"http:\/\/farm1.staticflickr.com\/848\/28776005017_6fb5154c39_z.jpg\",\"contentUrl\":\"http:\/\/farm1.staticflickr.com\/848\/28776005017_6fb5154c39_z.jpg\"},{\"@type\":\"BreadcrumbList\",\"@id\":\"https:\/\/www.noticiasradioreflejos.com.ar\/2021\/bordoni-recibio-a-nito-mestre\/#breadcrumb\",\"itemListElement\":[{\"@type\":\"ListItem\",\"position\":1,\"name\":\"Portada\",\"item\":\"https:\/\/www.noticiasradioreflejos.com.ar\/2021\/\"},{\"@type\":\"ListItem\",\"position\":2,\"name\":\"Bordoni recibi\u00f3 a Nito Mestre\"}]},{\"@type\":\"WebSite\",\"@id\":\"https:\/\/www.noticiasradioreflejos.com.ar\/2021\/#website\",\"url\":\"https:\/\/www.noticiasradioreflejos.com.ar\/2021\/\",\"name\":\"Noticias Radio Reflejos\",\"description\":\"Las noticias de mi comarca\",\"potentialAction\":[{\"@type\":\"SearchAction\",\"target\":{\"@type\":\"EntryPoint\",\"urlTemplate\":\"https:\/\/www.noticiasradioreflejos.com.ar\/2021\/?s={search_term_string}\"},\"query-input\":{\"@type\":\"PropertyValueSpecification\",\"valueRequired\":true,\"valueName\":\"search_term_string\"}}],\"inLanguage\":\"es\"},{\"@type\":\"Person\",\"@id\":\"https:\/\/www.noticiasradioreflejos.com.ar\/2021\/#\/schema\/person\/ad82545263dcc5ec0996818884fd5fb1\",\"name\":\"Arnaldo Botto\",\"image\":{\"@type\":\"ImageObject\",\"inLanguage\":\"es\",\"@id\":\"https:\/\/www.noticiasradioreflejos.com.ar\/2021\/#\/schema\/person\/image\/\",\"url\":\"https:\/\/secure.gravatar.com\/avatar\/55cb5e37c1efa326397366e6974cb338056df65cb50e7d64d1cf314e87504837?s=96&d=mm&r=g\",\"contentUrl\":\"https:\/\/secure.gravatar.com\/avatar\/55cb5e37c1efa326397366e6974cb338056df65cb50e7d64d1cf314e87504837?s=96&d=mm&r=g\",\"caption\":\"Arnaldo Botto\"},\"url\":\"https:\/\/www.noticiasradioreflejos.com.ar\/2021\/author\/arnaldo\/\"}]}<\/script>\n<!-- \/ Yoast SEO plugin. -->","yoast_head_json":{"title":"Bordoni recibi\u00f3 a Nito Mestre - Noticias Radio Reflejos","robots":{"index":"index","follow":"follow","max-snippet":"max-snippet:-1","max-image-preview":"max-image-preview:large","max-video-preview":"max-video-preview:-1"},"canonical":"https:\/\/www.noticiasradioreflejos.com.ar\/2021\/bordoni-recibio-a-nito-mestre\/","og_locale":"es_ES","og_type":"article","og_title":"Bordoni recibi\u00f3 a Nito Mestre - Noticias Radio Reflejos","og_description":"En el d\u00eda de ayer, el m\u00fasico Nito Mestre fue recibido por el jefe comunal Sergio Bordoni en el palacio municipal donde conversaron sobre la charla que dar\u00e1 el artista hoy en el Centro Cultural de Sierra de la Ventana a las 19hs.","og_url":"https:\/\/www.noticiasradioreflejos.com.ar\/2021\/bordoni-recibio-a-nito-mestre\/","og_site_name":"Noticias Radio Reflejos","article_published_time":"2018-07-27T03:30:05+00:00","og_image":[{"url":"http:\/\/farm1.staticflickr.com\/848\/28776005017_6fb5154c39_z.jpg","type":"","width":"","height":""}],"author":"Arnaldo Botto","twitter_card":"summary_large_image","schema":{"@context":"https:\/\/schema.org","@graph":[{"@type":"WebPage","@id":"https:\/\/www.noticiasradioreflejos.com.ar\/2021\/bordoni-recibio-a-nito-mestre\/","url":"https:\/\/www.noticiasradioreflejos.com.ar\/2021\/bordoni-recibio-a-nito-mestre\/","name":"Bordoni recibi\u00f3 a Nito Mestre - Noticias Radio Reflejos","isPartOf":{"@id":"https:\/\/www.noticiasradioreflejos.com.ar\/2021\/#website"},"primaryImageOfPage":{"@id":"https:\/\/www.noticiasradioreflejos.com.ar\/2021\/bordoni-recibio-a-nito-mestre\/#primaryimage"},"image":{"@id":"https:\/\/www.noticiasradioreflejos.com.ar\/2021\/bordoni-recibio-a-nito-mestre\/#primaryimage"},"thumbnailUrl":"http:\/\/farm1.staticflickr.com\/848\/28776005017_6fb5154c39_z.jpg","datePublished":"2018-07-27T03:30:05+00:00","author":{"@id":"https:\/\/www.noticiasradioreflejos.com.ar\/2021\/#\/schema\/person\/ad82545263dcc5ec0996818884fd5fb1"},"breadcrumb":{"@id":"https:\/\/www.noticiasradioreflejos.com.ar\/2021\/bordoni-recibio-a-nito-mestre\/#breadcrumb"},"inLanguage":"es","potentialAction":[{"@type":"ReadAction","target":["https:\/\/www.noticiasradioreflejos.com.ar\/2021\/bordoni-recibio-a-nito-mestre\/"]}]},{"@type":"ImageObject","inLanguage":"es","@id":"https:\/\/www.noticiasradioreflejos.com.ar\/2021\/bordoni-recibio-a-nito-mestre\/#primaryimage","url":"http:\/\/farm1.staticflickr.com\/848\/28776005017_6fb5154c39_z.jpg","contentUrl":"http:\/\/farm1.staticflickr.com\/848\/28776005017_6fb5154c39_z.jpg"},{"@type":"BreadcrumbList","@id":"https:\/\/www.noticiasradioreflejos.com.ar\/2021\/bordoni-recibio-a-nito-mestre\/#breadcrumb","itemListElement":[{"@type":"ListItem","position":1,"name":"Portada","item":"https:\/\/www.noticiasradioreflejos.com.ar\/2021\/"},{"@type":"ListItem","position":2,"name":"Bordoni recibi\u00f3 a Nito Mestre"}]},{"@type":"WebSite","@id":"https:\/\/www.noticiasradioreflejos.com.ar\/2021\/#website","url":"https:\/\/www.noticiasradioreflejos.com.ar\/2021\/","name":"Noticias Radio Reflejos","description":"Las noticias de mi comarca","potentialAction":[{"@type":"SearchAction","target":{"@type":"EntryPoint","urlTemplate":"https:\/\/www.noticiasradioreflejos.com.ar\/2021\/?s={search_term_string}"},"query-input":{"@type":"PropertyValueSpecification","valueRequired":true,"valueName":"search_term_string"}}],"inLanguage":"es"},{"@type":"Person","@id":"https:\/\/www.noticiasradioreflejos.com.ar\/2021\/#\/schema\/person\/ad82545263dcc5ec0996818884fd5fb1","name":"Arnaldo Botto","image":{"@type":"ImageObject","inLanguage":"es","@id":"https:\/\/www.noticiasradioreflejos.com.ar\/2021\/#\/schema\/person\/image\/","url":"https:\/\/secure.gravatar.com\/avatar\/55cb5e37c1efa326397366e6974cb338056df65cb50e7d64d1cf314e87504837?s=96&d=mm&r=g","contentUrl":"https:\/\/secure.gravatar.com\/avatar\/55cb5e37c1efa326397366e6974cb338056df65cb50e7d64d1cf314e87504837?s=96&d=mm&r=g","caption":"Arnaldo Botto"},"url":"https:\/\/www.noticiasradioreflejos.com.ar\/2021\/author\/arnaldo\/"}]}},"_links":{"self":[{"href":"https:\/\/www.noticiasradioreflejos.com.ar\/2021\/wp-json\/wp\/v2\/posts\/23597","targetHints":{"allow":["GET"]}}],"collection":[{"href":"https:\/\/www.noticiasradioreflejos.com.ar\/2021\/wp-json\/wp\/v2\/posts"}],"about":[{"href":"https:\/\/www.noticiasradioreflejos.com.ar\/2021\/wp-json\/wp\/v2\/types\/post"}],"author":[{"embeddable":true,"href":"https:\/\/www.noticiasradioreflejos.com.ar\/2021\/wp-json\/wp\/v2\/users\/3"}],"replies":[{"embeddable":true,"href":"https:\/\/www.noticiasradioreflejos.com.ar\/2021\/wp-json\/wp\/v2\/comments?post=23597"}],"version-history":[{"count":0,"href":"https:\/\/www.noticiasradioreflejos.com.ar\/2021\/wp-json\/wp\/v2\/posts\/23597\/revisions"}],"wp:attachment":[{"href":"https:\/\/www.noticiasradioreflejos.com.ar\/2021\/wp-json\/wp\/v2\/media?parent=23597"}],"wp:term":[{"taxonomy":"category","embeddable":true,"href":"https:\/\/www.noticiasradioreflejos.com.ar\/2021\/wp-json\/wp\/v2\/categories?post=23597"},{"taxonomy":"post_tag","embeddable":true,"href":"https:\/\/www.noticiasradioreflejos.com.ar\/2021\/wp-json\/wp\/v2\/tags?post=23597"}],"curies":[{"name":"wp","href":"https:\/\/api.w.org\/{rel}","templated":true}]}}