{"id":23593,"date":"2018-07-27T00:23:29","date_gmt":"2018-07-27T03:23:29","guid":{"rendered":"http:\/\/www.noticiasradioreflejos.com.ar\/noticias\/?p=23593"},"modified":"2018-07-27T00:23:29","modified_gmt":"2018-07-27T03:23:29","slug":"llamada-automatica-de-emergencia-ecall-obligatorio-en-los-vehiculos-en-la-ue","status":"publish","type":"post","link":"https:\/\/www.noticiasradioreflejos.com.ar\/2021\/llamada-automatica-de-emergencia-ecall-obligatorio-en-los-vehiculos-en-la-ue\/","title":{"rendered":"Llamada autom\u00e1tica de emergencia (eCall) obligatorio en los veh\u00edculos en la UE"},"content":{"rendered":"<p>En consonancia con lo establecido en el Pilar 5 del Plan Mundial para el Decenio de Acci\u00f3n para la Seguridad Vial 2011-2020 establecido por las Naciones Unidas, el Parlamento Europeo aprob\u00f3 una resoluci\u00f3n por la que\u00a0<strong>todos los modelos nuevos de autom\u00f3viles lanzados en la Uni\u00f3n Europea desde el 31 de marzo, incluyen eCall, el sistema automatizado de llamadas de emergencia que alerta a los servicios de emergencia en caso de un accidente vial, y de esta manera se ponen en marcha las acciones de rescate, en cuanto se produzca un choque grave.<\/strong><!--more--><br \/>\nEl sistema \u201ceCall\u201d en el autom\u00f3vil, avisa autom\u00e1ticamente a los servicios de emergencia en caso de siniestro grave (la siguiente infograf\u00eda corresponde a Espa\u00f1a), permiti\u00e9ndoles decidir inmediatamente el tipo y alcance de la operaci\u00f3n de asistencia, llegar antes, salvar vidas y reducir la severidad de los da\u00f1os, as\u00ed como disminuir los atascos.<br \/>\n<a title=\"E CALL-2 2013\" href=\"http:\/\/farm1.staticflickr.com\/918\/41855984510_bbf885eded_z.jpg\" rel=\"\"><img loading=\"lazy\" decoding=\"async\" class=\"aligncenter\" title=\"E CALL-2 2013\" src=\"http:\/\/farm1.staticflickr.com\/918\/41855984510_bbf885eded_z.jpg\" alt=\"E CALL-2 2013\" width=\"640\" height=\"292\" \/><\/a><br \/>\nLa investigaci\u00f3n mostr\u00f3 que, con eCall, el tiempo de respuesta del servicio de emergencia se reducir\u00eda en un 50% en las \u00e1reas rurales y en un 40% en las \u00e1reas urbanas.<br \/>\n<strong>Si este sistema se implementara en Argentina, se presentar\u00eda la situaci\u00f3n de lo que est\u00e1 ocurriendo en diferentes puntos del pa\u00eds, donde no existen servicios de atenci\u00f3n de emergencias en condiciones de acudir en auxilio r\u00e1pido de los accidentados.<\/strong><br \/>\n<strong>Es necesario<\/strong>\u00a0entonces, como lo establece el Plan de Acci\u00f3n de la ONU,\u00a0<strong>aumentar la capacidad de respuesta a las emergencias ocasionadas por el tr\u00e1nsito y mejorar la capacidad de los sistemas de salud y de otra \u00edndole para salvar vidas, brindar a las v\u00edctimas tratamiento de emergencia apropiado y rehabilitaci\u00f3n a largo plazo.<\/strong><br \/>\n<a title=\"luchemos2\" href=\"http:\/\/farm1.staticflickr.com\/920\/29794081708_d9bbd94e2d.jpg\" rel=\"\"><img loading=\"lazy\" decoding=\"async\" class=\"aligncenter\" title=\"luchemos2\" src=\"http:\/\/farm1.staticflickr.com\/920\/29794081708_d9bbd94e2d.jpg\" alt=\"luchemos2\" width=\"500\" height=\"371\" \/><\/a><br \/>\nLuchemos por la Vida Asociaci\u00f3n Civil<br \/>\n<a href=\"mailto:info@luchemos.org.ar\" target=\"_blank\" rel=\"noreferrer noopener\" data-auth=\"NotApplicable\">info@luchemos.org.ar<\/a><br \/>\n(+54 11) 4637-8090 \/ 4611-4060<br \/>\nBogot\u00e1 2348 P.B. \u00abA\u00bb &#8211; Buenos Aires &#8211; Argentina<br \/>\n<a href=\"http:\/\/click.mlsend2.com\/link\/c\/YT05NDQxOTM4MDM2NjM3MDY1NDAmYz11N3A1JmU9MTkyOCZiPTE5MTY4NzAzNCZkPW4waTJkMXE=.RztrUf8mlNQlJ-olmH8pwhvbPZam9rlgSf62M_2SC78\" target=\"_blank\" rel=\"noreferrer noopener\" data-auth=\"NotApplicable\">www.luchemos.org.ar<\/a><\/p>\n","protected":false},"excerpt":{"rendered":"<p>En consonancia con lo establecido en el Pilar 5 del Plan Mundial para el Decenio de Acci\u00f3n para la Seguridad Vial 2011-2020 establecido por las Naciones Unidas, el Parlamento Europeo aprob\u00f3 una resoluci\u00f3n por la que\u00a0todos los modelos nuevos de autom\u00f3viles lanzados en la Uni\u00f3n Europea desde el 31 de marzo, incluyen eCall, el sistema [&hellip;]<\/p>\n","protected":false},"author":3,"featured_media":0,"comment_status":"closed","ping_status":"open","sticky":false,"template":"","format":"standard","meta":{"footnotes":""},"categories":[26],"tags":[],"class_list":["post-23593","post","type-post","status-publish","format-standard","hentry","category-sociedad"],"yoast_head":"<!-- This site is optimized with the Yoast SEO plugin v25.9 - https:\/\/yoast.com\/wordpress\/plugins\/seo\/ -->\n<title>Llamada autom\u00e1tica de emergencia (eCall) obligatorio en los veh\u00edculos en la UE - Noticias Radio Reflejos<\/title>\n<meta name=\"robots\" content=\"index, follow, max-snippet:-1, max-image-preview:large, max-video-preview:-1\" \/>\n<link rel=\"canonical\" href=\"https:\/\/www.noticiasradioreflejos.com.ar\/2021\/llamada-automatica-de-emergencia-ecall-obligatorio-en-los-vehiculos-en-la-ue\/\" \/>\n<meta property=\"og:locale\" content=\"es_ES\" \/>\n<meta property=\"og:type\" content=\"article\" \/>\n<meta property=\"og:title\" content=\"Llamada autom\u00e1tica de emergencia (eCall) obligatorio en los veh\u00edculos en la UE - Noticias Radio Reflejos\" \/>\n<meta property=\"og:description\" content=\"En consonancia con lo establecido en el Pilar 5 del Plan Mundial para el Decenio de Acci\u00f3n para la Seguridad Vial 2011-2020 establecido por las Naciones Unidas, el Parlamento Europeo aprob\u00f3 una resoluci\u00f3n por la que\u00a0todos los modelos nuevos de autom\u00f3viles lanzados en la Uni\u00f3n Europea desde el 31 de marzo, incluyen eCall, el sistema [&hellip;]\" \/>\n<meta property=\"og:url\" content=\"https:\/\/www.noticiasradioreflejos.com.ar\/2021\/llamada-automatica-de-emergencia-ecall-obligatorio-en-los-vehiculos-en-la-ue\/\" \/>\n<meta property=\"og:site_name\" content=\"Noticias Radio Reflejos\" \/>\n<meta property=\"article:published_time\" content=\"2018-07-27T03:23:29+00:00\" \/>\n<meta property=\"og:image\" content=\"http:\/\/farm1.staticflickr.com\/918\/41855984510_bbf885eded_z.jpg\" \/>\n<meta name=\"author\" content=\"Arnaldo Botto\" \/>\n<meta name=\"twitter:card\" content=\"summary_large_image\" \/>\n<script type=\"application\/ld+json\" class=\"yoast-schema-graph\">{\"@context\":\"https:\/\/schema.org\",\"@graph\":[{\"@type\":\"WebPage\",\"@id\":\"https:\/\/www.noticiasradioreflejos.com.ar\/2021\/llamada-automatica-de-emergencia-ecall-obligatorio-en-los-vehiculos-en-la-ue\/\",\"url\":\"https:\/\/www.noticiasradioreflejos.com.ar\/2021\/llamada-automatica-de-emergencia-ecall-obligatorio-en-los-vehiculos-en-la-ue\/\",\"name\":\"Llamada autom\u00e1tica de emergencia (eCall) obligatorio en los veh\u00edculos en la UE - Noticias Radio Reflejos\",\"isPartOf\":{\"@id\":\"https:\/\/www.noticiasradioreflejos.com.ar\/2021\/#website\"},\"primaryImageOfPage\":{\"@id\":\"https:\/\/www.noticiasradioreflejos.com.ar\/2021\/llamada-automatica-de-emergencia-ecall-obligatorio-en-los-vehiculos-en-la-ue\/#primaryimage\"},\"image\":{\"@id\":\"https:\/\/www.noticiasradioreflejos.com.ar\/2021\/llamada-automatica-de-emergencia-ecall-obligatorio-en-los-vehiculos-en-la-ue\/#primaryimage\"},\"thumbnailUrl\":\"http:\/\/farm1.staticflickr.com\/918\/41855984510_bbf885eded_z.jpg\",\"datePublished\":\"2018-07-27T03:23:29+00:00\",\"author\":{\"@id\":\"https:\/\/www.noticiasradioreflejos.com.ar\/2021\/#\/schema\/person\/ad82545263dcc5ec0996818884fd5fb1\"},\"breadcrumb\":{\"@id\":\"https:\/\/www.noticiasradioreflejos.com.ar\/2021\/llamada-automatica-de-emergencia-ecall-obligatorio-en-los-vehiculos-en-la-ue\/#breadcrumb\"},\"inLanguage\":\"es\",\"potentialAction\":[{\"@type\":\"ReadAction\",\"target\":[\"https:\/\/www.noticiasradioreflejos.com.ar\/2021\/llamada-automatica-de-emergencia-ecall-obligatorio-en-los-vehiculos-en-la-ue\/\"]}]},{\"@type\":\"ImageObject\",\"inLanguage\":\"es\",\"@id\":\"https:\/\/www.noticiasradioreflejos.com.ar\/2021\/llamada-automatica-de-emergencia-ecall-obligatorio-en-los-vehiculos-en-la-ue\/#primaryimage\",\"url\":\"http:\/\/farm1.staticflickr.com\/918\/41855984510_bbf885eded_z.jpg\",\"contentUrl\":\"http:\/\/farm1.staticflickr.com\/918\/41855984510_bbf885eded_z.jpg\"},{\"@type\":\"BreadcrumbList\",\"@id\":\"https:\/\/www.noticiasradioreflejos.com.ar\/2021\/llamada-automatica-de-emergencia-ecall-obligatorio-en-los-vehiculos-en-la-ue\/#breadcrumb\",\"itemListElement\":[{\"@type\":\"ListItem\",\"position\":1,\"name\":\"Portada\",\"item\":\"https:\/\/www.noticiasradioreflejos.com.ar\/2021\/\"},{\"@type\":\"ListItem\",\"position\":2,\"name\":\"Llamada autom\u00e1tica de emergencia (eCall) obligatorio en los veh\u00edculos en la UE\"}]},{\"@type\":\"WebSite\",\"@id\":\"https:\/\/www.noticiasradioreflejos.com.ar\/2021\/#website\",\"url\":\"https:\/\/www.noticiasradioreflejos.com.ar\/2021\/\",\"name\":\"Noticias Radio Reflejos\",\"description\":\"Las noticias de mi comarca\",\"potentialAction\":[{\"@type\":\"SearchAction\",\"target\":{\"@type\":\"EntryPoint\",\"urlTemplate\":\"https:\/\/www.noticiasradioreflejos.com.ar\/2021\/?s={search_term_string}\"},\"query-input\":{\"@type\":\"PropertyValueSpecification\",\"valueRequired\":true,\"valueName\":\"search_term_string\"}}],\"inLanguage\":\"es\"},{\"@type\":\"Person\",\"@id\":\"https:\/\/www.noticiasradioreflejos.com.ar\/2021\/#\/schema\/person\/ad82545263dcc5ec0996818884fd5fb1\",\"name\":\"Arnaldo Botto\",\"image\":{\"@type\":\"ImageObject\",\"inLanguage\":\"es\",\"@id\":\"https:\/\/www.noticiasradioreflejos.com.ar\/2021\/#\/schema\/person\/image\/\",\"url\":\"https:\/\/secure.gravatar.com\/avatar\/55cb5e37c1efa326397366e6974cb338056df65cb50e7d64d1cf314e87504837?s=96&d=mm&r=g\",\"contentUrl\":\"https:\/\/secure.gravatar.com\/avatar\/55cb5e37c1efa326397366e6974cb338056df65cb50e7d64d1cf314e87504837?s=96&d=mm&r=g\",\"caption\":\"Arnaldo Botto\"},\"url\":\"https:\/\/www.noticiasradioreflejos.com.ar\/2021\/author\/arnaldo\/\"}]}<\/script>\n<!-- \/ Yoast SEO plugin. -->","yoast_head_json":{"title":"Llamada autom\u00e1tica de emergencia (eCall) obligatorio en los veh\u00edculos en la UE - Noticias Radio Reflejos","robots":{"index":"index","follow":"follow","max-snippet":"max-snippet:-1","max-image-preview":"max-image-preview:large","max-video-preview":"max-video-preview:-1"},"canonical":"https:\/\/www.noticiasradioreflejos.com.ar\/2021\/llamada-automatica-de-emergencia-ecall-obligatorio-en-los-vehiculos-en-la-ue\/","og_locale":"es_ES","og_type":"article","og_title":"Llamada autom\u00e1tica de emergencia (eCall) obligatorio en los veh\u00edculos en la UE - Noticias Radio Reflejos","og_description":"En consonancia con lo establecido en el Pilar 5 del Plan Mundial para el Decenio de Acci\u00f3n para la Seguridad Vial 2011-2020 establecido por las Naciones Unidas, el Parlamento Europeo aprob\u00f3 una resoluci\u00f3n por la que\u00a0todos los modelos nuevos de autom\u00f3viles lanzados en la Uni\u00f3n Europea desde el 31 de marzo, incluyen eCall, el sistema [&hellip;]","og_url":"https:\/\/www.noticiasradioreflejos.com.ar\/2021\/llamada-automatica-de-emergencia-ecall-obligatorio-en-los-vehiculos-en-la-ue\/","og_site_name":"Noticias Radio Reflejos","article_published_time":"2018-07-27T03:23:29+00:00","og_image":[{"url":"http:\/\/farm1.staticflickr.com\/918\/41855984510_bbf885eded_z.jpg","type":"","width":"","height":""}],"author":"Arnaldo Botto","twitter_card":"summary_large_image","schema":{"@context":"https:\/\/schema.org","@graph":[{"@type":"WebPage","@id":"https:\/\/www.noticiasradioreflejos.com.ar\/2021\/llamada-automatica-de-emergencia-ecall-obligatorio-en-los-vehiculos-en-la-ue\/","url":"https:\/\/www.noticiasradioreflejos.com.ar\/2021\/llamada-automatica-de-emergencia-ecall-obligatorio-en-los-vehiculos-en-la-ue\/","name":"Llamada autom\u00e1tica de emergencia (eCall) obligatorio en los veh\u00edculos en la UE - Noticias Radio Reflejos","isPartOf":{"@id":"https:\/\/www.noticiasradioreflejos.com.ar\/2021\/#website"},"primaryImageOfPage":{"@id":"https:\/\/www.noticiasradioreflejos.com.ar\/2021\/llamada-automatica-de-emergencia-ecall-obligatorio-en-los-vehiculos-en-la-ue\/#primaryimage"},"image":{"@id":"https:\/\/www.noticiasradioreflejos.com.ar\/2021\/llamada-automatica-de-emergencia-ecall-obligatorio-en-los-vehiculos-en-la-ue\/#primaryimage"},"thumbnailUrl":"http:\/\/farm1.staticflickr.com\/918\/41855984510_bbf885eded_z.jpg","datePublished":"2018-07-27T03:23:29+00:00","author":{"@id":"https:\/\/www.noticiasradioreflejos.com.ar\/2021\/#\/schema\/person\/ad82545263dcc5ec0996818884fd5fb1"},"breadcrumb":{"@id":"https:\/\/www.noticiasradioreflejos.com.ar\/2021\/llamada-automatica-de-emergencia-ecall-obligatorio-en-los-vehiculos-en-la-ue\/#breadcrumb"},"inLanguage":"es","potentialAction":[{"@type":"ReadAction","target":["https:\/\/www.noticiasradioreflejos.com.ar\/2021\/llamada-automatica-de-emergencia-ecall-obligatorio-en-los-vehiculos-en-la-ue\/"]}]},{"@type":"ImageObject","inLanguage":"es","@id":"https:\/\/www.noticiasradioreflejos.com.ar\/2021\/llamada-automatica-de-emergencia-ecall-obligatorio-en-los-vehiculos-en-la-ue\/#primaryimage","url":"http:\/\/farm1.staticflickr.com\/918\/41855984510_bbf885eded_z.jpg","contentUrl":"http:\/\/farm1.staticflickr.com\/918\/41855984510_bbf885eded_z.jpg"},{"@type":"BreadcrumbList","@id":"https:\/\/www.noticiasradioreflejos.com.ar\/2021\/llamada-automatica-de-emergencia-ecall-obligatorio-en-los-vehiculos-en-la-ue\/#breadcrumb","itemListElement":[{"@type":"ListItem","position":1,"name":"Portada","item":"https:\/\/www.noticiasradioreflejos.com.ar\/2021\/"},{"@type":"ListItem","position":2,"name":"Llamada autom\u00e1tica de emergencia (eCall) obligatorio en los veh\u00edculos en la UE"}]},{"@type":"WebSite","@id":"https:\/\/www.noticiasradioreflejos.com.ar\/2021\/#website","url":"https:\/\/www.noticiasradioreflejos.com.ar\/2021\/","name":"Noticias Radio Reflejos","description":"Las noticias de mi comarca","potentialAction":[{"@type":"SearchAction","target":{"@type":"EntryPoint","urlTemplate":"https:\/\/www.noticiasradioreflejos.com.ar\/2021\/?s={search_term_string}"},"query-input":{"@type":"PropertyValueSpecification","valueRequired":true,"valueName":"search_term_string"}}],"inLanguage":"es"},{"@type":"Person","@id":"https:\/\/www.noticiasradioreflejos.com.ar\/2021\/#\/schema\/person\/ad82545263dcc5ec0996818884fd5fb1","name":"Arnaldo Botto","image":{"@type":"ImageObject","inLanguage":"es","@id":"https:\/\/www.noticiasradioreflejos.com.ar\/2021\/#\/schema\/person\/image\/","url":"https:\/\/secure.gravatar.com\/avatar\/55cb5e37c1efa326397366e6974cb338056df65cb50e7d64d1cf314e87504837?s=96&d=mm&r=g","contentUrl":"https:\/\/secure.gravatar.com\/avatar\/55cb5e37c1efa326397366e6974cb338056df65cb50e7d64d1cf314e87504837?s=96&d=mm&r=g","caption":"Arnaldo Botto"},"url":"https:\/\/www.noticiasradioreflejos.com.ar\/2021\/author\/arnaldo\/"}]}},"_links":{"self":[{"href":"https:\/\/www.noticiasradioreflejos.com.ar\/2021\/wp-json\/wp\/v2\/posts\/23593","targetHints":{"allow":["GET"]}}],"collection":[{"href":"https:\/\/www.noticiasradioreflejos.com.ar\/2021\/wp-json\/wp\/v2\/posts"}],"about":[{"href":"https:\/\/www.noticiasradioreflejos.com.ar\/2021\/wp-json\/wp\/v2\/types\/post"}],"author":[{"embeddable":true,"href":"https:\/\/www.noticiasradioreflejos.com.ar\/2021\/wp-json\/wp\/v2\/users\/3"}],"replies":[{"embeddable":true,"href":"https:\/\/www.noticiasradioreflejos.com.ar\/2021\/wp-json\/wp\/v2\/comments?post=23593"}],"version-history":[{"count":0,"href":"https:\/\/www.noticiasradioreflejos.com.ar\/2021\/wp-json\/wp\/v2\/posts\/23593\/revisions"}],"wp:attachment":[{"href":"https:\/\/www.noticiasradioreflejos.com.ar\/2021\/wp-json\/wp\/v2\/media?parent=23593"}],"wp:term":[{"taxonomy":"category","embeddable":true,"href":"https:\/\/www.noticiasradioreflejos.com.ar\/2021\/wp-json\/wp\/v2\/categories?post=23593"},{"taxonomy":"post_tag","embeddable":true,"href":"https:\/\/www.noticiasradioreflejos.com.ar\/2021\/wp-json\/wp\/v2\/tags?post=23593"}],"curies":[{"name":"wp","href":"https:\/\/api.w.org\/{rel}","templated":true}]}}