{"id":23586,"date":"2018-07-27T00:01:26","date_gmt":"2018-07-27T03:01:26","guid":{"rendered":"http:\/\/www.noticiasradioreflejos.com.ar\/noticias\/?p=23586"},"modified":"2018-07-27T00:01:26","modified_gmt":"2018-07-27T03:01:26","slug":"comunicacion-en-rechazo-la-intervencion-de-las-ffaa-en-los-conflictos-internos","status":"publish","type":"post","link":"https:\/\/www.noticiasradioreflejos.com.ar\/2021\/comunicacion-en-rechazo-la-intervencion-de-las-ffaa-en-los-conflictos-internos\/","title":{"rendered":"Comunicaci\u00f3n en rechazo la intervenci\u00f3n de las FFAA en los conflictos internos"},"content":{"rendered":"<p class=\"x_MsoNormal\">Desde el espacio de\u00a0<b>Informaci\u00f3n Ciudadana<\/b>\u00a0perteneciente a la Biblioteca Popular Macedonio Fern\u00e1ndez de Villa Ventana queremos expresar nuestro contundente rechazo y repudio a la modificaci\u00f3n del decreto N\u00ba 727\/2006, medida que pone en serio riesgo los marcos institucionales que hacen a nuestra vida democr\u00e1tica, otorg\u00e1ndole a las FFAA nuevas potestades que nos retrotraen al accionar de las mismas durante la \u00faltima dictadura c\u00edvico-militar-eclesi\u00e1stica.<u><\/u><u><\/u><\/p>\n<p><!--more--><\/p>\n<p class=\"x_MsoNormal\">Consideramos oportuno compartir la siguiente comunicaci\u00f3n de la Comisi\u00f3n Provincial por la Memoria, organismo que desde el a\u00f1o 1999 denuncia a los responsables del Terrorismo de Estado en Argentina, as\u00ed como las violaciones a los Derechos Humanos en per\u00edodos de democracia, que hecha luz sobre el marco legal sobre Defensa Nacional y las limitaciones que la ciudadan\u00eda, desde la recuperaci\u00f3n de la vida democr\u00e1tica, hist\u00f3ricamente ha impuesto sobre el accionar de las FFAA, as\u00ed como las nefastas y retr\u00f3gradas consecuencias de las nuevas reformas \u00a0impulsadas por el gobierno nacional.<u><\/u><u><\/u><\/p>\n<p class=\"x_m_1415492693189421237yiv5599097658msonormal\">NO A LA NUEVA DOCTRINA DE LA SEGURIDAD NACIONAL<u><\/u><u><\/u><\/p>\n<p class=\"x_m_1415492693189421237yiv5599097658msonormal\"><span class=\"x_m_1415492693189421237yiv5599097658ydp2ab12ades1\"><b>No a la intervenci\u00f3n de las Fuerzas Armadas en los conflictos internos<\/b><\/span><u><\/u><u><\/u><\/p>\n<p class=\"x_m_1415492693189421237yiv5599097658msonormal\"><i>La Comisi\u00f3n Provincial por la Memoria (CPM) expresa su rechazo ante el decreto del PEN que habilita la intervenci\u00f3n de las Fuerzas Armadas (FFAA) en cuestiones de seguridad interior, violando las leyes de defensa nacional y seguridad interior. El decreto del presidente Macri echa por tierra uno de los avances m\u00e1s significativos de la democracia, retrotrae la legislaci\u00f3n a los tiempos de la dictadura militar y atenta contra la soberan\u00eda.\u00a0<\/i><u><\/u><u><\/u><\/p>\n<p class=\"x_m_1415492693189421237yiv5599097658msonormal\"><i>\u00a0<\/i>La modificaci\u00f3n del decreto 727\/2006 anunciada el pasado 23 de julio por el presidente\u00a0\u00a0en el ex centro clandestino de detenci\u00f3n de Campo de Mayo es una reforma altamente regresiva en materia de seguridad y derechos humanos. Una reforma, a su vez, que desconoce las luchas de la sociedad argentina por definir un marco institucional al accionar de las FFAA que limite su capacidad de intervenci\u00f3n y evite actos que vulneren la democracia.<u><\/u><u><\/u><\/p>\n<p class=\"x_m_1415492693189421237yiv5599097658msonormal\">\u00a0En la memoria del pueblo argentino la intervenci\u00f3n de las FFAA en la seguridad interior est\u00e1 profundamente asociada a los cr\u00edmenes de lesa humanidad cometidos durante la \u00faltima dictadura c\u00edvico-militar, despu\u00e9s de dos d\u00e9cadas de sucesivos golpes de Estado. La misma estuvo amparada en lo que se llam\u00f3 la \u201cDoctrina de la Seguridad Nacional\u201d, impuesta por\u00a0\u00a0EEUU para todo el continente Latinoamericano. Desde el retorno de la democracia en 1983, gobiernos de distinto signo pol\u00edtico trabajaron, en consonancia con el reclamo popular, para establecer diferencias en materia de seguridad interior y defensa nacional.<u><\/u><u><\/u><\/p>\n<p class=\"x_m_1415492693189421237yiv5599097658msonormal\">\u00a0Las leyes de defensa nacional de 1988 (sancionada por el gobierno radical de Ra\u00fal Alfons\u00edn) y la ley de seguridad interior de 1991 (sancionada durante el gobierno justicialista de Sa\u00fal Menem), y el decreto 727 de 2006 (durante la gesti\u00f3n del presidente N\u00e9stor Kirchner) fueron determinando esos l\u00edmites.<u><\/u><u><\/u><\/p>\n<p class=\"x_m_1415492693189421237yiv5599097658msonormal\">\u00a0Puede corroborarse, entonces, que la prohibici\u00f3n para que las Fuerzas Armadas intervengan en cuestiones de seguridad interior fue el resultado de acuerdos alcanzados desde la transici\u00f3n democr\u00e1tica por una amplia y mayoritaria pluralidad de actores pol\u00edticos. El gobierno de Macri ha roto con estos grandes acuerdos y hoy esos\u00a0marcos institucionales se ven\u00a0seriamente amenazados.<u><\/u><u><\/u><\/p>\n<p class=\"x_m_1415492693189421237yiv5599097658msonormal\">\u00a0La gravedad de esta situaci\u00f3n se inscribe a su vez en un contexto\u00a0de fortalecimiento de las pol\u00edticas represivas que, bajo el paradigma de las \u201cnuevas amenazas\u201d, han profundizado la militarizaci\u00f3n del espacio p\u00fablico y provocado un aumento de la violencia ejercida por las fuerzas de seguridad.<u><\/u><u><\/u><\/p>\n<p class=\"x_m_1415492693189421237yiv5599097658msonormal\">\u00a0Estas \u201cnuevas amenazas\u201d, el narcotr\u00e1fico y el terrorismo, son las que utilizan para justificar el cambio de doctrina para as\u00ed alinearse a los\u00a0EEUU en materia de seguridad siguiendo los \u201cobjetivos estrat\u00e9gicos\u201d de las potencias hegem\u00f3nicas. La participaci\u00f3n de las FFAA en seguridad interior es p\u00e9rdida de soberan\u00eda y no m\u00e1s seguridad.<u><\/u><u><\/u><\/p>\n<p class=\"x_m_1415492693189421237yiv5599097658msonormal\">\u00a0Ya hay antecedentes. El uso de la Prefectura y de la Gendarmer\u00eda fronteras adentro no ha demostrado ning\u00fan impacto positivo, solo m\u00e1s gastos en armas y equipamientos y la reformulaci\u00f3n de los objetivos funcionales de estas fuerzas ahora utilizadas para la represi\u00f3n en los conflictos internos y en particular de la protesta social, retir\u00e1ndolas de los controles fronterizos.<u><\/u><u><\/u><\/p>\n<p class=\"x_m_1415492693189421237yiv5599097658msonormal\">\u00a0Las muertes de Santiago Maldonado y de Rafael Nahuel son la muestra m\u00e1s clara de la orientaci\u00f3n de\u00a0esta pol\u00edtica de seguridad y su resultado m\u00e1s dram\u00e1tico. \u00bfEstos son los objetivos estrat\u00e9gicos de la seguridad interior como reza el decreto? \u00bfEl conflicto social y la protesta son las nuevas amenazas? \u00bfEste es el terrorismo del que debemos defendernos los argentinos? \u00bfVolver\u00e1n las FFAA a hacer inteligencia para definir a los \u201cenemigos internos\u201d?<u><\/u><u><\/u><\/p>\n<p class=\"x_m_1415492693189421237yiv5599097658msonormal\">\u00a0En una sociedad con cada vez m\u00e1s pobres y desocupados \u00bfqu\u00e9 significa esta respuesta del gobierno?\u00a0<u><\/u><u><\/u><\/p>\n<p class=\"x_m_1415492693189421237yiv5599097658msonormal\">\u00a0Pues no pueden admitirse los argumentos explicitados.\u00a0Ya ha quedado demostrado\u00a0que no existen experiencias felices en el involucramiento de las FFAA en la seguridad interior. Todo lo contrario, los pa\u00edses que adoptaron este camino solo consiguieron m\u00e1s violencia, degradaci\u00f3n y corrupci\u00f3n estatal agravando los problemas que dec\u00edan\u00a0combatir. Colombia, M\u00e9xico y Brasil son claros ejemplos de esto. El resultado est\u00e1 a la vista: la violencia se ha convertido en una pandemia dif\u00edcil de parar.<u><\/u><u><\/u><\/p>\n<p class=\"x_m_1415492693189421237yiv5599097658msonormal\">\u00a0\u00bfEn qu\u00e9 sociedad nos quiere convertir este gobierno?<u><\/u><u><\/u><\/p>\n<p class=\"x_m_1415492693189421237yiv5599097658msonormal\">\u00a0La seguridad del pueblo no son las FFAA, la seguridad debe ser social: salud, educaci\u00f3n, vivienda y trabajo. Todos estos derechos de las personas y de los pueblos que hoy son vulnerados en nuestro pa\u00eds por las pol\u00edticas\u00a0regresivas en materia econ\u00f3mico-social y por las pol\u00edticas represivas en materia de seguridad.<u><\/u><u><\/u><\/p>\n<p class=\"x_m_1415492693189421237yiv5599097658msonormal\">\u00a0<u><\/u><u><\/u><\/p>\n<p class=\"x_m_1415492693189421237yiv5599097658msonormal\"><a id=\"x_m_1415492693189421237LPlnk806772\" class=\"x_m_1415492693189421237OWAAutoLink\" href=\"http:\/\/www.comisionporlamemoria.org\/\" target=\"_blank\" rel=\"noreferrer noopener\" data-auth=\"NotApplicable\">http:\/\/www.comisionporlamemoria.org\/<\/a><\/p>\n","protected":false},"excerpt":{"rendered":"<p>Desde el espacio de\u00a0Informaci\u00f3n Ciudadana\u00a0perteneciente a la Biblioteca Popular Macedonio Fern\u00e1ndez de Villa Ventana queremos expresar nuestro contundente rechazo y repudio a la modificaci\u00f3n del decreto N\u00ba 727\/2006, medida que pone en serio riesgo los marcos institucionales que hacen a nuestra vida democr\u00e1tica, otorg\u00e1ndole a las FFAA nuevas potestades que nos retrotraen al accionar de [&hellip;]<\/p>\n","protected":false},"author":3,"featured_media":0,"comment_status":"closed","ping_status":"open","sticky":false,"template":"","format":"standard","meta":{"footnotes":""},"categories":[24],"tags":[],"class_list":["post-23586","post","type-post","status-publish","format-standard","hentry","category-politica"],"yoast_head":"<!-- This site is optimized with the Yoast SEO plugin v25.9 - https:\/\/yoast.com\/wordpress\/plugins\/seo\/ -->\n<title>Comunicaci\u00f3n en rechazo la intervenci\u00f3n de las FFAA en los conflictos internos - Noticias Radio Reflejos<\/title>\n<meta name=\"robots\" content=\"index, follow, max-snippet:-1, max-image-preview:large, max-video-preview:-1\" \/>\n<link rel=\"canonical\" href=\"https:\/\/www.noticiasradioreflejos.com.ar\/2021\/comunicacion-en-rechazo-la-intervencion-de-las-ffaa-en-los-conflictos-internos\/\" \/>\n<meta property=\"og:locale\" content=\"es_ES\" \/>\n<meta property=\"og:type\" content=\"article\" \/>\n<meta property=\"og:title\" content=\"Comunicaci\u00f3n en rechazo la intervenci\u00f3n de las FFAA en los conflictos internos - Noticias Radio Reflejos\" \/>\n<meta property=\"og:description\" content=\"Desde el espacio de\u00a0Informaci\u00f3n Ciudadana\u00a0perteneciente a la Biblioteca Popular Macedonio Fern\u00e1ndez de Villa Ventana queremos expresar nuestro contundente rechazo y repudio a la modificaci\u00f3n del decreto N\u00ba 727\/2006, medida que pone en serio riesgo los marcos institucionales que hacen a nuestra vida democr\u00e1tica, otorg\u00e1ndole a las FFAA nuevas potestades que nos retrotraen al accionar de [&hellip;]\" \/>\n<meta property=\"og:url\" content=\"https:\/\/www.noticiasradioreflejos.com.ar\/2021\/comunicacion-en-rechazo-la-intervencion-de-las-ffaa-en-los-conflictos-internos\/\" \/>\n<meta property=\"og:site_name\" content=\"Noticias Radio Reflejos\" \/>\n<meta property=\"article:published_time\" content=\"2018-07-27T03:01:26+00:00\" \/>\n<meta property=\"og:image\" content=\"https:\/\/www.noticiasradioreflejos.com.ar\/2021\/wp-content\/uploads\/2021\/07\/logosol300x200.png\" \/>\n\t<meta property=\"og:image:width\" content=\"300\" \/>\n\t<meta property=\"og:image:height\" content=\"200\" \/>\n\t<meta property=\"og:image:type\" content=\"image\/png\" \/>\n<meta name=\"author\" content=\"Arnaldo Botto\" \/>\n<meta name=\"twitter:card\" content=\"summary_large_image\" \/>\n<script type=\"application\/ld+json\" class=\"yoast-schema-graph\">{\"@context\":\"https:\/\/schema.org\",\"@graph\":[{\"@type\":\"WebPage\",\"@id\":\"https:\/\/www.noticiasradioreflejos.com.ar\/2021\/comunicacion-en-rechazo-la-intervencion-de-las-ffaa-en-los-conflictos-internos\/\",\"url\":\"https:\/\/www.noticiasradioreflejos.com.ar\/2021\/comunicacion-en-rechazo-la-intervencion-de-las-ffaa-en-los-conflictos-internos\/\",\"name\":\"Comunicaci\u00f3n en rechazo la intervenci\u00f3n de las FFAA en los conflictos internos - Noticias Radio Reflejos\",\"isPartOf\":{\"@id\":\"https:\/\/www.noticiasradioreflejos.com.ar\/2021\/#website\"},\"datePublished\":\"2018-07-27T03:01:26+00:00\",\"author\":{\"@id\":\"https:\/\/www.noticiasradioreflejos.com.ar\/2021\/#\/schema\/person\/ad82545263dcc5ec0996818884fd5fb1\"},\"breadcrumb\":{\"@id\":\"https:\/\/www.noticiasradioreflejos.com.ar\/2021\/comunicacion-en-rechazo-la-intervencion-de-las-ffaa-en-los-conflictos-internos\/#breadcrumb\"},\"inLanguage\":\"es\",\"potentialAction\":[{\"@type\":\"ReadAction\",\"target\":[\"https:\/\/www.noticiasradioreflejos.com.ar\/2021\/comunicacion-en-rechazo-la-intervencion-de-las-ffaa-en-los-conflictos-internos\/\"]}]},{\"@type\":\"BreadcrumbList\",\"@id\":\"https:\/\/www.noticiasradioreflejos.com.ar\/2021\/comunicacion-en-rechazo-la-intervencion-de-las-ffaa-en-los-conflictos-internos\/#breadcrumb\",\"itemListElement\":[{\"@type\":\"ListItem\",\"position\":1,\"name\":\"Portada\",\"item\":\"https:\/\/www.noticiasradioreflejos.com.ar\/2021\/\"},{\"@type\":\"ListItem\",\"position\":2,\"name\":\"Comunicaci\u00f3n en rechazo la intervenci\u00f3n de las FFAA en los conflictos internos\"}]},{\"@type\":\"WebSite\",\"@id\":\"https:\/\/www.noticiasradioreflejos.com.ar\/2021\/#website\",\"url\":\"https:\/\/www.noticiasradioreflejos.com.ar\/2021\/\",\"name\":\"Noticias Radio Reflejos\",\"description\":\"Las noticias de mi comarca\",\"potentialAction\":[{\"@type\":\"SearchAction\",\"target\":{\"@type\":\"EntryPoint\",\"urlTemplate\":\"https:\/\/www.noticiasradioreflejos.com.ar\/2021\/?s={search_term_string}\"},\"query-input\":{\"@type\":\"PropertyValueSpecification\",\"valueRequired\":true,\"valueName\":\"search_term_string\"}}],\"inLanguage\":\"es\"},{\"@type\":\"Person\",\"@id\":\"https:\/\/www.noticiasradioreflejos.com.ar\/2021\/#\/schema\/person\/ad82545263dcc5ec0996818884fd5fb1\",\"name\":\"Arnaldo Botto\",\"image\":{\"@type\":\"ImageObject\",\"inLanguage\":\"es\",\"@id\":\"https:\/\/www.noticiasradioreflejos.com.ar\/2021\/#\/schema\/person\/image\/\",\"url\":\"https:\/\/secure.gravatar.com\/avatar\/55cb5e37c1efa326397366e6974cb338056df65cb50e7d64d1cf314e87504837?s=96&d=mm&r=g\",\"contentUrl\":\"https:\/\/secure.gravatar.com\/avatar\/55cb5e37c1efa326397366e6974cb338056df65cb50e7d64d1cf314e87504837?s=96&d=mm&r=g\",\"caption\":\"Arnaldo Botto\"},\"url\":\"https:\/\/www.noticiasradioreflejos.com.ar\/2021\/author\/arnaldo\/\"}]}<\/script>\n<!-- \/ Yoast SEO plugin. -->","yoast_head_json":{"title":"Comunicaci\u00f3n en rechazo la intervenci\u00f3n de las FFAA en los conflictos internos - Noticias Radio Reflejos","robots":{"index":"index","follow":"follow","max-snippet":"max-snippet:-1","max-image-preview":"max-image-preview:large","max-video-preview":"max-video-preview:-1"},"canonical":"https:\/\/www.noticiasradioreflejos.com.ar\/2021\/comunicacion-en-rechazo-la-intervencion-de-las-ffaa-en-los-conflictos-internos\/","og_locale":"es_ES","og_type":"article","og_title":"Comunicaci\u00f3n en rechazo la intervenci\u00f3n de las FFAA en los conflictos internos - Noticias Radio Reflejos","og_description":"Desde el espacio de\u00a0Informaci\u00f3n Ciudadana\u00a0perteneciente a la Biblioteca Popular Macedonio Fern\u00e1ndez de Villa Ventana queremos expresar nuestro contundente rechazo y repudio a la modificaci\u00f3n del decreto N\u00ba 727\/2006, medida que pone en serio riesgo los marcos institucionales que hacen a nuestra vida democr\u00e1tica, otorg\u00e1ndole a las FFAA nuevas potestades que nos retrotraen al accionar de [&hellip;]","og_url":"https:\/\/www.noticiasradioreflejos.com.ar\/2021\/comunicacion-en-rechazo-la-intervencion-de-las-ffaa-en-los-conflictos-internos\/","og_site_name":"Noticias Radio Reflejos","article_published_time":"2018-07-27T03:01:26+00:00","og_image":[{"width":300,"height":200,"url":"https:\/\/www.noticiasradioreflejos.com.ar\/2021\/wp-content\/uploads\/2021\/07\/logosol300x200.png","type":"image\/png"}],"author":"Arnaldo Botto","twitter_card":"summary_large_image","schema":{"@context":"https:\/\/schema.org","@graph":[{"@type":"WebPage","@id":"https:\/\/www.noticiasradioreflejos.com.ar\/2021\/comunicacion-en-rechazo-la-intervencion-de-las-ffaa-en-los-conflictos-internos\/","url":"https:\/\/www.noticiasradioreflejos.com.ar\/2021\/comunicacion-en-rechazo-la-intervencion-de-las-ffaa-en-los-conflictos-internos\/","name":"Comunicaci\u00f3n en rechazo la intervenci\u00f3n de las FFAA en los conflictos internos - Noticias Radio Reflejos","isPartOf":{"@id":"https:\/\/www.noticiasradioreflejos.com.ar\/2021\/#website"},"datePublished":"2018-07-27T03:01:26+00:00","author":{"@id":"https:\/\/www.noticiasradioreflejos.com.ar\/2021\/#\/schema\/person\/ad82545263dcc5ec0996818884fd5fb1"},"breadcrumb":{"@id":"https:\/\/www.noticiasradioreflejos.com.ar\/2021\/comunicacion-en-rechazo-la-intervencion-de-las-ffaa-en-los-conflictos-internos\/#breadcrumb"},"inLanguage":"es","potentialAction":[{"@type":"ReadAction","target":["https:\/\/www.noticiasradioreflejos.com.ar\/2021\/comunicacion-en-rechazo-la-intervencion-de-las-ffaa-en-los-conflictos-internos\/"]}]},{"@type":"BreadcrumbList","@id":"https:\/\/www.noticiasradioreflejos.com.ar\/2021\/comunicacion-en-rechazo-la-intervencion-de-las-ffaa-en-los-conflictos-internos\/#breadcrumb","itemListElement":[{"@type":"ListItem","position":1,"name":"Portada","item":"https:\/\/www.noticiasradioreflejos.com.ar\/2021\/"},{"@type":"ListItem","position":2,"name":"Comunicaci\u00f3n en rechazo la intervenci\u00f3n de las FFAA en los conflictos internos"}]},{"@type":"WebSite","@id":"https:\/\/www.noticiasradioreflejos.com.ar\/2021\/#website","url":"https:\/\/www.noticiasradioreflejos.com.ar\/2021\/","name":"Noticias Radio Reflejos","description":"Las noticias de mi comarca","potentialAction":[{"@type":"SearchAction","target":{"@type":"EntryPoint","urlTemplate":"https:\/\/www.noticiasradioreflejos.com.ar\/2021\/?s={search_term_string}"},"query-input":{"@type":"PropertyValueSpecification","valueRequired":true,"valueName":"search_term_string"}}],"inLanguage":"es"},{"@type":"Person","@id":"https:\/\/www.noticiasradioreflejos.com.ar\/2021\/#\/schema\/person\/ad82545263dcc5ec0996818884fd5fb1","name":"Arnaldo Botto","image":{"@type":"ImageObject","inLanguage":"es","@id":"https:\/\/www.noticiasradioreflejos.com.ar\/2021\/#\/schema\/person\/image\/","url":"https:\/\/secure.gravatar.com\/avatar\/55cb5e37c1efa326397366e6974cb338056df65cb50e7d64d1cf314e87504837?s=96&d=mm&r=g","contentUrl":"https:\/\/secure.gravatar.com\/avatar\/55cb5e37c1efa326397366e6974cb338056df65cb50e7d64d1cf314e87504837?s=96&d=mm&r=g","caption":"Arnaldo Botto"},"url":"https:\/\/www.noticiasradioreflejos.com.ar\/2021\/author\/arnaldo\/"}]}},"_links":{"self":[{"href":"https:\/\/www.noticiasradioreflejos.com.ar\/2021\/wp-json\/wp\/v2\/posts\/23586","targetHints":{"allow":["GET"]}}],"collection":[{"href":"https:\/\/www.noticiasradioreflejos.com.ar\/2021\/wp-json\/wp\/v2\/posts"}],"about":[{"href":"https:\/\/www.noticiasradioreflejos.com.ar\/2021\/wp-json\/wp\/v2\/types\/post"}],"author":[{"embeddable":true,"href":"https:\/\/www.noticiasradioreflejos.com.ar\/2021\/wp-json\/wp\/v2\/users\/3"}],"replies":[{"embeddable":true,"href":"https:\/\/www.noticiasradioreflejos.com.ar\/2021\/wp-json\/wp\/v2\/comments?post=23586"}],"version-history":[{"count":0,"href":"https:\/\/www.noticiasradioreflejos.com.ar\/2021\/wp-json\/wp\/v2\/posts\/23586\/revisions"}],"wp:attachment":[{"href":"https:\/\/www.noticiasradioreflejos.com.ar\/2021\/wp-json\/wp\/v2\/media?parent=23586"}],"wp:term":[{"taxonomy":"category","embeddable":true,"href":"https:\/\/www.noticiasradioreflejos.com.ar\/2021\/wp-json\/wp\/v2\/categories?post=23586"},{"taxonomy":"post_tag","embeddable":true,"href":"https:\/\/www.noticiasradioreflejos.com.ar\/2021\/wp-json\/wp\/v2\/tags?post=23586"}],"curies":[{"name":"wp","href":"https:\/\/api.w.org\/{rel}","templated":true}]}}