{"id":23584,"date":"2018-07-26T23:56:01","date_gmt":"2018-07-27T02:56:01","guid":{"rendered":"http:\/\/www.noticiasradioreflejos.com.ar\/noticias\/?p=23584"},"modified":"2018-07-26T23:56:01","modified_gmt":"2018-07-27T02:56:01","slug":"adhesion-al-repudio-por-las-reformas-de-nuestras-leyes-de-seguridad-interna","status":"publish","type":"post","link":"https:\/\/www.noticiasradioreflejos.com.ar\/2021\/adhesion-al-repudio-por-las-reformas-de-nuestras-leyes-de-seguridad-interna\/","title":{"rendered":"Adhesi\u00f3n al repudio por las Reformas de nuestras leyes de Seguridad Interna"},"content":{"rendered":"<p class=\"x_MsoNormal\">Desde Mujeres Macedonias, miembros del C\u00edrculo de Estudio sobre G\u00e9nero y Patriarcado de la Biblio Macedonio de Villa Ventana, nos sumamos al repudio a las reformas que el gobierno nacional quiere impulsar en materia de \u201cseguridad interna\u201d porque vemos con preocupaci\u00f3n que estas reformas quieren extender el poder de acci\u00f3n de las FFAA no para defender a lxs ciudadanxs de un ataque externo, sino para utilizarlas contra lxs ciudadanxs del Pueblo Argentino en dudosos contextos llamados gen\u00e9ricamente: luchas contra el terrorismo, lucha contra el narcotr\u00e1fico.<!--more--><\/p>\n<p>Consideramos que estas medidas atentan contra la democracia y nos pone en riesgo a todxs, sobre todo en estos momentos de grandes tensiones sociales.<\/p>\n<p class=\"x_MsoNormal\">Adherimos a la convocatoria hecha por numerosos organismos de DDHH de Bah\u00eda Blanca a la manifestaci\u00f3n prevista para hoy a las 18:30 hs en la Plaza Rivadavia de Bah\u00eda Blanca.<\/p>\n<p class=\"x_MsoNormal\">Invitamos a toda la ciudadan\u00eda a defender la vida democr\u00e1tica.<\/p>\n<p class=\"x_MsoNormal\">NO A LA MILITARIZACI\u00d3N DEL ESPACIO P\u00daBLICO, NO A LA CRIMINALIZACI\u00d3N DE LA PROTESTA<\/p>\n<p class=\"x_MsoNormal\">Aprovechamos esta comunicaci\u00f3n para repudiar la disertaci\u00f3n medieval que hizo el Dr. Abel Albino en el recinto del Senado en ocasi\u00f3n del debate por la despenalizaci\u00f3n y legalizaci\u00f3n del aborto, y advertimos que la misma no s\u00f3lo atrasa en materia cient\u00edfica y de perspectiva de derechos, sino que adem\u00e1s es peligrosa por sus falsedades e incongruencias.<\/p>\n","protected":false},"excerpt":{"rendered":"<p>Desde Mujeres Macedonias, miembros del C\u00edrculo de Estudio sobre G\u00e9nero y Patriarcado de la Biblio Macedonio de Villa Ventana, nos sumamos al repudio a las reformas que el gobierno nacional quiere impulsar en materia de \u201cseguridad interna\u201d porque vemos con preocupaci\u00f3n que estas reformas quieren extender el poder de acci\u00f3n de las FFAA no para [&hellip;]<\/p>\n","protected":false},"author":3,"featured_media":0,"comment_status":"closed","ping_status":"open","sticky":false,"template":"","format":"standard","meta":{"footnotes":""},"categories":[26],"tags":[],"class_list":["post-23584","post","type-post","status-publish","format-standard","hentry","category-sociedad"],"yoast_head":"<!-- This site is optimized with the Yoast SEO plugin v25.9 - https:\/\/yoast.com\/wordpress\/plugins\/seo\/ -->\n<title>Adhesi\u00f3n al repudio por las Reformas de nuestras leyes de Seguridad Interna - Noticias Radio Reflejos<\/title>\n<meta name=\"robots\" content=\"index, follow, max-snippet:-1, max-image-preview:large, max-video-preview:-1\" \/>\n<link rel=\"canonical\" href=\"https:\/\/www.noticiasradioreflejos.com.ar\/2021\/adhesion-al-repudio-por-las-reformas-de-nuestras-leyes-de-seguridad-interna\/\" \/>\n<meta property=\"og:locale\" content=\"es_ES\" \/>\n<meta property=\"og:type\" content=\"article\" \/>\n<meta property=\"og:title\" content=\"Adhesi\u00f3n al repudio por las Reformas de nuestras leyes de Seguridad Interna - Noticias Radio Reflejos\" \/>\n<meta property=\"og:description\" content=\"Desde Mujeres Macedonias, miembros del C\u00edrculo de Estudio sobre G\u00e9nero y Patriarcado de la Biblio Macedonio de Villa Ventana, nos sumamos al repudio a las reformas que el gobierno nacional quiere impulsar en materia de \u201cseguridad interna\u201d porque vemos con preocupaci\u00f3n que estas reformas quieren extender el poder de acci\u00f3n de las FFAA no para [&hellip;]\" \/>\n<meta property=\"og:url\" content=\"https:\/\/www.noticiasradioreflejos.com.ar\/2021\/adhesion-al-repudio-por-las-reformas-de-nuestras-leyes-de-seguridad-interna\/\" \/>\n<meta property=\"og:site_name\" content=\"Noticias Radio Reflejos\" \/>\n<meta property=\"article:published_time\" content=\"2018-07-27T02:56:01+00:00\" \/>\n<meta property=\"og:image\" content=\"https:\/\/www.noticiasradioreflejos.com.ar\/2021\/wp-content\/uploads\/2021\/07\/logosol300x200.png\" \/>\n\t<meta property=\"og:image:width\" content=\"300\" \/>\n\t<meta property=\"og:image:height\" content=\"200\" \/>\n\t<meta property=\"og:image:type\" content=\"image\/png\" \/>\n<meta name=\"author\" content=\"Arnaldo Botto\" \/>\n<meta name=\"twitter:card\" content=\"summary_large_image\" \/>\n<script type=\"application\/ld+json\" class=\"yoast-schema-graph\">{\"@context\":\"https:\/\/schema.org\",\"@graph\":[{\"@type\":\"WebPage\",\"@id\":\"https:\/\/www.noticiasradioreflejos.com.ar\/2021\/adhesion-al-repudio-por-las-reformas-de-nuestras-leyes-de-seguridad-interna\/\",\"url\":\"https:\/\/www.noticiasradioreflejos.com.ar\/2021\/adhesion-al-repudio-por-las-reformas-de-nuestras-leyes-de-seguridad-interna\/\",\"name\":\"Adhesi\u00f3n al repudio por las Reformas de nuestras leyes de Seguridad Interna - Noticias Radio Reflejos\",\"isPartOf\":{\"@id\":\"https:\/\/www.noticiasradioreflejos.com.ar\/2021\/#website\"},\"datePublished\":\"2018-07-27T02:56:01+00:00\",\"author\":{\"@id\":\"https:\/\/www.noticiasradioreflejos.com.ar\/2021\/#\/schema\/person\/ad82545263dcc5ec0996818884fd5fb1\"},\"breadcrumb\":{\"@id\":\"https:\/\/www.noticiasradioreflejos.com.ar\/2021\/adhesion-al-repudio-por-las-reformas-de-nuestras-leyes-de-seguridad-interna\/#breadcrumb\"},\"inLanguage\":\"es\",\"potentialAction\":[{\"@type\":\"ReadAction\",\"target\":[\"https:\/\/www.noticiasradioreflejos.com.ar\/2021\/adhesion-al-repudio-por-las-reformas-de-nuestras-leyes-de-seguridad-interna\/\"]}]},{\"@type\":\"BreadcrumbList\",\"@id\":\"https:\/\/www.noticiasradioreflejos.com.ar\/2021\/adhesion-al-repudio-por-las-reformas-de-nuestras-leyes-de-seguridad-interna\/#breadcrumb\",\"itemListElement\":[{\"@type\":\"ListItem\",\"position\":1,\"name\":\"Portada\",\"item\":\"https:\/\/www.noticiasradioreflejos.com.ar\/2021\/\"},{\"@type\":\"ListItem\",\"position\":2,\"name\":\"Adhesi\u00f3n al repudio por las Reformas de nuestras leyes de Seguridad Interna\"}]},{\"@type\":\"WebSite\",\"@id\":\"https:\/\/www.noticiasradioreflejos.com.ar\/2021\/#website\",\"url\":\"https:\/\/www.noticiasradioreflejos.com.ar\/2021\/\",\"name\":\"Noticias Radio Reflejos\",\"description\":\"Las noticias de mi comarca\",\"potentialAction\":[{\"@type\":\"SearchAction\",\"target\":{\"@type\":\"EntryPoint\",\"urlTemplate\":\"https:\/\/www.noticiasradioreflejos.com.ar\/2021\/?s={search_term_string}\"},\"query-input\":{\"@type\":\"PropertyValueSpecification\",\"valueRequired\":true,\"valueName\":\"search_term_string\"}}],\"inLanguage\":\"es\"},{\"@type\":\"Person\",\"@id\":\"https:\/\/www.noticiasradioreflejos.com.ar\/2021\/#\/schema\/person\/ad82545263dcc5ec0996818884fd5fb1\",\"name\":\"Arnaldo Botto\",\"image\":{\"@type\":\"ImageObject\",\"inLanguage\":\"es\",\"@id\":\"https:\/\/www.noticiasradioreflejos.com.ar\/2021\/#\/schema\/person\/image\/\",\"url\":\"https:\/\/secure.gravatar.com\/avatar\/55cb5e37c1efa326397366e6974cb338056df65cb50e7d64d1cf314e87504837?s=96&d=mm&r=g\",\"contentUrl\":\"https:\/\/secure.gravatar.com\/avatar\/55cb5e37c1efa326397366e6974cb338056df65cb50e7d64d1cf314e87504837?s=96&d=mm&r=g\",\"caption\":\"Arnaldo Botto\"},\"url\":\"https:\/\/www.noticiasradioreflejos.com.ar\/2021\/author\/arnaldo\/\"}]}<\/script>\n<!-- \/ Yoast SEO plugin. -->","yoast_head_json":{"title":"Adhesi\u00f3n al repudio por las Reformas de nuestras leyes de Seguridad Interna - Noticias Radio Reflejos","robots":{"index":"index","follow":"follow","max-snippet":"max-snippet:-1","max-image-preview":"max-image-preview:large","max-video-preview":"max-video-preview:-1"},"canonical":"https:\/\/www.noticiasradioreflejos.com.ar\/2021\/adhesion-al-repudio-por-las-reformas-de-nuestras-leyes-de-seguridad-interna\/","og_locale":"es_ES","og_type":"article","og_title":"Adhesi\u00f3n al repudio por las Reformas de nuestras leyes de Seguridad Interna - Noticias Radio Reflejos","og_description":"Desde Mujeres Macedonias, miembros del C\u00edrculo de Estudio sobre G\u00e9nero y Patriarcado de la Biblio Macedonio de Villa Ventana, nos sumamos al repudio a las reformas que el gobierno nacional quiere impulsar en materia de \u201cseguridad interna\u201d porque vemos con preocupaci\u00f3n que estas reformas quieren extender el poder de acci\u00f3n de las FFAA no para [&hellip;]","og_url":"https:\/\/www.noticiasradioreflejos.com.ar\/2021\/adhesion-al-repudio-por-las-reformas-de-nuestras-leyes-de-seguridad-interna\/","og_site_name":"Noticias Radio Reflejos","article_published_time":"2018-07-27T02:56:01+00:00","og_image":[{"width":300,"height":200,"url":"https:\/\/www.noticiasradioreflejos.com.ar\/2021\/wp-content\/uploads\/2021\/07\/logosol300x200.png","type":"image\/png"}],"author":"Arnaldo Botto","twitter_card":"summary_large_image","schema":{"@context":"https:\/\/schema.org","@graph":[{"@type":"WebPage","@id":"https:\/\/www.noticiasradioreflejos.com.ar\/2021\/adhesion-al-repudio-por-las-reformas-de-nuestras-leyes-de-seguridad-interna\/","url":"https:\/\/www.noticiasradioreflejos.com.ar\/2021\/adhesion-al-repudio-por-las-reformas-de-nuestras-leyes-de-seguridad-interna\/","name":"Adhesi\u00f3n al repudio por las Reformas de nuestras leyes de Seguridad Interna - Noticias Radio Reflejos","isPartOf":{"@id":"https:\/\/www.noticiasradioreflejos.com.ar\/2021\/#website"},"datePublished":"2018-07-27T02:56:01+00:00","author":{"@id":"https:\/\/www.noticiasradioreflejos.com.ar\/2021\/#\/schema\/person\/ad82545263dcc5ec0996818884fd5fb1"},"breadcrumb":{"@id":"https:\/\/www.noticiasradioreflejos.com.ar\/2021\/adhesion-al-repudio-por-las-reformas-de-nuestras-leyes-de-seguridad-interna\/#breadcrumb"},"inLanguage":"es","potentialAction":[{"@type":"ReadAction","target":["https:\/\/www.noticiasradioreflejos.com.ar\/2021\/adhesion-al-repudio-por-las-reformas-de-nuestras-leyes-de-seguridad-interna\/"]}]},{"@type":"BreadcrumbList","@id":"https:\/\/www.noticiasradioreflejos.com.ar\/2021\/adhesion-al-repudio-por-las-reformas-de-nuestras-leyes-de-seguridad-interna\/#breadcrumb","itemListElement":[{"@type":"ListItem","position":1,"name":"Portada","item":"https:\/\/www.noticiasradioreflejos.com.ar\/2021\/"},{"@type":"ListItem","position":2,"name":"Adhesi\u00f3n al repudio por las Reformas de nuestras leyes de Seguridad Interna"}]},{"@type":"WebSite","@id":"https:\/\/www.noticiasradioreflejos.com.ar\/2021\/#website","url":"https:\/\/www.noticiasradioreflejos.com.ar\/2021\/","name":"Noticias Radio Reflejos","description":"Las noticias de mi comarca","potentialAction":[{"@type":"SearchAction","target":{"@type":"EntryPoint","urlTemplate":"https:\/\/www.noticiasradioreflejos.com.ar\/2021\/?s={search_term_string}"},"query-input":{"@type":"PropertyValueSpecification","valueRequired":true,"valueName":"search_term_string"}}],"inLanguage":"es"},{"@type":"Person","@id":"https:\/\/www.noticiasradioreflejos.com.ar\/2021\/#\/schema\/person\/ad82545263dcc5ec0996818884fd5fb1","name":"Arnaldo Botto","image":{"@type":"ImageObject","inLanguage":"es","@id":"https:\/\/www.noticiasradioreflejos.com.ar\/2021\/#\/schema\/person\/image\/","url":"https:\/\/secure.gravatar.com\/avatar\/55cb5e37c1efa326397366e6974cb338056df65cb50e7d64d1cf314e87504837?s=96&d=mm&r=g","contentUrl":"https:\/\/secure.gravatar.com\/avatar\/55cb5e37c1efa326397366e6974cb338056df65cb50e7d64d1cf314e87504837?s=96&d=mm&r=g","caption":"Arnaldo Botto"},"url":"https:\/\/www.noticiasradioreflejos.com.ar\/2021\/author\/arnaldo\/"}]}},"_links":{"self":[{"href":"https:\/\/www.noticiasradioreflejos.com.ar\/2021\/wp-json\/wp\/v2\/posts\/23584","targetHints":{"allow":["GET"]}}],"collection":[{"href":"https:\/\/www.noticiasradioreflejos.com.ar\/2021\/wp-json\/wp\/v2\/posts"}],"about":[{"href":"https:\/\/www.noticiasradioreflejos.com.ar\/2021\/wp-json\/wp\/v2\/types\/post"}],"author":[{"embeddable":true,"href":"https:\/\/www.noticiasradioreflejos.com.ar\/2021\/wp-json\/wp\/v2\/users\/3"}],"replies":[{"embeddable":true,"href":"https:\/\/www.noticiasradioreflejos.com.ar\/2021\/wp-json\/wp\/v2\/comments?post=23584"}],"version-history":[{"count":0,"href":"https:\/\/www.noticiasradioreflejos.com.ar\/2021\/wp-json\/wp\/v2\/posts\/23584\/revisions"}],"wp:attachment":[{"href":"https:\/\/www.noticiasradioreflejos.com.ar\/2021\/wp-json\/wp\/v2\/media?parent=23584"}],"wp:term":[{"taxonomy":"category","embeddable":true,"href":"https:\/\/www.noticiasradioreflejos.com.ar\/2021\/wp-json\/wp\/v2\/categories?post=23584"},{"taxonomy":"post_tag","embeddable":true,"href":"https:\/\/www.noticiasradioreflejos.com.ar\/2021\/wp-json\/wp\/v2\/tags?post=23584"}],"curies":[{"name":"wp","href":"https:\/\/api.w.org\/{rel}","templated":true}]}}