{"id":23571,"date":"2018-07-26T10:07:46","date_gmt":"2018-07-26T13:07:46","guid":{"rendered":"http:\/\/www.noticiasradioreflejos.com.ar\/noticias\/?p=23571"},"modified":"2018-07-26T10:07:46","modified_gmt":"2018-07-26T13:07:46","slug":"otro-camino-es-posible","status":"publish","type":"post","link":"https:\/\/www.noticiasradioreflejos.com.ar\/2021\/otro-camino-es-posible\/","title":{"rendered":"Otro camino es posible."},"content":{"rendered":"<p><strong>Comunicado del Partido justicialista<\/strong><br \/>\nEn reuni\u00f3n del Consejo del Partido Justicialista de la Provincia de Buenos Aires, que se llev\u00f3 a cabo en Hurlingham, expresamos nuestro repudio al acuerdo con el FMI y le reclamamos al gobierno que le d\u00e9 tratamiento en el Congreso de la Naci\u00f3n.<br \/>\nIr a golpearle la puerta al Fondo es una muestra de la incapacidad de Macri para resolver las necesidades de la gente: la soluci\u00f3n a los problemas de los argentinos est\u00e1 en nuestra propia fuerza productiva, no en el FMI. <!--more--><br \/>\nLa ampliaci\u00f3n de las facultades de las Fuerzas Armadas y de su injerencia en la seguridad interna es una medida peligrosa y negativa que nos trae dolorosos recuerdos de nuestra historia reciente. Al igual que con el FMI, le pedimos al Presidente que respete la democracia. El decreto es inconstitucional, y por eso le exigimos que env\u00ede el proyecto al Poder Legislativo.<br \/>\nCon la presencia de trabajadores de T\u00e9lam que nos acompa\u00f1aron en la reuni\u00f3n, tambi\u00e9n les expresamos nuestro apoyo y le exigimos al gobierno la reincorporaci\u00f3n de todos los despedidos. Rechazamos la actitud anti democr\u00e1tica, el desprecio de Gobierno a los trabajadores y la extorsi\u00f3n hacia el Sindicato de Camioneros con una multa absurda. Le planteamos al Presidente que atienda las demandas de todos los sectores que est\u00e1n sufriendo por las pol\u00edticas de Cambiemos: los docentes, veteranos de Malvinas, jubilados, peque\u00f1os productores y pymes.<br \/>\nLo que hizo Cambiemos con los aportantes y afiliados falsos en la \u00faltima campa\u00f1a bonaerense es grav\u00edsimo. Tanto que negaron las cuentas truchas en redes sociales, ahora resulta que directamente son un partido de trolls. Se vend\u00edan como los reyes de la transparencia y qued\u00f3 claro que el cambio era una truchada. Vidal debe dar respuestas sobre de d\u00f3nde salieron los fondos y hacerse cargo. Como tiene que hacerse cargo de la Educaci\u00f3n, la Salud, la Seguridad de la Provincia, que cada vez est\u00e1 peor. Es incre\u00edble el maltrato que est\u00e1n recibiendo los docentes. La Provincia est\u00e1 destruyendo IOMA. Hay retrocesos en todas las \u00e1reas por responsabilidad del ajuste que implementan Macri y Vidal.<br \/>\nHoy, en un nuevo aniversario del fallecimiento de Evita, su legado nos gu\u00eda para construir una Argentina diferente porque \u201cla Patria no es patrimonio de ninguna fuerza, la Patria es el pueblo\u201d. Y como dijo Per\u00f3n, \u201cla verdadera democracia es aquella donde el gobierno hace lo que el pueblo quiere y defiende un solo inter\u00e9s: el del pueblo\u201d.<br \/>\nPartido Justicialista del Distrito de Tornquist<\/p>\n","protected":false},"excerpt":{"rendered":"<p>Comunicado del Partido justicialista En reuni\u00f3n del Consejo del Partido Justicialista de la Provincia de Buenos Aires, que se llev\u00f3 a cabo en Hurlingham, expresamos nuestro repudio al acuerdo con el FMI y le reclamamos al gobierno que le d\u00e9 tratamiento en el Congreso de la Naci\u00f3n. Ir a golpearle la puerta al Fondo es [&hellip;]<\/p>\n","protected":false},"author":3,"featured_media":20620,"comment_status":"closed","ping_status":"open","sticky":false,"template":"","format":"standard","meta":{"footnotes":""},"categories":[24],"tags":[],"class_list":["post-23571","post","type-post","status-publish","format-standard","has-post-thumbnail","hentry","category-politica"],"yoast_head":"<!-- This site is optimized with the Yoast SEO plugin v25.9 - https:\/\/yoast.com\/wordpress\/plugins\/seo\/ -->\n<title>Otro camino es posible. - Noticias Radio Reflejos<\/title>\n<meta name=\"robots\" content=\"index, follow, max-snippet:-1, max-image-preview:large, max-video-preview:-1\" \/>\n<link rel=\"canonical\" href=\"https:\/\/www.noticiasradioreflejos.com.ar\/2021\/otro-camino-es-posible\/\" \/>\n<meta property=\"og:locale\" content=\"es_ES\" \/>\n<meta property=\"og:type\" content=\"article\" \/>\n<meta property=\"og:title\" content=\"Otro camino es posible. - Noticias Radio Reflejos\" \/>\n<meta property=\"og:description\" content=\"Comunicado del Partido justicialista En reuni\u00f3n del Consejo del Partido Justicialista de la Provincia de Buenos Aires, que se llev\u00f3 a cabo en Hurlingham, expresamos nuestro repudio al acuerdo con el FMI y le reclamamos al gobierno que le d\u00e9 tratamiento en el Congreso de la Naci\u00f3n. Ir a golpearle la puerta al Fondo es [&hellip;]\" \/>\n<meta property=\"og:url\" content=\"https:\/\/www.noticiasradioreflejos.com.ar\/2021\/otro-camino-es-posible\/\" \/>\n<meta property=\"og:site_name\" content=\"Noticias Radio Reflejos\" \/>\n<meta property=\"article:published_time\" content=\"2018-07-26T13:07:46+00:00\" \/>\n<meta property=\"og:image\" content=\"https:\/\/www.noticiasradioreflejos.com.ar\/2021\/wp-content\/uploads\/2021\/07\/logosol300x200.png\" \/>\n\t<meta property=\"og:image:width\" content=\"300\" \/>\n\t<meta property=\"og:image:height\" content=\"200\" \/>\n\t<meta property=\"og:image:type\" content=\"image\/png\" \/>\n<meta name=\"author\" content=\"Arnaldo Botto\" \/>\n<meta name=\"twitter:card\" content=\"summary_large_image\" \/>\n<script type=\"application\/ld+json\" class=\"yoast-schema-graph\">{\"@context\":\"https:\/\/schema.org\",\"@graph\":[{\"@type\":\"WebPage\",\"@id\":\"https:\/\/www.noticiasradioreflejos.com.ar\/2021\/otro-camino-es-posible\/\",\"url\":\"https:\/\/www.noticiasradioreflejos.com.ar\/2021\/otro-camino-es-posible\/\",\"name\":\"Otro camino es posible. - Noticias Radio Reflejos\",\"isPartOf\":{\"@id\":\"https:\/\/www.noticiasradioreflejos.com.ar\/2021\/#website\"},\"primaryImageOfPage\":{\"@id\":\"https:\/\/www.noticiasradioreflejos.com.ar\/2021\/otro-camino-es-posible\/#primaryimage\"},\"image\":{\"@id\":\"https:\/\/www.noticiasradioreflejos.com.ar\/2021\/otro-camino-es-posible\/#primaryimage\"},\"thumbnailUrl\":\"\",\"datePublished\":\"2018-07-26T13:07:46+00:00\",\"author\":{\"@id\":\"https:\/\/www.noticiasradioreflejos.com.ar\/2021\/#\/schema\/person\/ad82545263dcc5ec0996818884fd5fb1\"},\"breadcrumb\":{\"@id\":\"https:\/\/www.noticiasradioreflejos.com.ar\/2021\/otro-camino-es-posible\/#breadcrumb\"},\"inLanguage\":\"es\",\"potentialAction\":[{\"@type\":\"ReadAction\",\"target\":[\"https:\/\/www.noticiasradioreflejos.com.ar\/2021\/otro-camino-es-posible\/\"]}]},{\"@type\":\"ImageObject\",\"inLanguage\":\"es\",\"@id\":\"https:\/\/www.noticiasradioreflejos.com.ar\/2021\/otro-camino-es-posible\/#primaryimage\",\"url\":\"\",\"contentUrl\":\"\"},{\"@type\":\"BreadcrumbList\",\"@id\":\"https:\/\/www.noticiasradioreflejos.com.ar\/2021\/otro-camino-es-posible\/#breadcrumb\",\"itemListElement\":[{\"@type\":\"ListItem\",\"position\":1,\"name\":\"Portada\",\"item\":\"https:\/\/www.noticiasradioreflejos.com.ar\/2021\/\"},{\"@type\":\"ListItem\",\"position\":2,\"name\":\"Otro camino es posible.\"}]},{\"@type\":\"WebSite\",\"@id\":\"https:\/\/www.noticiasradioreflejos.com.ar\/2021\/#website\",\"url\":\"https:\/\/www.noticiasradioreflejos.com.ar\/2021\/\",\"name\":\"Noticias Radio Reflejos\",\"description\":\"Las noticias de mi comarca\",\"potentialAction\":[{\"@type\":\"SearchAction\",\"target\":{\"@type\":\"EntryPoint\",\"urlTemplate\":\"https:\/\/www.noticiasradioreflejos.com.ar\/2021\/?s={search_term_string}\"},\"query-input\":{\"@type\":\"PropertyValueSpecification\",\"valueRequired\":true,\"valueName\":\"search_term_string\"}}],\"inLanguage\":\"es\"},{\"@type\":\"Person\",\"@id\":\"https:\/\/www.noticiasradioreflejos.com.ar\/2021\/#\/schema\/person\/ad82545263dcc5ec0996818884fd5fb1\",\"name\":\"Arnaldo Botto\",\"image\":{\"@type\":\"ImageObject\",\"inLanguage\":\"es\",\"@id\":\"https:\/\/www.noticiasradioreflejos.com.ar\/2021\/#\/schema\/person\/image\/\",\"url\":\"https:\/\/secure.gravatar.com\/avatar\/55cb5e37c1efa326397366e6974cb338056df65cb50e7d64d1cf314e87504837?s=96&d=mm&r=g\",\"contentUrl\":\"https:\/\/secure.gravatar.com\/avatar\/55cb5e37c1efa326397366e6974cb338056df65cb50e7d64d1cf314e87504837?s=96&d=mm&r=g\",\"caption\":\"Arnaldo Botto\"},\"url\":\"https:\/\/www.noticiasradioreflejos.com.ar\/2021\/author\/arnaldo\/\"}]}<\/script>\n<!-- \/ Yoast SEO plugin. -->","yoast_head_json":{"title":"Otro camino es posible. - Noticias Radio Reflejos","robots":{"index":"index","follow":"follow","max-snippet":"max-snippet:-1","max-image-preview":"max-image-preview:large","max-video-preview":"max-video-preview:-1"},"canonical":"https:\/\/www.noticiasradioreflejos.com.ar\/2021\/otro-camino-es-posible\/","og_locale":"es_ES","og_type":"article","og_title":"Otro camino es posible. - Noticias Radio Reflejos","og_description":"Comunicado del Partido justicialista En reuni\u00f3n del Consejo del Partido Justicialista de la Provincia de Buenos Aires, que se llev\u00f3 a cabo en Hurlingham, expresamos nuestro repudio al acuerdo con el FMI y le reclamamos al gobierno que le d\u00e9 tratamiento en el Congreso de la Naci\u00f3n. Ir a golpearle la puerta al Fondo es [&hellip;]","og_url":"https:\/\/www.noticiasradioreflejos.com.ar\/2021\/otro-camino-es-posible\/","og_site_name":"Noticias Radio Reflejos","article_published_time":"2018-07-26T13:07:46+00:00","og_image":[{"width":300,"height":200,"url":"https:\/\/www.noticiasradioreflejos.com.ar\/2021\/wp-content\/uploads\/2021\/07\/logosol300x200.png","type":"image\/png"}],"author":"Arnaldo Botto","twitter_card":"summary_large_image","schema":{"@context":"https:\/\/schema.org","@graph":[{"@type":"WebPage","@id":"https:\/\/www.noticiasradioreflejos.com.ar\/2021\/otro-camino-es-posible\/","url":"https:\/\/www.noticiasradioreflejos.com.ar\/2021\/otro-camino-es-posible\/","name":"Otro camino es posible. - Noticias Radio Reflejos","isPartOf":{"@id":"https:\/\/www.noticiasradioreflejos.com.ar\/2021\/#website"},"primaryImageOfPage":{"@id":"https:\/\/www.noticiasradioreflejos.com.ar\/2021\/otro-camino-es-posible\/#primaryimage"},"image":{"@id":"https:\/\/www.noticiasradioreflejos.com.ar\/2021\/otro-camino-es-posible\/#primaryimage"},"thumbnailUrl":"","datePublished":"2018-07-26T13:07:46+00:00","author":{"@id":"https:\/\/www.noticiasradioreflejos.com.ar\/2021\/#\/schema\/person\/ad82545263dcc5ec0996818884fd5fb1"},"breadcrumb":{"@id":"https:\/\/www.noticiasradioreflejos.com.ar\/2021\/otro-camino-es-posible\/#breadcrumb"},"inLanguage":"es","potentialAction":[{"@type":"ReadAction","target":["https:\/\/www.noticiasradioreflejos.com.ar\/2021\/otro-camino-es-posible\/"]}]},{"@type":"ImageObject","inLanguage":"es","@id":"https:\/\/www.noticiasradioreflejos.com.ar\/2021\/otro-camino-es-posible\/#primaryimage","url":"","contentUrl":""},{"@type":"BreadcrumbList","@id":"https:\/\/www.noticiasradioreflejos.com.ar\/2021\/otro-camino-es-posible\/#breadcrumb","itemListElement":[{"@type":"ListItem","position":1,"name":"Portada","item":"https:\/\/www.noticiasradioreflejos.com.ar\/2021\/"},{"@type":"ListItem","position":2,"name":"Otro camino es posible."}]},{"@type":"WebSite","@id":"https:\/\/www.noticiasradioreflejos.com.ar\/2021\/#website","url":"https:\/\/www.noticiasradioreflejos.com.ar\/2021\/","name":"Noticias Radio Reflejos","description":"Las noticias de mi comarca","potentialAction":[{"@type":"SearchAction","target":{"@type":"EntryPoint","urlTemplate":"https:\/\/www.noticiasradioreflejos.com.ar\/2021\/?s={search_term_string}"},"query-input":{"@type":"PropertyValueSpecification","valueRequired":true,"valueName":"search_term_string"}}],"inLanguage":"es"},{"@type":"Person","@id":"https:\/\/www.noticiasradioreflejos.com.ar\/2021\/#\/schema\/person\/ad82545263dcc5ec0996818884fd5fb1","name":"Arnaldo Botto","image":{"@type":"ImageObject","inLanguage":"es","@id":"https:\/\/www.noticiasradioreflejos.com.ar\/2021\/#\/schema\/person\/image\/","url":"https:\/\/secure.gravatar.com\/avatar\/55cb5e37c1efa326397366e6974cb338056df65cb50e7d64d1cf314e87504837?s=96&d=mm&r=g","contentUrl":"https:\/\/secure.gravatar.com\/avatar\/55cb5e37c1efa326397366e6974cb338056df65cb50e7d64d1cf314e87504837?s=96&d=mm&r=g","caption":"Arnaldo Botto"},"url":"https:\/\/www.noticiasradioreflejos.com.ar\/2021\/author\/arnaldo\/"}]}},"_links":{"self":[{"href":"https:\/\/www.noticiasradioreflejos.com.ar\/2021\/wp-json\/wp\/v2\/posts\/23571","targetHints":{"allow":["GET"]}}],"collection":[{"href":"https:\/\/www.noticiasradioreflejos.com.ar\/2021\/wp-json\/wp\/v2\/posts"}],"about":[{"href":"https:\/\/www.noticiasradioreflejos.com.ar\/2021\/wp-json\/wp\/v2\/types\/post"}],"author":[{"embeddable":true,"href":"https:\/\/www.noticiasradioreflejos.com.ar\/2021\/wp-json\/wp\/v2\/users\/3"}],"replies":[{"embeddable":true,"href":"https:\/\/www.noticiasradioreflejos.com.ar\/2021\/wp-json\/wp\/v2\/comments?post=23571"}],"version-history":[{"count":0,"href":"https:\/\/www.noticiasradioreflejos.com.ar\/2021\/wp-json\/wp\/v2\/posts\/23571\/revisions"}],"wp:featuredmedia":[{"embeddable":true,"href":"https:\/\/www.noticiasradioreflejos.com.ar\/2021\/wp-json\/"}],"wp:attachment":[{"href":"https:\/\/www.noticiasradioreflejos.com.ar\/2021\/wp-json\/wp\/v2\/media?parent=23571"}],"wp:term":[{"taxonomy":"category","embeddable":true,"href":"https:\/\/www.noticiasradioreflejos.com.ar\/2021\/wp-json\/wp\/v2\/categories?post=23571"},{"taxonomy":"post_tag","embeddable":true,"href":"https:\/\/www.noticiasradioreflejos.com.ar\/2021\/wp-json\/wp\/v2\/tags?post=23571"}],"curies":[{"name":"wp","href":"https:\/\/api.w.org\/{rel}","templated":true}]}}