{"id":23562,"date":"2018-07-26T07:40:14","date_gmt":"2018-07-26T10:40:14","guid":{"rendered":"http:\/\/www.noticiasradioreflejos.com.ar\/noticias\/?p=23562"},"modified":"2018-07-26T07:40:14","modified_gmt":"2018-07-26T10:40:14","slug":"ni-un-paso-atras","status":"publish","type":"post","link":"https:\/\/www.noticiasradioreflejos.com.ar\/2021\/ni-un-paso-atras\/","title":{"rendered":"&quot;Ni un paso atr\u00e1s&quot;"},"content":{"rendered":"<p>Comunicado de Mujer Arte y Memoria:<br \/>\nDurante el debate sobre la ley de interrupci\u00f3n voluntaria del embarazo tanto en las Camaras de Diputados como Senadores, much\u00edsimas son las BARBARIDADES que hemos tenido que escuchar.<!--more--><br \/>\nDesde que somos perras o marsupiales, somos angelicales, somos envases, somos pastoras de la vida, somos asesinas, somos nazis, etc. Sin embargo no hemos salido a pronunciarnos. Pero este caso es aun mas grave, porque no es solo discriminador de las mujeres y de los colectivos de diversidad sexual, sino que pone en riesgo a las generaciones actuales y futuras que pueden tomar esto como cierto, y acent\u00faan las caracter\u00edsticas patriarcales de nuestra sociedad que tanto mal nos hacen.<br \/>\nReconocemos la tarea del Dr Albino en la desnutrici\u00f3n infantil, pero lo expuesto en la Camara de Senadores, solo son sus opiniones personales no basadas en la ciencia, ni en la verdad, ni en el respeto. Y antes las mismas, solo queremos hacer algunas aclaraciones.<br \/>\nNUESTRO PA\u00cdS CUENTA CON LEYES GARANTIZAN LA EDUCACI\u00d3N SEXUAL Y LOS DERECHOS SEXUALES Y REPRODUCTIVOS DE SUS HABITANTES. Y LAS OPINIONES DEL DR ALBINO, PONEN EN RIESGO TODO LO CONSEGUIDO, DADO QUE PUEDEN SER TOMADAS COMO VERDADERAS LLEVANDO A LAS PERSONAS A VIVIR UNA SEXUALIDAD CONDICIONADA.<br \/>\nAFIRMAMOS COMO LA FUNDACION HUESPED, CUANDO LE CONTESTARA AL DR ALBINO EN EL 2015 (lamentablemente hoy no perdieron vigencia),\u201d\u2026EL PRESERVATIVO ES LA MEJOR FORMA DE PREVENIR EL VIH, OTRAS INFECCIONES DE TRANSMISI\u00d3N SEXUAL Y EMBARAZOS NO PLANIFICADOS. EST\u00c1 PROBADO CIENT\u00cdFICAMENTE QUE EL TAMA\u00d1O DEL VIRUS NO TRASPASA EL L\u00c1TEX, Y DIFERENTES ESTUDIOS SE\u00d1ALAN LA EFICIENCIA DEL USO CORRECTO Y CONSISTENTE DEL COND\u00d3N. CIENTOS DE MILES DE PAREJAS SERO-DISCORDANTES (CUANDO UNO DE LOS INTEGRANTES DE LA PAREJA VIVE CON VIH Y EL OTRO NO) EN TODO EL MUNDO CORROBORAN LA EFICACIA DEL USO DEL PRESERVATIVO\u201d.<br \/>\nPor las generaciones futuras, por todos, todas y todes, no queremos retroceder en los derechos que en materia de educacion sexual, derechos sexuales y reproductivos hemos conseguido, por eso ante estas declaraciones decimos&#8230;<br \/>\nNI UN PASO ATR\u00c1S.<\/p>\n","protected":false},"excerpt":{"rendered":"<p>Comunicado de Mujer Arte y Memoria: Durante el debate sobre la ley de interrupci\u00f3n voluntaria del embarazo tanto en las Camaras de Diputados como Senadores, much\u00edsimas son las BARBARIDADES que hemos tenido que escuchar.<\/p>\n","protected":false},"author":3,"featured_media":0,"comment_status":"closed","ping_status":"open","sticky":false,"template":"","format":"standard","meta":{"footnotes":""},"categories":[24],"tags":[],"class_list":["post-23562","post","type-post","status-publish","format-standard","hentry","category-politica"],"yoast_head":"<!-- This site is optimized with the Yoast SEO plugin v25.9 - https:\/\/yoast.com\/wordpress\/plugins\/seo\/ -->\n<title>&quot;Ni un paso atr\u00e1s&quot; - Noticias Radio Reflejos<\/title>\n<meta name=\"robots\" content=\"index, follow, max-snippet:-1, max-image-preview:large, max-video-preview:-1\" \/>\n<link rel=\"canonical\" href=\"https:\/\/www.noticiasradioreflejos.com.ar\/2021\/ni-un-paso-atras\/\" \/>\n<meta property=\"og:locale\" content=\"es_ES\" \/>\n<meta property=\"og:type\" content=\"article\" \/>\n<meta property=\"og:title\" content=\"&quot;Ni un paso atr\u00e1s&quot; - Noticias Radio Reflejos\" \/>\n<meta property=\"og:description\" content=\"Comunicado de Mujer Arte y Memoria: Durante el debate sobre la ley de interrupci\u00f3n voluntaria del embarazo tanto en las Camaras de Diputados como Senadores, much\u00edsimas son las BARBARIDADES que hemos tenido que escuchar.\" \/>\n<meta property=\"og:url\" content=\"https:\/\/www.noticiasradioreflejos.com.ar\/2021\/ni-un-paso-atras\/\" \/>\n<meta property=\"og:site_name\" content=\"Noticias Radio Reflejos\" \/>\n<meta property=\"article:published_time\" content=\"2018-07-26T10:40:14+00:00\" \/>\n<meta property=\"og:image\" content=\"https:\/\/www.noticiasradioreflejos.com.ar\/2021\/wp-content\/uploads\/2021\/07\/logosol300x200.png\" \/>\n\t<meta property=\"og:image:width\" content=\"300\" \/>\n\t<meta property=\"og:image:height\" content=\"200\" \/>\n\t<meta property=\"og:image:type\" content=\"image\/png\" \/>\n<meta name=\"author\" content=\"Arnaldo Botto\" \/>\n<meta name=\"twitter:card\" content=\"summary_large_image\" \/>\n<script type=\"application\/ld+json\" class=\"yoast-schema-graph\">{\"@context\":\"https:\/\/schema.org\",\"@graph\":[{\"@type\":\"WebPage\",\"@id\":\"https:\/\/www.noticiasradioreflejos.com.ar\/2021\/ni-un-paso-atras\/\",\"url\":\"https:\/\/www.noticiasradioreflejos.com.ar\/2021\/ni-un-paso-atras\/\",\"name\":\"&quot;Ni un paso atr\u00e1s&quot; - Noticias Radio Reflejos\",\"isPartOf\":{\"@id\":\"https:\/\/www.noticiasradioreflejos.com.ar\/2021\/#website\"},\"datePublished\":\"2018-07-26T10:40:14+00:00\",\"author\":{\"@id\":\"https:\/\/www.noticiasradioreflejos.com.ar\/2021\/#\/schema\/person\/ad82545263dcc5ec0996818884fd5fb1\"},\"breadcrumb\":{\"@id\":\"https:\/\/www.noticiasradioreflejos.com.ar\/2021\/ni-un-paso-atras\/#breadcrumb\"},\"inLanguage\":\"es\",\"potentialAction\":[{\"@type\":\"ReadAction\",\"target\":[\"https:\/\/www.noticiasradioreflejos.com.ar\/2021\/ni-un-paso-atras\/\"]}]},{\"@type\":\"BreadcrumbList\",\"@id\":\"https:\/\/www.noticiasradioreflejos.com.ar\/2021\/ni-un-paso-atras\/#breadcrumb\",\"itemListElement\":[{\"@type\":\"ListItem\",\"position\":1,\"name\":\"Portada\",\"item\":\"https:\/\/www.noticiasradioreflejos.com.ar\/2021\/\"},{\"@type\":\"ListItem\",\"position\":2,\"name\":\"&quot;Ni un paso atr\u00e1s&quot;\"}]},{\"@type\":\"WebSite\",\"@id\":\"https:\/\/www.noticiasradioreflejos.com.ar\/2021\/#website\",\"url\":\"https:\/\/www.noticiasradioreflejos.com.ar\/2021\/\",\"name\":\"Noticias Radio Reflejos\",\"description\":\"Las noticias de mi comarca\",\"potentialAction\":[{\"@type\":\"SearchAction\",\"target\":{\"@type\":\"EntryPoint\",\"urlTemplate\":\"https:\/\/www.noticiasradioreflejos.com.ar\/2021\/?s={search_term_string}\"},\"query-input\":{\"@type\":\"PropertyValueSpecification\",\"valueRequired\":true,\"valueName\":\"search_term_string\"}}],\"inLanguage\":\"es\"},{\"@type\":\"Person\",\"@id\":\"https:\/\/www.noticiasradioreflejos.com.ar\/2021\/#\/schema\/person\/ad82545263dcc5ec0996818884fd5fb1\",\"name\":\"Arnaldo Botto\",\"image\":{\"@type\":\"ImageObject\",\"inLanguage\":\"es\",\"@id\":\"https:\/\/www.noticiasradioreflejos.com.ar\/2021\/#\/schema\/person\/image\/\",\"url\":\"https:\/\/secure.gravatar.com\/avatar\/55cb5e37c1efa326397366e6974cb338056df65cb50e7d64d1cf314e87504837?s=96&d=mm&r=g\",\"contentUrl\":\"https:\/\/secure.gravatar.com\/avatar\/55cb5e37c1efa326397366e6974cb338056df65cb50e7d64d1cf314e87504837?s=96&d=mm&r=g\",\"caption\":\"Arnaldo Botto\"},\"url\":\"https:\/\/www.noticiasradioreflejos.com.ar\/2021\/author\/arnaldo\/\"}]}<\/script>\n<!-- \/ Yoast SEO plugin. -->","yoast_head_json":{"title":"&quot;Ni un paso atr\u00e1s&quot; - Noticias Radio Reflejos","robots":{"index":"index","follow":"follow","max-snippet":"max-snippet:-1","max-image-preview":"max-image-preview:large","max-video-preview":"max-video-preview:-1"},"canonical":"https:\/\/www.noticiasradioreflejos.com.ar\/2021\/ni-un-paso-atras\/","og_locale":"es_ES","og_type":"article","og_title":"&quot;Ni un paso atr\u00e1s&quot; - Noticias Radio Reflejos","og_description":"Comunicado de Mujer Arte y Memoria: Durante el debate sobre la ley de interrupci\u00f3n voluntaria del embarazo tanto en las Camaras de Diputados como Senadores, much\u00edsimas son las BARBARIDADES que hemos tenido que escuchar.","og_url":"https:\/\/www.noticiasradioreflejos.com.ar\/2021\/ni-un-paso-atras\/","og_site_name":"Noticias Radio Reflejos","article_published_time":"2018-07-26T10:40:14+00:00","og_image":[{"width":300,"height":200,"url":"https:\/\/www.noticiasradioreflejos.com.ar\/2021\/wp-content\/uploads\/2021\/07\/logosol300x200.png","type":"image\/png"}],"author":"Arnaldo Botto","twitter_card":"summary_large_image","schema":{"@context":"https:\/\/schema.org","@graph":[{"@type":"WebPage","@id":"https:\/\/www.noticiasradioreflejos.com.ar\/2021\/ni-un-paso-atras\/","url":"https:\/\/www.noticiasradioreflejos.com.ar\/2021\/ni-un-paso-atras\/","name":"&quot;Ni un paso atr\u00e1s&quot; - Noticias Radio Reflejos","isPartOf":{"@id":"https:\/\/www.noticiasradioreflejos.com.ar\/2021\/#website"},"datePublished":"2018-07-26T10:40:14+00:00","author":{"@id":"https:\/\/www.noticiasradioreflejos.com.ar\/2021\/#\/schema\/person\/ad82545263dcc5ec0996818884fd5fb1"},"breadcrumb":{"@id":"https:\/\/www.noticiasradioreflejos.com.ar\/2021\/ni-un-paso-atras\/#breadcrumb"},"inLanguage":"es","potentialAction":[{"@type":"ReadAction","target":["https:\/\/www.noticiasradioreflejos.com.ar\/2021\/ni-un-paso-atras\/"]}]},{"@type":"BreadcrumbList","@id":"https:\/\/www.noticiasradioreflejos.com.ar\/2021\/ni-un-paso-atras\/#breadcrumb","itemListElement":[{"@type":"ListItem","position":1,"name":"Portada","item":"https:\/\/www.noticiasradioreflejos.com.ar\/2021\/"},{"@type":"ListItem","position":2,"name":"&quot;Ni un paso atr\u00e1s&quot;"}]},{"@type":"WebSite","@id":"https:\/\/www.noticiasradioreflejos.com.ar\/2021\/#website","url":"https:\/\/www.noticiasradioreflejos.com.ar\/2021\/","name":"Noticias Radio Reflejos","description":"Las noticias de mi comarca","potentialAction":[{"@type":"SearchAction","target":{"@type":"EntryPoint","urlTemplate":"https:\/\/www.noticiasradioreflejos.com.ar\/2021\/?s={search_term_string}"},"query-input":{"@type":"PropertyValueSpecification","valueRequired":true,"valueName":"search_term_string"}}],"inLanguage":"es"},{"@type":"Person","@id":"https:\/\/www.noticiasradioreflejos.com.ar\/2021\/#\/schema\/person\/ad82545263dcc5ec0996818884fd5fb1","name":"Arnaldo Botto","image":{"@type":"ImageObject","inLanguage":"es","@id":"https:\/\/www.noticiasradioreflejos.com.ar\/2021\/#\/schema\/person\/image\/","url":"https:\/\/secure.gravatar.com\/avatar\/55cb5e37c1efa326397366e6974cb338056df65cb50e7d64d1cf314e87504837?s=96&d=mm&r=g","contentUrl":"https:\/\/secure.gravatar.com\/avatar\/55cb5e37c1efa326397366e6974cb338056df65cb50e7d64d1cf314e87504837?s=96&d=mm&r=g","caption":"Arnaldo Botto"},"url":"https:\/\/www.noticiasradioreflejos.com.ar\/2021\/author\/arnaldo\/"}]}},"_links":{"self":[{"href":"https:\/\/www.noticiasradioreflejos.com.ar\/2021\/wp-json\/wp\/v2\/posts\/23562","targetHints":{"allow":["GET"]}}],"collection":[{"href":"https:\/\/www.noticiasradioreflejos.com.ar\/2021\/wp-json\/wp\/v2\/posts"}],"about":[{"href":"https:\/\/www.noticiasradioreflejos.com.ar\/2021\/wp-json\/wp\/v2\/types\/post"}],"author":[{"embeddable":true,"href":"https:\/\/www.noticiasradioreflejos.com.ar\/2021\/wp-json\/wp\/v2\/users\/3"}],"replies":[{"embeddable":true,"href":"https:\/\/www.noticiasradioreflejos.com.ar\/2021\/wp-json\/wp\/v2\/comments?post=23562"}],"version-history":[{"count":0,"href":"https:\/\/www.noticiasradioreflejos.com.ar\/2021\/wp-json\/wp\/v2\/posts\/23562\/revisions"}],"wp:attachment":[{"href":"https:\/\/www.noticiasradioreflejos.com.ar\/2021\/wp-json\/wp\/v2\/media?parent=23562"}],"wp:term":[{"taxonomy":"category","embeddable":true,"href":"https:\/\/www.noticiasradioreflejos.com.ar\/2021\/wp-json\/wp\/v2\/categories?post=23562"},{"taxonomy":"post_tag","embeddable":true,"href":"https:\/\/www.noticiasradioreflejos.com.ar\/2021\/wp-json\/wp\/v2\/tags?post=23562"}],"curies":[{"name":"wp","href":"https:\/\/api.w.org\/{rel}","templated":true}]}}