{"id":23560,"date":"2018-07-26T07:38:58","date_gmt":"2018-07-26T10:38:58","guid":{"rendered":"http:\/\/www.noticiasradioreflejos.com.ar\/noticias\/?p=23560"},"modified":"2018-07-26T07:38:58","modified_gmt":"2018-07-26T10:38:58","slug":"nunca-mas","status":"publish","type":"post","link":"https:\/\/www.noticiasradioreflejos.com.ar\/2021\/nunca-mas\/","title":{"rendered":"Nunca M\u00e0s..!"},"content":{"rendered":"<p>El <strong>SUTEBA Tornquist <\/strong>y su cuerpo de delegados repudia categ\u00f3ricamente el anuncio realizado el 23 de Julio pasado por el presidente Mauricio Macri en Campo de Mayo, en \u00e9l plante\u00f3 la puesta en marcha de \u00abuna reforma del sistema de Defensa. EN ESE ACTO HABILIT\u00d3 A LAS FUERZAS ARMADAS A INTERVENIR en tarea de seguridad interior, modificando el Decreto N\u00ba 727\/2006, que limit\u00f3 el rol de las Fuerzas Armadas.<!--more--><br \/>\nExpresamos nuestra preocupaci\u00f3n y rechazo frente al hecho de que el Estado habilite la intervenci\u00f3n de las Fuerzas Armadas en cuestiones de seguridad interna, violando las leyes de defensa nacional y seguridad interior, cuya modificaci\u00f3n es posible \u00fanicamente a trav\u00e9s del debate en el marco del Congreso Nacional. Una vez mas el Gobierno Nacional desconoce Leyes vigentes en nuestro pa\u00eds y toma medidas tan graves y sentidas en nuestro pueblo, que no termina de cerrar heridas, ni de juzgar las graves violaciones a los DDHH llevadas adelante por las Fuerzas Armadas a trav\u00e9s del Terrorismo de Estado implementado durante la \u00faltima dictadura c\u00edvico militar. Gobierno que parad\u00f3gicamente habilita y permite la instalaci\u00f3n de bases de fuerzas armadas extranjeras (EEUU) en nuestro Pa\u00eds, en las zonas de mayores recursos naturales (agua, petr\u00f3leo y gas).<br \/>\nImplementar esta medida constituye una regresi\u00f3n en materia de derechos humanos, que a su vez, desconoce las luchas del pueblo argentino por imponer marcos institucionales al accionar de las FFAA desde el retorno de la democracia.<br \/>\nAsimismo el d\u00eda de ma\u00f1ana estaremos acompa\u00f1ando el acto de los organismos de DDHH frente al ministerio de defensa<br \/>\n<!--more--><\/p>\n","protected":false},"excerpt":{"rendered":"<p>El SUTEBA Tornquist y su cuerpo de delegados repudia categ\u00f3ricamente el anuncio realizado el 23 de Julio pasado por el presidente Mauricio Macri en Campo de Mayo, en \u00e9l plante\u00f3 la puesta en marcha de \u00abuna reforma del sistema de Defensa. EN ESE ACTO HABILIT\u00d3 A LAS FUERZAS ARMADAS A INTERVENIR en tarea de seguridad [&hellip;]<\/p>\n","protected":false},"author":3,"featured_media":0,"comment_status":"closed","ping_status":"open","sticky":false,"template":"","format":"standard","meta":{"footnotes":""},"categories":[24],"tags":[],"class_list":["post-23560","post","type-post","status-publish","format-standard","hentry","category-politica"],"yoast_head":"<!-- This site is optimized with the Yoast SEO plugin v25.9 - https:\/\/yoast.com\/wordpress\/plugins\/seo\/ -->\n<title>Nunca M\u00e0s..! - Noticias Radio Reflejos<\/title>\n<meta name=\"robots\" content=\"index, follow, max-snippet:-1, max-image-preview:large, max-video-preview:-1\" \/>\n<link rel=\"canonical\" href=\"https:\/\/www.noticiasradioreflejos.com.ar\/2021\/nunca-mas\/\" \/>\n<meta property=\"og:locale\" content=\"es_ES\" \/>\n<meta property=\"og:type\" content=\"article\" \/>\n<meta property=\"og:title\" content=\"Nunca M\u00e0s..! - Noticias Radio Reflejos\" \/>\n<meta property=\"og:description\" content=\"El SUTEBA Tornquist y su cuerpo de delegados repudia categ\u00f3ricamente el anuncio realizado el 23 de Julio pasado por el presidente Mauricio Macri en Campo de Mayo, en \u00e9l plante\u00f3 la puesta en marcha de \u00abuna reforma del sistema de Defensa. EN ESE ACTO HABILIT\u00d3 A LAS FUERZAS ARMADAS A INTERVENIR en tarea de seguridad [&hellip;]\" \/>\n<meta property=\"og:url\" content=\"https:\/\/www.noticiasradioreflejos.com.ar\/2021\/nunca-mas\/\" \/>\n<meta property=\"og:site_name\" content=\"Noticias Radio Reflejos\" \/>\n<meta property=\"article:published_time\" content=\"2018-07-26T10:38:58+00:00\" \/>\n<meta property=\"og:image\" content=\"https:\/\/www.noticiasradioreflejos.com.ar\/2021\/wp-content\/uploads\/2021\/07\/logosol300x200.png\" \/>\n\t<meta property=\"og:image:width\" content=\"300\" \/>\n\t<meta property=\"og:image:height\" content=\"200\" \/>\n\t<meta property=\"og:image:type\" content=\"image\/png\" \/>\n<meta name=\"author\" content=\"Arnaldo Botto\" \/>\n<meta name=\"twitter:card\" content=\"summary_large_image\" \/>\n<script type=\"application\/ld+json\" class=\"yoast-schema-graph\">{\"@context\":\"https:\/\/schema.org\",\"@graph\":[{\"@type\":\"WebPage\",\"@id\":\"https:\/\/www.noticiasradioreflejos.com.ar\/2021\/nunca-mas\/\",\"url\":\"https:\/\/www.noticiasradioreflejos.com.ar\/2021\/nunca-mas\/\",\"name\":\"Nunca M\u00e0s..! - Noticias Radio Reflejos\",\"isPartOf\":{\"@id\":\"https:\/\/www.noticiasradioreflejos.com.ar\/2021\/#website\"},\"datePublished\":\"2018-07-26T10:38:58+00:00\",\"author\":{\"@id\":\"https:\/\/www.noticiasradioreflejos.com.ar\/2021\/#\/schema\/person\/ad82545263dcc5ec0996818884fd5fb1\"},\"breadcrumb\":{\"@id\":\"https:\/\/www.noticiasradioreflejos.com.ar\/2021\/nunca-mas\/#breadcrumb\"},\"inLanguage\":\"es\",\"potentialAction\":[{\"@type\":\"ReadAction\",\"target\":[\"https:\/\/www.noticiasradioreflejos.com.ar\/2021\/nunca-mas\/\"]}]},{\"@type\":\"BreadcrumbList\",\"@id\":\"https:\/\/www.noticiasradioreflejos.com.ar\/2021\/nunca-mas\/#breadcrumb\",\"itemListElement\":[{\"@type\":\"ListItem\",\"position\":1,\"name\":\"Portada\",\"item\":\"https:\/\/www.noticiasradioreflejos.com.ar\/2021\/\"},{\"@type\":\"ListItem\",\"position\":2,\"name\":\"Nunca M\u00e0s..!\"}]},{\"@type\":\"WebSite\",\"@id\":\"https:\/\/www.noticiasradioreflejos.com.ar\/2021\/#website\",\"url\":\"https:\/\/www.noticiasradioreflejos.com.ar\/2021\/\",\"name\":\"Noticias Radio Reflejos\",\"description\":\"Las noticias de mi comarca\",\"potentialAction\":[{\"@type\":\"SearchAction\",\"target\":{\"@type\":\"EntryPoint\",\"urlTemplate\":\"https:\/\/www.noticiasradioreflejos.com.ar\/2021\/?s={search_term_string}\"},\"query-input\":{\"@type\":\"PropertyValueSpecification\",\"valueRequired\":true,\"valueName\":\"search_term_string\"}}],\"inLanguage\":\"es\"},{\"@type\":\"Person\",\"@id\":\"https:\/\/www.noticiasradioreflejos.com.ar\/2021\/#\/schema\/person\/ad82545263dcc5ec0996818884fd5fb1\",\"name\":\"Arnaldo Botto\",\"image\":{\"@type\":\"ImageObject\",\"inLanguage\":\"es\",\"@id\":\"https:\/\/www.noticiasradioreflejos.com.ar\/2021\/#\/schema\/person\/image\/\",\"url\":\"https:\/\/secure.gravatar.com\/avatar\/55cb5e37c1efa326397366e6974cb338056df65cb50e7d64d1cf314e87504837?s=96&d=mm&r=g\",\"contentUrl\":\"https:\/\/secure.gravatar.com\/avatar\/55cb5e37c1efa326397366e6974cb338056df65cb50e7d64d1cf314e87504837?s=96&d=mm&r=g\",\"caption\":\"Arnaldo Botto\"},\"url\":\"https:\/\/www.noticiasradioreflejos.com.ar\/2021\/author\/arnaldo\/\"}]}<\/script>\n<!-- \/ Yoast SEO plugin. -->","yoast_head_json":{"title":"Nunca M\u00e0s..! - Noticias Radio Reflejos","robots":{"index":"index","follow":"follow","max-snippet":"max-snippet:-1","max-image-preview":"max-image-preview:large","max-video-preview":"max-video-preview:-1"},"canonical":"https:\/\/www.noticiasradioreflejos.com.ar\/2021\/nunca-mas\/","og_locale":"es_ES","og_type":"article","og_title":"Nunca M\u00e0s..! - Noticias Radio Reflejos","og_description":"El SUTEBA Tornquist y su cuerpo de delegados repudia categ\u00f3ricamente el anuncio realizado el 23 de Julio pasado por el presidente Mauricio Macri en Campo de Mayo, en \u00e9l plante\u00f3 la puesta en marcha de \u00abuna reforma del sistema de Defensa. EN ESE ACTO HABILIT\u00d3 A LAS FUERZAS ARMADAS A INTERVENIR en tarea de seguridad [&hellip;]","og_url":"https:\/\/www.noticiasradioreflejos.com.ar\/2021\/nunca-mas\/","og_site_name":"Noticias Radio Reflejos","article_published_time":"2018-07-26T10:38:58+00:00","og_image":[{"width":300,"height":200,"url":"https:\/\/www.noticiasradioreflejos.com.ar\/2021\/wp-content\/uploads\/2021\/07\/logosol300x200.png","type":"image\/png"}],"author":"Arnaldo Botto","twitter_card":"summary_large_image","schema":{"@context":"https:\/\/schema.org","@graph":[{"@type":"WebPage","@id":"https:\/\/www.noticiasradioreflejos.com.ar\/2021\/nunca-mas\/","url":"https:\/\/www.noticiasradioreflejos.com.ar\/2021\/nunca-mas\/","name":"Nunca M\u00e0s..! - Noticias Radio Reflejos","isPartOf":{"@id":"https:\/\/www.noticiasradioreflejos.com.ar\/2021\/#website"},"datePublished":"2018-07-26T10:38:58+00:00","author":{"@id":"https:\/\/www.noticiasradioreflejos.com.ar\/2021\/#\/schema\/person\/ad82545263dcc5ec0996818884fd5fb1"},"breadcrumb":{"@id":"https:\/\/www.noticiasradioreflejos.com.ar\/2021\/nunca-mas\/#breadcrumb"},"inLanguage":"es","potentialAction":[{"@type":"ReadAction","target":["https:\/\/www.noticiasradioreflejos.com.ar\/2021\/nunca-mas\/"]}]},{"@type":"BreadcrumbList","@id":"https:\/\/www.noticiasradioreflejos.com.ar\/2021\/nunca-mas\/#breadcrumb","itemListElement":[{"@type":"ListItem","position":1,"name":"Portada","item":"https:\/\/www.noticiasradioreflejos.com.ar\/2021\/"},{"@type":"ListItem","position":2,"name":"Nunca M\u00e0s..!"}]},{"@type":"WebSite","@id":"https:\/\/www.noticiasradioreflejos.com.ar\/2021\/#website","url":"https:\/\/www.noticiasradioreflejos.com.ar\/2021\/","name":"Noticias Radio Reflejos","description":"Las noticias de mi comarca","potentialAction":[{"@type":"SearchAction","target":{"@type":"EntryPoint","urlTemplate":"https:\/\/www.noticiasradioreflejos.com.ar\/2021\/?s={search_term_string}"},"query-input":{"@type":"PropertyValueSpecification","valueRequired":true,"valueName":"search_term_string"}}],"inLanguage":"es"},{"@type":"Person","@id":"https:\/\/www.noticiasradioreflejos.com.ar\/2021\/#\/schema\/person\/ad82545263dcc5ec0996818884fd5fb1","name":"Arnaldo Botto","image":{"@type":"ImageObject","inLanguage":"es","@id":"https:\/\/www.noticiasradioreflejos.com.ar\/2021\/#\/schema\/person\/image\/","url":"https:\/\/secure.gravatar.com\/avatar\/55cb5e37c1efa326397366e6974cb338056df65cb50e7d64d1cf314e87504837?s=96&d=mm&r=g","contentUrl":"https:\/\/secure.gravatar.com\/avatar\/55cb5e37c1efa326397366e6974cb338056df65cb50e7d64d1cf314e87504837?s=96&d=mm&r=g","caption":"Arnaldo Botto"},"url":"https:\/\/www.noticiasradioreflejos.com.ar\/2021\/author\/arnaldo\/"}]}},"_links":{"self":[{"href":"https:\/\/www.noticiasradioreflejos.com.ar\/2021\/wp-json\/wp\/v2\/posts\/23560","targetHints":{"allow":["GET"]}}],"collection":[{"href":"https:\/\/www.noticiasradioreflejos.com.ar\/2021\/wp-json\/wp\/v2\/posts"}],"about":[{"href":"https:\/\/www.noticiasradioreflejos.com.ar\/2021\/wp-json\/wp\/v2\/types\/post"}],"author":[{"embeddable":true,"href":"https:\/\/www.noticiasradioreflejos.com.ar\/2021\/wp-json\/wp\/v2\/users\/3"}],"replies":[{"embeddable":true,"href":"https:\/\/www.noticiasradioreflejos.com.ar\/2021\/wp-json\/wp\/v2\/comments?post=23560"}],"version-history":[{"count":0,"href":"https:\/\/www.noticiasradioreflejos.com.ar\/2021\/wp-json\/wp\/v2\/posts\/23560\/revisions"}],"wp:attachment":[{"href":"https:\/\/www.noticiasradioreflejos.com.ar\/2021\/wp-json\/wp\/v2\/media?parent=23560"}],"wp:term":[{"taxonomy":"category","embeddable":true,"href":"https:\/\/www.noticiasradioreflejos.com.ar\/2021\/wp-json\/wp\/v2\/categories?post=23560"},{"taxonomy":"post_tag","embeddable":true,"href":"https:\/\/www.noticiasradioreflejos.com.ar\/2021\/wp-json\/wp\/v2\/tags?post=23560"}],"curies":[{"name":"wp","href":"https:\/\/api.w.org\/{rel}","templated":true}]}}