{"id":23557,"date":"2018-07-25T22:32:41","date_gmt":"2018-07-26T01:32:41","guid":{"rendered":"http:\/\/www.noticiasradioreflejos.com.ar\/noticias\/?p=23557"},"modified":"2018-07-25T22:32:41","modified_gmt":"2018-07-26T01:32:41","slug":"villa-ventana-celebro-su-71o-aniversario","status":"publish","type":"post","link":"https:\/\/www.noticiasradioreflejos.com.ar\/2021\/villa-ventana-celebro-su-71o-aniversario\/","title":{"rendered":"Villa Ventana celebr\u00f3 su 71\u00ba aniversario"},"content":{"rendered":"<p>Con un acto protocolar, hoy por la ma\u00f1ana, Villa Ventana celebr\u00f3 su 71\u00ba aniversario. El mismo tuvo lugar en la Plaza Salerno y fue encabezado por el intendente municipal Sergio Bordoni.<!--more--><br \/>\nAutoridades del ejecutivo municipal, concejales, instituciones y vecinos, se reunieron hoy a las 10.30hs para conmemorar un nuevo aniversario de la localidad de Villa Ventana.<br \/>\nLa apertura estuvo a cargo del di\u00e1cono, Fernando Alcaraz, quien bendijo, como es habitual, a toda la comunidad, luego fue el turno de dos vecinas, Sra. Alicia Abalos de Gonz\u00e1lez y Elisa Loffler; quienes relataron sus vivencias en la localidad. La alocuci\u00f3n continu\u00f3 con las palabras del delegado municipal, Hugo Scabuso.<br \/>\nDurante el acto, se hizo entrega de un reconocimiento, por su trayectoria como empleado municipal, a Carlos Alberto Omar Pascal, quien cumpli\u00f3 generosamente su funci\u00f3n mas all\u00e1 de sus responsabilidades.<br \/>\nPara finalizar la parte protocolar, el jefe comunal se dirigi\u00f3 al p\u00fablico presente, deseando que continu\u00e9 el trabajo en conjunto con las distintas instituciones locales, e informando que en los pr\u00f3ximos d\u00edas se dar\u00e1 a conocer, el ganador de la licitaci\u00f3n que culminar\u00e1 con la tan anhelada obra en la EP N\u00ba21 y la EES N\u00ba5 de la localidad.<br \/>\nLos festejos culminaron con el tradicional \u00e1gape en la plaza principal de la villa.<br \/>\n<a title=\"villa ventana acto3\" href=\"http:\/\/farm1.staticflickr.com\/940\/41835094020_6b6fa2fb48_z.jpg\" rel=\"\"><img loading=\"lazy\" decoding=\"async\" class=\"aligncenter\" title=\"villa ventana acto3\" src=\"http:\/\/farm1.staticflickr.com\/940\/41835094020_6b6fa2fb48_z.jpg\" alt=\"villa ventana acto3\" width=\"565\" height=\"630\" \/><\/a><br \/>\n<a title=\"villa ventana acto2\" href=\"http:\/\/farm1.staticflickr.com\/921\/41835099910_caa9aa6a83_z.jpg\" rel=\"\"><img loading=\"lazy\" decoding=\"async\" class=\"aligncenter\" title=\"villa ventana acto2\" src=\"http:\/\/farm1.staticflickr.com\/921\/41835099910_caa9aa6a83_z.jpg\" alt=\"villa ventana acto2\" width=\"640\" height=\"476\" \/><\/a><\/p>\n","protected":false},"excerpt":{"rendered":"<p>Con un acto protocolar, hoy por la ma\u00f1ana, Villa Ventana celebr\u00f3 su 71\u00ba aniversario. El mismo tuvo lugar en la Plaza Salerno y fue encabezado por el intendente municipal Sergio Bordoni.<\/p>\n","protected":false},"author":3,"featured_media":0,"comment_status":"closed","ping_status":"open","sticky":false,"template":"","format":"standard","meta":{"footnotes":""},"categories":[26],"tags":[],"class_list":["post-23557","post","type-post","status-publish","format-standard","hentry","category-sociedad"],"yoast_head":"<!-- This site is optimized with the Yoast SEO plugin v25.9 - https:\/\/yoast.com\/wordpress\/plugins\/seo\/ -->\n<title>Villa Ventana celebr\u00f3 su 71\u00ba aniversario - Noticias Radio Reflejos<\/title>\n<meta name=\"robots\" content=\"index, follow, max-snippet:-1, max-image-preview:large, max-video-preview:-1\" \/>\n<link rel=\"canonical\" href=\"https:\/\/www.noticiasradioreflejos.com.ar\/2021\/villa-ventana-celebro-su-71o-aniversario\/\" \/>\n<meta property=\"og:locale\" content=\"es_ES\" \/>\n<meta property=\"og:type\" content=\"article\" \/>\n<meta property=\"og:title\" content=\"Villa Ventana celebr\u00f3 su 71\u00ba aniversario - Noticias Radio Reflejos\" \/>\n<meta property=\"og:description\" content=\"Con un acto protocolar, hoy por la ma\u00f1ana, Villa Ventana celebr\u00f3 su 71\u00ba aniversario. El mismo tuvo lugar en la Plaza Salerno y fue encabezado por el intendente municipal Sergio Bordoni.\" \/>\n<meta property=\"og:url\" content=\"https:\/\/www.noticiasradioreflejos.com.ar\/2021\/villa-ventana-celebro-su-71o-aniversario\/\" \/>\n<meta property=\"og:site_name\" content=\"Noticias Radio Reflejos\" \/>\n<meta property=\"article:published_time\" content=\"2018-07-26T01:32:41+00:00\" \/>\n<meta property=\"og:image\" content=\"http:\/\/farm1.staticflickr.com\/940\/41835094020_6b6fa2fb48_z.jpg\" \/>\n<meta name=\"author\" content=\"Arnaldo Botto\" \/>\n<meta name=\"twitter:card\" content=\"summary_large_image\" \/>\n<script type=\"application\/ld+json\" class=\"yoast-schema-graph\">{\"@context\":\"https:\/\/schema.org\",\"@graph\":[{\"@type\":\"WebPage\",\"@id\":\"https:\/\/www.noticiasradioreflejos.com.ar\/2021\/villa-ventana-celebro-su-71o-aniversario\/\",\"url\":\"https:\/\/www.noticiasradioreflejos.com.ar\/2021\/villa-ventana-celebro-su-71o-aniversario\/\",\"name\":\"Villa Ventana celebr\u00f3 su 71\u00ba aniversario - Noticias Radio Reflejos\",\"isPartOf\":{\"@id\":\"https:\/\/www.noticiasradioreflejos.com.ar\/2021\/#website\"},\"primaryImageOfPage\":{\"@id\":\"https:\/\/www.noticiasradioreflejos.com.ar\/2021\/villa-ventana-celebro-su-71o-aniversario\/#primaryimage\"},\"image\":{\"@id\":\"https:\/\/www.noticiasradioreflejos.com.ar\/2021\/villa-ventana-celebro-su-71o-aniversario\/#primaryimage\"},\"thumbnailUrl\":\"http:\/\/farm1.staticflickr.com\/940\/41835094020_6b6fa2fb48_z.jpg\",\"datePublished\":\"2018-07-26T01:32:41+00:00\",\"author\":{\"@id\":\"https:\/\/www.noticiasradioreflejos.com.ar\/2021\/#\/schema\/person\/ad82545263dcc5ec0996818884fd5fb1\"},\"breadcrumb\":{\"@id\":\"https:\/\/www.noticiasradioreflejos.com.ar\/2021\/villa-ventana-celebro-su-71o-aniversario\/#breadcrumb\"},\"inLanguage\":\"es\",\"potentialAction\":[{\"@type\":\"ReadAction\",\"target\":[\"https:\/\/www.noticiasradioreflejos.com.ar\/2021\/villa-ventana-celebro-su-71o-aniversario\/\"]}]},{\"@type\":\"ImageObject\",\"inLanguage\":\"es\",\"@id\":\"https:\/\/www.noticiasradioreflejos.com.ar\/2021\/villa-ventana-celebro-su-71o-aniversario\/#primaryimage\",\"url\":\"http:\/\/farm1.staticflickr.com\/940\/41835094020_6b6fa2fb48_z.jpg\",\"contentUrl\":\"http:\/\/farm1.staticflickr.com\/940\/41835094020_6b6fa2fb48_z.jpg\"},{\"@type\":\"BreadcrumbList\",\"@id\":\"https:\/\/www.noticiasradioreflejos.com.ar\/2021\/villa-ventana-celebro-su-71o-aniversario\/#breadcrumb\",\"itemListElement\":[{\"@type\":\"ListItem\",\"position\":1,\"name\":\"Portada\",\"item\":\"https:\/\/www.noticiasradioreflejos.com.ar\/2021\/\"},{\"@type\":\"ListItem\",\"position\":2,\"name\":\"Villa Ventana celebr\u00f3 su 71\u00ba aniversario\"}]},{\"@type\":\"WebSite\",\"@id\":\"https:\/\/www.noticiasradioreflejos.com.ar\/2021\/#website\",\"url\":\"https:\/\/www.noticiasradioreflejos.com.ar\/2021\/\",\"name\":\"Noticias Radio Reflejos\",\"description\":\"Las noticias de mi comarca\",\"potentialAction\":[{\"@type\":\"SearchAction\",\"target\":{\"@type\":\"EntryPoint\",\"urlTemplate\":\"https:\/\/www.noticiasradioreflejos.com.ar\/2021\/?s={search_term_string}\"},\"query-input\":{\"@type\":\"PropertyValueSpecification\",\"valueRequired\":true,\"valueName\":\"search_term_string\"}}],\"inLanguage\":\"es\"},{\"@type\":\"Person\",\"@id\":\"https:\/\/www.noticiasradioreflejos.com.ar\/2021\/#\/schema\/person\/ad82545263dcc5ec0996818884fd5fb1\",\"name\":\"Arnaldo Botto\",\"image\":{\"@type\":\"ImageObject\",\"inLanguage\":\"es\",\"@id\":\"https:\/\/www.noticiasradioreflejos.com.ar\/2021\/#\/schema\/person\/image\/\",\"url\":\"https:\/\/secure.gravatar.com\/avatar\/55cb5e37c1efa326397366e6974cb338056df65cb50e7d64d1cf314e87504837?s=96&d=mm&r=g\",\"contentUrl\":\"https:\/\/secure.gravatar.com\/avatar\/55cb5e37c1efa326397366e6974cb338056df65cb50e7d64d1cf314e87504837?s=96&d=mm&r=g\",\"caption\":\"Arnaldo Botto\"},\"url\":\"https:\/\/www.noticiasradioreflejos.com.ar\/2021\/author\/arnaldo\/\"}]}<\/script>\n<!-- \/ Yoast SEO plugin. -->","yoast_head_json":{"title":"Villa Ventana celebr\u00f3 su 71\u00ba aniversario - Noticias Radio Reflejos","robots":{"index":"index","follow":"follow","max-snippet":"max-snippet:-1","max-image-preview":"max-image-preview:large","max-video-preview":"max-video-preview:-1"},"canonical":"https:\/\/www.noticiasradioreflejos.com.ar\/2021\/villa-ventana-celebro-su-71o-aniversario\/","og_locale":"es_ES","og_type":"article","og_title":"Villa Ventana celebr\u00f3 su 71\u00ba aniversario - Noticias Radio Reflejos","og_description":"Con un acto protocolar, hoy por la ma\u00f1ana, Villa Ventana celebr\u00f3 su 71\u00ba aniversario. El mismo tuvo lugar en la Plaza Salerno y fue encabezado por el intendente municipal Sergio Bordoni.","og_url":"https:\/\/www.noticiasradioreflejos.com.ar\/2021\/villa-ventana-celebro-su-71o-aniversario\/","og_site_name":"Noticias Radio Reflejos","article_published_time":"2018-07-26T01:32:41+00:00","og_image":[{"url":"http:\/\/farm1.staticflickr.com\/940\/41835094020_6b6fa2fb48_z.jpg","type":"","width":"","height":""}],"author":"Arnaldo Botto","twitter_card":"summary_large_image","schema":{"@context":"https:\/\/schema.org","@graph":[{"@type":"WebPage","@id":"https:\/\/www.noticiasradioreflejos.com.ar\/2021\/villa-ventana-celebro-su-71o-aniversario\/","url":"https:\/\/www.noticiasradioreflejos.com.ar\/2021\/villa-ventana-celebro-su-71o-aniversario\/","name":"Villa Ventana celebr\u00f3 su 71\u00ba aniversario - Noticias Radio Reflejos","isPartOf":{"@id":"https:\/\/www.noticiasradioreflejos.com.ar\/2021\/#website"},"primaryImageOfPage":{"@id":"https:\/\/www.noticiasradioreflejos.com.ar\/2021\/villa-ventana-celebro-su-71o-aniversario\/#primaryimage"},"image":{"@id":"https:\/\/www.noticiasradioreflejos.com.ar\/2021\/villa-ventana-celebro-su-71o-aniversario\/#primaryimage"},"thumbnailUrl":"http:\/\/farm1.staticflickr.com\/940\/41835094020_6b6fa2fb48_z.jpg","datePublished":"2018-07-26T01:32:41+00:00","author":{"@id":"https:\/\/www.noticiasradioreflejos.com.ar\/2021\/#\/schema\/person\/ad82545263dcc5ec0996818884fd5fb1"},"breadcrumb":{"@id":"https:\/\/www.noticiasradioreflejos.com.ar\/2021\/villa-ventana-celebro-su-71o-aniversario\/#breadcrumb"},"inLanguage":"es","potentialAction":[{"@type":"ReadAction","target":["https:\/\/www.noticiasradioreflejos.com.ar\/2021\/villa-ventana-celebro-su-71o-aniversario\/"]}]},{"@type":"ImageObject","inLanguage":"es","@id":"https:\/\/www.noticiasradioreflejos.com.ar\/2021\/villa-ventana-celebro-su-71o-aniversario\/#primaryimage","url":"http:\/\/farm1.staticflickr.com\/940\/41835094020_6b6fa2fb48_z.jpg","contentUrl":"http:\/\/farm1.staticflickr.com\/940\/41835094020_6b6fa2fb48_z.jpg"},{"@type":"BreadcrumbList","@id":"https:\/\/www.noticiasradioreflejos.com.ar\/2021\/villa-ventana-celebro-su-71o-aniversario\/#breadcrumb","itemListElement":[{"@type":"ListItem","position":1,"name":"Portada","item":"https:\/\/www.noticiasradioreflejos.com.ar\/2021\/"},{"@type":"ListItem","position":2,"name":"Villa Ventana celebr\u00f3 su 71\u00ba aniversario"}]},{"@type":"WebSite","@id":"https:\/\/www.noticiasradioreflejos.com.ar\/2021\/#website","url":"https:\/\/www.noticiasradioreflejos.com.ar\/2021\/","name":"Noticias Radio Reflejos","description":"Las noticias de mi comarca","potentialAction":[{"@type":"SearchAction","target":{"@type":"EntryPoint","urlTemplate":"https:\/\/www.noticiasradioreflejos.com.ar\/2021\/?s={search_term_string}"},"query-input":{"@type":"PropertyValueSpecification","valueRequired":true,"valueName":"search_term_string"}}],"inLanguage":"es"},{"@type":"Person","@id":"https:\/\/www.noticiasradioreflejos.com.ar\/2021\/#\/schema\/person\/ad82545263dcc5ec0996818884fd5fb1","name":"Arnaldo Botto","image":{"@type":"ImageObject","inLanguage":"es","@id":"https:\/\/www.noticiasradioreflejos.com.ar\/2021\/#\/schema\/person\/image\/","url":"https:\/\/secure.gravatar.com\/avatar\/55cb5e37c1efa326397366e6974cb338056df65cb50e7d64d1cf314e87504837?s=96&d=mm&r=g","contentUrl":"https:\/\/secure.gravatar.com\/avatar\/55cb5e37c1efa326397366e6974cb338056df65cb50e7d64d1cf314e87504837?s=96&d=mm&r=g","caption":"Arnaldo Botto"},"url":"https:\/\/www.noticiasradioreflejos.com.ar\/2021\/author\/arnaldo\/"}]}},"_links":{"self":[{"href":"https:\/\/www.noticiasradioreflejos.com.ar\/2021\/wp-json\/wp\/v2\/posts\/23557","targetHints":{"allow":["GET"]}}],"collection":[{"href":"https:\/\/www.noticiasradioreflejos.com.ar\/2021\/wp-json\/wp\/v2\/posts"}],"about":[{"href":"https:\/\/www.noticiasradioreflejos.com.ar\/2021\/wp-json\/wp\/v2\/types\/post"}],"author":[{"embeddable":true,"href":"https:\/\/www.noticiasradioreflejos.com.ar\/2021\/wp-json\/wp\/v2\/users\/3"}],"replies":[{"embeddable":true,"href":"https:\/\/www.noticiasradioreflejos.com.ar\/2021\/wp-json\/wp\/v2\/comments?post=23557"}],"version-history":[{"count":0,"href":"https:\/\/www.noticiasradioreflejos.com.ar\/2021\/wp-json\/wp\/v2\/posts\/23557\/revisions"}],"wp:attachment":[{"href":"https:\/\/www.noticiasradioreflejos.com.ar\/2021\/wp-json\/wp\/v2\/media?parent=23557"}],"wp:term":[{"taxonomy":"category","embeddable":true,"href":"https:\/\/www.noticiasradioreflejos.com.ar\/2021\/wp-json\/wp\/v2\/categories?post=23557"},{"taxonomy":"post_tag","embeddable":true,"href":"https:\/\/www.noticiasradioreflejos.com.ar\/2021\/wp-json\/wp\/v2\/tags?post=23557"}],"curies":[{"name":"wp","href":"https:\/\/api.w.org\/{rel}","templated":true}]}}