{"id":23545,"date":"2018-07-25T08:54:47","date_gmt":"2018-07-25T11:54:47","guid":{"rendered":"http:\/\/www.noticiasradioreflejos.com.ar\/noticias\/?p=23545"},"modified":"2018-07-25T08:54:47","modified_gmt":"2018-07-25T11:54:47","slug":"atractivo-para-el-receso-invernal","status":"publish","type":"post","link":"https:\/\/www.noticiasradioreflejos.com.ar\/2021\/atractivo-para-el-receso-invernal\/","title":{"rendered":"\u00bfAtractivo para el receso invernal?"},"content":{"rendered":"<p>Comunicado de los bloques Frente para la Victoria y Frente Justicialista Cumplir<br \/>\nEl 16 de abril del corriente a\u00f1o un nutrido grupo de vecinos de Saldungaray y Sierra de la Ventana se reun\u00eda con el Intendente Municipal, Secretario de Producci\u00f3n y Medioambiente, Directora de Medioambiente, Delegados Municipales de ambas localidades y concejales.<br \/>\nEl motivo de dicha reuni\u00f3n era conocer el Proyecto Municipal actual de erradicaci\u00f3n del basural a cielo abierto entre Saldungaray y Sierra de la Ventana.<!--more--><br \/>\nLas autoridades presentes expresaron lo siguiente:<br \/>\n\u2022 El objeto ser\u00e1 instalar una planta de tratamiento intermedio entre Sierra de la Ventana y Saldungaray. De all\u00ed se tomar\u00e1n los materiales que pueden reciclarse y, aquellos que no, se compactar\u00e1n para ser trasladados al relleno sanitario de Tornquist.<br \/>\n\u2022 Desde Naci\u00f3n se solventar\u00eda el costo de la membrana que es lo m\u00e1s caro.<br \/>\n\u2022 No dan los n\u00fameros para soluciones medianas como poner una persona todos los d\u00edas, es antiecon\u00f3mico.<br \/>\n\u2022 Desde educaci\u00f3n se est\u00e1n realizando proyectos con \u201caliados\u201d docentes que tienen inter\u00e9s en hacerlo. Con quienes no tienen inter\u00e9s no tiene sentido.<br \/>\n\u2022 Por lo pronto se realizar\u00e1 acopio de tierra para apagar el fuego en caso de incendio.<br \/>\n\u2022 Cre\u00edamos que \u00edbamos a poder con esta problem\u00e1tica pero nos super\u00f3.<br \/>\nEl intendente Sergio Bordoni expres\u00f3: \u201ctengo que venir con soluciones, venir a hablar otra vez sin soluciones es una falta de respeto\u201d.<br \/>\nPasaron m\u00e1s de tres meses, no hubo una siguiente reuni\u00f3n, en pleno receso invernal el humo del basurero vuelve a ser motivo de preocupaci\u00f3n y, evidentemente, desde el Poder Ejecutivo no hay soluci\u00f3n para lo que en campa\u00f1a se planteaba resolver f\u00e1cil y r\u00e1pidamente.<br \/>\nUna vez m\u00e1s el pueblo sigue sin respuesta ante otra promesa incumplida.<br \/>\nBLOQUES FRENTE PARA LA VICTORIA Y FRENTE JUSTICIALISTA CUMPLIR.<\/p>\n","protected":false},"excerpt":{"rendered":"<p>Comunicado de los bloques Frente para la Victoria y Frente Justicialista Cumplir El 16 de abril del corriente a\u00f1o un nutrido grupo de vecinos de Saldungaray y Sierra de la Ventana se reun\u00eda con el Intendente Municipal, Secretario de Producci\u00f3n y Medioambiente, Directora de Medioambiente, Delegados Municipales de ambas localidades y concejales. El motivo de [&hellip;]<\/p>\n","protected":false},"author":3,"featured_media":0,"comment_status":"closed","ping_status":"open","sticky":false,"template":"","format":"standard","meta":{"footnotes":""},"categories":[24],"tags":[],"class_list":["post-23545","post","type-post","status-publish","format-standard","hentry","category-politica"],"yoast_head":"<!-- This site is optimized with the Yoast SEO plugin v25.9 - https:\/\/yoast.com\/wordpress\/plugins\/seo\/ -->\n<title>\u00bfAtractivo para el receso invernal? - Noticias Radio Reflejos<\/title>\n<meta name=\"robots\" content=\"index, follow, max-snippet:-1, max-image-preview:large, max-video-preview:-1\" \/>\n<link rel=\"canonical\" href=\"https:\/\/www.noticiasradioreflejos.com.ar\/2021\/atractivo-para-el-receso-invernal\/\" \/>\n<meta property=\"og:locale\" content=\"es_ES\" \/>\n<meta property=\"og:type\" content=\"article\" \/>\n<meta property=\"og:title\" content=\"\u00bfAtractivo para el receso invernal? - Noticias Radio Reflejos\" \/>\n<meta property=\"og:description\" content=\"Comunicado de los bloques Frente para la Victoria y Frente Justicialista Cumplir El 16 de abril del corriente a\u00f1o un nutrido grupo de vecinos de Saldungaray y Sierra de la Ventana se reun\u00eda con el Intendente Municipal, Secretario de Producci\u00f3n y Medioambiente, Directora de Medioambiente, Delegados Municipales de ambas localidades y concejales. El motivo de [&hellip;]\" \/>\n<meta property=\"og:url\" content=\"https:\/\/www.noticiasradioreflejos.com.ar\/2021\/atractivo-para-el-receso-invernal\/\" \/>\n<meta property=\"og:site_name\" content=\"Noticias Radio Reflejos\" \/>\n<meta property=\"article:published_time\" content=\"2018-07-25T11:54:47+00:00\" \/>\n<meta property=\"og:image\" content=\"https:\/\/www.noticiasradioreflejos.com.ar\/2021\/wp-content\/uploads\/2021\/07\/logosol300x200.png\" \/>\n\t<meta property=\"og:image:width\" content=\"300\" \/>\n\t<meta property=\"og:image:height\" content=\"200\" \/>\n\t<meta property=\"og:image:type\" content=\"image\/png\" \/>\n<meta name=\"author\" content=\"Arnaldo Botto\" \/>\n<meta name=\"twitter:card\" content=\"summary_large_image\" \/>\n<script type=\"application\/ld+json\" class=\"yoast-schema-graph\">{\"@context\":\"https:\/\/schema.org\",\"@graph\":[{\"@type\":\"WebPage\",\"@id\":\"https:\/\/www.noticiasradioreflejos.com.ar\/2021\/atractivo-para-el-receso-invernal\/\",\"url\":\"https:\/\/www.noticiasradioreflejos.com.ar\/2021\/atractivo-para-el-receso-invernal\/\",\"name\":\"\u00bfAtractivo para el receso invernal? - Noticias Radio Reflejos\",\"isPartOf\":{\"@id\":\"https:\/\/www.noticiasradioreflejos.com.ar\/2021\/#website\"},\"datePublished\":\"2018-07-25T11:54:47+00:00\",\"author\":{\"@id\":\"https:\/\/www.noticiasradioreflejos.com.ar\/2021\/#\/schema\/person\/ad82545263dcc5ec0996818884fd5fb1\"},\"breadcrumb\":{\"@id\":\"https:\/\/www.noticiasradioreflejos.com.ar\/2021\/atractivo-para-el-receso-invernal\/#breadcrumb\"},\"inLanguage\":\"es\",\"potentialAction\":[{\"@type\":\"ReadAction\",\"target\":[\"https:\/\/www.noticiasradioreflejos.com.ar\/2021\/atractivo-para-el-receso-invernal\/\"]}]},{\"@type\":\"BreadcrumbList\",\"@id\":\"https:\/\/www.noticiasradioreflejos.com.ar\/2021\/atractivo-para-el-receso-invernal\/#breadcrumb\",\"itemListElement\":[{\"@type\":\"ListItem\",\"position\":1,\"name\":\"Portada\",\"item\":\"https:\/\/www.noticiasradioreflejos.com.ar\/2021\/\"},{\"@type\":\"ListItem\",\"position\":2,\"name\":\"\u00bfAtractivo para el receso invernal?\"}]},{\"@type\":\"WebSite\",\"@id\":\"https:\/\/www.noticiasradioreflejos.com.ar\/2021\/#website\",\"url\":\"https:\/\/www.noticiasradioreflejos.com.ar\/2021\/\",\"name\":\"Noticias Radio Reflejos\",\"description\":\"Las noticias de mi comarca\",\"potentialAction\":[{\"@type\":\"SearchAction\",\"target\":{\"@type\":\"EntryPoint\",\"urlTemplate\":\"https:\/\/www.noticiasradioreflejos.com.ar\/2021\/?s={search_term_string}\"},\"query-input\":{\"@type\":\"PropertyValueSpecification\",\"valueRequired\":true,\"valueName\":\"search_term_string\"}}],\"inLanguage\":\"es\"},{\"@type\":\"Person\",\"@id\":\"https:\/\/www.noticiasradioreflejos.com.ar\/2021\/#\/schema\/person\/ad82545263dcc5ec0996818884fd5fb1\",\"name\":\"Arnaldo Botto\",\"image\":{\"@type\":\"ImageObject\",\"inLanguage\":\"es\",\"@id\":\"https:\/\/www.noticiasradioreflejos.com.ar\/2021\/#\/schema\/person\/image\/\",\"url\":\"https:\/\/secure.gravatar.com\/avatar\/55cb5e37c1efa326397366e6974cb338056df65cb50e7d64d1cf314e87504837?s=96&d=mm&r=g\",\"contentUrl\":\"https:\/\/secure.gravatar.com\/avatar\/55cb5e37c1efa326397366e6974cb338056df65cb50e7d64d1cf314e87504837?s=96&d=mm&r=g\",\"caption\":\"Arnaldo Botto\"},\"url\":\"https:\/\/www.noticiasradioreflejos.com.ar\/2021\/author\/arnaldo\/\"}]}<\/script>\n<!-- \/ Yoast SEO plugin. -->","yoast_head_json":{"title":"\u00bfAtractivo para el receso invernal? - Noticias Radio Reflejos","robots":{"index":"index","follow":"follow","max-snippet":"max-snippet:-1","max-image-preview":"max-image-preview:large","max-video-preview":"max-video-preview:-1"},"canonical":"https:\/\/www.noticiasradioreflejos.com.ar\/2021\/atractivo-para-el-receso-invernal\/","og_locale":"es_ES","og_type":"article","og_title":"\u00bfAtractivo para el receso invernal? - Noticias Radio Reflejos","og_description":"Comunicado de los bloques Frente para la Victoria y Frente Justicialista Cumplir El 16 de abril del corriente a\u00f1o un nutrido grupo de vecinos de Saldungaray y Sierra de la Ventana se reun\u00eda con el Intendente Municipal, Secretario de Producci\u00f3n y Medioambiente, Directora de Medioambiente, Delegados Municipales de ambas localidades y concejales. El motivo de [&hellip;]","og_url":"https:\/\/www.noticiasradioreflejos.com.ar\/2021\/atractivo-para-el-receso-invernal\/","og_site_name":"Noticias Radio Reflejos","article_published_time":"2018-07-25T11:54:47+00:00","og_image":[{"width":300,"height":200,"url":"https:\/\/www.noticiasradioreflejos.com.ar\/2021\/wp-content\/uploads\/2021\/07\/logosol300x200.png","type":"image\/png"}],"author":"Arnaldo Botto","twitter_card":"summary_large_image","schema":{"@context":"https:\/\/schema.org","@graph":[{"@type":"WebPage","@id":"https:\/\/www.noticiasradioreflejos.com.ar\/2021\/atractivo-para-el-receso-invernal\/","url":"https:\/\/www.noticiasradioreflejos.com.ar\/2021\/atractivo-para-el-receso-invernal\/","name":"\u00bfAtractivo para el receso invernal? - Noticias Radio Reflejos","isPartOf":{"@id":"https:\/\/www.noticiasradioreflejos.com.ar\/2021\/#website"},"datePublished":"2018-07-25T11:54:47+00:00","author":{"@id":"https:\/\/www.noticiasradioreflejos.com.ar\/2021\/#\/schema\/person\/ad82545263dcc5ec0996818884fd5fb1"},"breadcrumb":{"@id":"https:\/\/www.noticiasradioreflejos.com.ar\/2021\/atractivo-para-el-receso-invernal\/#breadcrumb"},"inLanguage":"es","potentialAction":[{"@type":"ReadAction","target":["https:\/\/www.noticiasradioreflejos.com.ar\/2021\/atractivo-para-el-receso-invernal\/"]}]},{"@type":"BreadcrumbList","@id":"https:\/\/www.noticiasradioreflejos.com.ar\/2021\/atractivo-para-el-receso-invernal\/#breadcrumb","itemListElement":[{"@type":"ListItem","position":1,"name":"Portada","item":"https:\/\/www.noticiasradioreflejos.com.ar\/2021\/"},{"@type":"ListItem","position":2,"name":"\u00bfAtractivo para el receso invernal?"}]},{"@type":"WebSite","@id":"https:\/\/www.noticiasradioreflejos.com.ar\/2021\/#website","url":"https:\/\/www.noticiasradioreflejos.com.ar\/2021\/","name":"Noticias Radio Reflejos","description":"Las noticias de mi comarca","potentialAction":[{"@type":"SearchAction","target":{"@type":"EntryPoint","urlTemplate":"https:\/\/www.noticiasradioreflejos.com.ar\/2021\/?s={search_term_string}"},"query-input":{"@type":"PropertyValueSpecification","valueRequired":true,"valueName":"search_term_string"}}],"inLanguage":"es"},{"@type":"Person","@id":"https:\/\/www.noticiasradioreflejos.com.ar\/2021\/#\/schema\/person\/ad82545263dcc5ec0996818884fd5fb1","name":"Arnaldo Botto","image":{"@type":"ImageObject","inLanguage":"es","@id":"https:\/\/www.noticiasradioreflejos.com.ar\/2021\/#\/schema\/person\/image\/","url":"https:\/\/secure.gravatar.com\/avatar\/55cb5e37c1efa326397366e6974cb338056df65cb50e7d64d1cf314e87504837?s=96&d=mm&r=g","contentUrl":"https:\/\/secure.gravatar.com\/avatar\/55cb5e37c1efa326397366e6974cb338056df65cb50e7d64d1cf314e87504837?s=96&d=mm&r=g","caption":"Arnaldo Botto"},"url":"https:\/\/www.noticiasradioreflejos.com.ar\/2021\/author\/arnaldo\/"}]}},"_links":{"self":[{"href":"https:\/\/www.noticiasradioreflejos.com.ar\/2021\/wp-json\/wp\/v2\/posts\/23545","targetHints":{"allow":["GET"]}}],"collection":[{"href":"https:\/\/www.noticiasradioreflejos.com.ar\/2021\/wp-json\/wp\/v2\/posts"}],"about":[{"href":"https:\/\/www.noticiasradioreflejos.com.ar\/2021\/wp-json\/wp\/v2\/types\/post"}],"author":[{"embeddable":true,"href":"https:\/\/www.noticiasradioreflejos.com.ar\/2021\/wp-json\/wp\/v2\/users\/3"}],"replies":[{"embeddable":true,"href":"https:\/\/www.noticiasradioreflejos.com.ar\/2021\/wp-json\/wp\/v2\/comments?post=23545"}],"version-history":[{"count":0,"href":"https:\/\/www.noticiasradioreflejos.com.ar\/2021\/wp-json\/wp\/v2\/posts\/23545\/revisions"}],"wp:attachment":[{"href":"https:\/\/www.noticiasradioreflejos.com.ar\/2021\/wp-json\/wp\/v2\/media?parent=23545"}],"wp:term":[{"taxonomy":"category","embeddable":true,"href":"https:\/\/www.noticiasradioreflejos.com.ar\/2021\/wp-json\/wp\/v2\/categories?post=23545"},{"taxonomy":"post_tag","embeddable":true,"href":"https:\/\/www.noticiasradioreflejos.com.ar\/2021\/wp-json\/wp\/v2\/tags?post=23545"}],"curies":[{"name":"wp","href":"https:\/\/api.w.org\/{rel}","templated":true}]}}