{"id":23541,"date":"2018-07-24T19:18:35","date_gmt":"2018-07-24T22:18:35","guid":{"rendered":"http:\/\/www.noticiasradioreflejos.com.ar\/noticias\/?p=23541"},"modified":"2018-07-24T19:18:35","modified_gmt":"2018-07-24T22:18:35","slug":"gato-peters-presenta-habemus-gato-rian-por-mi","status":"publish","type":"post","link":"https:\/\/www.noticiasradioreflejos.com.ar\/2021\/gato-peters-presenta-habemus-gato-rian-por-mi\/","title":{"rendered":"Gato Peters presenta &quot;HABEMUS GATO, r\u00edan por mi&quot;"},"content":{"rendered":"<p>Los espect\u00e1culos del Gato Peters son una imperdible sucesi\u00f3n de cuentos para re\u00edr a pura carcajada. El popular humorista, reconocido por su labor a lo largo y ancho del pa\u00eds, regresa para presentar su nuevo espect\u00e1culo titulado \u201cHABEMUS GATO (R\u00edan por m\u00ed)\u201d.<!--more--><br \/>\nEn sus shows, Peters realiza una pincelada de la idiosincrasia argentina bajo la atenta mirada de un hombre que sabe hacer de los detalles, todo un arte. Con la minuciosidad de un cirujano, aunque en realidad sea de profesi\u00f3n veterinario, Gato Peters analiza a la perfecci\u00f3n al ser nacional por medio de incre\u00edbles an\u00e9cdotas narradas con su estilo inconfundible, un humor simple y directo, pero a la vez sutil e inteligente. La vedette son su perorata criolla y los relatos de los personajes de la pampa gringa como s\u00f3lo Peters puede describir sus historias con paisajes aut\u00f3ctonos como la llanura argentina, sus habitantes, sus pueblos y sus mitos. Referente del humor nacional y campero, \u201cel Gato\u201d analiza con iron\u00eda la actualidad y las modas, como la parrillada de verduras (\u00abLa parrilla no se mancha\u00bb), la comparaci\u00f3n graciosa del ayer y el hoy con lo que ocurre en la peluquer\u00eda de caballeros (\u00abEn la peluquer\u00eda; Don Francisco peluquero\u00bb), las an\u00e9cdotas de un lugar emblem\u00e1tico de los pueblos (\u00abDe gomer\u00edas y gomeros\u00bb), situaci\u00f3n real? en un t\u00edpico festival del verano (\u00abLa fiesta del cascarudo\u00bb), modismos coloquiales (\u00abFormas de hablar de la gente\u00bb), las tradicionales an\u00e9cdotas de personajes del campo (\u00abGente de campo, una pila de cuentos (humor a bater\u00eda)\u00bb) entre otras historias, cuentos y mon\u00f3logos a puro humor. El GATO PETERS con su particular y personal estilo, se ha convertido en uno de los referentes del humor nacional. Con 26 discos editados, 3 libros publicados y m\u00e1s 30 a\u00f1os de carrera, sigue sumando caminos, escenarios y reconocimientos por todo el pa\u00eds. GANADOR PREMIO CARLOS 2018 AL \u00abMEJOR HUMORISTA\u00bb S\u00c1BADO 4 DE AGOSTO \u2013 21 HS. TEATRO MUNICIPAL RODOLFO FUNKE Entradas en venta!<\/p>\n","protected":false},"excerpt":{"rendered":"<p>Los espect\u00e1culos del Gato Peters son una imperdible sucesi\u00f3n de cuentos para re\u00edr a pura carcajada. El popular humorista, reconocido por su labor a lo largo y ancho del pa\u00eds, regresa para presentar su nuevo espect\u00e1culo titulado \u201cHABEMUS GATO (R\u00edan por m\u00ed)\u201d.<\/p>\n","protected":false},"author":3,"featured_media":0,"comment_status":"closed","ping_status":"open","sticky":false,"template":"","format":"standard","meta":{"footnotes":""},"categories":[35],"tags":[],"class_list":["post-23541","post","type-post","status-publish","format-standard","hentry","category-cultura"],"yoast_head":"<!-- This site is optimized with the Yoast SEO plugin v25.9 - https:\/\/yoast.com\/wordpress\/plugins\/seo\/ -->\n<title>Gato Peters presenta &quot;HABEMUS GATO, r\u00edan por mi&quot; - Noticias Radio Reflejos<\/title>\n<meta name=\"robots\" content=\"index, follow, max-snippet:-1, max-image-preview:large, max-video-preview:-1\" \/>\n<link rel=\"canonical\" href=\"https:\/\/www.noticiasradioreflejos.com.ar\/2021\/gato-peters-presenta-habemus-gato-rian-por-mi\/\" \/>\n<meta property=\"og:locale\" content=\"es_ES\" \/>\n<meta property=\"og:type\" content=\"article\" \/>\n<meta property=\"og:title\" content=\"Gato Peters presenta &quot;HABEMUS GATO, r\u00edan por mi&quot; - Noticias Radio Reflejos\" \/>\n<meta property=\"og:description\" content=\"Los espect\u00e1culos del Gato Peters son una imperdible sucesi\u00f3n de cuentos para re\u00edr a pura carcajada. El popular humorista, reconocido por su labor a lo largo y ancho del pa\u00eds, regresa para presentar su nuevo espect\u00e1culo titulado \u201cHABEMUS GATO (R\u00edan por m\u00ed)\u201d.\" \/>\n<meta property=\"og:url\" content=\"https:\/\/www.noticiasradioreflejos.com.ar\/2021\/gato-peters-presenta-habemus-gato-rian-por-mi\/\" \/>\n<meta property=\"og:site_name\" content=\"Noticias Radio Reflejos\" \/>\n<meta property=\"article:published_time\" content=\"2018-07-24T22:18:35+00:00\" \/>\n<meta property=\"og:image\" content=\"https:\/\/www.noticiasradioreflejos.com.ar\/2021\/wp-content\/uploads\/2021\/07\/logosol300x200.png\" \/>\n\t<meta property=\"og:image:width\" content=\"300\" \/>\n\t<meta property=\"og:image:height\" content=\"200\" \/>\n\t<meta property=\"og:image:type\" content=\"image\/png\" \/>\n<meta name=\"author\" content=\"Arnaldo Botto\" \/>\n<meta name=\"twitter:card\" content=\"summary_large_image\" \/>\n<script type=\"application\/ld+json\" class=\"yoast-schema-graph\">{\"@context\":\"https:\/\/schema.org\",\"@graph\":[{\"@type\":\"WebPage\",\"@id\":\"https:\/\/www.noticiasradioreflejos.com.ar\/2021\/gato-peters-presenta-habemus-gato-rian-por-mi\/\",\"url\":\"https:\/\/www.noticiasradioreflejos.com.ar\/2021\/gato-peters-presenta-habemus-gato-rian-por-mi\/\",\"name\":\"Gato Peters presenta &quot;HABEMUS GATO, r\u00edan por mi&quot; - Noticias Radio Reflejos\",\"isPartOf\":{\"@id\":\"https:\/\/www.noticiasradioreflejos.com.ar\/2021\/#website\"},\"datePublished\":\"2018-07-24T22:18:35+00:00\",\"author\":{\"@id\":\"https:\/\/www.noticiasradioreflejos.com.ar\/2021\/#\/schema\/person\/ad82545263dcc5ec0996818884fd5fb1\"},\"breadcrumb\":{\"@id\":\"https:\/\/www.noticiasradioreflejos.com.ar\/2021\/gato-peters-presenta-habemus-gato-rian-por-mi\/#breadcrumb\"},\"inLanguage\":\"es\",\"potentialAction\":[{\"@type\":\"ReadAction\",\"target\":[\"https:\/\/www.noticiasradioreflejos.com.ar\/2021\/gato-peters-presenta-habemus-gato-rian-por-mi\/\"]}]},{\"@type\":\"BreadcrumbList\",\"@id\":\"https:\/\/www.noticiasradioreflejos.com.ar\/2021\/gato-peters-presenta-habemus-gato-rian-por-mi\/#breadcrumb\",\"itemListElement\":[{\"@type\":\"ListItem\",\"position\":1,\"name\":\"Portada\",\"item\":\"https:\/\/www.noticiasradioreflejos.com.ar\/2021\/\"},{\"@type\":\"ListItem\",\"position\":2,\"name\":\"Gato Peters presenta &quot;HABEMUS GATO, r\u00edan por mi&quot;\"}]},{\"@type\":\"WebSite\",\"@id\":\"https:\/\/www.noticiasradioreflejos.com.ar\/2021\/#website\",\"url\":\"https:\/\/www.noticiasradioreflejos.com.ar\/2021\/\",\"name\":\"Noticias Radio Reflejos\",\"description\":\"Las noticias de mi comarca\",\"potentialAction\":[{\"@type\":\"SearchAction\",\"target\":{\"@type\":\"EntryPoint\",\"urlTemplate\":\"https:\/\/www.noticiasradioreflejos.com.ar\/2021\/?s={search_term_string}\"},\"query-input\":{\"@type\":\"PropertyValueSpecification\",\"valueRequired\":true,\"valueName\":\"search_term_string\"}}],\"inLanguage\":\"es\"},{\"@type\":\"Person\",\"@id\":\"https:\/\/www.noticiasradioreflejos.com.ar\/2021\/#\/schema\/person\/ad82545263dcc5ec0996818884fd5fb1\",\"name\":\"Arnaldo Botto\",\"image\":{\"@type\":\"ImageObject\",\"inLanguage\":\"es\",\"@id\":\"https:\/\/www.noticiasradioreflejos.com.ar\/2021\/#\/schema\/person\/image\/\",\"url\":\"https:\/\/secure.gravatar.com\/avatar\/55cb5e37c1efa326397366e6974cb338056df65cb50e7d64d1cf314e87504837?s=96&d=mm&r=g\",\"contentUrl\":\"https:\/\/secure.gravatar.com\/avatar\/55cb5e37c1efa326397366e6974cb338056df65cb50e7d64d1cf314e87504837?s=96&d=mm&r=g\",\"caption\":\"Arnaldo Botto\"},\"url\":\"https:\/\/www.noticiasradioreflejos.com.ar\/2021\/author\/arnaldo\/\"}]}<\/script>\n<!-- \/ Yoast SEO plugin. -->","yoast_head_json":{"title":"Gato Peters presenta &quot;HABEMUS GATO, r\u00edan por mi&quot; - Noticias Radio Reflejos","robots":{"index":"index","follow":"follow","max-snippet":"max-snippet:-1","max-image-preview":"max-image-preview:large","max-video-preview":"max-video-preview:-1"},"canonical":"https:\/\/www.noticiasradioreflejos.com.ar\/2021\/gato-peters-presenta-habemus-gato-rian-por-mi\/","og_locale":"es_ES","og_type":"article","og_title":"Gato Peters presenta &quot;HABEMUS GATO, r\u00edan por mi&quot; - Noticias Radio Reflejos","og_description":"Los espect\u00e1culos del Gato Peters son una imperdible sucesi\u00f3n de cuentos para re\u00edr a pura carcajada. El popular humorista, reconocido por su labor a lo largo y ancho del pa\u00eds, regresa para presentar su nuevo espect\u00e1culo titulado \u201cHABEMUS GATO (R\u00edan por m\u00ed)\u201d.","og_url":"https:\/\/www.noticiasradioreflejos.com.ar\/2021\/gato-peters-presenta-habemus-gato-rian-por-mi\/","og_site_name":"Noticias Radio Reflejos","article_published_time":"2018-07-24T22:18:35+00:00","og_image":[{"width":300,"height":200,"url":"https:\/\/www.noticiasradioreflejos.com.ar\/2021\/wp-content\/uploads\/2021\/07\/logosol300x200.png","type":"image\/png"}],"author":"Arnaldo Botto","twitter_card":"summary_large_image","schema":{"@context":"https:\/\/schema.org","@graph":[{"@type":"WebPage","@id":"https:\/\/www.noticiasradioreflejos.com.ar\/2021\/gato-peters-presenta-habemus-gato-rian-por-mi\/","url":"https:\/\/www.noticiasradioreflejos.com.ar\/2021\/gato-peters-presenta-habemus-gato-rian-por-mi\/","name":"Gato Peters presenta &quot;HABEMUS GATO, r\u00edan por mi&quot; - Noticias Radio Reflejos","isPartOf":{"@id":"https:\/\/www.noticiasradioreflejos.com.ar\/2021\/#website"},"datePublished":"2018-07-24T22:18:35+00:00","author":{"@id":"https:\/\/www.noticiasradioreflejos.com.ar\/2021\/#\/schema\/person\/ad82545263dcc5ec0996818884fd5fb1"},"breadcrumb":{"@id":"https:\/\/www.noticiasradioreflejos.com.ar\/2021\/gato-peters-presenta-habemus-gato-rian-por-mi\/#breadcrumb"},"inLanguage":"es","potentialAction":[{"@type":"ReadAction","target":["https:\/\/www.noticiasradioreflejos.com.ar\/2021\/gato-peters-presenta-habemus-gato-rian-por-mi\/"]}]},{"@type":"BreadcrumbList","@id":"https:\/\/www.noticiasradioreflejos.com.ar\/2021\/gato-peters-presenta-habemus-gato-rian-por-mi\/#breadcrumb","itemListElement":[{"@type":"ListItem","position":1,"name":"Portada","item":"https:\/\/www.noticiasradioreflejos.com.ar\/2021\/"},{"@type":"ListItem","position":2,"name":"Gato Peters presenta &quot;HABEMUS GATO, r\u00edan por mi&quot;"}]},{"@type":"WebSite","@id":"https:\/\/www.noticiasradioreflejos.com.ar\/2021\/#website","url":"https:\/\/www.noticiasradioreflejos.com.ar\/2021\/","name":"Noticias Radio Reflejos","description":"Las noticias de mi comarca","potentialAction":[{"@type":"SearchAction","target":{"@type":"EntryPoint","urlTemplate":"https:\/\/www.noticiasradioreflejos.com.ar\/2021\/?s={search_term_string}"},"query-input":{"@type":"PropertyValueSpecification","valueRequired":true,"valueName":"search_term_string"}}],"inLanguage":"es"},{"@type":"Person","@id":"https:\/\/www.noticiasradioreflejos.com.ar\/2021\/#\/schema\/person\/ad82545263dcc5ec0996818884fd5fb1","name":"Arnaldo Botto","image":{"@type":"ImageObject","inLanguage":"es","@id":"https:\/\/www.noticiasradioreflejos.com.ar\/2021\/#\/schema\/person\/image\/","url":"https:\/\/secure.gravatar.com\/avatar\/55cb5e37c1efa326397366e6974cb338056df65cb50e7d64d1cf314e87504837?s=96&d=mm&r=g","contentUrl":"https:\/\/secure.gravatar.com\/avatar\/55cb5e37c1efa326397366e6974cb338056df65cb50e7d64d1cf314e87504837?s=96&d=mm&r=g","caption":"Arnaldo Botto"},"url":"https:\/\/www.noticiasradioreflejos.com.ar\/2021\/author\/arnaldo\/"}]}},"_links":{"self":[{"href":"https:\/\/www.noticiasradioreflejos.com.ar\/2021\/wp-json\/wp\/v2\/posts\/23541","targetHints":{"allow":["GET"]}}],"collection":[{"href":"https:\/\/www.noticiasradioreflejos.com.ar\/2021\/wp-json\/wp\/v2\/posts"}],"about":[{"href":"https:\/\/www.noticiasradioreflejos.com.ar\/2021\/wp-json\/wp\/v2\/types\/post"}],"author":[{"embeddable":true,"href":"https:\/\/www.noticiasradioreflejos.com.ar\/2021\/wp-json\/wp\/v2\/users\/3"}],"replies":[{"embeddable":true,"href":"https:\/\/www.noticiasradioreflejos.com.ar\/2021\/wp-json\/wp\/v2\/comments?post=23541"}],"version-history":[{"count":0,"href":"https:\/\/www.noticiasradioreflejos.com.ar\/2021\/wp-json\/wp\/v2\/posts\/23541\/revisions"}],"wp:attachment":[{"href":"https:\/\/www.noticiasradioreflejos.com.ar\/2021\/wp-json\/wp\/v2\/media?parent=23541"}],"wp:term":[{"taxonomy":"category","embeddable":true,"href":"https:\/\/www.noticiasradioreflejos.com.ar\/2021\/wp-json\/wp\/v2\/categories?post=23541"},{"taxonomy":"post_tag","embeddable":true,"href":"https:\/\/www.noticiasradioreflejos.com.ar\/2021\/wp-json\/wp\/v2\/tags?post=23541"}],"curies":[{"name":"wp","href":"https:\/\/api.w.org\/{rel}","templated":true}]}}