{"id":23522,"date":"2018-07-24T20:49:25","date_gmt":"2018-07-24T23:49:25","guid":{"rendered":"http:\/\/www.noticiasradioreflejos.com.ar\/noticias\/?p=23522"},"modified":"2018-07-24T20:49:25","modified_gmt":"2018-07-24T23:49:25","slug":"luchen-por-su-identidad-sin-duda-tienen-que-hacerlo-es-indiscutido-ruben-fangio","status":"publish","type":"post","link":"https:\/\/www.noticiasradioreflejos.com.ar\/2021\/luchen-por-su-identidad-sin-duda-tienen-que-hacerlo-es-indiscutido-ruben-fangio\/","title":{"rendered":"&quot;Luchen por su identidad, sin duda tienen que hacerlo, es indiscutido&quot;, Rub\u00e9n Fangio."},"content":{"rendered":"<p>El invitado de hoy en \u00abSerendipia\u00bb es Rub\u00e9n V\u00e1zquez, qui\u00e9n a los 60 a\u00f1os se enter\u00f3 que su padre era Juan Manuel Fangio, el reconocido 5 veces Campe\u00f3n mundial de F\u00f3rmula 1. <!--more--><br \/>\nSostuvo una lucha de 13 a\u00f1os en procesos judiciales para que reconocieran su verdadera identidad.<br \/>\nHoy ya porta con el apellido Fangio y nos cuenta detalles de esta historia de pel\u00edcula.<br \/>\n\u00abNac\u00ed el 25 de Junio de 1942, en Balcarce, yo tengo por parte de mi madre 2 hermanos ya fallecidos, y ahora desde el 2016 tengo otro hermano que es Cacho. Yo llevo el apellido V\u00e1zquez por parte de padre, el hijo menor de 3, de Pedro V\u00e1zquez que fue un tipazo maravilloso, y siempre va a ser mi padre, \u00e9l muri\u00f3 en el a\u00f1o 75. Yo nac\u00ed en Balcarce, al a\u00f1o por razones laborales mi pap\u00e1 trabajaba en el ferrocarril, era ajustador de maquinas de las de locomotoras a vapor, fue trasladado a Maipu, bueno ah\u00ed fue donde me bautizaron, de Maipu a Mar del Plata, de all\u00ed a Remedios de Escalada, de Remedios a Ca\u00f1uelas, y de ac\u00e1 no me muevo m\u00e1s. Ahora estoy jubilado como ferroviario, estuve hasta el 91 como ferroviario, hasta que bueno sucedieron esas cosas en el gobierno que ramal que para, ramal que cierra, yo no estaba en ning\u00fan ramal, pero me toco tambi\u00e9n. Segu\u00ed haciendo otras cosas, pero si, mi jubilaci\u00f3n es de ferroviario, donde hice 34 a\u00f1os\u00bb.<br \/>\n\u00abSoy ahijado de Juan Manuel, por esas cosas que tiene la vida y esas cosas que suced\u00edan en otras \u00e9pocas, no te olvides que sucedi\u00f3 en 1942, cosas que no se sab\u00edan, cosas que se ocultaban, y much\u00edsimos hijos as\u00ed, resultaba que el padre despu\u00e9s terminaba siendo el padrino, de la \u00e9poca era cosa bastante normal. Me entere de la paternidad a los 63 a\u00f1os, para mi solamente era mi padrino, sospechas no hab\u00eda tenido nunca, para nada, hasta que siempre hay un momento que dice bueno que pasa ac\u00e1?, la gente que me encontraba parecido, gente que no me conoc\u00eda ni sabia de donde era yo, ni nada por el estilo, ac\u00e1 en Ca\u00f1uelas por ejemplo, yo trabajaba en un hotel y venia gente de empresas importantes de ac\u00e1 de la zona, me dec\u00edan el parecido, gente que venia de Alemania, de Espa\u00f1a, y bueno hab\u00eda que empezar a atar cabos, y eso fue lo que hice, empezar a atar esos cabos que estaban sueltos, y bueno lo pudimos anudar. Mi madre muri\u00f3 a los 103 a\u00f1os y a los 90 y pico fue cuando me confirmo la paternidad. Y muchos de mi familia sab\u00edan como era la cosa, el chueco sab\u00eda, y solo lo vi una vez, ese fue el \u00fanico acercamiento. Hasta la exhumaci\u00f3n que fue en 2015, yo hab\u00eda pasado 10 a\u00f1os de juicio y Cacho habr\u00e1 tardado unos 4\/5 a\u00f1os con el juicio, yo tuve inconvenientes por parte de la familia digamos, con Cacho tengo buena relaci\u00f3n\u00bb.<br \/>\n\u00abYo tengo 3 hijos, mi familia hasta gran parte hasta que yo inicio el juicio, no sab\u00eda absolutamente nada de esta cuesti\u00f3n, solamente mi esposa, despu\u00e9s por otras razones mi se\u00f1ora le comento a mi hijo, despu\u00e9s a nuestras otras 2 hijas como venia la cuesti\u00f3n, no hab\u00eda que ocultarlo, pero bueno, mientras yo pod\u00eda preservarlos un poco de toda esta situaci\u00f3n trate de hacerlo. Mi familia siempre me ayudo mucho, siempre fueron buenos compa\u00f1eros en ese sentido, nunca me cuestionaron, mis amigos tambi\u00e9n hicieron lo mismo, la gente de Ca\u00f1uelas, me apoyo much\u00edsimo en todo esto\u00bb.<br \/>\n\u00abMis amigos me ayudaron mas que cualquier otro profesional, en el caso mio en particular, a lo mejor no di con la persona indicada, pero que mis amigos me ayudaron, no tengas ninguna duda. Una vez un profesional me dijo que hay una gran parte de argentinos que tienen dudas de su identidad, y un 5%, es mucho, y aquellos que no lo saben deben ser mucho mas tambi\u00e9n, pero, la identidad es lo que nos identifica, lo que nos hace distintos al resto de las personas, bien o mal pero es lo que nos corresponde, despu\u00e9s que uno lo tome de una u otra forma es cuesti\u00f3n de uno, pero que luchen por su identidad, sin duda tienen que hacerlo, es indiscutido\u00bb.<br \/>\n\u00abYo sigo viviendo con mi sueldo de jubilado de ferroviario, tratando de ahorrar el mango para poder llegar a fin de mes, sin ning\u00fan sobresalto, de lo que se dice, si, puede ser que reciba algo en alg\u00fan momento, pero lo inmediato es dif\u00edcil, porque los que est\u00e1n usufructuando lo que nos corresponde a Cacho y ami, va a ser dif\u00edcil hacerle largar el hueso al perro\u00bb.<br \/>\n\u00abMi mujer y mis hijos, me han secado las lagrimas varias veces, hay cosas que van sucediendo que no son del agrado de uno, me trataron de oportunista, de mentiroso, de tantas cosas, y yo sabia que no era as\u00ed, son dolorosas las cosas cuando te tratan as\u00ed, te duelen, por mas que uno quiera estar tranquilo, te pegan fuerte, me da una bronca barbara que me hayan bastardeado tanto\u00bb.<br \/>\n\u00abEsperemos que las cosas se vayan aclarando, paso a paso, lo principal ya esta, el resto no hay tanto problema, viene por decantaci\u00f3n\u00bb, se despidi\u00f3 finalmente Ruben Fangio<br \/>\nNOTA COMPLETA:<br \/>\n<iframe loading=\"lazy\" src=\"https:\/\/w.soundcloud.com\/player\/?url=https%3A\/\/api.soundcloud.com\/tracks\/476056119&amp;color=%23ff5500&amp;auto_play=false&amp;hide_related=false&amp;show_comments=true&amp;show_user=true&amp;show_reposts=false&amp;show_teaser=true\" width=\"100%\" height=\"166\" frameborder=\"no\" scrolling=\"no\"><\/iframe><\/p>\n","protected":false},"excerpt":{"rendered":"<p>El invitado de hoy en \u00abSerendipia\u00bb es Rub\u00e9n V\u00e1zquez, qui\u00e9n a los 60 a\u00f1os se enter\u00f3 que su padre era Juan Manuel Fangio, el reconocido 5 veces Campe\u00f3n mundial de F\u00f3rmula 1.<\/p>\n","protected":false},"author":3,"featured_media":0,"comment_status":"closed","ping_status":"open","sticky":false,"template":"","format":"standard","meta":{"footnotes":""},"categories":[31],"tags":[],"class_list":["post-23522","post","type-post","status-publish","format-standard","hentry","category-programas"],"yoast_head":"<!-- This site is optimized with the Yoast SEO plugin v25.9 - https:\/\/yoast.com\/wordpress\/plugins\/seo\/ -->\n<title>&quot;Luchen por su identidad, sin duda tienen que hacerlo, es indiscutido&quot;, Rub\u00e9n Fangio. - Noticias Radio Reflejos<\/title>\n<meta name=\"robots\" content=\"index, follow, max-snippet:-1, max-image-preview:large, max-video-preview:-1\" \/>\n<link rel=\"canonical\" href=\"https:\/\/www.noticiasradioreflejos.com.ar\/2021\/luchen-por-su-identidad-sin-duda-tienen-que-hacerlo-es-indiscutido-ruben-fangio\/\" \/>\n<meta property=\"og:locale\" content=\"es_ES\" \/>\n<meta property=\"og:type\" content=\"article\" \/>\n<meta property=\"og:title\" content=\"&quot;Luchen por su identidad, sin duda tienen que hacerlo, es indiscutido&quot;, Rub\u00e9n Fangio. - Noticias Radio Reflejos\" \/>\n<meta property=\"og:description\" content=\"El invitado de hoy en \u00abSerendipia\u00bb es Rub\u00e9n V\u00e1zquez, qui\u00e9n a los 60 a\u00f1os se enter\u00f3 que su padre era Juan Manuel Fangio, el reconocido 5 veces Campe\u00f3n mundial de F\u00f3rmula 1.\" \/>\n<meta property=\"og:url\" content=\"https:\/\/www.noticiasradioreflejos.com.ar\/2021\/luchen-por-su-identidad-sin-duda-tienen-que-hacerlo-es-indiscutido-ruben-fangio\/\" \/>\n<meta property=\"og:site_name\" content=\"Noticias Radio Reflejos\" \/>\n<meta property=\"article:published_time\" content=\"2018-07-24T23:49:25+00:00\" \/>\n<meta property=\"og:image\" content=\"https:\/\/www.noticiasradioreflejos.com.ar\/2021\/wp-content\/uploads\/2021\/07\/logosol300x200.png\" \/>\n\t<meta property=\"og:image:width\" content=\"300\" \/>\n\t<meta property=\"og:image:height\" content=\"200\" \/>\n\t<meta property=\"og:image:type\" content=\"image\/png\" \/>\n<meta name=\"author\" content=\"Arnaldo Botto\" \/>\n<meta name=\"twitter:card\" content=\"summary_large_image\" \/>\n<script type=\"application\/ld+json\" class=\"yoast-schema-graph\">{\"@context\":\"https:\/\/schema.org\",\"@graph\":[{\"@type\":\"WebPage\",\"@id\":\"https:\/\/www.noticiasradioreflejos.com.ar\/2021\/luchen-por-su-identidad-sin-duda-tienen-que-hacerlo-es-indiscutido-ruben-fangio\/\",\"url\":\"https:\/\/www.noticiasradioreflejos.com.ar\/2021\/luchen-por-su-identidad-sin-duda-tienen-que-hacerlo-es-indiscutido-ruben-fangio\/\",\"name\":\"&quot;Luchen por su identidad, sin duda tienen que hacerlo, es indiscutido&quot;, Rub\u00e9n Fangio. - Noticias Radio Reflejos\",\"isPartOf\":{\"@id\":\"https:\/\/www.noticiasradioreflejos.com.ar\/2021\/#website\"},\"datePublished\":\"2018-07-24T23:49:25+00:00\",\"author\":{\"@id\":\"https:\/\/www.noticiasradioreflejos.com.ar\/2021\/#\/schema\/person\/ad82545263dcc5ec0996818884fd5fb1\"},\"breadcrumb\":{\"@id\":\"https:\/\/www.noticiasradioreflejos.com.ar\/2021\/luchen-por-su-identidad-sin-duda-tienen-que-hacerlo-es-indiscutido-ruben-fangio\/#breadcrumb\"},\"inLanguage\":\"es\",\"potentialAction\":[{\"@type\":\"ReadAction\",\"target\":[\"https:\/\/www.noticiasradioreflejos.com.ar\/2021\/luchen-por-su-identidad-sin-duda-tienen-que-hacerlo-es-indiscutido-ruben-fangio\/\"]}]},{\"@type\":\"BreadcrumbList\",\"@id\":\"https:\/\/www.noticiasradioreflejos.com.ar\/2021\/luchen-por-su-identidad-sin-duda-tienen-que-hacerlo-es-indiscutido-ruben-fangio\/#breadcrumb\",\"itemListElement\":[{\"@type\":\"ListItem\",\"position\":1,\"name\":\"Portada\",\"item\":\"https:\/\/www.noticiasradioreflejos.com.ar\/2021\/\"},{\"@type\":\"ListItem\",\"position\":2,\"name\":\"&quot;Luchen por su identidad, sin duda tienen que hacerlo, es indiscutido&quot;, Rub\u00e9n Fangio.\"}]},{\"@type\":\"WebSite\",\"@id\":\"https:\/\/www.noticiasradioreflejos.com.ar\/2021\/#website\",\"url\":\"https:\/\/www.noticiasradioreflejos.com.ar\/2021\/\",\"name\":\"Noticias Radio Reflejos\",\"description\":\"Las noticias de mi comarca\",\"potentialAction\":[{\"@type\":\"SearchAction\",\"target\":{\"@type\":\"EntryPoint\",\"urlTemplate\":\"https:\/\/www.noticiasradioreflejos.com.ar\/2021\/?s={search_term_string}\"},\"query-input\":{\"@type\":\"PropertyValueSpecification\",\"valueRequired\":true,\"valueName\":\"search_term_string\"}}],\"inLanguage\":\"es\"},{\"@type\":\"Person\",\"@id\":\"https:\/\/www.noticiasradioreflejos.com.ar\/2021\/#\/schema\/person\/ad82545263dcc5ec0996818884fd5fb1\",\"name\":\"Arnaldo Botto\",\"image\":{\"@type\":\"ImageObject\",\"inLanguage\":\"es\",\"@id\":\"https:\/\/www.noticiasradioreflejos.com.ar\/2021\/#\/schema\/person\/image\/\",\"url\":\"https:\/\/secure.gravatar.com\/avatar\/55cb5e37c1efa326397366e6974cb338056df65cb50e7d64d1cf314e87504837?s=96&d=mm&r=g\",\"contentUrl\":\"https:\/\/secure.gravatar.com\/avatar\/55cb5e37c1efa326397366e6974cb338056df65cb50e7d64d1cf314e87504837?s=96&d=mm&r=g\",\"caption\":\"Arnaldo Botto\"},\"url\":\"https:\/\/www.noticiasradioreflejos.com.ar\/2021\/author\/arnaldo\/\"}]}<\/script>\n<!-- \/ Yoast SEO plugin. -->","yoast_head_json":{"title":"&quot;Luchen por su identidad, sin duda tienen que hacerlo, es indiscutido&quot;, Rub\u00e9n Fangio. - Noticias Radio Reflejos","robots":{"index":"index","follow":"follow","max-snippet":"max-snippet:-1","max-image-preview":"max-image-preview:large","max-video-preview":"max-video-preview:-1"},"canonical":"https:\/\/www.noticiasradioreflejos.com.ar\/2021\/luchen-por-su-identidad-sin-duda-tienen-que-hacerlo-es-indiscutido-ruben-fangio\/","og_locale":"es_ES","og_type":"article","og_title":"&quot;Luchen por su identidad, sin duda tienen que hacerlo, es indiscutido&quot;, Rub\u00e9n Fangio. - Noticias Radio Reflejos","og_description":"El invitado de hoy en \u00abSerendipia\u00bb es Rub\u00e9n V\u00e1zquez, qui\u00e9n a los 60 a\u00f1os se enter\u00f3 que su padre era Juan Manuel Fangio, el reconocido 5 veces Campe\u00f3n mundial de F\u00f3rmula 1.","og_url":"https:\/\/www.noticiasradioreflejos.com.ar\/2021\/luchen-por-su-identidad-sin-duda-tienen-que-hacerlo-es-indiscutido-ruben-fangio\/","og_site_name":"Noticias Radio Reflejos","article_published_time":"2018-07-24T23:49:25+00:00","og_image":[{"width":300,"height":200,"url":"https:\/\/www.noticiasradioreflejos.com.ar\/2021\/wp-content\/uploads\/2021\/07\/logosol300x200.png","type":"image\/png"}],"author":"Arnaldo Botto","twitter_card":"summary_large_image","schema":{"@context":"https:\/\/schema.org","@graph":[{"@type":"WebPage","@id":"https:\/\/www.noticiasradioreflejos.com.ar\/2021\/luchen-por-su-identidad-sin-duda-tienen-que-hacerlo-es-indiscutido-ruben-fangio\/","url":"https:\/\/www.noticiasradioreflejos.com.ar\/2021\/luchen-por-su-identidad-sin-duda-tienen-que-hacerlo-es-indiscutido-ruben-fangio\/","name":"&quot;Luchen por su identidad, sin duda tienen que hacerlo, es indiscutido&quot;, Rub\u00e9n Fangio. - Noticias Radio Reflejos","isPartOf":{"@id":"https:\/\/www.noticiasradioreflejos.com.ar\/2021\/#website"},"datePublished":"2018-07-24T23:49:25+00:00","author":{"@id":"https:\/\/www.noticiasradioreflejos.com.ar\/2021\/#\/schema\/person\/ad82545263dcc5ec0996818884fd5fb1"},"breadcrumb":{"@id":"https:\/\/www.noticiasradioreflejos.com.ar\/2021\/luchen-por-su-identidad-sin-duda-tienen-que-hacerlo-es-indiscutido-ruben-fangio\/#breadcrumb"},"inLanguage":"es","potentialAction":[{"@type":"ReadAction","target":["https:\/\/www.noticiasradioreflejos.com.ar\/2021\/luchen-por-su-identidad-sin-duda-tienen-que-hacerlo-es-indiscutido-ruben-fangio\/"]}]},{"@type":"BreadcrumbList","@id":"https:\/\/www.noticiasradioreflejos.com.ar\/2021\/luchen-por-su-identidad-sin-duda-tienen-que-hacerlo-es-indiscutido-ruben-fangio\/#breadcrumb","itemListElement":[{"@type":"ListItem","position":1,"name":"Portada","item":"https:\/\/www.noticiasradioreflejos.com.ar\/2021\/"},{"@type":"ListItem","position":2,"name":"&quot;Luchen por su identidad, sin duda tienen que hacerlo, es indiscutido&quot;, Rub\u00e9n Fangio."}]},{"@type":"WebSite","@id":"https:\/\/www.noticiasradioreflejos.com.ar\/2021\/#website","url":"https:\/\/www.noticiasradioreflejos.com.ar\/2021\/","name":"Noticias Radio Reflejos","description":"Las noticias de mi comarca","potentialAction":[{"@type":"SearchAction","target":{"@type":"EntryPoint","urlTemplate":"https:\/\/www.noticiasradioreflejos.com.ar\/2021\/?s={search_term_string}"},"query-input":{"@type":"PropertyValueSpecification","valueRequired":true,"valueName":"search_term_string"}}],"inLanguage":"es"},{"@type":"Person","@id":"https:\/\/www.noticiasradioreflejos.com.ar\/2021\/#\/schema\/person\/ad82545263dcc5ec0996818884fd5fb1","name":"Arnaldo Botto","image":{"@type":"ImageObject","inLanguage":"es","@id":"https:\/\/www.noticiasradioreflejos.com.ar\/2021\/#\/schema\/person\/image\/","url":"https:\/\/secure.gravatar.com\/avatar\/55cb5e37c1efa326397366e6974cb338056df65cb50e7d64d1cf314e87504837?s=96&d=mm&r=g","contentUrl":"https:\/\/secure.gravatar.com\/avatar\/55cb5e37c1efa326397366e6974cb338056df65cb50e7d64d1cf314e87504837?s=96&d=mm&r=g","caption":"Arnaldo Botto"},"url":"https:\/\/www.noticiasradioreflejos.com.ar\/2021\/author\/arnaldo\/"}]}},"_links":{"self":[{"href":"https:\/\/www.noticiasradioreflejos.com.ar\/2021\/wp-json\/wp\/v2\/posts\/23522","targetHints":{"allow":["GET"]}}],"collection":[{"href":"https:\/\/www.noticiasradioreflejos.com.ar\/2021\/wp-json\/wp\/v2\/posts"}],"about":[{"href":"https:\/\/www.noticiasradioreflejos.com.ar\/2021\/wp-json\/wp\/v2\/types\/post"}],"author":[{"embeddable":true,"href":"https:\/\/www.noticiasradioreflejos.com.ar\/2021\/wp-json\/wp\/v2\/users\/3"}],"replies":[{"embeddable":true,"href":"https:\/\/www.noticiasradioreflejos.com.ar\/2021\/wp-json\/wp\/v2\/comments?post=23522"}],"version-history":[{"count":0,"href":"https:\/\/www.noticiasradioreflejos.com.ar\/2021\/wp-json\/wp\/v2\/posts\/23522\/revisions"}],"wp:attachment":[{"href":"https:\/\/www.noticiasradioreflejos.com.ar\/2021\/wp-json\/wp\/v2\/media?parent=23522"}],"wp:term":[{"taxonomy":"category","embeddable":true,"href":"https:\/\/www.noticiasradioreflejos.com.ar\/2021\/wp-json\/wp\/v2\/categories?post=23522"},{"taxonomy":"post_tag","embeddable":true,"href":"https:\/\/www.noticiasradioreflejos.com.ar\/2021\/wp-json\/wp\/v2\/tags?post=23522"}],"curies":[{"name":"wp","href":"https:\/\/api.w.org\/{rel}","templated":true}]}}