{"id":23466,"date":"2018-07-21T10:31:23","date_gmt":"2018-07-21T13:31:23","guid":{"rendered":"http:\/\/www.noticiasradioreflejos.com.ar\/noticias\/?p=23466"},"modified":"2018-07-21T10:31:23","modified_gmt":"2018-07-21T13:31:23","slug":"sierra-de-la-ventana-manecio-de-punta-en-blanco","status":"publish","type":"post","link":"https:\/\/www.noticiasradioreflejos.com.ar\/2021\/sierra-de-la-ventana-manecio-de-punta-en-blanco\/","title":{"rendered":"Sierra de la Ventana amaneci\u00f3 de &quot;Punta en Blanco&quot;."},"content":{"rendered":"<p><a title=\"WhatsApp Image 2018-07-21 at 09.27.11\" href=\"http:\/\/farm2.staticflickr.com\/1788\/42829645324_f12764e3be.jpg\" rel=\"\"><img loading=\"lazy\" decoding=\"async\" class=\"alignleft\" style=\"float: left;\" title=\"WhatsApp Image 2018-07-21 at 09.27.11\" src=\"http:\/\/farm2.staticflickr.com\/1788\/42829645324_f12764e3be.jpg\" alt=\"WhatsApp Image 2018-07-21 at 09.27.11\" width=\"500\" height=\"375\" \/><\/a>Despu\u00e9s de varias jornadas de lluvia y vientos, el amanecer de este s\u00e1bado nos ofrece un paisaje inigualable.<br \/>\nEl sol asom\u00f3 \u00e9n la comarca serrana para iluminar un paisaje espl\u00e9ndido de verdes y blanco, con una temperatura de &#8211; 1,6\u00b0 y la sensaci\u00f3n t\u00e9rmica en 5.3\u00b0 bajo cero.<!--more--><br \/>\nR\u00edos y arroyos corren con fuerza tras las abundantes lluvias ca\u00eddas y los cerros se ven totalmente blancos por la nieve que los cubre.<br \/>\nLas primeras im\u00e1genes deslumbra a los turistas y habitantes de la zona por este fen\u00f3meno de la naturaleza que fu\u00e9 tan esperado.<br \/>\nTodo el cord\u00f3n serrano de Ventania est\u00e1 totalmente blanco desde su basr hasta lascumbres de todos sus macizos.<br \/>\nEl m\u00e1s alto de toda la provincia, el Cerro Tres picos se destaca majestuoso junto al Napost\u00e1 y el Cerro Ventana es el centro del<br \/>\natractivo de la fecha. Sin dudas este fin de semana el lleno ser\u00e1 total en toda la comarca.<br \/>\nLos totales de lluvias superaron ampliamente lo previsto, como el caso de Villa Ventana que alcanz\u00f3 los 113 mm, en tanto menores valores se registraron en Sierra con 65 mm y Saldungaray con 46 mm.<br \/>\n<strong>Totales de lluvia:<\/strong><br \/>\n65 mm en Sierra de la Ventana<br \/>\n46 mm en Saldungaray<br \/>\n113 mm en Villa Ventana<br \/>\n38\u00a0mm en Tornquist<br \/>\n26 mm en Dufaur<br \/>\n33 mm en Cenl Pringles<br \/>\n41.8 mm en El Pantanoso<br \/>\n27 mm en Funke<br \/>\n26.8 mm en Cabildo<br \/>\n14.7 mm en Pig\u00fc\u00e9<br \/>\n<a title=\"WhatsApp Image 2018-07-21 at 09.55.54\" href=\"http:\/\/farm1.staticflickr.com\/922\/42642033875_82d0c9e9bd_c.jpg\" rel=\"\"><img loading=\"lazy\" decoding=\"async\" class=\"aligncenter\" title=\"WhatsApp Image 2018-07-21 at 09.55.54\" src=\"http:\/\/farm1.staticflickr.com\/922\/42642033875_82d0c9e9bd_z.jpg\" alt=\"WhatsApp Image 2018-07-21 at 09.55.54\" width=\"640\" height=\"480\" \/><\/a><br \/>\n<a title=\"WhatsApp Image 2018-07-21 at 09.27.10\" href=\"http:\/\/farm1.staticflickr.com\/836\/42829646004_9a9e43024f_z.jpg\" rel=\"\"><img loading=\"lazy\" decoding=\"async\" class=\"aligncenter\" title=\"WhatsApp Image 2018-07-21 at 09.27.10\" src=\"http:\/\/farm1.staticflickr.com\/836\/42829646004_9a9e43024f_z.jpg\" alt=\"WhatsApp Image 2018-07-21 at 09.27.10\" width=\"640\" height=\"480\" \/><\/a><\/p>\n","protected":false},"excerpt":{"rendered":"<p>Despu\u00e9s de varias jornadas de lluvia y vientos, el amanecer de este s\u00e1bado nos ofrece un paisaje inigualable. El sol asom\u00f3 \u00e9n la comarca serrana para iluminar un paisaje espl\u00e9ndido de verdes y blanco, con una temperatura de &#8211; 1,6\u00b0 y la sensaci\u00f3n t\u00e9rmica en 5.3\u00b0 bajo cero.<\/p>\n","protected":false},"author":3,"featured_media":0,"comment_status":"closed","ping_status":"open","sticky":false,"template":"","format":"standard","meta":{"footnotes":""},"categories":[26],"tags":[],"class_list":["post-23466","post","type-post","status-publish","format-standard","hentry","category-sociedad"],"yoast_head":"<!-- This site is optimized with the Yoast SEO plugin v25.9 - https:\/\/yoast.com\/wordpress\/plugins\/seo\/ -->\n<title>Sierra de la Ventana amaneci\u00f3 de &quot;Punta en Blanco&quot;. - Noticias Radio Reflejos<\/title>\n<meta name=\"robots\" content=\"index, follow, max-snippet:-1, max-image-preview:large, max-video-preview:-1\" \/>\n<link rel=\"canonical\" href=\"https:\/\/www.noticiasradioreflejos.com.ar\/2021\/sierra-de-la-ventana-manecio-de-punta-en-blanco\/\" \/>\n<meta property=\"og:locale\" content=\"es_ES\" \/>\n<meta property=\"og:type\" content=\"article\" \/>\n<meta property=\"og:title\" content=\"Sierra de la Ventana amaneci\u00f3 de &quot;Punta en Blanco&quot;. - Noticias Radio Reflejos\" \/>\n<meta property=\"og:description\" content=\"Despu\u00e9s de varias jornadas de lluvia y vientos, el amanecer de este s\u00e1bado nos ofrece un paisaje inigualable. El sol asom\u00f3 \u00e9n la comarca serrana para iluminar un paisaje espl\u00e9ndido de verdes y blanco, con una temperatura de &#8211; 1,6\u00b0 y la sensaci\u00f3n t\u00e9rmica en 5.3\u00b0 bajo cero.\" \/>\n<meta property=\"og:url\" content=\"https:\/\/www.noticiasradioreflejos.com.ar\/2021\/sierra-de-la-ventana-manecio-de-punta-en-blanco\/\" \/>\n<meta property=\"og:site_name\" content=\"Noticias Radio Reflejos\" \/>\n<meta property=\"article:published_time\" content=\"2018-07-21T13:31:23+00:00\" \/>\n<meta property=\"og:image\" content=\"http:\/\/farm2.staticflickr.com\/1788\/42829645324_f12764e3be.jpg\" \/>\n<meta name=\"author\" content=\"Arnaldo Botto\" \/>\n<meta name=\"twitter:card\" content=\"summary_large_image\" \/>\n<script type=\"application\/ld+json\" class=\"yoast-schema-graph\">{\"@context\":\"https:\/\/schema.org\",\"@graph\":[{\"@type\":\"WebPage\",\"@id\":\"https:\/\/www.noticiasradioreflejos.com.ar\/2021\/sierra-de-la-ventana-manecio-de-punta-en-blanco\/\",\"url\":\"https:\/\/www.noticiasradioreflejos.com.ar\/2021\/sierra-de-la-ventana-manecio-de-punta-en-blanco\/\",\"name\":\"Sierra de la Ventana amaneci\u00f3 de &quot;Punta en Blanco&quot;. - Noticias Radio Reflejos\",\"isPartOf\":{\"@id\":\"https:\/\/www.noticiasradioreflejos.com.ar\/2021\/#website\"},\"primaryImageOfPage\":{\"@id\":\"https:\/\/www.noticiasradioreflejos.com.ar\/2021\/sierra-de-la-ventana-manecio-de-punta-en-blanco\/#primaryimage\"},\"image\":{\"@id\":\"https:\/\/www.noticiasradioreflejos.com.ar\/2021\/sierra-de-la-ventana-manecio-de-punta-en-blanco\/#primaryimage\"},\"thumbnailUrl\":\"http:\/\/farm2.staticflickr.com\/1788\/42829645324_f12764e3be.jpg\",\"datePublished\":\"2018-07-21T13:31:23+00:00\",\"author\":{\"@id\":\"https:\/\/www.noticiasradioreflejos.com.ar\/2021\/#\/schema\/person\/ad82545263dcc5ec0996818884fd5fb1\"},\"breadcrumb\":{\"@id\":\"https:\/\/www.noticiasradioreflejos.com.ar\/2021\/sierra-de-la-ventana-manecio-de-punta-en-blanco\/#breadcrumb\"},\"inLanguage\":\"es\",\"potentialAction\":[{\"@type\":\"ReadAction\",\"target\":[\"https:\/\/www.noticiasradioreflejos.com.ar\/2021\/sierra-de-la-ventana-manecio-de-punta-en-blanco\/\"]}]},{\"@type\":\"ImageObject\",\"inLanguage\":\"es\",\"@id\":\"https:\/\/www.noticiasradioreflejos.com.ar\/2021\/sierra-de-la-ventana-manecio-de-punta-en-blanco\/#primaryimage\",\"url\":\"http:\/\/farm2.staticflickr.com\/1788\/42829645324_f12764e3be.jpg\",\"contentUrl\":\"http:\/\/farm2.staticflickr.com\/1788\/42829645324_f12764e3be.jpg\"},{\"@type\":\"BreadcrumbList\",\"@id\":\"https:\/\/www.noticiasradioreflejos.com.ar\/2021\/sierra-de-la-ventana-manecio-de-punta-en-blanco\/#breadcrumb\",\"itemListElement\":[{\"@type\":\"ListItem\",\"position\":1,\"name\":\"Portada\",\"item\":\"https:\/\/www.noticiasradioreflejos.com.ar\/2021\/\"},{\"@type\":\"ListItem\",\"position\":2,\"name\":\"Sierra de la Ventana amaneci\u00f3 de &quot;Punta en Blanco&quot;.\"}]},{\"@type\":\"WebSite\",\"@id\":\"https:\/\/www.noticiasradioreflejos.com.ar\/2021\/#website\",\"url\":\"https:\/\/www.noticiasradioreflejos.com.ar\/2021\/\",\"name\":\"Noticias Radio Reflejos\",\"description\":\"Las noticias de mi comarca\",\"potentialAction\":[{\"@type\":\"SearchAction\",\"target\":{\"@type\":\"EntryPoint\",\"urlTemplate\":\"https:\/\/www.noticiasradioreflejos.com.ar\/2021\/?s={search_term_string}\"},\"query-input\":{\"@type\":\"PropertyValueSpecification\",\"valueRequired\":true,\"valueName\":\"search_term_string\"}}],\"inLanguage\":\"es\"},{\"@type\":\"Person\",\"@id\":\"https:\/\/www.noticiasradioreflejos.com.ar\/2021\/#\/schema\/person\/ad82545263dcc5ec0996818884fd5fb1\",\"name\":\"Arnaldo Botto\",\"image\":{\"@type\":\"ImageObject\",\"inLanguage\":\"es\",\"@id\":\"https:\/\/www.noticiasradioreflejos.com.ar\/2021\/#\/schema\/person\/image\/\",\"url\":\"https:\/\/secure.gravatar.com\/avatar\/55cb5e37c1efa326397366e6974cb338056df65cb50e7d64d1cf314e87504837?s=96&d=mm&r=g\",\"contentUrl\":\"https:\/\/secure.gravatar.com\/avatar\/55cb5e37c1efa326397366e6974cb338056df65cb50e7d64d1cf314e87504837?s=96&d=mm&r=g\",\"caption\":\"Arnaldo Botto\"},\"url\":\"https:\/\/www.noticiasradioreflejos.com.ar\/2021\/author\/arnaldo\/\"}]}<\/script>\n<!-- \/ Yoast SEO plugin. -->","yoast_head_json":{"title":"Sierra de la Ventana amaneci\u00f3 de &quot;Punta en Blanco&quot;. - Noticias Radio Reflejos","robots":{"index":"index","follow":"follow","max-snippet":"max-snippet:-1","max-image-preview":"max-image-preview:large","max-video-preview":"max-video-preview:-1"},"canonical":"https:\/\/www.noticiasradioreflejos.com.ar\/2021\/sierra-de-la-ventana-manecio-de-punta-en-blanco\/","og_locale":"es_ES","og_type":"article","og_title":"Sierra de la Ventana amaneci\u00f3 de &quot;Punta en Blanco&quot;. - Noticias Radio Reflejos","og_description":"Despu\u00e9s de varias jornadas de lluvia y vientos, el amanecer de este s\u00e1bado nos ofrece un paisaje inigualable. El sol asom\u00f3 \u00e9n la comarca serrana para iluminar un paisaje espl\u00e9ndido de verdes y blanco, con una temperatura de &#8211; 1,6\u00b0 y la sensaci\u00f3n t\u00e9rmica en 5.3\u00b0 bajo cero.","og_url":"https:\/\/www.noticiasradioreflejos.com.ar\/2021\/sierra-de-la-ventana-manecio-de-punta-en-blanco\/","og_site_name":"Noticias Radio Reflejos","article_published_time":"2018-07-21T13:31:23+00:00","og_image":[{"url":"http:\/\/farm2.staticflickr.com\/1788\/42829645324_f12764e3be.jpg","type":"","width":"","height":""}],"author":"Arnaldo Botto","twitter_card":"summary_large_image","schema":{"@context":"https:\/\/schema.org","@graph":[{"@type":"WebPage","@id":"https:\/\/www.noticiasradioreflejos.com.ar\/2021\/sierra-de-la-ventana-manecio-de-punta-en-blanco\/","url":"https:\/\/www.noticiasradioreflejos.com.ar\/2021\/sierra-de-la-ventana-manecio-de-punta-en-blanco\/","name":"Sierra de la Ventana amaneci\u00f3 de &quot;Punta en Blanco&quot;. - Noticias Radio Reflejos","isPartOf":{"@id":"https:\/\/www.noticiasradioreflejos.com.ar\/2021\/#website"},"primaryImageOfPage":{"@id":"https:\/\/www.noticiasradioreflejos.com.ar\/2021\/sierra-de-la-ventana-manecio-de-punta-en-blanco\/#primaryimage"},"image":{"@id":"https:\/\/www.noticiasradioreflejos.com.ar\/2021\/sierra-de-la-ventana-manecio-de-punta-en-blanco\/#primaryimage"},"thumbnailUrl":"http:\/\/farm2.staticflickr.com\/1788\/42829645324_f12764e3be.jpg","datePublished":"2018-07-21T13:31:23+00:00","author":{"@id":"https:\/\/www.noticiasradioreflejos.com.ar\/2021\/#\/schema\/person\/ad82545263dcc5ec0996818884fd5fb1"},"breadcrumb":{"@id":"https:\/\/www.noticiasradioreflejos.com.ar\/2021\/sierra-de-la-ventana-manecio-de-punta-en-blanco\/#breadcrumb"},"inLanguage":"es","potentialAction":[{"@type":"ReadAction","target":["https:\/\/www.noticiasradioreflejos.com.ar\/2021\/sierra-de-la-ventana-manecio-de-punta-en-blanco\/"]}]},{"@type":"ImageObject","inLanguage":"es","@id":"https:\/\/www.noticiasradioreflejos.com.ar\/2021\/sierra-de-la-ventana-manecio-de-punta-en-blanco\/#primaryimage","url":"http:\/\/farm2.staticflickr.com\/1788\/42829645324_f12764e3be.jpg","contentUrl":"http:\/\/farm2.staticflickr.com\/1788\/42829645324_f12764e3be.jpg"},{"@type":"BreadcrumbList","@id":"https:\/\/www.noticiasradioreflejos.com.ar\/2021\/sierra-de-la-ventana-manecio-de-punta-en-blanco\/#breadcrumb","itemListElement":[{"@type":"ListItem","position":1,"name":"Portada","item":"https:\/\/www.noticiasradioreflejos.com.ar\/2021\/"},{"@type":"ListItem","position":2,"name":"Sierra de la Ventana amaneci\u00f3 de &quot;Punta en Blanco&quot;."}]},{"@type":"WebSite","@id":"https:\/\/www.noticiasradioreflejos.com.ar\/2021\/#website","url":"https:\/\/www.noticiasradioreflejos.com.ar\/2021\/","name":"Noticias Radio Reflejos","description":"Las noticias de mi comarca","potentialAction":[{"@type":"SearchAction","target":{"@type":"EntryPoint","urlTemplate":"https:\/\/www.noticiasradioreflejos.com.ar\/2021\/?s={search_term_string}"},"query-input":{"@type":"PropertyValueSpecification","valueRequired":true,"valueName":"search_term_string"}}],"inLanguage":"es"},{"@type":"Person","@id":"https:\/\/www.noticiasradioreflejos.com.ar\/2021\/#\/schema\/person\/ad82545263dcc5ec0996818884fd5fb1","name":"Arnaldo Botto","image":{"@type":"ImageObject","inLanguage":"es","@id":"https:\/\/www.noticiasradioreflejos.com.ar\/2021\/#\/schema\/person\/image\/","url":"https:\/\/secure.gravatar.com\/avatar\/55cb5e37c1efa326397366e6974cb338056df65cb50e7d64d1cf314e87504837?s=96&d=mm&r=g","contentUrl":"https:\/\/secure.gravatar.com\/avatar\/55cb5e37c1efa326397366e6974cb338056df65cb50e7d64d1cf314e87504837?s=96&d=mm&r=g","caption":"Arnaldo Botto"},"url":"https:\/\/www.noticiasradioreflejos.com.ar\/2021\/author\/arnaldo\/"}]}},"_links":{"self":[{"href":"https:\/\/www.noticiasradioreflejos.com.ar\/2021\/wp-json\/wp\/v2\/posts\/23466","targetHints":{"allow":["GET"]}}],"collection":[{"href":"https:\/\/www.noticiasradioreflejos.com.ar\/2021\/wp-json\/wp\/v2\/posts"}],"about":[{"href":"https:\/\/www.noticiasradioreflejos.com.ar\/2021\/wp-json\/wp\/v2\/types\/post"}],"author":[{"embeddable":true,"href":"https:\/\/www.noticiasradioreflejos.com.ar\/2021\/wp-json\/wp\/v2\/users\/3"}],"replies":[{"embeddable":true,"href":"https:\/\/www.noticiasradioreflejos.com.ar\/2021\/wp-json\/wp\/v2\/comments?post=23466"}],"version-history":[{"count":0,"href":"https:\/\/www.noticiasradioreflejos.com.ar\/2021\/wp-json\/wp\/v2\/posts\/23466\/revisions"}],"wp:attachment":[{"href":"https:\/\/www.noticiasradioreflejos.com.ar\/2021\/wp-json\/wp\/v2\/media?parent=23466"}],"wp:term":[{"taxonomy":"category","embeddable":true,"href":"https:\/\/www.noticiasradioreflejos.com.ar\/2021\/wp-json\/wp\/v2\/categories?post=23466"},{"taxonomy":"post_tag","embeddable":true,"href":"https:\/\/www.noticiasradioreflejos.com.ar\/2021\/wp-json\/wp\/v2\/tags?post=23466"}],"curies":[{"name":"wp","href":"https:\/\/api.w.org\/{rel}","templated":true}]}}