{"id":23463,"date":"2018-07-23T07:21:28","date_gmt":"2018-07-23T10:21:28","guid":{"rendered":"http:\/\/www.noticiasradioreflejos.com.ar\/noticias\/?p=23463"},"modified":"2018-07-23T07:21:28","modified_gmt":"2018-07-23T10:21:28","slug":"un-primer-paso-y-un-desafio-inmenso","status":"publish","type":"post","link":"https:\/\/www.noticiasradioreflejos.com.ar\/2021\/un-primer-paso-y-un-desafio-inmenso\/","title":{"rendered":"Un primer paso y un desaf\u00edo inmenso"},"content":{"rendered":"<p><a title=\"FB_IMG_1532074105762\" href=\"http:\/\/farm1.staticflickr.com\/923\/43586783201_2f44dace71.jpg\" rel=\"\"><img loading=\"lazy\" decoding=\"async\" class=\"alignleft\" style=\"float: left;\" title=\"FB_IMG_1532074105762\" src=\"http:\/\/farm1.staticflickr.com\/923\/43586783201_2f44dace71.jpg\" alt=\"FB_IMG_1532074105762\" width=\"500\" height=\"311\" \/><\/a>El jueves 19 de julio, a las 18, nos encontramos en la Sala de Sesiones del HCD de Tornquist. Afuera lluvia, viento, fr\u00edo\u2026 adentro la c\u00e1lida sensaci\u00f3n de que algo muy importante est\u00e1 a punto de nacer.<!--more--><br \/>\nUna mesa, mate y la firme decisi\u00f3n de dar vida al CONSEJO MUNICIPAL DE LAS MUJERES para que sea un organismo asesor y consultivo sin fines de lucro, promotor de la participaci\u00f3n de mujeres de cualquier edad, creencia o filiaci\u00f3n pol\u00edtica y un espacio abierto donde j\u00f3venes y adultas que deseen involucrarse volun-tariamente en la lucha contra todo tipo de discriminaci\u00f3n y violencia como as\u00ed tambi\u00e9n en la b\u00fasqueda de la equidad de g\u00e9nero, podr\u00e1n ser las protagonistas del desarrollo pleno e igualitario de sus necesidades e inquietudes sociales, culturales, pol\u00edticas, econ\u00f3micas, educacionales, de salud.<br \/>\nComenzamos leyendo la Ordenanza 3051\/18 del HCD. Para continuar el prop\u00f3sito de construcci\u00f3n debatimos detalles, discutimos estrategias, aportamos ideas, propusimos acciones mediatas e inmediatas. Para conformar la estructura organizativa, aprobamos el reglamento interno y elegimos a Silvia Zaballa como Presidenta y a Marcela G\u00f3mez como secretaria, por unanimidad.<br \/>\nEl CONSEJO MUNICIPAL DE LAS MUJERES del distrito de Tornquist ya es una realidad, ha dado el primer paso para hacer frente al desaf\u00edo de promover los cam-bios que la sociedad reclama para ser m\u00e1s justa, m\u00e1s equitativa, m\u00e1s inclusiva.<br \/>\n<a title=\"FB_IMG_1532115701464\" href=\"http:\/\/farm1.staticflickr.com\/941\/42868694844_92ac8d7fe9.jpg\" rel=\"\"><img loading=\"lazy\" decoding=\"async\" class=\"aligncenter\" title=\"FB_IMG_1532115701464\" src=\"http:\/\/farm1.staticflickr.com\/941\/42868694844_92ac8d7fe9.jpg\" alt=\"FB_IMG_1532115701464\" width=\"500\" height=\"333\" \/><\/a><br \/>\n<a title=\"IMG_20180720_051819_453\" href=\"http:\/\/farm1.staticflickr.com\/921\/43586783031_90f88fe4a3.jpg\" rel=\"\"><img loading=\"lazy\" decoding=\"async\" class=\"aligncenter\" title=\"IMG_20180720_051819_453\" src=\"http:\/\/farm1.staticflickr.com\/921\/43586783031_90f88fe4a3.jpg\" alt=\"IMG_20180720_051819_453\" width=\"500\" height=\"500\" \/><\/a><\/p>\n","protected":false},"excerpt":{"rendered":"<p>El jueves 19 de julio, a las 18, nos encontramos en la Sala de Sesiones del HCD de Tornquist. Afuera lluvia, viento, fr\u00edo\u2026 adentro la c\u00e1lida sensaci\u00f3n de que algo muy importante est\u00e1 a punto de nacer.<\/p>\n","protected":false},"author":3,"featured_media":0,"comment_status":"closed","ping_status":"open","sticky":false,"template":"","format":"standard","meta":{"footnotes":""},"categories":[26],"tags":[],"class_list":["post-23463","post","type-post","status-publish","format-standard","hentry","category-sociedad"],"yoast_head":"<!-- This site is optimized with the Yoast SEO plugin v25.9 - https:\/\/yoast.com\/wordpress\/plugins\/seo\/ -->\n<title>Un primer paso y un desaf\u00edo inmenso - Noticias Radio Reflejos<\/title>\n<meta name=\"robots\" content=\"index, follow, max-snippet:-1, max-image-preview:large, max-video-preview:-1\" \/>\n<link rel=\"canonical\" href=\"https:\/\/www.noticiasradioreflejos.com.ar\/2021\/un-primer-paso-y-un-desafio-inmenso\/\" \/>\n<meta property=\"og:locale\" content=\"es_ES\" \/>\n<meta property=\"og:type\" content=\"article\" \/>\n<meta property=\"og:title\" content=\"Un primer paso y un desaf\u00edo inmenso - Noticias Radio Reflejos\" \/>\n<meta property=\"og:description\" content=\"El jueves 19 de julio, a las 18, nos encontramos en la Sala de Sesiones del HCD de Tornquist. Afuera lluvia, viento, fr\u00edo\u2026 adentro la c\u00e1lida sensaci\u00f3n de que algo muy importante est\u00e1 a punto de nacer.\" \/>\n<meta property=\"og:url\" content=\"https:\/\/www.noticiasradioreflejos.com.ar\/2021\/un-primer-paso-y-un-desafio-inmenso\/\" \/>\n<meta property=\"og:site_name\" content=\"Noticias Radio Reflejos\" \/>\n<meta property=\"article:published_time\" content=\"2018-07-23T10:21:28+00:00\" \/>\n<meta property=\"og:image\" content=\"http:\/\/farm1.staticflickr.com\/923\/43586783201_2f44dace71.jpg\" \/>\n<meta name=\"author\" content=\"Arnaldo Botto\" \/>\n<meta name=\"twitter:card\" content=\"summary_large_image\" \/>\n<script type=\"application\/ld+json\" class=\"yoast-schema-graph\">{\"@context\":\"https:\/\/schema.org\",\"@graph\":[{\"@type\":\"WebPage\",\"@id\":\"https:\/\/www.noticiasradioreflejos.com.ar\/2021\/un-primer-paso-y-un-desafio-inmenso\/\",\"url\":\"https:\/\/www.noticiasradioreflejos.com.ar\/2021\/un-primer-paso-y-un-desafio-inmenso\/\",\"name\":\"Un primer paso y un desaf\u00edo inmenso - Noticias Radio Reflejos\",\"isPartOf\":{\"@id\":\"https:\/\/www.noticiasradioreflejos.com.ar\/2021\/#website\"},\"primaryImageOfPage\":{\"@id\":\"https:\/\/www.noticiasradioreflejos.com.ar\/2021\/un-primer-paso-y-un-desafio-inmenso\/#primaryimage\"},\"image\":{\"@id\":\"https:\/\/www.noticiasradioreflejos.com.ar\/2021\/un-primer-paso-y-un-desafio-inmenso\/#primaryimage\"},\"thumbnailUrl\":\"http:\/\/farm1.staticflickr.com\/923\/43586783201_2f44dace71.jpg\",\"datePublished\":\"2018-07-23T10:21:28+00:00\",\"author\":{\"@id\":\"https:\/\/www.noticiasradioreflejos.com.ar\/2021\/#\/schema\/person\/ad82545263dcc5ec0996818884fd5fb1\"},\"breadcrumb\":{\"@id\":\"https:\/\/www.noticiasradioreflejos.com.ar\/2021\/un-primer-paso-y-un-desafio-inmenso\/#breadcrumb\"},\"inLanguage\":\"es\",\"potentialAction\":[{\"@type\":\"ReadAction\",\"target\":[\"https:\/\/www.noticiasradioreflejos.com.ar\/2021\/un-primer-paso-y-un-desafio-inmenso\/\"]}]},{\"@type\":\"ImageObject\",\"inLanguage\":\"es\",\"@id\":\"https:\/\/www.noticiasradioreflejos.com.ar\/2021\/un-primer-paso-y-un-desafio-inmenso\/#primaryimage\",\"url\":\"http:\/\/farm1.staticflickr.com\/923\/43586783201_2f44dace71.jpg\",\"contentUrl\":\"http:\/\/farm1.staticflickr.com\/923\/43586783201_2f44dace71.jpg\"},{\"@type\":\"BreadcrumbList\",\"@id\":\"https:\/\/www.noticiasradioreflejos.com.ar\/2021\/un-primer-paso-y-un-desafio-inmenso\/#breadcrumb\",\"itemListElement\":[{\"@type\":\"ListItem\",\"position\":1,\"name\":\"Portada\",\"item\":\"https:\/\/www.noticiasradioreflejos.com.ar\/2021\/\"},{\"@type\":\"ListItem\",\"position\":2,\"name\":\"Un primer paso y un desaf\u00edo inmenso\"}]},{\"@type\":\"WebSite\",\"@id\":\"https:\/\/www.noticiasradioreflejos.com.ar\/2021\/#website\",\"url\":\"https:\/\/www.noticiasradioreflejos.com.ar\/2021\/\",\"name\":\"Noticias Radio Reflejos\",\"description\":\"Las noticias de mi comarca\",\"potentialAction\":[{\"@type\":\"SearchAction\",\"target\":{\"@type\":\"EntryPoint\",\"urlTemplate\":\"https:\/\/www.noticiasradioreflejos.com.ar\/2021\/?s={search_term_string}\"},\"query-input\":{\"@type\":\"PropertyValueSpecification\",\"valueRequired\":true,\"valueName\":\"search_term_string\"}}],\"inLanguage\":\"es\"},{\"@type\":\"Person\",\"@id\":\"https:\/\/www.noticiasradioreflejos.com.ar\/2021\/#\/schema\/person\/ad82545263dcc5ec0996818884fd5fb1\",\"name\":\"Arnaldo Botto\",\"image\":{\"@type\":\"ImageObject\",\"inLanguage\":\"es\",\"@id\":\"https:\/\/www.noticiasradioreflejos.com.ar\/2021\/#\/schema\/person\/image\/\",\"url\":\"https:\/\/secure.gravatar.com\/avatar\/55cb5e37c1efa326397366e6974cb338056df65cb50e7d64d1cf314e87504837?s=96&d=mm&r=g\",\"contentUrl\":\"https:\/\/secure.gravatar.com\/avatar\/55cb5e37c1efa326397366e6974cb338056df65cb50e7d64d1cf314e87504837?s=96&d=mm&r=g\",\"caption\":\"Arnaldo Botto\"},\"url\":\"https:\/\/www.noticiasradioreflejos.com.ar\/2021\/author\/arnaldo\/\"}]}<\/script>\n<!-- \/ Yoast SEO plugin. -->","yoast_head_json":{"title":"Un primer paso y un desaf\u00edo inmenso - Noticias Radio Reflejos","robots":{"index":"index","follow":"follow","max-snippet":"max-snippet:-1","max-image-preview":"max-image-preview:large","max-video-preview":"max-video-preview:-1"},"canonical":"https:\/\/www.noticiasradioreflejos.com.ar\/2021\/un-primer-paso-y-un-desafio-inmenso\/","og_locale":"es_ES","og_type":"article","og_title":"Un primer paso y un desaf\u00edo inmenso - Noticias Radio Reflejos","og_description":"El jueves 19 de julio, a las 18, nos encontramos en la Sala de Sesiones del HCD de Tornquist. Afuera lluvia, viento, fr\u00edo\u2026 adentro la c\u00e1lida sensaci\u00f3n de que algo muy importante est\u00e1 a punto de nacer.","og_url":"https:\/\/www.noticiasradioreflejos.com.ar\/2021\/un-primer-paso-y-un-desafio-inmenso\/","og_site_name":"Noticias Radio Reflejos","article_published_time":"2018-07-23T10:21:28+00:00","og_image":[{"url":"http:\/\/farm1.staticflickr.com\/923\/43586783201_2f44dace71.jpg","type":"","width":"","height":""}],"author":"Arnaldo Botto","twitter_card":"summary_large_image","schema":{"@context":"https:\/\/schema.org","@graph":[{"@type":"WebPage","@id":"https:\/\/www.noticiasradioreflejos.com.ar\/2021\/un-primer-paso-y-un-desafio-inmenso\/","url":"https:\/\/www.noticiasradioreflejos.com.ar\/2021\/un-primer-paso-y-un-desafio-inmenso\/","name":"Un primer paso y un desaf\u00edo inmenso - Noticias Radio Reflejos","isPartOf":{"@id":"https:\/\/www.noticiasradioreflejos.com.ar\/2021\/#website"},"primaryImageOfPage":{"@id":"https:\/\/www.noticiasradioreflejos.com.ar\/2021\/un-primer-paso-y-un-desafio-inmenso\/#primaryimage"},"image":{"@id":"https:\/\/www.noticiasradioreflejos.com.ar\/2021\/un-primer-paso-y-un-desafio-inmenso\/#primaryimage"},"thumbnailUrl":"http:\/\/farm1.staticflickr.com\/923\/43586783201_2f44dace71.jpg","datePublished":"2018-07-23T10:21:28+00:00","author":{"@id":"https:\/\/www.noticiasradioreflejos.com.ar\/2021\/#\/schema\/person\/ad82545263dcc5ec0996818884fd5fb1"},"breadcrumb":{"@id":"https:\/\/www.noticiasradioreflejos.com.ar\/2021\/un-primer-paso-y-un-desafio-inmenso\/#breadcrumb"},"inLanguage":"es","potentialAction":[{"@type":"ReadAction","target":["https:\/\/www.noticiasradioreflejos.com.ar\/2021\/un-primer-paso-y-un-desafio-inmenso\/"]}]},{"@type":"ImageObject","inLanguage":"es","@id":"https:\/\/www.noticiasradioreflejos.com.ar\/2021\/un-primer-paso-y-un-desafio-inmenso\/#primaryimage","url":"http:\/\/farm1.staticflickr.com\/923\/43586783201_2f44dace71.jpg","contentUrl":"http:\/\/farm1.staticflickr.com\/923\/43586783201_2f44dace71.jpg"},{"@type":"BreadcrumbList","@id":"https:\/\/www.noticiasradioreflejos.com.ar\/2021\/un-primer-paso-y-un-desafio-inmenso\/#breadcrumb","itemListElement":[{"@type":"ListItem","position":1,"name":"Portada","item":"https:\/\/www.noticiasradioreflejos.com.ar\/2021\/"},{"@type":"ListItem","position":2,"name":"Un primer paso y un desaf\u00edo inmenso"}]},{"@type":"WebSite","@id":"https:\/\/www.noticiasradioreflejos.com.ar\/2021\/#website","url":"https:\/\/www.noticiasradioreflejos.com.ar\/2021\/","name":"Noticias Radio Reflejos","description":"Las noticias de mi comarca","potentialAction":[{"@type":"SearchAction","target":{"@type":"EntryPoint","urlTemplate":"https:\/\/www.noticiasradioreflejos.com.ar\/2021\/?s={search_term_string}"},"query-input":{"@type":"PropertyValueSpecification","valueRequired":true,"valueName":"search_term_string"}}],"inLanguage":"es"},{"@type":"Person","@id":"https:\/\/www.noticiasradioreflejos.com.ar\/2021\/#\/schema\/person\/ad82545263dcc5ec0996818884fd5fb1","name":"Arnaldo Botto","image":{"@type":"ImageObject","inLanguage":"es","@id":"https:\/\/www.noticiasradioreflejos.com.ar\/2021\/#\/schema\/person\/image\/","url":"https:\/\/secure.gravatar.com\/avatar\/55cb5e37c1efa326397366e6974cb338056df65cb50e7d64d1cf314e87504837?s=96&d=mm&r=g","contentUrl":"https:\/\/secure.gravatar.com\/avatar\/55cb5e37c1efa326397366e6974cb338056df65cb50e7d64d1cf314e87504837?s=96&d=mm&r=g","caption":"Arnaldo Botto"},"url":"https:\/\/www.noticiasradioreflejos.com.ar\/2021\/author\/arnaldo\/"}]}},"_links":{"self":[{"href":"https:\/\/www.noticiasradioreflejos.com.ar\/2021\/wp-json\/wp\/v2\/posts\/23463","targetHints":{"allow":["GET"]}}],"collection":[{"href":"https:\/\/www.noticiasradioreflejos.com.ar\/2021\/wp-json\/wp\/v2\/posts"}],"about":[{"href":"https:\/\/www.noticiasradioreflejos.com.ar\/2021\/wp-json\/wp\/v2\/types\/post"}],"author":[{"embeddable":true,"href":"https:\/\/www.noticiasradioreflejos.com.ar\/2021\/wp-json\/wp\/v2\/users\/3"}],"replies":[{"embeddable":true,"href":"https:\/\/www.noticiasradioreflejos.com.ar\/2021\/wp-json\/wp\/v2\/comments?post=23463"}],"version-history":[{"count":0,"href":"https:\/\/www.noticiasradioreflejos.com.ar\/2021\/wp-json\/wp\/v2\/posts\/23463\/revisions"}],"wp:attachment":[{"href":"https:\/\/www.noticiasradioreflejos.com.ar\/2021\/wp-json\/wp\/v2\/media?parent=23463"}],"wp:term":[{"taxonomy":"category","embeddable":true,"href":"https:\/\/www.noticiasradioreflejos.com.ar\/2021\/wp-json\/wp\/v2\/categories?post=23463"},{"taxonomy":"post_tag","embeddable":true,"href":"https:\/\/www.noticiasradioreflejos.com.ar\/2021\/wp-json\/wp\/v2\/tags?post=23463"}],"curies":[{"name":"wp","href":"https:\/\/api.w.org\/{rel}","templated":true}]}}