{"id":23443,"date":"2018-07-20T17:58:49","date_gmt":"2018-07-20T20:58:49","guid":{"rendered":"http:\/\/www.noticiasradioreflejos.com.ar\/noticias\/?p=23443"},"modified":"2018-07-20T17:58:49","modified_gmt":"2018-07-20T20:58:49","slug":"nos-une-la-recuperacion-de-derechos-y-la-equidad-silvia-zaballa-pres-del-consejo-municipal-de-la-mujer","status":"publish","type":"post","link":"https:\/\/www.noticiasradioreflejos.com.ar\/2021\/nos-une-la-recuperacion-de-derechos-y-la-equidad-silvia-zaballa-pres-del-consejo-municipal-de-la-mujer\/","title":{"rendered":"&quot;Nos une la recuperaci\u00f3n de derechos y la equidad&quot; . Silvia Zaballa, Pres. del Consejo Municipal de la Mujer."},"content":{"rendered":"<p>Se conform\u00f3 en la noche de este jueves 19 de julio el Consejo Municipal de la Mujer en la ciudad de Tornquist y Silvia Zaballa result\u00f3 elegida presidente del mismo.<br \/>\n\u00abNos une la recuperaci\u00f3n de derechos y la equidad\u00bb manifest\u00f3 en la nota radial lograda esta ma\u00f1ana en FM Reflejos, donde describe los fundamentos, metas y tareas que llevar\u00e1 a cabo este consejo.<!--more--><br \/>\n\u00abEn principio es una excelente novedad para todas las mujeres de la comarca, el Consejo Municipal de la mujer no solo funciona en este momento en el distrito de Tornquist, hay otros distritos como Bah\u00eda Blanca, Viedma, San Carlos de Bariloche, bueno esos son los que mas conozco, Moron, que fueron tambi\u00e9n los que nos facilitaron su documentaci\u00f3n para que supi\u00e9ramos como armarlo, este es un consejo con S, no con C, por lo tanto sus resoluciones no son obligatorias, pero si sirve de canalizaci\u00f3n de todas las inquietudes de las mujeres, tambi\u00e9n de empoderamiento de todas las mujeres, de acompa\u00f1amiento en situaciones que ser\u00e1n vulnerados sus derechos, de propuestas por el consejo van a pasar todas las ideas que tengamos para mejorar la vida de las mujeres, pero tambi\u00e9n para lograr la equidad, y recuperar derechos que nos han sido vulnerados, en principio nos hemos planteado especialmente, el tema de que se conozcan estos derechos, tenemos leyes que no se respetan, que no se conocen, y que en la medida que lo conozcan las mujeres tambi\u00e9n va a propiciar de que ellas exijan que esas leyes se puedan cumplir\u00bb.<br \/>\n\u00abAyer quedo conformado por un lindo numero de mujeres, en su mayor parte de Sierra de la Ventana, y de Tornquist, algunas otras de Villa Serrana La Gruta, quienes propusimos fue la agrupaci\u00f3n (\u00abMujer, Arte y Memoria\u00bb), somos las que propusimos esta ordenanza, y quer\u00edamos realmente que este espacio existiera para que las mujeres tuvi\u00e9ramos un lugar para presentar todas nuestras inquietudes, tambi\u00e9n para estar una con la otra, para construir esto, paso algo muy particular en el d\u00eda de ayer, que nadie pregunto a nadie de donde venia, que partido pol\u00edtico, si era de una religi\u00f3n u otra, nadie pregunto nada. Particip\u00f3 con nosotras una pastora de Tornquist, y mujeres que no tienen nada que ver con un partido pol\u00edtico, en realidad lo que nos une es desde una visi\u00f3n feminista, la recuperaci\u00f3n de derechos, la equidad, y tambi\u00e9n el generar en la comunidad el respeto a toda la diversidad de de genero, no solamente a las mujeres, sino a cualquier diversidad sexual tambi\u00e9n que se presentan en nuestro distrito, pero en muchos casos o no hay un respeto o no hay un conocimiento o realmente hay una discriminaci\u00f3n y un prejuicio sobre estas cuestiones\u00bb.<br \/>\n\u00abEstamos muy decididas a cambiar esta visi\u00f3n del patriarcado, y realmente trabajar para el bien de la otra, con la otra, y bueno en este proceso de respetar todas las diversidades sexuales\u00bb.<br \/>\nNOTA COMPLETA:<br \/>\n<iframe loading=\"lazy\" src=\"https:\/\/w.soundcloud.com\/player\/?url=https%3A\/\/api.soundcloud.com\/tracks\/474374541&amp;color=%23ff5500&amp;auto_play=false&amp;hide_related=false&amp;show_comments=true&amp;show_user=true&amp;show_reposts=false&amp;show_teaser=true\" width=\"100%\" height=\"166\" frameborder=\"no\" scrolling=\"no\"><\/iframe><\/p>\n","protected":false},"excerpt":{"rendered":"<p>Se conform\u00f3 en la noche de este jueves 19 de julio el Consejo Municipal de la Mujer en la ciudad de Tornquist y Silvia Zaballa result\u00f3 elegida presidente del mismo. \u00abNos une la recuperaci\u00f3n de derechos y la equidad\u00bb manifest\u00f3 en la nota radial lograda esta ma\u00f1ana en FM Reflejos, donde describe los fundamentos, metas [&hellip;]<\/p>\n","protected":false},"author":3,"featured_media":0,"comment_status":"closed","ping_status":"open","sticky":false,"template":"","format":"standard","meta":{"footnotes":""},"categories":[24],"tags":[],"class_list":["post-23443","post","type-post","status-publish","format-standard","hentry","category-politica"],"yoast_head":"<!-- This site is optimized with the Yoast SEO plugin v25.9 - https:\/\/yoast.com\/wordpress\/plugins\/seo\/ -->\n<title>&quot;Nos une la recuperaci\u00f3n de derechos y la equidad&quot; . Silvia Zaballa, Pres. del Consejo Municipal de la Mujer. - Noticias Radio Reflejos<\/title>\n<meta name=\"robots\" content=\"index, follow, max-snippet:-1, max-image-preview:large, max-video-preview:-1\" \/>\n<link rel=\"canonical\" href=\"https:\/\/www.noticiasradioreflejos.com.ar\/2021\/nos-une-la-recuperacion-de-derechos-y-la-equidad-silvia-zaballa-pres-del-consejo-municipal-de-la-mujer\/\" \/>\n<meta property=\"og:locale\" content=\"es_ES\" \/>\n<meta property=\"og:type\" content=\"article\" \/>\n<meta property=\"og:title\" content=\"&quot;Nos une la recuperaci\u00f3n de derechos y la equidad&quot; . Silvia Zaballa, Pres. del Consejo Municipal de la Mujer. - Noticias Radio Reflejos\" \/>\n<meta property=\"og:description\" content=\"Se conform\u00f3 en la noche de este jueves 19 de julio el Consejo Municipal de la Mujer en la ciudad de Tornquist y Silvia Zaballa result\u00f3 elegida presidente del mismo. \u00abNos une la recuperaci\u00f3n de derechos y la equidad\u00bb manifest\u00f3 en la nota radial lograda esta ma\u00f1ana en FM Reflejos, donde describe los fundamentos, metas [&hellip;]\" \/>\n<meta property=\"og:url\" content=\"https:\/\/www.noticiasradioreflejos.com.ar\/2021\/nos-une-la-recuperacion-de-derechos-y-la-equidad-silvia-zaballa-pres-del-consejo-municipal-de-la-mujer\/\" \/>\n<meta property=\"og:site_name\" content=\"Noticias Radio Reflejos\" \/>\n<meta property=\"article:published_time\" content=\"2018-07-20T20:58:49+00:00\" \/>\n<meta property=\"og:image\" content=\"https:\/\/www.noticiasradioreflejos.com.ar\/2021\/wp-content\/uploads\/2021\/07\/logosol300x200.png\" \/>\n\t<meta property=\"og:image:width\" content=\"300\" \/>\n\t<meta property=\"og:image:height\" content=\"200\" \/>\n\t<meta property=\"og:image:type\" content=\"image\/png\" \/>\n<meta name=\"author\" content=\"Arnaldo Botto\" \/>\n<meta name=\"twitter:card\" content=\"summary_large_image\" \/>\n<script type=\"application\/ld+json\" class=\"yoast-schema-graph\">{\"@context\":\"https:\/\/schema.org\",\"@graph\":[{\"@type\":\"WebPage\",\"@id\":\"https:\/\/www.noticiasradioreflejos.com.ar\/2021\/nos-une-la-recuperacion-de-derechos-y-la-equidad-silvia-zaballa-pres-del-consejo-municipal-de-la-mujer\/\",\"url\":\"https:\/\/www.noticiasradioreflejos.com.ar\/2021\/nos-une-la-recuperacion-de-derechos-y-la-equidad-silvia-zaballa-pres-del-consejo-municipal-de-la-mujer\/\",\"name\":\"&quot;Nos une la recuperaci\u00f3n de derechos y la equidad&quot; . Silvia Zaballa, Pres. del Consejo Municipal de la Mujer. - Noticias Radio Reflejos\",\"isPartOf\":{\"@id\":\"https:\/\/www.noticiasradioreflejos.com.ar\/2021\/#website\"},\"datePublished\":\"2018-07-20T20:58:49+00:00\",\"author\":{\"@id\":\"https:\/\/www.noticiasradioreflejos.com.ar\/2021\/#\/schema\/person\/ad82545263dcc5ec0996818884fd5fb1\"},\"breadcrumb\":{\"@id\":\"https:\/\/www.noticiasradioreflejos.com.ar\/2021\/nos-une-la-recuperacion-de-derechos-y-la-equidad-silvia-zaballa-pres-del-consejo-municipal-de-la-mujer\/#breadcrumb\"},\"inLanguage\":\"es\",\"potentialAction\":[{\"@type\":\"ReadAction\",\"target\":[\"https:\/\/www.noticiasradioreflejos.com.ar\/2021\/nos-une-la-recuperacion-de-derechos-y-la-equidad-silvia-zaballa-pres-del-consejo-municipal-de-la-mujer\/\"]}]},{\"@type\":\"BreadcrumbList\",\"@id\":\"https:\/\/www.noticiasradioreflejos.com.ar\/2021\/nos-une-la-recuperacion-de-derechos-y-la-equidad-silvia-zaballa-pres-del-consejo-municipal-de-la-mujer\/#breadcrumb\",\"itemListElement\":[{\"@type\":\"ListItem\",\"position\":1,\"name\":\"Portada\",\"item\":\"https:\/\/www.noticiasradioreflejos.com.ar\/2021\/\"},{\"@type\":\"ListItem\",\"position\":2,\"name\":\"&quot;Nos une la recuperaci\u00f3n de derechos y la equidad&quot; . Silvia Zaballa, Pres. del Consejo Municipal de la Mujer.\"}]},{\"@type\":\"WebSite\",\"@id\":\"https:\/\/www.noticiasradioreflejos.com.ar\/2021\/#website\",\"url\":\"https:\/\/www.noticiasradioreflejos.com.ar\/2021\/\",\"name\":\"Noticias Radio Reflejos\",\"description\":\"Las noticias de mi comarca\",\"potentialAction\":[{\"@type\":\"SearchAction\",\"target\":{\"@type\":\"EntryPoint\",\"urlTemplate\":\"https:\/\/www.noticiasradioreflejos.com.ar\/2021\/?s={search_term_string}\"},\"query-input\":{\"@type\":\"PropertyValueSpecification\",\"valueRequired\":true,\"valueName\":\"search_term_string\"}}],\"inLanguage\":\"es\"},{\"@type\":\"Person\",\"@id\":\"https:\/\/www.noticiasradioreflejos.com.ar\/2021\/#\/schema\/person\/ad82545263dcc5ec0996818884fd5fb1\",\"name\":\"Arnaldo Botto\",\"image\":{\"@type\":\"ImageObject\",\"inLanguage\":\"es\",\"@id\":\"https:\/\/www.noticiasradioreflejos.com.ar\/2021\/#\/schema\/person\/image\/\",\"url\":\"https:\/\/secure.gravatar.com\/avatar\/55cb5e37c1efa326397366e6974cb338056df65cb50e7d64d1cf314e87504837?s=96&d=mm&r=g\",\"contentUrl\":\"https:\/\/secure.gravatar.com\/avatar\/55cb5e37c1efa326397366e6974cb338056df65cb50e7d64d1cf314e87504837?s=96&d=mm&r=g\",\"caption\":\"Arnaldo Botto\"},\"url\":\"https:\/\/www.noticiasradioreflejos.com.ar\/2021\/author\/arnaldo\/\"}]}<\/script>\n<!-- \/ Yoast SEO plugin. -->","yoast_head_json":{"title":"&quot;Nos une la recuperaci\u00f3n de derechos y la equidad&quot; . Silvia Zaballa, Pres. del Consejo Municipal de la Mujer. - Noticias Radio Reflejos","robots":{"index":"index","follow":"follow","max-snippet":"max-snippet:-1","max-image-preview":"max-image-preview:large","max-video-preview":"max-video-preview:-1"},"canonical":"https:\/\/www.noticiasradioreflejos.com.ar\/2021\/nos-une-la-recuperacion-de-derechos-y-la-equidad-silvia-zaballa-pres-del-consejo-municipal-de-la-mujer\/","og_locale":"es_ES","og_type":"article","og_title":"&quot;Nos une la recuperaci\u00f3n de derechos y la equidad&quot; . Silvia Zaballa, Pres. del Consejo Municipal de la Mujer. - Noticias Radio Reflejos","og_description":"Se conform\u00f3 en la noche de este jueves 19 de julio el Consejo Municipal de la Mujer en la ciudad de Tornquist y Silvia Zaballa result\u00f3 elegida presidente del mismo. \u00abNos une la recuperaci\u00f3n de derechos y la equidad\u00bb manifest\u00f3 en la nota radial lograda esta ma\u00f1ana en FM Reflejos, donde describe los fundamentos, metas [&hellip;]","og_url":"https:\/\/www.noticiasradioreflejos.com.ar\/2021\/nos-une-la-recuperacion-de-derechos-y-la-equidad-silvia-zaballa-pres-del-consejo-municipal-de-la-mujer\/","og_site_name":"Noticias Radio Reflejos","article_published_time":"2018-07-20T20:58:49+00:00","og_image":[{"width":300,"height":200,"url":"https:\/\/www.noticiasradioreflejos.com.ar\/2021\/wp-content\/uploads\/2021\/07\/logosol300x200.png","type":"image\/png"}],"author":"Arnaldo Botto","twitter_card":"summary_large_image","schema":{"@context":"https:\/\/schema.org","@graph":[{"@type":"WebPage","@id":"https:\/\/www.noticiasradioreflejos.com.ar\/2021\/nos-une-la-recuperacion-de-derechos-y-la-equidad-silvia-zaballa-pres-del-consejo-municipal-de-la-mujer\/","url":"https:\/\/www.noticiasradioreflejos.com.ar\/2021\/nos-une-la-recuperacion-de-derechos-y-la-equidad-silvia-zaballa-pres-del-consejo-municipal-de-la-mujer\/","name":"&quot;Nos une la recuperaci\u00f3n de derechos y la equidad&quot; . Silvia Zaballa, Pres. del Consejo Municipal de la Mujer. - Noticias Radio Reflejos","isPartOf":{"@id":"https:\/\/www.noticiasradioreflejos.com.ar\/2021\/#website"},"datePublished":"2018-07-20T20:58:49+00:00","author":{"@id":"https:\/\/www.noticiasradioreflejos.com.ar\/2021\/#\/schema\/person\/ad82545263dcc5ec0996818884fd5fb1"},"breadcrumb":{"@id":"https:\/\/www.noticiasradioreflejos.com.ar\/2021\/nos-une-la-recuperacion-de-derechos-y-la-equidad-silvia-zaballa-pres-del-consejo-municipal-de-la-mujer\/#breadcrumb"},"inLanguage":"es","potentialAction":[{"@type":"ReadAction","target":["https:\/\/www.noticiasradioreflejos.com.ar\/2021\/nos-une-la-recuperacion-de-derechos-y-la-equidad-silvia-zaballa-pres-del-consejo-municipal-de-la-mujer\/"]}]},{"@type":"BreadcrumbList","@id":"https:\/\/www.noticiasradioreflejos.com.ar\/2021\/nos-une-la-recuperacion-de-derechos-y-la-equidad-silvia-zaballa-pres-del-consejo-municipal-de-la-mujer\/#breadcrumb","itemListElement":[{"@type":"ListItem","position":1,"name":"Portada","item":"https:\/\/www.noticiasradioreflejos.com.ar\/2021\/"},{"@type":"ListItem","position":2,"name":"&quot;Nos une la recuperaci\u00f3n de derechos y la equidad&quot; . Silvia Zaballa, Pres. del Consejo Municipal de la Mujer."}]},{"@type":"WebSite","@id":"https:\/\/www.noticiasradioreflejos.com.ar\/2021\/#website","url":"https:\/\/www.noticiasradioreflejos.com.ar\/2021\/","name":"Noticias Radio Reflejos","description":"Las noticias de mi comarca","potentialAction":[{"@type":"SearchAction","target":{"@type":"EntryPoint","urlTemplate":"https:\/\/www.noticiasradioreflejos.com.ar\/2021\/?s={search_term_string}"},"query-input":{"@type":"PropertyValueSpecification","valueRequired":true,"valueName":"search_term_string"}}],"inLanguage":"es"},{"@type":"Person","@id":"https:\/\/www.noticiasradioreflejos.com.ar\/2021\/#\/schema\/person\/ad82545263dcc5ec0996818884fd5fb1","name":"Arnaldo Botto","image":{"@type":"ImageObject","inLanguage":"es","@id":"https:\/\/www.noticiasradioreflejos.com.ar\/2021\/#\/schema\/person\/image\/","url":"https:\/\/secure.gravatar.com\/avatar\/55cb5e37c1efa326397366e6974cb338056df65cb50e7d64d1cf314e87504837?s=96&d=mm&r=g","contentUrl":"https:\/\/secure.gravatar.com\/avatar\/55cb5e37c1efa326397366e6974cb338056df65cb50e7d64d1cf314e87504837?s=96&d=mm&r=g","caption":"Arnaldo Botto"},"url":"https:\/\/www.noticiasradioreflejos.com.ar\/2021\/author\/arnaldo\/"}]}},"_links":{"self":[{"href":"https:\/\/www.noticiasradioreflejos.com.ar\/2021\/wp-json\/wp\/v2\/posts\/23443","targetHints":{"allow":["GET"]}}],"collection":[{"href":"https:\/\/www.noticiasradioreflejos.com.ar\/2021\/wp-json\/wp\/v2\/posts"}],"about":[{"href":"https:\/\/www.noticiasradioreflejos.com.ar\/2021\/wp-json\/wp\/v2\/types\/post"}],"author":[{"embeddable":true,"href":"https:\/\/www.noticiasradioreflejos.com.ar\/2021\/wp-json\/wp\/v2\/users\/3"}],"replies":[{"embeddable":true,"href":"https:\/\/www.noticiasradioreflejos.com.ar\/2021\/wp-json\/wp\/v2\/comments?post=23443"}],"version-history":[{"count":0,"href":"https:\/\/www.noticiasradioreflejos.com.ar\/2021\/wp-json\/wp\/v2\/posts\/23443\/revisions"}],"wp:attachment":[{"href":"https:\/\/www.noticiasradioreflejos.com.ar\/2021\/wp-json\/wp\/v2\/media?parent=23443"}],"wp:term":[{"taxonomy":"category","embeddable":true,"href":"https:\/\/www.noticiasradioreflejos.com.ar\/2021\/wp-json\/wp\/v2\/categories?post=23443"},{"taxonomy":"post_tag","embeddable":true,"href":"https:\/\/www.noticiasradioreflejos.com.ar\/2021\/wp-json\/wp\/v2\/tags?post=23443"}],"curies":[{"name":"wp","href":"https:\/\/api.w.org\/{rel}","templated":true}]}}