{"id":23440,"date":"2018-07-20T17:29:56","date_gmt":"2018-07-20T20:29:56","guid":{"rendered":"http:\/\/www.noticiasradioreflejos.com.ar\/noticias\/?p=23440"},"modified":"2018-07-20T17:29:56","modified_gmt":"2018-07-20T20:29:56","slug":"una-ventana-al-cine-ciclo-de-cine-en-sierra-de-la-ventana","status":"publish","type":"post","link":"https:\/\/www.noticiasradioreflejos.com.ar\/2021\/una-ventana-al-cine-ciclo-de-cine-en-sierra-de-la-ventana\/","title":{"rendered":"&quot;Una Ventana al cine&quot;, ciclo de cine en Sierra de la Ventana."},"content":{"rendered":"<p>En la grilla de la Biblioteca Popular Mariano Moreno de Sierra de la Ventana se presenta un ciclo de cine a cargo de Carmen Silveira y Guido Minerbi.<br \/>\nCon el nombre de \u00abUna Ventana al cine\u00bb, se presentar\u00e1n 3 veces, este s\u00e1bado 21, el lunes 23 y el mi\u00e9rcoles 25 a partir de las 20 hs.<br \/>\nGuido nos describe que pel\u00edculas presentar\u00e1n y c\u00f3mo se desenvolver\u00e1 durante el ciclo.<!--more--><br \/>\n\u00abBueno, la biblioteca nos invit\u00f3 a dar un breve ciclo de cine, en ocasi\u00f3n de las vacaciones de invierno, y hemos elegido para un ciclo de cine as\u00ed breve y que sea simp\u00e1tico, y realmente para todo publico, tres pel\u00edculas que son de 3 procedencias distintas, hay una de Reino Unido, otra de Estados Unidos, y otra de Italia, y son 3 pel\u00edculas que por distintos caminos van hacer re\u00edr, y re\u00edr mucho, son pel\u00edculas c\u00f3micas, y tambi\u00e9n bastante critica de las sociedades que las han producido, la mirada de cada pa\u00eds sobre sus peque\u00f1os \u00e9xitos y grandes lacras. Yo creo que mas que los directores, que a lo mejor no resultan tan conocidos, es interesante hablar de t\u00edtulos, y en particular quisiera hablar del titulo que vamos a pasar ma\u00f1ana, a partir de las 20hs en la biblioteca Mariano Moreno, el titulo de la pel\u00edcula de ma\u00f1ana es (\u00abEl Quinteto de la Muerte\u00bb), es una de las pel\u00edculas con uno de los mayores actores, de todos los tiempos, Alec Guinness, que fue hecho caballero de la corona, por la reina Isabel Segunda, porque realmente, tanto en teatro, como en cine, fue uno de los mayores interpretes. Y as\u00ed vamos a proseguir con otras dos pel\u00edculas, una ser\u00e1 entonces ma\u00f1ana s\u00e1bado, otra se da el lunes 23 y luego el mi\u00e9rcoles 25, con la ultima pel\u00edcula, que no me quiero adelantar demasiado pero ah\u00ed tambi\u00e9n tenemos un actorazo en este caso Italiano, que es Alberto Sordi, es un lujo porque realmente los italianos siempre lo quisieron entra\u00f1ablemente, tanto como ac\u00e1 pudimos haber querido a un Luis Sandrini, digamos, un actor c\u00f3mico, de primera, y a tal punto que ya lo rebautizaron ya en Italia no era Alberto Sordi, sino era Albertone, era como el amigo de todos, que corresponde porque hoy es el d\u00eda del amigo ademas\u00bb.<br \/>\n\u00abEl sistema que vamos a seguir, es el siguiente, va a haber una breve presentaci\u00f3n de la pel\u00edcula, director y de los actores, cosa de que todos podamos disfrutar de la pel\u00edcula de una forma mas informada, luego vamos a pasar el largometraje sin interrupci\u00f3n ninguna y obviamente con subtitulos, y al terminar la proyecci\u00f3n si la gente esta interesada y tiene ganas de opinar y de debatir, vamos a manejar un peque\u00f1o debate, sobre lo que acabamos de ver, esa es un poco la estructura de las 3 reuniones\u00bb.<br \/>\nNOTA COMPLETA:<br \/>\n<iframe loading=\"lazy\" src=\"https:\/\/w.soundcloud.com\/player\/?url=https%3A\/\/api.soundcloud.com\/tracks\/474324426&amp;color=%23ff5500&amp;auto_play=false&amp;hide_related=false&amp;show_comments=true&amp;show_user=true&amp;show_reposts=false&amp;show_teaser=true\" width=\"100%\" height=\"166\" frameborder=\"no\" scrolling=\"no\"><\/iframe><\/p>\n","protected":false},"excerpt":{"rendered":"<p>En la grilla de la Biblioteca Popular Mariano Moreno de Sierra de la Ventana se presenta un ciclo de cine a cargo de Carmen Silveira y Guido Minerbi. Con el nombre de \u00abUna Ventana al cine\u00bb, se presentar\u00e1n 3 veces, este s\u00e1bado 21, el lunes 23 y el mi\u00e9rcoles 25 a partir de las 20 [&hellip;]<\/p>\n","protected":false},"author":3,"featured_media":0,"comment_status":"closed","ping_status":"open","sticky":false,"template":"","format":"standard","meta":{"footnotes":""},"categories":[35],"tags":[],"class_list":["post-23440","post","type-post","status-publish","format-standard","hentry","category-cultura"],"yoast_head":"<!-- This site is optimized with the Yoast SEO plugin v25.9 - https:\/\/yoast.com\/wordpress\/plugins\/seo\/ -->\n<title>&quot;Una Ventana al cine&quot;, ciclo de cine en Sierra de la Ventana. - Noticias Radio Reflejos<\/title>\n<meta name=\"robots\" content=\"index, follow, max-snippet:-1, max-image-preview:large, max-video-preview:-1\" \/>\n<link rel=\"canonical\" href=\"https:\/\/www.noticiasradioreflejos.com.ar\/2021\/una-ventana-al-cine-ciclo-de-cine-en-sierra-de-la-ventana\/\" \/>\n<meta property=\"og:locale\" content=\"es_ES\" \/>\n<meta property=\"og:type\" content=\"article\" \/>\n<meta property=\"og:title\" content=\"&quot;Una Ventana al cine&quot;, ciclo de cine en Sierra de la Ventana. - Noticias Radio Reflejos\" \/>\n<meta property=\"og:description\" content=\"En la grilla de la Biblioteca Popular Mariano Moreno de Sierra de la Ventana se presenta un ciclo de cine a cargo de Carmen Silveira y Guido Minerbi. Con el nombre de \u00abUna Ventana al cine\u00bb, se presentar\u00e1n 3 veces, este s\u00e1bado 21, el lunes 23 y el mi\u00e9rcoles 25 a partir de las 20 [&hellip;]\" \/>\n<meta property=\"og:url\" content=\"https:\/\/www.noticiasradioreflejos.com.ar\/2021\/una-ventana-al-cine-ciclo-de-cine-en-sierra-de-la-ventana\/\" \/>\n<meta property=\"og:site_name\" content=\"Noticias Radio Reflejos\" \/>\n<meta property=\"article:published_time\" content=\"2018-07-20T20:29:56+00:00\" \/>\n<meta property=\"og:image\" content=\"https:\/\/www.noticiasradioreflejos.com.ar\/2021\/wp-content\/uploads\/2021\/07\/logosol300x200.png\" \/>\n\t<meta property=\"og:image:width\" content=\"300\" \/>\n\t<meta property=\"og:image:height\" content=\"200\" \/>\n\t<meta property=\"og:image:type\" content=\"image\/png\" \/>\n<meta name=\"author\" content=\"Arnaldo Botto\" \/>\n<meta name=\"twitter:card\" content=\"summary_large_image\" \/>\n<script type=\"application\/ld+json\" class=\"yoast-schema-graph\">{\"@context\":\"https:\/\/schema.org\",\"@graph\":[{\"@type\":\"WebPage\",\"@id\":\"https:\/\/www.noticiasradioreflejos.com.ar\/2021\/una-ventana-al-cine-ciclo-de-cine-en-sierra-de-la-ventana\/\",\"url\":\"https:\/\/www.noticiasradioreflejos.com.ar\/2021\/una-ventana-al-cine-ciclo-de-cine-en-sierra-de-la-ventana\/\",\"name\":\"&quot;Una Ventana al cine&quot;, ciclo de cine en Sierra de la Ventana. - Noticias Radio Reflejos\",\"isPartOf\":{\"@id\":\"https:\/\/www.noticiasradioreflejos.com.ar\/2021\/#website\"},\"datePublished\":\"2018-07-20T20:29:56+00:00\",\"author\":{\"@id\":\"https:\/\/www.noticiasradioreflejos.com.ar\/2021\/#\/schema\/person\/ad82545263dcc5ec0996818884fd5fb1\"},\"breadcrumb\":{\"@id\":\"https:\/\/www.noticiasradioreflejos.com.ar\/2021\/una-ventana-al-cine-ciclo-de-cine-en-sierra-de-la-ventana\/#breadcrumb\"},\"inLanguage\":\"es\",\"potentialAction\":[{\"@type\":\"ReadAction\",\"target\":[\"https:\/\/www.noticiasradioreflejos.com.ar\/2021\/una-ventana-al-cine-ciclo-de-cine-en-sierra-de-la-ventana\/\"]}]},{\"@type\":\"BreadcrumbList\",\"@id\":\"https:\/\/www.noticiasradioreflejos.com.ar\/2021\/una-ventana-al-cine-ciclo-de-cine-en-sierra-de-la-ventana\/#breadcrumb\",\"itemListElement\":[{\"@type\":\"ListItem\",\"position\":1,\"name\":\"Portada\",\"item\":\"https:\/\/www.noticiasradioreflejos.com.ar\/2021\/\"},{\"@type\":\"ListItem\",\"position\":2,\"name\":\"&quot;Una Ventana al cine&quot;, ciclo de cine en Sierra de la Ventana.\"}]},{\"@type\":\"WebSite\",\"@id\":\"https:\/\/www.noticiasradioreflejos.com.ar\/2021\/#website\",\"url\":\"https:\/\/www.noticiasradioreflejos.com.ar\/2021\/\",\"name\":\"Noticias Radio Reflejos\",\"description\":\"Las noticias de mi comarca\",\"potentialAction\":[{\"@type\":\"SearchAction\",\"target\":{\"@type\":\"EntryPoint\",\"urlTemplate\":\"https:\/\/www.noticiasradioreflejos.com.ar\/2021\/?s={search_term_string}\"},\"query-input\":{\"@type\":\"PropertyValueSpecification\",\"valueRequired\":true,\"valueName\":\"search_term_string\"}}],\"inLanguage\":\"es\"},{\"@type\":\"Person\",\"@id\":\"https:\/\/www.noticiasradioreflejos.com.ar\/2021\/#\/schema\/person\/ad82545263dcc5ec0996818884fd5fb1\",\"name\":\"Arnaldo Botto\",\"image\":{\"@type\":\"ImageObject\",\"inLanguage\":\"es\",\"@id\":\"https:\/\/www.noticiasradioreflejos.com.ar\/2021\/#\/schema\/person\/image\/\",\"url\":\"https:\/\/secure.gravatar.com\/avatar\/55cb5e37c1efa326397366e6974cb338056df65cb50e7d64d1cf314e87504837?s=96&d=mm&r=g\",\"contentUrl\":\"https:\/\/secure.gravatar.com\/avatar\/55cb5e37c1efa326397366e6974cb338056df65cb50e7d64d1cf314e87504837?s=96&d=mm&r=g\",\"caption\":\"Arnaldo Botto\"},\"url\":\"https:\/\/www.noticiasradioreflejos.com.ar\/2021\/author\/arnaldo\/\"}]}<\/script>\n<!-- \/ Yoast SEO plugin. -->","yoast_head_json":{"title":"&quot;Una Ventana al cine&quot;, ciclo de cine en Sierra de la Ventana. - Noticias Radio Reflejos","robots":{"index":"index","follow":"follow","max-snippet":"max-snippet:-1","max-image-preview":"max-image-preview:large","max-video-preview":"max-video-preview:-1"},"canonical":"https:\/\/www.noticiasradioreflejos.com.ar\/2021\/una-ventana-al-cine-ciclo-de-cine-en-sierra-de-la-ventana\/","og_locale":"es_ES","og_type":"article","og_title":"&quot;Una Ventana al cine&quot;, ciclo de cine en Sierra de la Ventana. - Noticias Radio Reflejos","og_description":"En la grilla de la Biblioteca Popular Mariano Moreno de Sierra de la Ventana se presenta un ciclo de cine a cargo de Carmen Silveira y Guido Minerbi. Con el nombre de \u00abUna Ventana al cine\u00bb, se presentar\u00e1n 3 veces, este s\u00e1bado 21, el lunes 23 y el mi\u00e9rcoles 25 a partir de las 20 [&hellip;]","og_url":"https:\/\/www.noticiasradioreflejos.com.ar\/2021\/una-ventana-al-cine-ciclo-de-cine-en-sierra-de-la-ventana\/","og_site_name":"Noticias Radio Reflejos","article_published_time":"2018-07-20T20:29:56+00:00","og_image":[{"width":300,"height":200,"url":"https:\/\/www.noticiasradioreflejos.com.ar\/2021\/wp-content\/uploads\/2021\/07\/logosol300x200.png","type":"image\/png"}],"author":"Arnaldo Botto","twitter_card":"summary_large_image","schema":{"@context":"https:\/\/schema.org","@graph":[{"@type":"WebPage","@id":"https:\/\/www.noticiasradioreflejos.com.ar\/2021\/una-ventana-al-cine-ciclo-de-cine-en-sierra-de-la-ventana\/","url":"https:\/\/www.noticiasradioreflejos.com.ar\/2021\/una-ventana-al-cine-ciclo-de-cine-en-sierra-de-la-ventana\/","name":"&quot;Una Ventana al cine&quot;, ciclo de cine en Sierra de la Ventana. - Noticias Radio Reflejos","isPartOf":{"@id":"https:\/\/www.noticiasradioreflejos.com.ar\/2021\/#website"},"datePublished":"2018-07-20T20:29:56+00:00","author":{"@id":"https:\/\/www.noticiasradioreflejos.com.ar\/2021\/#\/schema\/person\/ad82545263dcc5ec0996818884fd5fb1"},"breadcrumb":{"@id":"https:\/\/www.noticiasradioreflejos.com.ar\/2021\/una-ventana-al-cine-ciclo-de-cine-en-sierra-de-la-ventana\/#breadcrumb"},"inLanguage":"es","potentialAction":[{"@type":"ReadAction","target":["https:\/\/www.noticiasradioreflejos.com.ar\/2021\/una-ventana-al-cine-ciclo-de-cine-en-sierra-de-la-ventana\/"]}]},{"@type":"BreadcrumbList","@id":"https:\/\/www.noticiasradioreflejos.com.ar\/2021\/una-ventana-al-cine-ciclo-de-cine-en-sierra-de-la-ventana\/#breadcrumb","itemListElement":[{"@type":"ListItem","position":1,"name":"Portada","item":"https:\/\/www.noticiasradioreflejos.com.ar\/2021\/"},{"@type":"ListItem","position":2,"name":"&quot;Una Ventana al cine&quot;, ciclo de cine en Sierra de la Ventana."}]},{"@type":"WebSite","@id":"https:\/\/www.noticiasradioreflejos.com.ar\/2021\/#website","url":"https:\/\/www.noticiasradioreflejos.com.ar\/2021\/","name":"Noticias Radio Reflejos","description":"Las noticias de mi comarca","potentialAction":[{"@type":"SearchAction","target":{"@type":"EntryPoint","urlTemplate":"https:\/\/www.noticiasradioreflejos.com.ar\/2021\/?s={search_term_string}"},"query-input":{"@type":"PropertyValueSpecification","valueRequired":true,"valueName":"search_term_string"}}],"inLanguage":"es"},{"@type":"Person","@id":"https:\/\/www.noticiasradioreflejos.com.ar\/2021\/#\/schema\/person\/ad82545263dcc5ec0996818884fd5fb1","name":"Arnaldo Botto","image":{"@type":"ImageObject","inLanguage":"es","@id":"https:\/\/www.noticiasradioreflejos.com.ar\/2021\/#\/schema\/person\/image\/","url":"https:\/\/secure.gravatar.com\/avatar\/55cb5e37c1efa326397366e6974cb338056df65cb50e7d64d1cf314e87504837?s=96&d=mm&r=g","contentUrl":"https:\/\/secure.gravatar.com\/avatar\/55cb5e37c1efa326397366e6974cb338056df65cb50e7d64d1cf314e87504837?s=96&d=mm&r=g","caption":"Arnaldo Botto"},"url":"https:\/\/www.noticiasradioreflejos.com.ar\/2021\/author\/arnaldo\/"}]}},"_links":{"self":[{"href":"https:\/\/www.noticiasradioreflejos.com.ar\/2021\/wp-json\/wp\/v2\/posts\/23440","targetHints":{"allow":["GET"]}}],"collection":[{"href":"https:\/\/www.noticiasradioreflejos.com.ar\/2021\/wp-json\/wp\/v2\/posts"}],"about":[{"href":"https:\/\/www.noticiasradioreflejos.com.ar\/2021\/wp-json\/wp\/v2\/types\/post"}],"author":[{"embeddable":true,"href":"https:\/\/www.noticiasradioreflejos.com.ar\/2021\/wp-json\/wp\/v2\/users\/3"}],"replies":[{"embeddable":true,"href":"https:\/\/www.noticiasradioreflejos.com.ar\/2021\/wp-json\/wp\/v2\/comments?post=23440"}],"version-history":[{"count":0,"href":"https:\/\/www.noticiasradioreflejos.com.ar\/2021\/wp-json\/wp\/v2\/posts\/23440\/revisions"}],"wp:attachment":[{"href":"https:\/\/www.noticiasradioreflejos.com.ar\/2021\/wp-json\/wp\/v2\/media?parent=23440"}],"wp:term":[{"taxonomy":"category","embeddable":true,"href":"https:\/\/www.noticiasradioreflejos.com.ar\/2021\/wp-json\/wp\/v2\/categories?post=23440"},{"taxonomy":"post_tag","embeddable":true,"href":"https:\/\/www.noticiasradioreflejos.com.ar\/2021\/wp-json\/wp\/v2\/tags?post=23440"}],"curies":[{"name":"wp","href":"https:\/\/api.w.org\/{rel}","templated":true}]}}