{"id":23432,"date":"2018-07-20T10:57:13","date_gmt":"2018-07-20T13:57:13","guid":{"rendered":"http:\/\/www.noticiasradioreflejos.com.ar\/noticias\/?p=23432"},"modified":"2018-07-20T10:57:13","modified_gmt":"2018-07-20T13:57:13","slug":"jorge-maipach-describe-como-nieva-en-el-abra-de-la-ventana","status":"publish","type":"post","link":"https:\/\/www.noticiasradioreflejos.com.ar\/2021\/jorge-maipach-describe-como-nieva-en-el-abra-de-la-ventana\/","title":{"rendered":"Jorge Maipach describe como nieva en el Abra de la Ventana."},"content":{"rendered":"<p>Desde el Abra de la Ventana,<strong> Jorge Maipach<\/strong>, propietario del Complejo \u00abEl Mirador\u00bb, describe el temporal que lleg\u00f3 a la comarca con vientos, lluvias y nieve.<br \/>\n\u00abDesde las 8 hs aproximadamente comenzamos a ver nevar, se corta, llovizna y de pronto copos como plumas de ganso\u00bb nos describe Maipach sobre el fen\u00f3meno meteorol\u00f3gico que lleg\u00f3 en plenas vacaciones invernales.<!--more--><br \/>\nCon el actual Presidente de la Asociaci\u00f3n para el Desarrollo Tur\u00edstico de la Comarca de Sierra de la Ventana, tambi\u00e9n analizamos la marcha de la temporada invernal en toda la comarca, el prestador califica como \u00abBuena\u00bb a estas vacaciones.<br \/>\n\u00abBueno ac\u00e1 tipo 8 de la ma\u00f1ana empez\u00f3 a nevar un poquito, despu\u00e9s empezaron a caer algunos copos, ahora en este momento esta nevizcando agua y nieve, hasta ahora no se ha acumulado en el piso, pero bueno, el pronostico da como para que siga, realmente una bendici\u00f3n esto. Tipo 9 hab\u00edan empezado a caer lindos copos, esos copos tipo pluma de ganso, y por ah\u00ed se corta y arranca nuevamente, con esa agua nieve, por eso no la deja acumular, y todav\u00eda blanquicinar un poco el tema de los pinos y del piso, pero estamos esperanzados de que pueda caer algo lindo para que la gente pueda disfrutar, mas en esta \u00e9poca, que esta toda la gente de vacaciones y dem\u00e1s, seria un atractivo muy importante para la comarca. El viento no es tan intenso, yo calculo 15 o 20 km, inclusive a las 9 hab\u00eda un poquito mas de viento, donde iba bien de costado la nieve, asique no, no hay mucho viento\u00bb.<br \/>\n\u00abEs una temporada buena digamos, no es muy buena y mucho menos excelente, no es mala, es una intermedia, no es una de las mejores temporadas, nosotros tendremos de ocupaci\u00f3n en este momento un 80%, normalmente en las vacaciones de invierno estar\u00edamos a un 100%, por ah\u00ed ahora con el tema de la nieve la gente se entusiasma, y completa todo dentro de la comarca. En tornquist no hay gente, y eso es un term\u00f3metro t\u00e1cito con respecto que cuando esta todo completo, Tornquist tambi\u00e9n se completa, hay una realidad, la situaci\u00f3n no esta f\u00e1cil para nadie, y bueno, la gente viene mas gasolera, por supuesto que nosotros siempre tenemos fe que esto va a mejorar, inclusive ahora con el precio del dolar la gente va a tratar de estar mas adentro de Argentina\u00bb.<br \/>\nNOTA COMPLETA:<br \/>\n<iframe loading=\"lazy\" src=\"https:\/\/w.soundcloud.com\/player\/?url=https%3A\/\/api.soundcloud.com\/tracks\/474317082&amp;color=%23ff5500&amp;auto_play=false&amp;hide_related=false&amp;show_comments=true&amp;show_user=true&amp;show_reposts=false&amp;show_teaser=true\" width=\"100%\" height=\"166\" frameborder=\"no\" scrolling=\"no\"><\/iframe><\/p>\n","protected":false},"excerpt":{"rendered":"<p>Desde el Abra de la Ventana, Jorge Maipach, propietario del Complejo \u00abEl Mirador\u00bb, describe el temporal que lleg\u00f3 a la comarca con vientos, lluvias y nieve. \u00abDesde las 8 hs aproximadamente comenzamos a ver nevar, se corta, llovizna y de pronto copos como plumas de ganso\u00bb nos describe Maipach sobre el fen\u00f3meno meteorol\u00f3gico que lleg\u00f3 [&hellip;]<\/p>\n","protected":false},"author":3,"featured_media":0,"comment_status":"closed","ping_status":"open","sticky":false,"template":"","format":"standard","meta":{"footnotes":""},"categories":[33],"tags":[],"class_list":["post-23432","post","type-post","status-publish","format-standard","hentry","category-turismo"],"yoast_head":"<!-- This site is optimized with the Yoast SEO plugin v25.9 - https:\/\/yoast.com\/wordpress\/plugins\/seo\/ -->\n<title>Jorge Maipach describe como nieva en el Abra de la Ventana. - Noticias Radio Reflejos<\/title>\n<meta name=\"robots\" content=\"index, follow, max-snippet:-1, max-image-preview:large, max-video-preview:-1\" \/>\n<link rel=\"canonical\" href=\"https:\/\/www.noticiasradioreflejos.com.ar\/2021\/jorge-maipach-describe-como-nieva-en-el-abra-de-la-ventana\/\" \/>\n<meta property=\"og:locale\" content=\"es_ES\" \/>\n<meta property=\"og:type\" content=\"article\" \/>\n<meta property=\"og:title\" content=\"Jorge Maipach describe como nieva en el Abra de la Ventana. - Noticias Radio Reflejos\" \/>\n<meta property=\"og:description\" content=\"Desde el Abra de la Ventana, Jorge Maipach, propietario del Complejo \u00abEl Mirador\u00bb, describe el temporal que lleg\u00f3 a la comarca con vientos, lluvias y nieve. \u00abDesde las 8 hs aproximadamente comenzamos a ver nevar, se corta, llovizna y de pronto copos como plumas de ganso\u00bb nos describe Maipach sobre el fen\u00f3meno meteorol\u00f3gico que lleg\u00f3 [&hellip;]\" \/>\n<meta property=\"og:url\" content=\"https:\/\/www.noticiasradioreflejos.com.ar\/2021\/jorge-maipach-describe-como-nieva-en-el-abra-de-la-ventana\/\" \/>\n<meta property=\"og:site_name\" content=\"Noticias Radio Reflejos\" \/>\n<meta property=\"article:published_time\" content=\"2018-07-20T13:57:13+00:00\" \/>\n<meta property=\"og:image\" content=\"https:\/\/www.noticiasradioreflejos.com.ar\/2021\/wp-content\/uploads\/2021\/07\/logosol300x200.png\" \/>\n\t<meta property=\"og:image:width\" content=\"300\" \/>\n\t<meta property=\"og:image:height\" content=\"200\" \/>\n\t<meta property=\"og:image:type\" content=\"image\/png\" \/>\n<meta name=\"author\" content=\"Arnaldo Botto\" \/>\n<meta name=\"twitter:card\" content=\"summary_large_image\" \/>\n<script type=\"application\/ld+json\" class=\"yoast-schema-graph\">{\"@context\":\"https:\/\/schema.org\",\"@graph\":[{\"@type\":\"WebPage\",\"@id\":\"https:\/\/www.noticiasradioreflejos.com.ar\/2021\/jorge-maipach-describe-como-nieva-en-el-abra-de-la-ventana\/\",\"url\":\"https:\/\/www.noticiasradioreflejos.com.ar\/2021\/jorge-maipach-describe-como-nieva-en-el-abra-de-la-ventana\/\",\"name\":\"Jorge Maipach describe como nieva en el Abra de la Ventana. - Noticias Radio Reflejos\",\"isPartOf\":{\"@id\":\"https:\/\/www.noticiasradioreflejos.com.ar\/2021\/#website\"},\"datePublished\":\"2018-07-20T13:57:13+00:00\",\"author\":{\"@id\":\"https:\/\/www.noticiasradioreflejos.com.ar\/2021\/#\/schema\/person\/ad82545263dcc5ec0996818884fd5fb1\"},\"breadcrumb\":{\"@id\":\"https:\/\/www.noticiasradioreflejos.com.ar\/2021\/jorge-maipach-describe-como-nieva-en-el-abra-de-la-ventana\/#breadcrumb\"},\"inLanguage\":\"es\",\"potentialAction\":[{\"@type\":\"ReadAction\",\"target\":[\"https:\/\/www.noticiasradioreflejos.com.ar\/2021\/jorge-maipach-describe-como-nieva-en-el-abra-de-la-ventana\/\"]}]},{\"@type\":\"BreadcrumbList\",\"@id\":\"https:\/\/www.noticiasradioreflejos.com.ar\/2021\/jorge-maipach-describe-como-nieva-en-el-abra-de-la-ventana\/#breadcrumb\",\"itemListElement\":[{\"@type\":\"ListItem\",\"position\":1,\"name\":\"Portada\",\"item\":\"https:\/\/www.noticiasradioreflejos.com.ar\/2021\/\"},{\"@type\":\"ListItem\",\"position\":2,\"name\":\"Jorge Maipach describe como nieva en el Abra de la Ventana.\"}]},{\"@type\":\"WebSite\",\"@id\":\"https:\/\/www.noticiasradioreflejos.com.ar\/2021\/#website\",\"url\":\"https:\/\/www.noticiasradioreflejos.com.ar\/2021\/\",\"name\":\"Noticias Radio Reflejos\",\"description\":\"Las noticias de mi comarca\",\"potentialAction\":[{\"@type\":\"SearchAction\",\"target\":{\"@type\":\"EntryPoint\",\"urlTemplate\":\"https:\/\/www.noticiasradioreflejos.com.ar\/2021\/?s={search_term_string}\"},\"query-input\":{\"@type\":\"PropertyValueSpecification\",\"valueRequired\":true,\"valueName\":\"search_term_string\"}}],\"inLanguage\":\"es\"},{\"@type\":\"Person\",\"@id\":\"https:\/\/www.noticiasradioreflejos.com.ar\/2021\/#\/schema\/person\/ad82545263dcc5ec0996818884fd5fb1\",\"name\":\"Arnaldo Botto\",\"image\":{\"@type\":\"ImageObject\",\"inLanguage\":\"es\",\"@id\":\"https:\/\/www.noticiasradioreflejos.com.ar\/2021\/#\/schema\/person\/image\/\",\"url\":\"https:\/\/secure.gravatar.com\/avatar\/55cb5e37c1efa326397366e6974cb338056df65cb50e7d64d1cf314e87504837?s=96&d=mm&r=g\",\"contentUrl\":\"https:\/\/secure.gravatar.com\/avatar\/55cb5e37c1efa326397366e6974cb338056df65cb50e7d64d1cf314e87504837?s=96&d=mm&r=g\",\"caption\":\"Arnaldo Botto\"},\"url\":\"https:\/\/www.noticiasradioreflejos.com.ar\/2021\/author\/arnaldo\/\"}]}<\/script>\n<!-- \/ Yoast SEO plugin. -->","yoast_head_json":{"title":"Jorge Maipach describe como nieva en el Abra de la Ventana. - Noticias Radio Reflejos","robots":{"index":"index","follow":"follow","max-snippet":"max-snippet:-1","max-image-preview":"max-image-preview:large","max-video-preview":"max-video-preview:-1"},"canonical":"https:\/\/www.noticiasradioreflejos.com.ar\/2021\/jorge-maipach-describe-como-nieva-en-el-abra-de-la-ventana\/","og_locale":"es_ES","og_type":"article","og_title":"Jorge Maipach describe como nieva en el Abra de la Ventana. - Noticias Radio Reflejos","og_description":"Desde el Abra de la Ventana, Jorge Maipach, propietario del Complejo \u00abEl Mirador\u00bb, describe el temporal que lleg\u00f3 a la comarca con vientos, lluvias y nieve. \u00abDesde las 8 hs aproximadamente comenzamos a ver nevar, se corta, llovizna y de pronto copos como plumas de ganso\u00bb nos describe Maipach sobre el fen\u00f3meno meteorol\u00f3gico que lleg\u00f3 [&hellip;]","og_url":"https:\/\/www.noticiasradioreflejos.com.ar\/2021\/jorge-maipach-describe-como-nieva-en-el-abra-de-la-ventana\/","og_site_name":"Noticias Radio Reflejos","article_published_time":"2018-07-20T13:57:13+00:00","og_image":[{"width":300,"height":200,"url":"https:\/\/www.noticiasradioreflejos.com.ar\/2021\/wp-content\/uploads\/2021\/07\/logosol300x200.png","type":"image\/png"}],"author":"Arnaldo Botto","twitter_card":"summary_large_image","schema":{"@context":"https:\/\/schema.org","@graph":[{"@type":"WebPage","@id":"https:\/\/www.noticiasradioreflejos.com.ar\/2021\/jorge-maipach-describe-como-nieva-en-el-abra-de-la-ventana\/","url":"https:\/\/www.noticiasradioreflejos.com.ar\/2021\/jorge-maipach-describe-como-nieva-en-el-abra-de-la-ventana\/","name":"Jorge Maipach describe como nieva en el Abra de la Ventana. - Noticias Radio Reflejos","isPartOf":{"@id":"https:\/\/www.noticiasradioreflejos.com.ar\/2021\/#website"},"datePublished":"2018-07-20T13:57:13+00:00","author":{"@id":"https:\/\/www.noticiasradioreflejos.com.ar\/2021\/#\/schema\/person\/ad82545263dcc5ec0996818884fd5fb1"},"breadcrumb":{"@id":"https:\/\/www.noticiasradioreflejos.com.ar\/2021\/jorge-maipach-describe-como-nieva-en-el-abra-de-la-ventana\/#breadcrumb"},"inLanguage":"es","potentialAction":[{"@type":"ReadAction","target":["https:\/\/www.noticiasradioreflejos.com.ar\/2021\/jorge-maipach-describe-como-nieva-en-el-abra-de-la-ventana\/"]}]},{"@type":"BreadcrumbList","@id":"https:\/\/www.noticiasradioreflejos.com.ar\/2021\/jorge-maipach-describe-como-nieva-en-el-abra-de-la-ventana\/#breadcrumb","itemListElement":[{"@type":"ListItem","position":1,"name":"Portada","item":"https:\/\/www.noticiasradioreflejos.com.ar\/2021\/"},{"@type":"ListItem","position":2,"name":"Jorge Maipach describe como nieva en el Abra de la Ventana."}]},{"@type":"WebSite","@id":"https:\/\/www.noticiasradioreflejos.com.ar\/2021\/#website","url":"https:\/\/www.noticiasradioreflejos.com.ar\/2021\/","name":"Noticias Radio Reflejos","description":"Las noticias de mi comarca","potentialAction":[{"@type":"SearchAction","target":{"@type":"EntryPoint","urlTemplate":"https:\/\/www.noticiasradioreflejos.com.ar\/2021\/?s={search_term_string}"},"query-input":{"@type":"PropertyValueSpecification","valueRequired":true,"valueName":"search_term_string"}}],"inLanguage":"es"},{"@type":"Person","@id":"https:\/\/www.noticiasradioreflejos.com.ar\/2021\/#\/schema\/person\/ad82545263dcc5ec0996818884fd5fb1","name":"Arnaldo Botto","image":{"@type":"ImageObject","inLanguage":"es","@id":"https:\/\/www.noticiasradioreflejos.com.ar\/2021\/#\/schema\/person\/image\/","url":"https:\/\/secure.gravatar.com\/avatar\/55cb5e37c1efa326397366e6974cb338056df65cb50e7d64d1cf314e87504837?s=96&d=mm&r=g","contentUrl":"https:\/\/secure.gravatar.com\/avatar\/55cb5e37c1efa326397366e6974cb338056df65cb50e7d64d1cf314e87504837?s=96&d=mm&r=g","caption":"Arnaldo Botto"},"url":"https:\/\/www.noticiasradioreflejos.com.ar\/2021\/author\/arnaldo\/"}]}},"_links":{"self":[{"href":"https:\/\/www.noticiasradioreflejos.com.ar\/2021\/wp-json\/wp\/v2\/posts\/23432","targetHints":{"allow":["GET"]}}],"collection":[{"href":"https:\/\/www.noticiasradioreflejos.com.ar\/2021\/wp-json\/wp\/v2\/posts"}],"about":[{"href":"https:\/\/www.noticiasradioreflejos.com.ar\/2021\/wp-json\/wp\/v2\/types\/post"}],"author":[{"embeddable":true,"href":"https:\/\/www.noticiasradioreflejos.com.ar\/2021\/wp-json\/wp\/v2\/users\/3"}],"replies":[{"embeddable":true,"href":"https:\/\/www.noticiasradioreflejos.com.ar\/2021\/wp-json\/wp\/v2\/comments?post=23432"}],"version-history":[{"count":0,"href":"https:\/\/www.noticiasradioreflejos.com.ar\/2021\/wp-json\/wp\/v2\/posts\/23432\/revisions"}],"wp:attachment":[{"href":"https:\/\/www.noticiasradioreflejos.com.ar\/2021\/wp-json\/wp\/v2\/media?parent=23432"}],"wp:term":[{"taxonomy":"category","embeddable":true,"href":"https:\/\/www.noticiasradioreflejos.com.ar\/2021\/wp-json\/wp\/v2\/categories?post=23432"},{"taxonomy":"post_tag","embeddable":true,"href":"https:\/\/www.noticiasradioreflejos.com.ar\/2021\/wp-json\/wp\/v2\/tags?post=23432"}],"curies":[{"name":"wp","href":"https:\/\/api.w.org\/{rel}","templated":true}]}}