{"id":23423,"date":"2018-07-20T09:14:16","date_gmt":"2018-07-20T12:14:16","guid":{"rendered":"http:\/\/www.noticiasradioreflejos.com.ar\/noticias\/?p=23423"},"modified":"2018-07-20T09:14:16","modified_gmt":"2018-07-20T12:14:16","slug":"gresca-callejera-con-un-detenido-un-auto-en-la-alcantarilla-y-un-choque-en-la-huida","status":"publish","type":"post","link":"https:\/\/www.noticiasradioreflejos.com.ar\/2021\/gresca-callejera-con-un-detenido-un-auto-en-la-alcantarilla-y-un-choque-en-la-huida\/","title":{"rendered":"Gresca callejera, con un detenido, un auto en la alcantarilla y un choque en la huida."},"content":{"rendered":"<p><a title=\"IMG_20180720_082650832\" href=\"http:\/\/farm2.staticflickr.com\/1787\/42621848115_233c523ba4.jpg\" rel=\"\"><img loading=\"lazy\" decoding=\"async\" class=\"alignleft\" style=\"float: left;\" title=\"IMG_20180720_082650832\" src=\"http:\/\/farm2.staticflickr.com\/1787\/42621848115_233c523ba4.jpg\" alt=\"IMG_20180720_082650832\" width=\"500\" height=\"281\" \/><\/a>Una pelea callejera durante la ma\u00f1ana de este viernes termin\u00f3 en una seguidilla de hechos policiales con tres veh\u00edculos involucrados, un detenido por agredir a la polic\u00eda y dos mujeres heridas en la Unidad sanitaria de Sierra de la Ventana.<!--more--><br \/>\nTodo comenz\u00f3 en una gresca en la Calle Napost\u00e1, donde se enfrentaron 4 j\u00f3venes que en el fervor del la pelea, descuidaron un auto en el que se trasladaban, al bajarse dejaron sin freno de mano el veh\u00edculo que por la gran pendiente del terreno termin\u00f3 clav\u00e1ndose en la alcantarilla de Napost\u00e1 y Ruta 72. Al llegar un m\u00f3vil policial para colaborar con el auto siniestrado, los integrantes comenzaron a insultar a los uniformados y uno extrajo una cadena d ba\u00fal del auto y comenz\u00f3 a agredir a los funcionarios que recibieron varios golpes.<br \/>\nEl agresor fue reducido y detenido.<br \/>\nTras este hecho, en otro veh\u00edculo dos j\u00f3venes mujeres se dieron a la fuga del lugar y terminan incrust\u00e1ndose contra el acoplado de un cami\u00f3n que estaba estacionado en la calle Drago al 200, frente al Hotel Provincial, sus ocupantes resultaron heridas y fueron trasladadas a la Unidad Sanitaria DR. Emilio Aldaya de Sierra de la Ventana.<br \/>\n<strong>Parte policial:<\/strong>\u00a0Subestaci\u00f3n Sierra de la Ventana informa que en el d\u00eda de la fecha y en horarios de las 07:00 hs personal policial de este elemento se hizo presente en la intersecci\u00f3n de la Ruta 72 y Naposta de este medio, lugar donde se encontraba un veh\u00edculo sobre la zanja que se encuentra en el lugar. Que al llegar se observan a varios j\u00f3venes trenzarse a golpes de pu\u00f1os, por lo que el personal policial intenta calmar la situaci\u00f3n, sin poder lograrlo ya que un grupo de 5 j\u00f3venes comenzaron a agredir de forma verbal y f\u00edsica al personal policial, m\u00e1s precisamente al Oficial Nazareno Rapetti, al cual agreden de forma f\u00edsica sin llegar a lesionarlo. Luego de esto los j\u00f3venes se retiran del lugar. Que momentos despu\u00e9s el Oficial Raperti se hace presente en la salita m\u00e9dica local con el fin de determinar si posee alg\u00fan tipo de lesi\u00f3n, lugar donde se encuentra a uno de los agresores, el cual hab\u00eda ido a acompa\u00f1ar a dos amigas, que momentos antes hab\u00edan colisionado con un veh\u00edculo que se encontraba estacionado en inmediaciones del hotel provincial. Por tal motivo y al reconocer a su agresor, el funcionario policial procede a la aprehensi\u00f3n del ciudadano Federico Ariel Peralta, argentino, 23 a\u00f1os, domiciliado Pellegrini 47 de Saldungaray, DNI 38232087 por el delito de Atentado y Resistencia a la Autoridad, D\u00e1ndole intervenci\u00f3n a la UFIJ 15 de Bah\u00eda Blanca. Orden\u00f3 recaudos legales correspondientes.<br \/>\nInterviene la Subestaci\u00f3n de Polic\u00eda Sierra de la Ventana<br \/>\n<a title=\"IMG_20180720_075224073\" href=\"http:\/\/farm2.staticflickr.com\/1809\/42621873175_b9c0b87a4f_z.jpg\" rel=\"\"><img loading=\"lazy\" decoding=\"async\" class=\"aligncenter\" title=\"IMG_20180720_075224073\" src=\"http:\/\/farm2.staticflickr.com\/1809\/42621873175_b9c0b87a4f_z.jpg\" alt=\"IMG_20180720_075224073\" width=\"640\" height=\"360\" \/><\/a><br \/>\n<a title=\"IMG_20180720_075238042\" href=\"http:\/\/farm1.staticflickr.com\/928\/41718320850_bbfaac2bc8_z.jpg\" rel=\"\"><img loading=\"lazy\" decoding=\"async\" class=\"aligncenter\" title=\"IMG_20180720_075238042\" src=\"http:\/\/farm1.staticflickr.com\/928\/41718320850_bbfaac2bc8_z.jpg\" alt=\"IMG_20180720_075238042\" width=\"640\" height=\"360\" \/><\/a><a title=\"IMG_20180720_082629182\" href=\"http:\/\/farm1.staticflickr.com\/853\/43479377752_071fe7277d_z.jpg\" rel=\"\"><img loading=\"lazy\" decoding=\"async\" class=\"aligncenter\" title=\"IMG_20180720_082629182\" src=\"http:\/\/farm1.staticflickr.com\/853\/43479377752_071fe7277d_z.jpg\" alt=\"IMG_20180720_082629182\" width=\"640\" height=\"360\" \/><\/a><a title=\"IMG_20180720_082638136\" href=\"http:\/\/farm1.staticflickr.com\/859\/41718307980_92c852d092_z.jpg\" rel=\"\"><img loading=\"lazy\" decoding=\"async\" class=\"aligncenter\" title=\"IMG_20180720_082638136\" src=\"http:\/\/farm1.staticflickr.com\/859\/41718307980_92c852d092_z.jpg\" alt=\"IMG_20180720_082638136\" width=\"640\" height=\"360\" \/><\/a><a title=\"IMG_20180720_082650832\" href=\"http:\/\/farm2.staticflickr.com\/1787\/42621848115_233c523ba4_z.jpg\" rel=\"\"><img loading=\"lazy\" decoding=\"async\" class=\"aligncenter\" title=\"IMG_20180720_082650832\" src=\"http:\/\/farm2.staticflickr.com\/1787\/42621848115_233c523ba4_z.jpg\" alt=\"IMG_20180720_082650832\" width=\"640\" height=\"360\" \/><\/a><a title=\"IMG_20180720_082709816\" href=\"http:\/\/farm1.staticflickr.com\/843\/43479355202_f67afe2338_z.jpg\" rel=\"\"><img loading=\"lazy\" decoding=\"async\" class=\"aligncenter\" title=\"IMG_20180720_082709816\" src=\"http:\/\/farm1.staticflickr.com\/843\/43479355202_f67afe2338_z.jpg\" alt=\"IMG_20180720_082709816\" width=\"640\" height=\"360\" \/><\/a><\/p>\n","protected":false},"excerpt":{"rendered":"<p>Una pelea callejera durante la ma\u00f1ana de este viernes termin\u00f3 en una seguidilla de hechos policiales con tres veh\u00edculos involucrados, un detenido por agredir a la polic\u00eda y dos mujeres heridas en la Unidad sanitaria de Sierra de la Ventana.<\/p>\n","protected":false},"author":3,"featured_media":0,"comment_status":"closed","ping_status":"open","sticky":false,"template":"","format":"standard","meta":{"footnotes":""},"categories":[29],"tags":[],"class_list":["post-23423","post","type-post","status-publish","format-standard","hentry","category-policiales"],"yoast_head":"<!-- This site is optimized with the Yoast SEO plugin v25.9 - https:\/\/yoast.com\/wordpress\/plugins\/seo\/ -->\n<title>Gresca callejera, con un detenido, un auto en la alcantarilla y un choque en la huida. - Noticias Radio Reflejos<\/title>\n<meta name=\"robots\" content=\"index, follow, max-snippet:-1, max-image-preview:large, max-video-preview:-1\" \/>\n<link rel=\"canonical\" href=\"https:\/\/www.noticiasradioreflejos.com.ar\/2021\/gresca-callejera-con-un-detenido-un-auto-en-la-alcantarilla-y-un-choque-en-la-huida\/\" \/>\n<meta property=\"og:locale\" content=\"es_ES\" \/>\n<meta property=\"og:type\" content=\"article\" \/>\n<meta property=\"og:title\" content=\"Gresca callejera, con un detenido, un auto en la alcantarilla y un choque en la huida. - Noticias Radio Reflejos\" \/>\n<meta property=\"og:description\" content=\"Una pelea callejera durante la ma\u00f1ana de este viernes termin\u00f3 en una seguidilla de hechos policiales con tres veh\u00edculos involucrados, un detenido por agredir a la polic\u00eda y dos mujeres heridas en la Unidad sanitaria de Sierra de la Ventana.\" \/>\n<meta property=\"og:url\" content=\"https:\/\/www.noticiasradioreflejos.com.ar\/2021\/gresca-callejera-con-un-detenido-un-auto-en-la-alcantarilla-y-un-choque-en-la-huida\/\" \/>\n<meta property=\"og:site_name\" content=\"Noticias Radio Reflejos\" \/>\n<meta property=\"article:published_time\" content=\"2018-07-20T12:14:16+00:00\" \/>\n<meta property=\"og:image\" content=\"http:\/\/farm2.staticflickr.com\/1787\/42621848115_233c523ba4.jpg\" \/>\n<meta name=\"author\" content=\"Arnaldo Botto\" \/>\n<meta name=\"twitter:card\" content=\"summary_large_image\" \/>\n<script type=\"application\/ld+json\" class=\"yoast-schema-graph\">{\"@context\":\"https:\/\/schema.org\",\"@graph\":[{\"@type\":\"WebPage\",\"@id\":\"https:\/\/www.noticiasradioreflejos.com.ar\/2021\/gresca-callejera-con-un-detenido-un-auto-en-la-alcantarilla-y-un-choque-en-la-huida\/\",\"url\":\"https:\/\/www.noticiasradioreflejos.com.ar\/2021\/gresca-callejera-con-un-detenido-un-auto-en-la-alcantarilla-y-un-choque-en-la-huida\/\",\"name\":\"Gresca callejera, con un detenido, un auto en la alcantarilla y un choque en la huida. - Noticias Radio Reflejos\",\"isPartOf\":{\"@id\":\"https:\/\/www.noticiasradioreflejos.com.ar\/2021\/#website\"},\"primaryImageOfPage\":{\"@id\":\"https:\/\/www.noticiasradioreflejos.com.ar\/2021\/gresca-callejera-con-un-detenido-un-auto-en-la-alcantarilla-y-un-choque-en-la-huida\/#primaryimage\"},\"image\":{\"@id\":\"https:\/\/www.noticiasradioreflejos.com.ar\/2021\/gresca-callejera-con-un-detenido-un-auto-en-la-alcantarilla-y-un-choque-en-la-huida\/#primaryimage\"},\"thumbnailUrl\":\"http:\/\/farm2.staticflickr.com\/1787\/42621848115_233c523ba4.jpg\",\"datePublished\":\"2018-07-20T12:14:16+00:00\",\"author\":{\"@id\":\"https:\/\/www.noticiasradioreflejos.com.ar\/2021\/#\/schema\/person\/ad82545263dcc5ec0996818884fd5fb1\"},\"breadcrumb\":{\"@id\":\"https:\/\/www.noticiasradioreflejos.com.ar\/2021\/gresca-callejera-con-un-detenido-un-auto-en-la-alcantarilla-y-un-choque-en-la-huida\/#breadcrumb\"},\"inLanguage\":\"es\",\"potentialAction\":[{\"@type\":\"ReadAction\",\"target\":[\"https:\/\/www.noticiasradioreflejos.com.ar\/2021\/gresca-callejera-con-un-detenido-un-auto-en-la-alcantarilla-y-un-choque-en-la-huida\/\"]}]},{\"@type\":\"ImageObject\",\"inLanguage\":\"es\",\"@id\":\"https:\/\/www.noticiasradioreflejos.com.ar\/2021\/gresca-callejera-con-un-detenido-un-auto-en-la-alcantarilla-y-un-choque-en-la-huida\/#primaryimage\",\"url\":\"http:\/\/farm2.staticflickr.com\/1787\/42621848115_233c523ba4.jpg\",\"contentUrl\":\"http:\/\/farm2.staticflickr.com\/1787\/42621848115_233c523ba4.jpg\"},{\"@type\":\"BreadcrumbList\",\"@id\":\"https:\/\/www.noticiasradioreflejos.com.ar\/2021\/gresca-callejera-con-un-detenido-un-auto-en-la-alcantarilla-y-un-choque-en-la-huida\/#breadcrumb\",\"itemListElement\":[{\"@type\":\"ListItem\",\"position\":1,\"name\":\"Portada\",\"item\":\"https:\/\/www.noticiasradioreflejos.com.ar\/2021\/\"},{\"@type\":\"ListItem\",\"position\":2,\"name\":\"Gresca callejera, con un detenido, un auto en la alcantarilla y un choque en la huida.\"}]},{\"@type\":\"WebSite\",\"@id\":\"https:\/\/www.noticiasradioreflejos.com.ar\/2021\/#website\",\"url\":\"https:\/\/www.noticiasradioreflejos.com.ar\/2021\/\",\"name\":\"Noticias Radio Reflejos\",\"description\":\"Las noticias de mi comarca\",\"potentialAction\":[{\"@type\":\"SearchAction\",\"target\":{\"@type\":\"EntryPoint\",\"urlTemplate\":\"https:\/\/www.noticiasradioreflejos.com.ar\/2021\/?s={search_term_string}\"},\"query-input\":{\"@type\":\"PropertyValueSpecification\",\"valueRequired\":true,\"valueName\":\"search_term_string\"}}],\"inLanguage\":\"es\"},{\"@type\":\"Person\",\"@id\":\"https:\/\/www.noticiasradioreflejos.com.ar\/2021\/#\/schema\/person\/ad82545263dcc5ec0996818884fd5fb1\",\"name\":\"Arnaldo Botto\",\"image\":{\"@type\":\"ImageObject\",\"inLanguage\":\"es\",\"@id\":\"https:\/\/www.noticiasradioreflejos.com.ar\/2021\/#\/schema\/person\/image\/\",\"url\":\"https:\/\/secure.gravatar.com\/avatar\/55cb5e37c1efa326397366e6974cb338056df65cb50e7d64d1cf314e87504837?s=96&d=mm&r=g\",\"contentUrl\":\"https:\/\/secure.gravatar.com\/avatar\/55cb5e37c1efa326397366e6974cb338056df65cb50e7d64d1cf314e87504837?s=96&d=mm&r=g\",\"caption\":\"Arnaldo Botto\"},\"url\":\"https:\/\/www.noticiasradioreflejos.com.ar\/2021\/author\/arnaldo\/\"}]}<\/script>\n<!-- \/ Yoast SEO plugin. -->","yoast_head_json":{"title":"Gresca callejera, con un detenido, un auto en la alcantarilla y un choque en la huida. - Noticias Radio Reflejos","robots":{"index":"index","follow":"follow","max-snippet":"max-snippet:-1","max-image-preview":"max-image-preview:large","max-video-preview":"max-video-preview:-1"},"canonical":"https:\/\/www.noticiasradioreflejos.com.ar\/2021\/gresca-callejera-con-un-detenido-un-auto-en-la-alcantarilla-y-un-choque-en-la-huida\/","og_locale":"es_ES","og_type":"article","og_title":"Gresca callejera, con un detenido, un auto en la alcantarilla y un choque en la huida. - Noticias Radio Reflejos","og_description":"Una pelea callejera durante la ma\u00f1ana de este viernes termin\u00f3 en una seguidilla de hechos policiales con tres veh\u00edculos involucrados, un detenido por agredir a la polic\u00eda y dos mujeres heridas en la Unidad sanitaria de Sierra de la Ventana.","og_url":"https:\/\/www.noticiasradioreflejos.com.ar\/2021\/gresca-callejera-con-un-detenido-un-auto-en-la-alcantarilla-y-un-choque-en-la-huida\/","og_site_name":"Noticias Radio Reflejos","article_published_time":"2018-07-20T12:14:16+00:00","og_image":[{"url":"http:\/\/farm2.staticflickr.com\/1787\/42621848115_233c523ba4.jpg","type":"","width":"","height":""}],"author":"Arnaldo Botto","twitter_card":"summary_large_image","schema":{"@context":"https:\/\/schema.org","@graph":[{"@type":"WebPage","@id":"https:\/\/www.noticiasradioreflejos.com.ar\/2021\/gresca-callejera-con-un-detenido-un-auto-en-la-alcantarilla-y-un-choque-en-la-huida\/","url":"https:\/\/www.noticiasradioreflejos.com.ar\/2021\/gresca-callejera-con-un-detenido-un-auto-en-la-alcantarilla-y-un-choque-en-la-huida\/","name":"Gresca callejera, con un detenido, un auto en la alcantarilla y un choque en la huida. - Noticias Radio Reflejos","isPartOf":{"@id":"https:\/\/www.noticiasradioreflejos.com.ar\/2021\/#website"},"primaryImageOfPage":{"@id":"https:\/\/www.noticiasradioreflejos.com.ar\/2021\/gresca-callejera-con-un-detenido-un-auto-en-la-alcantarilla-y-un-choque-en-la-huida\/#primaryimage"},"image":{"@id":"https:\/\/www.noticiasradioreflejos.com.ar\/2021\/gresca-callejera-con-un-detenido-un-auto-en-la-alcantarilla-y-un-choque-en-la-huida\/#primaryimage"},"thumbnailUrl":"http:\/\/farm2.staticflickr.com\/1787\/42621848115_233c523ba4.jpg","datePublished":"2018-07-20T12:14:16+00:00","author":{"@id":"https:\/\/www.noticiasradioreflejos.com.ar\/2021\/#\/schema\/person\/ad82545263dcc5ec0996818884fd5fb1"},"breadcrumb":{"@id":"https:\/\/www.noticiasradioreflejos.com.ar\/2021\/gresca-callejera-con-un-detenido-un-auto-en-la-alcantarilla-y-un-choque-en-la-huida\/#breadcrumb"},"inLanguage":"es","potentialAction":[{"@type":"ReadAction","target":["https:\/\/www.noticiasradioreflejos.com.ar\/2021\/gresca-callejera-con-un-detenido-un-auto-en-la-alcantarilla-y-un-choque-en-la-huida\/"]}]},{"@type":"ImageObject","inLanguage":"es","@id":"https:\/\/www.noticiasradioreflejos.com.ar\/2021\/gresca-callejera-con-un-detenido-un-auto-en-la-alcantarilla-y-un-choque-en-la-huida\/#primaryimage","url":"http:\/\/farm2.staticflickr.com\/1787\/42621848115_233c523ba4.jpg","contentUrl":"http:\/\/farm2.staticflickr.com\/1787\/42621848115_233c523ba4.jpg"},{"@type":"BreadcrumbList","@id":"https:\/\/www.noticiasradioreflejos.com.ar\/2021\/gresca-callejera-con-un-detenido-un-auto-en-la-alcantarilla-y-un-choque-en-la-huida\/#breadcrumb","itemListElement":[{"@type":"ListItem","position":1,"name":"Portada","item":"https:\/\/www.noticiasradioreflejos.com.ar\/2021\/"},{"@type":"ListItem","position":2,"name":"Gresca callejera, con un detenido, un auto en la alcantarilla y un choque en la huida."}]},{"@type":"WebSite","@id":"https:\/\/www.noticiasradioreflejos.com.ar\/2021\/#website","url":"https:\/\/www.noticiasradioreflejos.com.ar\/2021\/","name":"Noticias Radio Reflejos","description":"Las noticias de mi comarca","potentialAction":[{"@type":"SearchAction","target":{"@type":"EntryPoint","urlTemplate":"https:\/\/www.noticiasradioreflejos.com.ar\/2021\/?s={search_term_string}"},"query-input":{"@type":"PropertyValueSpecification","valueRequired":true,"valueName":"search_term_string"}}],"inLanguage":"es"},{"@type":"Person","@id":"https:\/\/www.noticiasradioreflejos.com.ar\/2021\/#\/schema\/person\/ad82545263dcc5ec0996818884fd5fb1","name":"Arnaldo Botto","image":{"@type":"ImageObject","inLanguage":"es","@id":"https:\/\/www.noticiasradioreflejos.com.ar\/2021\/#\/schema\/person\/image\/","url":"https:\/\/secure.gravatar.com\/avatar\/55cb5e37c1efa326397366e6974cb338056df65cb50e7d64d1cf314e87504837?s=96&d=mm&r=g","contentUrl":"https:\/\/secure.gravatar.com\/avatar\/55cb5e37c1efa326397366e6974cb338056df65cb50e7d64d1cf314e87504837?s=96&d=mm&r=g","caption":"Arnaldo Botto"},"url":"https:\/\/www.noticiasradioreflejos.com.ar\/2021\/author\/arnaldo\/"}]}},"_links":{"self":[{"href":"https:\/\/www.noticiasradioreflejos.com.ar\/2021\/wp-json\/wp\/v2\/posts\/23423","targetHints":{"allow":["GET"]}}],"collection":[{"href":"https:\/\/www.noticiasradioreflejos.com.ar\/2021\/wp-json\/wp\/v2\/posts"}],"about":[{"href":"https:\/\/www.noticiasradioreflejos.com.ar\/2021\/wp-json\/wp\/v2\/types\/post"}],"author":[{"embeddable":true,"href":"https:\/\/www.noticiasradioreflejos.com.ar\/2021\/wp-json\/wp\/v2\/users\/3"}],"replies":[{"embeddable":true,"href":"https:\/\/www.noticiasradioreflejos.com.ar\/2021\/wp-json\/wp\/v2\/comments?post=23423"}],"version-history":[{"count":0,"href":"https:\/\/www.noticiasradioreflejos.com.ar\/2021\/wp-json\/wp\/v2\/posts\/23423\/revisions"}],"wp:attachment":[{"href":"https:\/\/www.noticiasradioreflejos.com.ar\/2021\/wp-json\/wp\/v2\/media?parent=23423"}],"wp:term":[{"taxonomy":"category","embeddable":true,"href":"https:\/\/www.noticiasradioreflejos.com.ar\/2021\/wp-json\/wp\/v2\/categories?post=23423"},{"taxonomy":"post_tag","embeddable":true,"href":"https:\/\/www.noticiasradioreflejos.com.ar\/2021\/wp-json\/wp\/v2\/tags?post=23423"}],"curies":[{"name":"wp","href":"https:\/\/api.w.org\/{rel}","templated":true}]}}