{"id":23411,"date":"2018-07-19T23:51:12","date_gmt":"2018-07-20T02:51:12","guid":{"rendered":"http:\/\/www.noticiasradioreflejos.com.ar\/noticias\/?p=23411"},"modified":"2018-07-19T23:51:12","modified_gmt":"2018-07-20T02:51:12","slug":"la-instalacion-de-la-red-de-fibra-optica-es-un-salto-tecnologico-muy-importante","status":"publish","type":"post","link":"https:\/\/www.noticiasradioreflejos.com.ar\/2021\/la-instalacion-de-la-red-de-fibra-optica-es-un-salto-tecnologico-muy-importante\/","title":{"rendered":"&quot;La instalaci\u00f3n de la red de fibra \u00f3ptica es un salto tecnol\u00f3gico muy importante&quot;"},"content":{"rendered":"<p>El pasado mi\u00e9rcoles, la Cooperativa El\u00e9ctrica Limitada de Tornquist (CELT) anunci\u00f3 para nuestra ciudad la construcci\u00f3n de la nueva red de transmisi\u00f3n de datos de fibra \u00f3ptica, obra que ser\u00e1 llevada adelante por las empresas Viginet y Sopnet.<!--more--><br \/>\nEn di\u00e1logo con nuestro medio, el presidente de la CELT, Nicol\u00e1s Barrio, coment\u00f3 que \u201chac\u00eda tiempo que venimos bregando por lograrla, es un gran refuerzo el que hay que hacer, pero necesario\u201d.<br \/>\n\u201cQueremos resaltar el esfuerzo que estamos haciendo para lograr mejorar cada d\u00eda y poder brindarle al asociado esta tecnolog\u00eda del primer mundo, en el horizonte no hay nada mejor. Y para hacer la obra depositamos nuestra confianza en la firma local Viginet, que est\u00e1 asociada por Softnet, la cual los provee de la infraestructura de fibra\u201d, a\u00f1adi\u00f3.<br \/>\nAl ser una empresa de Tornquist la encargada de los trabajos, \u201ctenemos la certeza de que est\u00e1n ac\u00e1, y ante cualquier inconveniente le podemos tocar la puerta\u201d.<br \/>\nJustamente desde Viginet, el Ing. Federico P\u00e9rez explic\u00f3 que la obra permitir\u00e1 \u201cdar un salto tecnol\u00f3gico muy importante que solamente lo puede anhelar una instituci\u00f3n como la cooperativa, que tiene acceso a espacio a\u00e9reo, a su apostaci\u00f3n que ya est\u00e1 implantada en la localidad\u201d.<br \/>\n\u201cTodos sabemos la creciente demanda del consumidor final en t\u00e9rminos de internet, que con redes sociales y Netflix ha ido creciendo, por lo que con esta obra la CELT va a dar un salto importante en infraestructura de distribuci\u00f3n\u201d, agreg\u00f3.<br \/>\nP\u00e9rez indic\u00f3 que la construcci\u00f3n de la red se puede ejecutar gracias al advenimiento de ARSAT, \u201cdonde tenemos la posibilidad de tomar conectividad de internet directamente desde la fibra, y donde estaba faltando consolidar la infraestructura de distribuci\u00f3n\u201d.<br \/>\n\u201cToda esa obra fibra \u00f3ptica que se hizo a nivel nacional logr\u00f3 que localidades del interior tengan acceso directo al troncal, en el cual no hay radios ni saltos de radios intermedios, como ten\u00edamos a\u00f1os atr\u00e1s. Ahora tenemos consolidad la fuente de servicio\u201d, afirm\u00f3.<br \/>\nEl inicio de la obra ser\u00eda inminente y consta de, seg\u00fan grafic\u00f3 P\u00e9rez, \u201csalir de la cooperativa y llegar a cada usuario con un pelo de la fibra\u201d. En cada manzana se va dejando una caja para que, desde ese punto, se pueda conectar, con otro cable de fibra, la red al hogar.<\/p>\n","protected":false},"excerpt":{"rendered":"<p>El pasado mi\u00e9rcoles, la Cooperativa El\u00e9ctrica Limitada de Tornquist (CELT) anunci\u00f3 para nuestra ciudad la construcci\u00f3n de la nueva red de transmisi\u00f3n de datos de fibra \u00f3ptica, obra que ser\u00e1 llevada adelante por las empresas Viginet y Sopnet.<\/p>\n","protected":false},"author":3,"featured_media":0,"comment_status":"closed","ping_status":"open","sticky":false,"template":"","format":"standard","meta":{"footnotes":""},"categories":[26],"tags":[],"class_list":["post-23411","post","type-post","status-publish","format-standard","hentry","category-sociedad"],"yoast_head":"<!-- This site is optimized with the Yoast SEO plugin v25.9 - https:\/\/yoast.com\/wordpress\/plugins\/seo\/ -->\n<title>&quot;La instalaci\u00f3n de la red de fibra \u00f3ptica es un salto tecnol\u00f3gico muy importante&quot; - Noticias Radio Reflejos<\/title>\n<meta name=\"robots\" content=\"index, follow, max-snippet:-1, max-image-preview:large, max-video-preview:-1\" \/>\n<link rel=\"canonical\" href=\"https:\/\/www.noticiasradioreflejos.com.ar\/2021\/la-instalacion-de-la-red-de-fibra-optica-es-un-salto-tecnologico-muy-importante\/\" \/>\n<meta property=\"og:locale\" content=\"es_ES\" \/>\n<meta property=\"og:type\" content=\"article\" \/>\n<meta property=\"og:title\" content=\"&quot;La instalaci\u00f3n de la red de fibra \u00f3ptica es un salto tecnol\u00f3gico muy importante&quot; - Noticias Radio Reflejos\" \/>\n<meta property=\"og:description\" content=\"El pasado mi\u00e9rcoles, la Cooperativa El\u00e9ctrica Limitada de Tornquist (CELT) anunci\u00f3 para nuestra ciudad la construcci\u00f3n de la nueva red de transmisi\u00f3n de datos de fibra \u00f3ptica, obra que ser\u00e1 llevada adelante por las empresas Viginet y Sopnet.\" \/>\n<meta property=\"og:url\" content=\"https:\/\/www.noticiasradioreflejos.com.ar\/2021\/la-instalacion-de-la-red-de-fibra-optica-es-un-salto-tecnologico-muy-importante\/\" \/>\n<meta property=\"og:site_name\" content=\"Noticias Radio Reflejos\" \/>\n<meta property=\"article:published_time\" content=\"2018-07-20T02:51:12+00:00\" \/>\n<meta property=\"og:image\" content=\"https:\/\/www.noticiasradioreflejos.com.ar\/2021\/wp-content\/uploads\/2021\/07\/logosol300x200.png\" \/>\n\t<meta property=\"og:image:width\" content=\"300\" \/>\n\t<meta property=\"og:image:height\" content=\"200\" \/>\n\t<meta property=\"og:image:type\" content=\"image\/png\" \/>\n<meta name=\"author\" content=\"Arnaldo Botto\" \/>\n<meta name=\"twitter:card\" content=\"summary_large_image\" \/>\n<script type=\"application\/ld+json\" class=\"yoast-schema-graph\">{\"@context\":\"https:\/\/schema.org\",\"@graph\":[{\"@type\":\"WebPage\",\"@id\":\"https:\/\/www.noticiasradioreflejos.com.ar\/2021\/la-instalacion-de-la-red-de-fibra-optica-es-un-salto-tecnologico-muy-importante\/\",\"url\":\"https:\/\/www.noticiasradioreflejos.com.ar\/2021\/la-instalacion-de-la-red-de-fibra-optica-es-un-salto-tecnologico-muy-importante\/\",\"name\":\"&quot;La instalaci\u00f3n de la red de fibra \u00f3ptica es un salto tecnol\u00f3gico muy importante&quot; - Noticias Radio Reflejos\",\"isPartOf\":{\"@id\":\"https:\/\/www.noticiasradioreflejos.com.ar\/2021\/#website\"},\"datePublished\":\"2018-07-20T02:51:12+00:00\",\"author\":{\"@id\":\"https:\/\/www.noticiasradioreflejos.com.ar\/2021\/#\/schema\/person\/ad82545263dcc5ec0996818884fd5fb1\"},\"breadcrumb\":{\"@id\":\"https:\/\/www.noticiasradioreflejos.com.ar\/2021\/la-instalacion-de-la-red-de-fibra-optica-es-un-salto-tecnologico-muy-importante\/#breadcrumb\"},\"inLanguage\":\"es\",\"potentialAction\":[{\"@type\":\"ReadAction\",\"target\":[\"https:\/\/www.noticiasradioreflejos.com.ar\/2021\/la-instalacion-de-la-red-de-fibra-optica-es-un-salto-tecnologico-muy-importante\/\"]}]},{\"@type\":\"BreadcrumbList\",\"@id\":\"https:\/\/www.noticiasradioreflejos.com.ar\/2021\/la-instalacion-de-la-red-de-fibra-optica-es-un-salto-tecnologico-muy-importante\/#breadcrumb\",\"itemListElement\":[{\"@type\":\"ListItem\",\"position\":1,\"name\":\"Portada\",\"item\":\"https:\/\/www.noticiasradioreflejos.com.ar\/2021\/\"},{\"@type\":\"ListItem\",\"position\":2,\"name\":\"&quot;La instalaci\u00f3n de la red de fibra \u00f3ptica es un salto tecnol\u00f3gico muy importante&quot;\"}]},{\"@type\":\"WebSite\",\"@id\":\"https:\/\/www.noticiasradioreflejos.com.ar\/2021\/#website\",\"url\":\"https:\/\/www.noticiasradioreflejos.com.ar\/2021\/\",\"name\":\"Noticias Radio Reflejos\",\"description\":\"Las noticias de mi comarca\",\"potentialAction\":[{\"@type\":\"SearchAction\",\"target\":{\"@type\":\"EntryPoint\",\"urlTemplate\":\"https:\/\/www.noticiasradioreflejos.com.ar\/2021\/?s={search_term_string}\"},\"query-input\":{\"@type\":\"PropertyValueSpecification\",\"valueRequired\":true,\"valueName\":\"search_term_string\"}}],\"inLanguage\":\"es\"},{\"@type\":\"Person\",\"@id\":\"https:\/\/www.noticiasradioreflejos.com.ar\/2021\/#\/schema\/person\/ad82545263dcc5ec0996818884fd5fb1\",\"name\":\"Arnaldo Botto\",\"image\":{\"@type\":\"ImageObject\",\"inLanguage\":\"es\",\"@id\":\"https:\/\/www.noticiasradioreflejos.com.ar\/2021\/#\/schema\/person\/image\/\",\"url\":\"https:\/\/secure.gravatar.com\/avatar\/55cb5e37c1efa326397366e6974cb338056df65cb50e7d64d1cf314e87504837?s=96&d=mm&r=g\",\"contentUrl\":\"https:\/\/secure.gravatar.com\/avatar\/55cb5e37c1efa326397366e6974cb338056df65cb50e7d64d1cf314e87504837?s=96&d=mm&r=g\",\"caption\":\"Arnaldo Botto\"},\"url\":\"https:\/\/www.noticiasradioreflejos.com.ar\/2021\/author\/arnaldo\/\"}]}<\/script>\n<!-- \/ Yoast SEO plugin. -->","yoast_head_json":{"title":"&quot;La instalaci\u00f3n de la red de fibra \u00f3ptica es un salto tecnol\u00f3gico muy importante&quot; - Noticias Radio Reflejos","robots":{"index":"index","follow":"follow","max-snippet":"max-snippet:-1","max-image-preview":"max-image-preview:large","max-video-preview":"max-video-preview:-1"},"canonical":"https:\/\/www.noticiasradioreflejos.com.ar\/2021\/la-instalacion-de-la-red-de-fibra-optica-es-un-salto-tecnologico-muy-importante\/","og_locale":"es_ES","og_type":"article","og_title":"&quot;La instalaci\u00f3n de la red de fibra \u00f3ptica es un salto tecnol\u00f3gico muy importante&quot; - Noticias Radio Reflejos","og_description":"El pasado mi\u00e9rcoles, la Cooperativa El\u00e9ctrica Limitada de Tornquist (CELT) anunci\u00f3 para nuestra ciudad la construcci\u00f3n de la nueva red de transmisi\u00f3n de datos de fibra \u00f3ptica, obra que ser\u00e1 llevada adelante por las empresas Viginet y Sopnet.","og_url":"https:\/\/www.noticiasradioreflejos.com.ar\/2021\/la-instalacion-de-la-red-de-fibra-optica-es-un-salto-tecnologico-muy-importante\/","og_site_name":"Noticias Radio Reflejos","article_published_time":"2018-07-20T02:51:12+00:00","og_image":[{"width":300,"height":200,"url":"https:\/\/www.noticiasradioreflejos.com.ar\/2021\/wp-content\/uploads\/2021\/07\/logosol300x200.png","type":"image\/png"}],"author":"Arnaldo Botto","twitter_card":"summary_large_image","schema":{"@context":"https:\/\/schema.org","@graph":[{"@type":"WebPage","@id":"https:\/\/www.noticiasradioreflejos.com.ar\/2021\/la-instalacion-de-la-red-de-fibra-optica-es-un-salto-tecnologico-muy-importante\/","url":"https:\/\/www.noticiasradioreflejos.com.ar\/2021\/la-instalacion-de-la-red-de-fibra-optica-es-un-salto-tecnologico-muy-importante\/","name":"&quot;La instalaci\u00f3n de la red de fibra \u00f3ptica es un salto tecnol\u00f3gico muy importante&quot; - Noticias Radio Reflejos","isPartOf":{"@id":"https:\/\/www.noticiasradioreflejos.com.ar\/2021\/#website"},"datePublished":"2018-07-20T02:51:12+00:00","author":{"@id":"https:\/\/www.noticiasradioreflejos.com.ar\/2021\/#\/schema\/person\/ad82545263dcc5ec0996818884fd5fb1"},"breadcrumb":{"@id":"https:\/\/www.noticiasradioreflejos.com.ar\/2021\/la-instalacion-de-la-red-de-fibra-optica-es-un-salto-tecnologico-muy-importante\/#breadcrumb"},"inLanguage":"es","potentialAction":[{"@type":"ReadAction","target":["https:\/\/www.noticiasradioreflejos.com.ar\/2021\/la-instalacion-de-la-red-de-fibra-optica-es-un-salto-tecnologico-muy-importante\/"]}]},{"@type":"BreadcrumbList","@id":"https:\/\/www.noticiasradioreflejos.com.ar\/2021\/la-instalacion-de-la-red-de-fibra-optica-es-un-salto-tecnologico-muy-importante\/#breadcrumb","itemListElement":[{"@type":"ListItem","position":1,"name":"Portada","item":"https:\/\/www.noticiasradioreflejos.com.ar\/2021\/"},{"@type":"ListItem","position":2,"name":"&quot;La instalaci\u00f3n de la red de fibra \u00f3ptica es un salto tecnol\u00f3gico muy importante&quot;"}]},{"@type":"WebSite","@id":"https:\/\/www.noticiasradioreflejos.com.ar\/2021\/#website","url":"https:\/\/www.noticiasradioreflejos.com.ar\/2021\/","name":"Noticias Radio Reflejos","description":"Las noticias de mi comarca","potentialAction":[{"@type":"SearchAction","target":{"@type":"EntryPoint","urlTemplate":"https:\/\/www.noticiasradioreflejos.com.ar\/2021\/?s={search_term_string}"},"query-input":{"@type":"PropertyValueSpecification","valueRequired":true,"valueName":"search_term_string"}}],"inLanguage":"es"},{"@type":"Person","@id":"https:\/\/www.noticiasradioreflejos.com.ar\/2021\/#\/schema\/person\/ad82545263dcc5ec0996818884fd5fb1","name":"Arnaldo Botto","image":{"@type":"ImageObject","inLanguage":"es","@id":"https:\/\/www.noticiasradioreflejos.com.ar\/2021\/#\/schema\/person\/image\/","url":"https:\/\/secure.gravatar.com\/avatar\/55cb5e37c1efa326397366e6974cb338056df65cb50e7d64d1cf314e87504837?s=96&d=mm&r=g","contentUrl":"https:\/\/secure.gravatar.com\/avatar\/55cb5e37c1efa326397366e6974cb338056df65cb50e7d64d1cf314e87504837?s=96&d=mm&r=g","caption":"Arnaldo Botto"},"url":"https:\/\/www.noticiasradioreflejos.com.ar\/2021\/author\/arnaldo\/"}]}},"_links":{"self":[{"href":"https:\/\/www.noticiasradioreflejos.com.ar\/2021\/wp-json\/wp\/v2\/posts\/23411","targetHints":{"allow":["GET"]}}],"collection":[{"href":"https:\/\/www.noticiasradioreflejos.com.ar\/2021\/wp-json\/wp\/v2\/posts"}],"about":[{"href":"https:\/\/www.noticiasradioreflejos.com.ar\/2021\/wp-json\/wp\/v2\/types\/post"}],"author":[{"embeddable":true,"href":"https:\/\/www.noticiasradioreflejos.com.ar\/2021\/wp-json\/wp\/v2\/users\/3"}],"replies":[{"embeddable":true,"href":"https:\/\/www.noticiasradioreflejos.com.ar\/2021\/wp-json\/wp\/v2\/comments?post=23411"}],"version-history":[{"count":0,"href":"https:\/\/www.noticiasradioreflejos.com.ar\/2021\/wp-json\/wp\/v2\/posts\/23411\/revisions"}],"wp:attachment":[{"href":"https:\/\/www.noticiasradioreflejos.com.ar\/2021\/wp-json\/wp\/v2\/media?parent=23411"}],"wp:term":[{"taxonomy":"category","embeddable":true,"href":"https:\/\/www.noticiasradioreflejos.com.ar\/2021\/wp-json\/wp\/v2\/categories?post=23411"},{"taxonomy":"post_tag","embeddable":true,"href":"https:\/\/www.noticiasradioreflejos.com.ar\/2021\/wp-json\/wp\/v2\/tags?post=23411"}],"curies":[{"name":"wp","href":"https:\/\/api.w.org\/{rel}","templated":true}]}}