{"id":23403,"date":"2018-07-19T12:43:35","date_gmt":"2018-07-19T15:43:35","guid":{"rendered":"http:\/\/www.noticiasradioreflejos.com.ar\/noticias\/?p=23403"},"modified":"2018-07-19T12:43:35","modified_gmt":"2018-07-19T15:43:35","slug":"construyen-en-sierra-una-casa-para-mujeres-en-situacion-de-vulnerabilidad","status":"publish","type":"post","link":"https:\/\/www.noticiasradioreflejos.com.ar\/2021\/construyen-en-sierra-una-casa-para-mujeres-en-situacion-de-vulnerabilidad\/","title":{"rendered":"Construyen en Sierra una casa para mujeres en situaci\u00f3n de vulnerabilidad."},"content":{"rendered":"<p><a title=\"WhatsApp-Image-2018-07-18-at-14.12.48-1\" href=\"http:\/\/farm2.staticflickr.com\/1763\/42793221154_b8bbb629fa.jpg\" rel=\"\"><img loading=\"lazy\" decoding=\"async\" class=\"alignleft\" style=\"float: left;\" title=\"WhatsApp-Image-2018-07-18-at-14.12.48-1\" src=\"http:\/\/farm2.staticflickr.com\/1763\/42793221154_b8bbb629fa.jpg\" alt=\"WhatsApp-Image-2018-07-18-at-14.12.48-1\" width=\"300\" height=\"500\" \/><\/a>La comunidad de la parroquia de Sierra de la Ventana se encuentra en la concreci\u00f3n de un proyecto de construcci\u00f3n de una casa para albergar a mujeres en situaci\u00f3n de vulnerabilidad.<!--more--><br \/>\nEn di\u00e1logo con nuestro medio, Fernando Alcaraz, di\u00e1cono a cargo de la capilla, cont\u00f3 que \u201cla propuesta naci\u00f3 dentro del seno de la parroquia de estar mirando cuales son las necesidades sociales que tenemos\u201d.<br \/>\n\u201cLamentablemente \u2013continu\u00f3- nos encontramos con una realidad donde hay muchas mujeres en situaci\u00f3n que amerita tener un lugar donde cobijarlas temporalmente y ayudarlas a solucionar el problema que se les presenta, como puede ser una violencia familiar o adicciones, entonces necesitamos un lugar de referencia para ello\u201d.<br \/>\nLa vivienda se est\u00e1 construyendo al lado de la capilla, dentro del predio de dos hect\u00e1reas que all\u00ed posee el arzobispado. \u201cSer\u00e1 para atender las necesidades del \u00e1mbito de toda nuestra arquidi\u00f3cesis y para todo el mundo, no solamente para los cat\u00f3licos\u201d, afirm\u00f3.<br \/>\nSeg\u00fan indic\u00f3 Alcaraz, \u201cla obra se sustenta con el aporte de la comunidad, y para terminar la primera etapa falta algo de dinero\u201d.<br \/>\nEs por eso que lanzaron a la venta un bono que tiene un valor de una bolsa de cemento ($200) o de media. En nuestra ciudad, se pueden comprar comunic\u00e1ndose con Claudia Marcolini al 291 431-5473.<br \/>\n<iframe loading=\"lazy\" src=\"https:\/\/w.soundcloud.com\/player\/?url=https%3A\/\/api.soundcloud.com\/tracks\/473875689&amp;color=%23ff5500&amp;auto_play=false&amp;hide_related=false&amp;show_comments=true&amp;show_user=true&amp;show_reposts=false&amp;show_teaser=true\" width=\"100%\" height=\"166\" frameborder=\"no\" scrolling=\"no\"><\/iframe><\/p>\n","protected":false},"excerpt":{"rendered":"<p>La comunidad de la parroquia de Sierra de la Ventana se encuentra en la concreci\u00f3n de un proyecto de construcci\u00f3n de una casa para albergar a mujeres en situaci\u00f3n de vulnerabilidad.<\/p>\n","protected":false},"author":3,"featured_media":0,"comment_status":"closed","ping_status":"open","sticky":false,"template":"","format":"standard","meta":{"footnotes":""},"categories":[26],"tags":[],"class_list":["post-23403","post","type-post","status-publish","format-standard","hentry","category-sociedad"],"yoast_head":"<!-- This site is optimized with the Yoast SEO plugin v25.9 - https:\/\/yoast.com\/wordpress\/plugins\/seo\/ -->\n<title>Construyen en Sierra una casa para mujeres en situaci\u00f3n de vulnerabilidad. - Noticias Radio Reflejos<\/title>\n<meta name=\"robots\" content=\"index, follow, max-snippet:-1, max-image-preview:large, max-video-preview:-1\" \/>\n<link rel=\"canonical\" href=\"https:\/\/www.noticiasradioreflejos.com.ar\/2021\/construyen-en-sierra-una-casa-para-mujeres-en-situacion-de-vulnerabilidad\/\" \/>\n<meta property=\"og:locale\" content=\"es_ES\" \/>\n<meta property=\"og:type\" content=\"article\" \/>\n<meta property=\"og:title\" content=\"Construyen en Sierra una casa para mujeres en situaci\u00f3n de vulnerabilidad. - Noticias Radio Reflejos\" \/>\n<meta property=\"og:description\" content=\"La comunidad de la parroquia de Sierra de la Ventana se encuentra en la concreci\u00f3n de un proyecto de construcci\u00f3n de una casa para albergar a mujeres en situaci\u00f3n de vulnerabilidad.\" \/>\n<meta property=\"og:url\" content=\"https:\/\/www.noticiasradioreflejos.com.ar\/2021\/construyen-en-sierra-una-casa-para-mujeres-en-situacion-de-vulnerabilidad\/\" \/>\n<meta property=\"og:site_name\" content=\"Noticias Radio Reflejos\" \/>\n<meta property=\"article:published_time\" content=\"2018-07-19T15:43:35+00:00\" \/>\n<meta property=\"og:image\" content=\"http:\/\/farm2.staticflickr.com\/1763\/42793221154_b8bbb629fa.jpg\" \/>\n<meta name=\"author\" content=\"Arnaldo Botto\" \/>\n<meta name=\"twitter:card\" content=\"summary_large_image\" \/>\n<script type=\"application\/ld+json\" class=\"yoast-schema-graph\">{\"@context\":\"https:\/\/schema.org\",\"@graph\":[{\"@type\":\"WebPage\",\"@id\":\"https:\/\/www.noticiasradioreflejos.com.ar\/2021\/construyen-en-sierra-una-casa-para-mujeres-en-situacion-de-vulnerabilidad\/\",\"url\":\"https:\/\/www.noticiasradioreflejos.com.ar\/2021\/construyen-en-sierra-una-casa-para-mujeres-en-situacion-de-vulnerabilidad\/\",\"name\":\"Construyen en Sierra una casa para mujeres en situaci\u00f3n de vulnerabilidad. - Noticias Radio Reflejos\",\"isPartOf\":{\"@id\":\"https:\/\/www.noticiasradioreflejos.com.ar\/2021\/#website\"},\"primaryImageOfPage\":{\"@id\":\"https:\/\/www.noticiasradioreflejos.com.ar\/2021\/construyen-en-sierra-una-casa-para-mujeres-en-situacion-de-vulnerabilidad\/#primaryimage\"},\"image\":{\"@id\":\"https:\/\/www.noticiasradioreflejos.com.ar\/2021\/construyen-en-sierra-una-casa-para-mujeres-en-situacion-de-vulnerabilidad\/#primaryimage\"},\"thumbnailUrl\":\"http:\/\/farm2.staticflickr.com\/1763\/42793221154_b8bbb629fa.jpg\",\"datePublished\":\"2018-07-19T15:43:35+00:00\",\"author\":{\"@id\":\"https:\/\/www.noticiasradioreflejos.com.ar\/2021\/#\/schema\/person\/ad82545263dcc5ec0996818884fd5fb1\"},\"breadcrumb\":{\"@id\":\"https:\/\/www.noticiasradioreflejos.com.ar\/2021\/construyen-en-sierra-una-casa-para-mujeres-en-situacion-de-vulnerabilidad\/#breadcrumb\"},\"inLanguage\":\"es\",\"potentialAction\":[{\"@type\":\"ReadAction\",\"target\":[\"https:\/\/www.noticiasradioreflejos.com.ar\/2021\/construyen-en-sierra-una-casa-para-mujeres-en-situacion-de-vulnerabilidad\/\"]}]},{\"@type\":\"ImageObject\",\"inLanguage\":\"es\",\"@id\":\"https:\/\/www.noticiasradioreflejos.com.ar\/2021\/construyen-en-sierra-una-casa-para-mujeres-en-situacion-de-vulnerabilidad\/#primaryimage\",\"url\":\"http:\/\/farm2.staticflickr.com\/1763\/42793221154_b8bbb629fa.jpg\",\"contentUrl\":\"http:\/\/farm2.staticflickr.com\/1763\/42793221154_b8bbb629fa.jpg\"},{\"@type\":\"BreadcrumbList\",\"@id\":\"https:\/\/www.noticiasradioreflejos.com.ar\/2021\/construyen-en-sierra-una-casa-para-mujeres-en-situacion-de-vulnerabilidad\/#breadcrumb\",\"itemListElement\":[{\"@type\":\"ListItem\",\"position\":1,\"name\":\"Portada\",\"item\":\"https:\/\/www.noticiasradioreflejos.com.ar\/2021\/\"},{\"@type\":\"ListItem\",\"position\":2,\"name\":\"Construyen en Sierra una casa para mujeres en situaci\u00f3n de vulnerabilidad.\"}]},{\"@type\":\"WebSite\",\"@id\":\"https:\/\/www.noticiasradioreflejos.com.ar\/2021\/#website\",\"url\":\"https:\/\/www.noticiasradioreflejos.com.ar\/2021\/\",\"name\":\"Noticias Radio Reflejos\",\"description\":\"Las noticias de mi comarca\",\"potentialAction\":[{\"@type\":\"SearchAction\",\"target\":{\"@type\":\"EntryPoint\",\"urlTemplate\":\"https:\/\/www.noticiasradioreflejos.com.ar\/2021\/?s={search_term_string}\"},\"query-input\":{\"@type\":\"PropertyValueSpecification\",\"valueRequired\":true,\"valueName\":\"search_term_string\"}}],\"inLanguage\":\"es\"},{\"@type\":\"Person\",\"@id\":\"https:\/\/www.noticiasradioreflejos.com.ar\/2021\/#\/schema\/person\/ad82545263dcc5ec0996818884fd5fb1\",\"name\":\"Arnaldo Botto\",\"image\":{\"@type\":\"ImageObject\",\"inLanguage\":\"es\",\"@id\":\"https:\/\/www.noticiasradioreflejos.com.ar\/2021\/#\/schema\/person\/image\/\",\"url\":\"https:\/\/secure.gravatar.com\/avatar\/55cb5e37c1efa326397366e6974cb338056df65cb50e7d64d1cf314e87504837?s=96&d=mm&r=g\",\"contentUrl\":\"https:\/\/secure.gravatar.com\/avatar\/55cb5e37c1efa326397366e6974cb338056df65cb50e7d64d1cf314e87504837?s=96&d=mm&r=g\",\"caption\":\"Arnaldo Botto\"},\"url\":\"https:\/\/www.noticiasradioreflejos.com.ar\/2021\/author\/arnaldo\/\"}]}<\/script>\n<!-- \/ Yoast SEO plugin. -->","yoast_head_json":{"title":"Construyen en Sierra una casa para mujeres en situaci\u00f3n de vulnerabilidad. - Noticias Radio Reflejos","robots":{"index":"index","follow":"follow","max-snippet":"max-snippet:-1","max-image-preview":"max-image-preview:large","max-video-preview":"max-video-preview:-1"},"canonical":"https:\/\/www.noticiasradioreflejos.com.ar\/2021\/construyen-en-sierra-una-casa-para-mujeres-en-situacion-de-vulnerabilidad\/","og_locale":"es_ES","og_type":"article","og_title":"Construyen en Sierra una casa para mujeres en situaci\u00f3n de vulnerabilidad. - Noticias Radio Reflejos","og_description":"La comunidad de la parroquia de Sierra de la Ventana se encuentra en la concreci\u00f3n de un proyecto de construcci\u00f3n de una casa para albergar a mujeres en situaci\u00f3n de vulnerabilidad.","og_url":"https:\/\/www.noticiasradioreflejos.com.ar\/2021\/construyen-en-sierra-una-casa-para-mujeres-en-situacion-de-vulnerabilidad\/","og_site_name":"Noticias Radio Reflejos","article_published_time":"2018-07-19T15:43:35+00:00","og_image":[{"url":"http:\/\/farm2.staticflickr.com\/1763\/42793221154_b8bbb629fa.jpg","type":"","width":"","height":""}],"author":"Arnaldo Botto","twitter_card":"summary_large_image","schema":{"@context":"https:\/\/schema.org","@graph":[{"@type":"WebPage","@id":"https:\/\/www.noticiasradioreflejos.com.ar\/2021\/construyen-en-sierra-una-casa-para-mujeres-en-situacion-de-vulnerabilidad\/","url":"https:\/\/www.noticiasradioreflejos.com.ar\/2021\/construyen-en-sierra-una-casa-para-mujeres-en-situacion-de-vulnerabilidad\/","name":"Construyen en Sierra una casa para mujeres en situaci\u00f3n de vulnerabilidad. - Noticias Radio Reflejos","isPartOf":{"@id":"https:\/\/www.noticiasradioreflejos.com.ar\/2021\/#website"},"primaryImageOfPage":{"@id":"https:\/\/www.noticiasradioreflejos.com.ar\/2021\/construyen-en-sierra-una-casa-para-mujeres-en-situacion-de-vulnerabilidad\/#primaryimage"},"image":{"@id":"https:\/\/www.noticiasradioreflejos.com.ar\/2021\/construyen-en-sierra-una-casa-para-mujeres-en-situacion-de-vulnerabilidad\/#primaryimage"},"thumbnailUrl":"http:\/\/farm2.staticflickr.com\/1763\/42793221154_b8bbb629fa.jpg","datePublished":"2018-07-19T15:43:35+00:00","author":{"@id":"https:\/\/www.noticiasradioreflejos.com.ar\/2021\/#\/schema\/person\/ad82545263dcc5ec0996818884fd5fb1"},"breadcrumb":{"@id":"https:\/\/www.noticiasradioreflejos.com.ar\/2021\/construyen-en-sierra-una-casa-para-mujeres-en-situacion-de-vulnerabilidad\/#breadcrumb"},"inLanguage":"es","potentialAction":[{"@type":"ReadAction","target":["https:\/\/www.noticiasradioreflejos.com.ar\/2021\/construyen-en-sierra-una-casa-para-mujeres-en-situacion-de-vulnerabilidad\/"]}]},{"@type":"ImageObject","inLanguage":"es","@id":"https:\/\/www.noticiasradioreflejos.com.ar\/2021\/construyen-en-sierra-una-casa-para-mujeres-en-situacion-de-vulnerabilidad\/#primaryimage","url":"http:\/\/farm2.staticflickr.com\/1763\/42793221154_b8bbb629fa.jpg","contentUrl":"http:\/\/farm2.staticflickr.com\/1763\/42793221154_b8bbb629fa.jpg"},{"@type":"BreadcrumbList","@id":"https:\/\/www.noticiasradioreflejos.com.ar\/2021\/construyen-en-sierra-una-casa-para-mujeres-en-situacion-de-vulnerabilidad\/#breadcrumb","itemListElement":[{"@type":"ListItem","position":1,"name":"Portada","item":"https:\/\/www.noticiasradioreflejos.com.ar\/2021\/"},{"@type":"ListItem","position":2,"name":"Construyen en Sierra una casa para mujeres en situaci\u00f3n de vulnerabilidad."}]},{"@type":"WebSite","@id":"https:\/\/www.noticiasradioreflejos.com.ar\/2021\/#website","url":"https:\/\/www.noticiasradioreflejos.com.ar\/2021\/","name":"Noticias Radio Reflejos","description":"Las noticias de mi comarca","potentialAction":[{"@type":"SearchAction","target":{"@type":"EntryPoint","urlTemplate":"https:\/\/www.noticiasradioreflejos.com.ar\/2021\/?s={search_term_string}"},"query-input":{"@type":"PropertyValueSpecification","valueRequired":true,"valueName":"search_term_string"}}],"inLanguage":"es"},{"@type":"Person","@id":"https:\/\/www.noticiasradioreflejos.com.ar\/2021\/#\/schema\/person\/ad82545263dcc5ec0996818884fd5fb1","name":"Arnaldo Botto","image":{"@type":"ImageObject","inLanguage":"es","@id":"https:\/\/www.noticiasradioreflejos.com.ar\/2021\/#\/schema\/person\/image\/","url":"https:\/\/secure.gravatar.com\/avatar\/55cb5e37c1efa326397366e6974cb338056df65cb50e7d64d1cf314e87504837?s=96&d=mm&r=g","contentUrl":"https:\/\/secure.gravatar.com\/avatar\/55cb5e37c1efa326397366e6974cb338056df65cb50e7d64d1cf314e87504837?s=96&d=mm&r=g","caption":"Arnaldo Botto"},"url":"https:\/\/www.noticiasradioreflejos.com.ar\/2021\/author\/arnaldo\/"}]}},"_links":{"self":[{"href":"https:\/\/www.noticiasradioreflejos.com.ar\/2021\/wp-json\/wp\/v2\/posts\/23403","targetHints":{"allow":["GET"]}}],"collection":[{"href":"https:\/\/www.noticiasradioreflejos.com.ar\/2021\/wp-json\/wp\/v2\/posts"}],"about":[{"href":"https:\/\/www.noticiasradioreflejos.com.ar\/2021\/wp-json\/wp\/v2\/types\/post"}],"author":[{"embeddable":true,"href":"https:\/\/www.noticiasradioreflejos.com.ar\/2021\/wp-json\/wp\/v2\/users\/3"}],"replies":[{"embeddable":true,"href":"https:\/\/www.noticiasradioreflejos.com.ar\/2021\/wp-json\/wp\/v2\/comments?post=23403"}],"version-history":[{"count":0,"href":"https:\/\/www.noticiasradioreflejos.com.ar\/2021\/wp-json\/wp\/v2\/posts\/23403\/revisions"}],"wp:attachment":[{"href":"https:\/\/www.noticiasradioreflejos.com.ar\/2021\/wp-json\/wp\/v2\/media?parent=23403"}],"wp:term":[{"taxonomy":"category","embeddable":true,"href":"https:\/\/www.noticiasradioreflejos.com.ar\/2021\/wp-json\/wp\/v2\/categories?post=23403"},{"taxonomy":"post_tag","embeddable":true,"href":"https:\/\/www.noticiasradioreflejos.com.ar\/2021\/wp-json\/wp\/v2\/tags?post=23403"}],"curies":[{"name":"wp","href":"https:\/\/api.w.org\/{rel}","templated":true}]}}