{"id":23370,"date":"2018-07-18T15:26:13","date_gmt":"2018-07-18T18:26:13","guid":{"rendered":"http:\/\/www.noticiasradioreflejos.com.ar\/noticias\/?p=23370"},"modified":"2018-07-18T15:26:13","modified_gmt":"2018-07-18T18:26:13","slug":"un-exito-total-la-fiesta-del-dia-del-amigo-de-automoto","status":"publish","type":"post","link":"https:\/\/www.noticiasradioreflejos.com.ar\/2021\/un-exito-total-la-fiesta-del-dia-del-amigo-de-automoto\/","title":{"rendered":"Un \u00e9xito total la fiesta del d\u00eda del amigo de Automoto"},"content":{"rendered":"<p>Con m\u00e1s de 450 personas, se llev\u00f3 a cabo la Gran Fiesta D\u00eda del Amigo que organiza, como hace m\u00e1s de 25 a\u00f1os, el Automoto Club Deportivo.<!--more--><br \/>\nA sal\u00f3n colmado cerca de las 22.30 hs, el Presidente de la instituci\u00f3n Marcelo Rusconi dio la bienvenida a los comensales. Agradeci\u00f3 la presencia de los mismos, de las autoridades y a todo el grupo de trabajo que se encarg\u00f3 de que la fiesta se un \u00e9xito rotundo. Minutos despu\u00e9s sali\u00f3 la entrada que const\u00f3 de jam\u00f3n crudo y queso, acompa\u00f1ado de ensalada capresse.<br \/>\nUn rato despu\u00e9s aparecieron dos grandes mesas con una gran variedad de ensaladas, preparadas por gente de la comisi\u00f3n y colaboradores. All\u00ed apareci\u00f3 el pollo a la parrilla y la carne, que degustaron los presentes para luego pasar al postre y la mesa dulce, tambi\u00e9n realizada por gente de la comisi\u00f3n.<br \/>\nMinutos posteriores a la cena, se realiz\u00f3 un reconocimiento a las chicas de la Sub 16 de Voley, que se consagraron campeonas de la Copa de Oro del torneo apertura B que organiza la Asociaci\u00f3n Bahiense de Voley. Tambi\u00e9n se reconoci\u00f3 a Fabi\u00e1n \u201cCuni\u201d Villar, como amigo 2018, por su incesable colaboraci\u00f3n por el club.<br \/>\nPasadas las 2.30 de la ma\u00f1ana, comenz\u00f3 a ingresar un gran n\u00famero de chicos (m\u00e1s de 200) que pudieron disfrutar lo que quedaba de la noche. El impresionante show de Pera de Goma y luego de La Chancha, dejaron a todos los presentes enloquecidos, y el baile a cargo de DJ Gaby se extendi\u00f3 hasta pasadas las 6 de la ma\u00f1ana.<br \/>\nOtra gran fiesta organizada por el Automoto Club que termina siendo un \u00e9xito. Una m\u00e1s de las tradicionales fiestas del d\u00eda del amigo que se disfruta en familia y amigos.<br \/>\nComo hace m\u00e1s de 25 a\u00f1os, la tradicional Fiesta Dia del Amigo se visti\u00f3 de azulgrana.<br \/>\n<a href=\"http:\/\/farm2.staticflickr.com\/1790\/41684984960_97144ff644_z.jpg\" title=\"fiesta automoto3\" rel=\"\"><img loading=\"lazy\" decoding=\"async\" src=\"http:\/\/farm2.staticflickr.com\/1790\/41684984960_97144ff644_z.jpg\" width=\"640\" height=\"427\" alt=\"fiesta automoto3\" title=\"fiesta automoto3\" class=\"aligncenter\"><\/a><br \/>\n<a href=\"http:\/\/farm1.staticflickr.com\/839\/43492735501_e47b1d9299_z.jpg\" title=\"fiesta automoto2\" rel=\"\"><img loading=\"lazy\" decoding=\"async\" src=\"http:\/\/farm1.staticflickr.com\/839\/43492735501_e47b1d9299_z.jpg\" width=\"640\" height=\"427\" alt=\"fiesta automoto2\" title=\"fiesta automoto2\" class=\"aligncenter\"><\/a><\/p>\n","protected":false},"excerpt":{"rendered":"<p>Con m\u00e1s de 450 personas, se llev\u00f3 a cabo la Gran Fiesta D\u00eda del Amigo que organiza, como hace m\u00e1s de 25 a\u00f1os, el Automoto Club Deportivo.<\/p>\n","protected":false},"author":3,"featured_media":0,"comment_status":"closed","ping_status":"open","sticky":false,"template":"","format":"standard","meta":{"footnotes":""},"categories":[27],"tags":[],"class_list":["post-23370","post","type-post","status-publish","format-standard","hentry","category-deportes"],"yoast_head":"<!-- This site is optimized with the Yoast SEO plugin v25.9 - https:\/\/yoast.com\/wordpress\/plugins\/seo\/ -->\n<title>Un \u00e9xito total la fiesta del d\u00eda del amigo de Automoto - Noticias Radio Reflejos<\/title>\n<meta name=\"robots\" content=\"index, follow, max-snippet:-1, max-image-preview:large, max-video-preview:-1\" \/>\n<link rel=\"canonical\" href=\"https:\/\/www.noticiasradioreflejos.com.ar\/2021\/un-exito-total-la-fiesta-del-dia-del-amigo-de-automoto\/\" \/>\n<meta property=\"og:locale\" content=\"es_ES\" \/>\n<meta property=\"og:type\" content=\"article\" \/>\n<meta property=\"og:title\" content=\"Un \u00e9xito total la fiesta del d\u00eda del amigo de Automoto - Noticias Radio Reflejos\" \/>\n<meta property=\"og:description\" content=\"Con m\u00e1s de 450 personas, se llev\u00f3 a cabo la Gran Fiesta D\u00eda del Amigo que organiza, como hace m\u00e1s de 25 a\u00f1os, el Automoto Club Deportivo.\" \/>\n<meta property=\"og:url\" content=\"https:\/\/www.noticiasradioreflejos.com.ar\/2021\/un-exito-total-la-fiesta-del-dia-del-amigo-de-automoto\/\" \/>\n<meta property=\"og:site_name\" content=\"Noticias Radio Reflejos\" \/>\n<meta property=\"article:published_time\" content=\"2018-07-18T18:26:13+00:00\" \/>\n<meta property=\"og:image\" content=\"http:\/\/farm2.staticflickr.com\/1790\/41684984960_97144ff644_z.jpg\" \/>\n<meta name=\"author\" content=\"Arnaldo Botto\" \/>\n<meta name=\"twitter:card\" content=\"summary_large_image\" \/>\n<script type=\"application\/ld+json\" class=\"yoast-schema-graph\">{\"@context\":\"https:\/\/schema.org\",\"@graph\":[{\"@type\":\"WebPage\",\"@id\":\"https:\/\/www.noticiasradioreflejos.com.ar\/2021\/un-exito-total-la-fiesta-del-dia-del-amigo-de-automoto\/\",\"url\":\"https:\/\/www.noticiasradioreflejos.com.ar\/2021\/un-exito-total-la-fiesta-del-dia-del-amigo-de-automoto\/\",\"name\":\"Un \u00e9xito total la fiesta del d\u00eda del amigo de Automoto - Noticias Radio Reflejos\",\"isPartOf\":{\"@id\":\"https:\/\/www.noticiasradioreflejos.com.ar\/2021\/#website\"},\"primaryImageOfPage\":{\"@id\":\"https:\/\/www.noticiasradioreflejos.com.ar\/2021\/un-exito-total-la-fiesta-del-dia-del-amigo-de-automoto\/#primaryimage\"},\"image\":{\"@id\":\"https:\/\/www.noticiasradioreflejos.com.ar\/2021\/un-exito-total-la-fiesta-del-dia-del-amigo-de-automoto\/#primaryimage\"},\"thumbnailUrl\":\"http:\/\/farm2.staticflickr.com\/1790\/41684984960_97144ff644_z.jpg\",\"datePublished\":\"2018-07-18T18:26:13+00:00\",\"author\":{\"@id\":\"https:\/\/www.noticiasradioreflejos.com.ar\/2021\/#\/schema\/person\/ad82545263dcc5ec0996818884fd5fb1\"},\"breadcrumb\":{\"@id\":\"https:\/\/www.noticiasradioreflejos.com.ar\/2021\/un-exito-total-la-fiesta-del-dia-del-amigo-de-automoto\/#breadcrumb\"},\"inLanguage\":\"es\",\"potentialAction\":[{\"@type\":\"ReadAction\",\"target\":[\"https:\/\/www.noticiasradioreflejos.com.ar\/2021\/un-exito-total-la-fiesta-del-dia-del-amigo-de-automoto\/\"]}]},{\"@type\":\"ImageObject\",\"inLanguage\":\"es\",\"@id\":\"https:\/\/www.noticiasradioreflejos.com.ar\/2021\/un-exito-total-la-fiesta-del-dia-del-amigo-de-automoto\/#primaryimage\",\"url\":\"http:\/\/farm2.staticflickr.com\/1790\/41684984960_97144ff644_z.jpg\",\"contentUrl\":\"http:\/\/farm2.staticflickr.com\/1790\/41684984960_97144ff644_z.jpg\"},{\"@type\":\"BreadcrumbList\",\"@id\":\"https:\/\/www.noticiasradioreflejos.com.ar\/2021\/un-exito-total-la-fiesta-del-dia-del-amigo-de-automoto\/#breadcrumb\",\"itemListElement\":[{\"@type\":\"ListItem\",\"position\":1,\"name\":\"Portada\",\"item\":\"https:\/\/www.noticiasradioreflejos.com.ar\/2021\/\"},{\"@type\":\"ListItem\",\"position\":2,\"name\":\"Un \u00e9xito total la fiesta del d\u00eda del amigo de Automoto\"}]},{\"@type\":\"WebSite\",\"@id\":\"https:\/\/www.noticiasradioreflejos.com.ar\/2021\/#website\",\"url\":\"https:\/\/www.noticiasradioreflejos.com.ar\/2021\/\",\"name\":\"Noticias Radio Reflejos\",\"description\":\"Las noticias de mi comarca\",\"potentialAction\":[{\"@type\":\"SearchAction\",\"target\":{\"@type\":\"EntryPoint\",\"urlTemplate\":\"https:\/\/www.noticiasradioreflejos.com.ar\/2021\/?s={search_term_string}\"},\"query-input\":{\"@type\":\"PropertyValueSpecification\",\"valueRequired\":true,\"valueName\":\"search_term_string\"}}],\"inLanguage\":\"es\"},{\"@type\":\"Person\",\"@id\":\"https:\/\/www.noticiasradioreflejos.com.ar\/2021\/#\/schema\/person\/ad82545263dcc5ec0996818884fd5fb1\",\"name\":\"Arnaldo Botto\",\"image\":{\"@type\":\"ImageObject\",\"inLanguage\":\"es\",\"@id\":\"https:\/\/www.noticiasradioreflejos.com.ar\/2021\/#\/schema\/person\/image\/\",\"url\":\"https:\/\/secure.gravatar.com\/avatar\/55cb5e37c1efa326397366e6974cb338056df65cb50e7d64d1cf314e87504837?s=96&d=mm&r=g\",\"contentUrl\":\"https:\/\/secure.gravatar.com\/avatar\/55cb5e37c1efa326397366e6974cb338056df65cb50e7d64d1cf314e87504837?s=96&d=mm&r=g\",\"caption\":\"Arnaldo Botto\"},\"url\":\"https:\/\/www.noticiasradioreflejos.com.ar\/2021\/author\/arnaldo\/\"}]}<\/script>\n<!-- \/ Yoast SEO plugin. -->","yoast_head_json":{"title":"Un \u00e9xito total la fiesta del d\u00eda del amigo de Automoto - Noticias Radio Reflejos","robots":{"index":"index","follow":"follow","max-snippet":"max-snippet:-1","max-image-preview":"max-image-preview:large","max-video-preview":"max-video-preview:-1"},"canonical":"https:\/\/www.noticiasradioreflejos.com.ar\/2021\/un-exito-total-la-fiesta-del-dia-del-amigo-de-automoto\/","og_locale":"es_ES","og_type":"article","og_title":"Un \u00e9xito total la fiesta del d\u00eda del amigo de Automoto - Noticias Radio Reflejos","og_description":"Con m\u00e1s de 450 personas, se llev\u00f3 a cabo la Gran Fiesta D\u00eda del Amigo que organiza, como hace m\u00e1s de 25 a\u00f1os, el Automoto Club Deportivo.","og_url":"https:\/\/www.noticiasradioreflejos.com.ar\/2021\/un-exito-total-la-fiesta-del-dia-del-amigo-de-automoto\/","og_site_name":"Noticias Radio Reflejos","article_published_time":"2018-07-18T18:26:13+00:00","og_image":[{"url":"http:\/\/farm2.staticflickr.com\/1790\/41684984960_97144ff644_z.jpg","type":"","width":"","height":""}],"author":"Arnaldo Botto","twitter_card":"summary_large_image","schema":{"@context":"https:\/\/schema.org","@graph":[{"@type":"WebPage","@id":"https:\/\/www.noticiasradioreflejos.com.ar\/2021\/un-exito-total-la-fiesta-del-dia-del-amigo-de-automoto\/","url":"https:\/\/www.noticiasradioreflejos.com.ar\/2021\/un-exito-total-la-fiesta-del-dia-del-amigo-de-automoto\/","name":"Un \u00e9xito total la fiesta del d\u00eda del amigo de Automoto - Noticias Radio Reflejos","isPartOf":{"@id":"https:\/\/www.noticiasradioreflejos.com.ar\/2021\/#website"},"primaryImageOfPage":{"@id":"https:\/\/www.noticiasradioreflejos.com.ar\/2021\/un-exito-total-la-fiesta-del-dia-del-amigo-de-automoto\/#primaryimage"},"image":{"@id":"https:\/\/www.noticiasradioreflejos.com.ar\/2021\/un-exito-total-la-fiesta-del-dia-del-amigo-de-automoto\/#primaryimage"},"thumbnailUrl":"http:\/\/farm2.staticflickr.com\/1790\/41684984960_97144ff644_z.jpg","datePublished":"2018-07-18T18:26:13+00:00","author":{"@id":"https:\/\/www.noticiasradioreflejos.com.ar\/2021\/#\/schema\/person\/ad82545263dcc5ec0996818884fd5fb1"},"breadcrumb":{"@id":"https:\/\/www.noticiasradioreflejos.com.ar\/2021\/un-exito-total-la-fiesta-del-dia-del-amigo-de-automoto\/#breadcrumb"},"inLanguage":"es","potentialAction":[{"@type":"ReadAction","target":["https:\/\/www.noticiasradioreflejos.com.ar\/2021\/un-exito-total-la-fiesta-del-dia-del-amigo-de-automoto\/"]}]},{"@type":"ImageObject","inLanguage":"es","@id":"https:\/\/www.noticiasradioreflejos.com.ar\/2021\/un-exito-total-la-fiesta-del-dia-del-amigo-de-automoto\/#primaryimage","url":"http:\/\/farm2.staticflickr.com\/1790\/41684984960_97144ff644_z.jpg","contentUrl":"http:\/\/farm2.staticflickr.com\/1790\/41684984960_97144ff644_z.jpg"},{"@type":"BreadcrumbList","@id":"https:\/\/www.noticiasradioreflejos.com.ar\/2021\/un-exito-total-la-fiesta-del-dia-del-amigo-de-automoto\/#breadcrumb","itemListElement":[{"@type":"ListItem","position":1,"name":"Portada","item":"https:\/\/www.noticiasradioreflejos.com.ar\/2021\/"},{"@type":"ListItem","position":2,"name":"Un \u00e9xito total la fiesta del d\u00eda del amigo de Automoto"}]},{"@type":"WebSite","@id":"https:\/\/www.noticiasradioreflejos.com.ar\/2021\/#website","url":"https:\/\/www.noticiasradioreflejos.com.ar\/2021\/","name":"Noticias Radio Reflejos","description":"Las noticias de mi comarca","potentialAction":[{"@type":"SearchAction","target":{"@type":"EntryPoint","urlTemplate":"https:\/\/www.noticiasradioreflejos.com.ar\/2021\/?s={search_term_string}"},"query-input":{"@type":"PropertyValueSpecification","valueRequired":true,"valueName":"search_term_string"}}],"inLanguage":"es"},{"@type":"Person","@id":"https:\/\/www.noticiasradioreflejos.com.ar\/2021\/#\/schema\/person\/ad82545263dcc5ec0996818884fd5fb1","name":"Arnaldo Botto","image":{"@type":"ImageObject","inLanguage":"es","@id":"https:\/\/www.noticiasradioreflejos.com.ar\/2021\/#\/schema\/person\/image\/","url":"https:\/\/secure.gravatar.com\/avatar\/55cb5e37c1efa326397366e6974cb338056df65cb50e7d64d1cf314e87504837?s=96&d=mm&r=g","contentUrl":"https:\/\/secure.gravatar.com\/avatar\/55cb5e37c1efa326397366e6974cb338056df65cb50e7d64d1cf314e87504837?s=96&d=mm&r=g","caption":"Arnaldo Botto"},"url":"https:\/\/www.noticiasradioreflejos.com.ar\/2021\/author\/arnaldo\/"}]}},"_links":{"self":[{"href":"https:\/\/www.noticiasradioreflejos.com.ar\/2021\/wp-json\/wp\/v2\/posts\/23370","targetHints":{"allow":["GET"]}}],"collection":[{"href":"https:\/\/www.noticiasradioreflejos.com.ar\/2021\/wp-json\/wp\/v2\/posts"}],"about":[{"href":"https:\/\/www.noticiasradioreflejos.com.ar\/2021\/wp-json\/wp\/v2\/types\/post"}],"author":[{"embeddable":true,"href":"https:\/\/www.noticiasradioreflejos.com.ar\/2021\/wp-json\/wp\/v2\/users\/3"}],"replies":[{"embeddable":true,"href":"https:\/\/www.noticiasradioreflejos.com.ar\/2021\/wp-json\/wp\/v2\/comments?post=23370"}],"version-history":[{"count":0,"href":"https:\/\/www.noticiasradioreflejos.com.ar\/2021\/wp-json\/wp\/v2\/posts\/23370\/revisions"}],"wp:attachment":[{"href":"https:\/\/www.noticiasradioreflejos.com.ar\/2021\/wp-json\/wp\/v2\/media?parent=23370"}],"wp:term":[{"taxonomy":"category","embeddable":true,"href":"https:\/\/www.noticiasradioreflejos.com.ar\/2021\/wp-json\/wp\/v2\/categories?post=23370"},{"taxonomy":"post_tag","embeddable":true,"href":"https:\/\/www.noticiasradioreflejos.com.ar\/2021\/wp-json\/wp\/v2\/tags?post=23370"}],"curies":[{"name":"wp","href":"https:\/\/api.w.org\/{rel}","templated":true}]}}