{"id":23366,"date":"2018-07-18T16:36:16","date_gmt":"2018-07-18T19:36:16","guid":{"rendered":"http:\/\/www.noticiasradioreflejos.com.ar\/noticias\/?p=23366"},"modified":"2018-07-18T16:36:16","modified_gmt":"2018-07-18T19:36:16","slug":"basicamente-la-tematica-que-abarcan-todas-las-actividades-tiene-que-ver-con-museos-arte-y-patrimonio","status":"publish","type":"post","link":"https:\/\/www.noticiasradioreflejos.com.ar\/2021\/basicamente-la-tematica-que-abarcan-todas-las-actividades-tiene-que-ver-con-museos-arte-y-patrimonio\/","title":{"rendered":"&quot;B\u00e1sicamente la tem\u00e1tica que abarcan todas las actividades tiene que ver con museos, arte, y patrimonio&quot;"},"content":{"rendered":"<p>Recibimos en los estudios de la radio a Antonela Pelorosso, integrante y docente de la Biblioteca Popular Mariano Moreno de Sierra de la Ventana, acompa\u00f1ada de Gisela Schmid, de profesi\u00f3n Muse\u00f3loga, qui\u00e9n dicta durante esta semana de vacaciones de invierno y la pr\u00f3xima, talleres para ni\u00f1os y adultos en la instituci\u00f3n de Sierra de la Ventana.<!--more--><br \/>\n\u00abMi primera vez como tallerista ac\u00e1 en Sierra, atra\u00edda ademas como turista, empezamos bien, la verdad que si, varios chicos, es un ambiente acogedor, asique una respuesta muy positiva, chicos de todas las edades con sus familias, la verdad muy contenta\u00bb.<br \/>\n\u00abEsto nace desde chica, yo creo que se incentiva desde que somos peque\u00f1os, como lectores y visitantes de museos, desde el colegio, nosotros sal\u00edamos mucho a museos, yo iba a la escuela n\u00b0 16 de Remedios de Escalada, hac\u00edamos muchas salidas a estos lugares con mis pap\u00e1s, mis t\u00edos, y por ah\u00ed un fin de semana en vez de ir a otro espacio, este era nuestro espacio de ocio, y conocimos muchos lugares, y bueno despu\u00e9s hice el profesorado de educaci\u00f3n b\u00e1sica, soy docente, y siempre quedo eso ah\u00ed, y no sab\u00eda que exist\u00eda una carrera de museolog\u00eda, estos espacios se hacen y pero uno no pregunta que pasa atr\u00e1s\u00bb.<br \/>\n\u00abLa tarea del muse\u00f3logo es, desde gestionar un museo, desde conservar pero no restaurar, porque ya de la restauraci\u00f3n se encargan otras personas, y la documentaci\u00f3n, nos podemos encargar de todo lo que es la parte did\u00e1ctica, la redacci\u00f3n de los textos de sala, los textos comunicativos que tiene el espacio, es muy abarcativo, la museolog\u00eda es mas bien la teor\u00eda de los museos, la museograf\u00eda es todo lo que ser\u00eda el montaje, la puesta en escena, pero bueno, vemos en la carrera todo esto\u00bb.<br \/>\n\u00abB\u00e1sicamente la tem\u00e1tica que abarcan todas las actividades tiene que ver con museos, arte, patrimonio, cosas que por ah\u00ed nos rodean, pero no las vemos, o no nos detenemos a observarlas, entonces partiendo en general desde alguna lectura, abordamos estos temas, por ejemplo, (\u00abretrato\u00bb) se trabaja con retratos de animales, parece ser que ellos quer\u00edan ser retratados porque siempre eran humanos los retratados, entonces bueno, ver distintas obras de arte, que tiene que ver con historia del arte, (\u00abel taller de objetos\u00bb) tambi\u00e9n proponemos armar un museo sobre nosotros mismos, que contar\u00edamos, que expondr\u00edamos si tendr\u00edamos que hacer un museo propio, (\u00abpiezas que cobran vida\u00bb) parece ser que los personajes de los cuadros quieren salir de ah\u00ed, asique bueno, hay que ver que travesuras nos proponen, (\u00abmi taza de t\u00e9\u00bb) es para contar sobre algo que es propio, que es nuestro, que nos trae alg\u00fan recuerdo, que por ah\u00ed guardamos por alg\u00fan motivo en particular, y (\u00abguardianes del patrimonio\u00bb) vamos a trabajar un poquito sobre el plano de Sierra de la Ventana, y ver algunos lugares emblem\u00e1ticos, y conocer un poquito mas sobre estas cosas que yo dec\u00eda antes, museos, monumentos, que nos rodean, y el de (\u00abarte en la pantalla grande\u00bb) si ya es para adultos, son diferentes propuestas, pel\u00edculas, y documentales, que abordan estos temas, y hago la aclaraci\u00f3n que es para adultos porque los chicos se pueden aburrir, y ademas creo que los adultos tambi\u00e9n se merecen vacaciones\u00bb.<br \/>\n\u00abLos esperamos, todos los d\u00edas estamos en la biblio, a partir de las 15hs, pueden pasar por la biblio, llamar, estamos en instagram, en facebook, hoy hay (\u00abpiezas que cobran vida\u00bb), y (\u00abarte en la pantalla grande\u00bb), los esperamos a todos, y la semana que viene tambi\u00e9n va a estar Gisela\u00bb.<br \/>\nNOTA COMPLETA:<br \/>\n<iframe loading=\"lazy\" src=\"https:\/\/w.soundcloud.com\/player\/?url=https%3A\/\/api.soundcloud.com\/tracks\/473409345&amp;color=%23ff5500&amp;auto_play=false&amp;hide_related=false&amp;show_comments=true&amp;show_user=true&amp;show_reposts=false&amp;show_teaser=true\" width=\"100%\" height=\"166\" frameborder=\"no\" scrolling=\"no\"><\/iframe><\/p>\n","protected":false},"excerpt":{"rendered":"<p>Recibimos en los estudios de la radio a Antonela Pelorosso, integrante y docente de la Biblioteca Popular Mariano Moreno de Sierra de la Ventana, acompa\u00f1ada de Gisela Schmid, de profesi\u00f3n Muse\u00f3loga, qui\u00e9n dicta durante esta semana de vacaciones de invierno y la pr\u00f3xima, talleres para ni\u00f1os y adultos en la instituci\u00f3n de Sierra de la [&hellip;]<\/p>\n","protected":false},"author":3,"featured_media":0,"comment_status":"closed","ping_status":"open","sticky":false,"template":"","format":"standard","meta":{"footnotes":""},"categories":[35],"tags":[],"class_list":["post-23366","post","type-post","status-publish","format-standard","hentry","category-cultura"],"yoast_head":"<!-- This site is optimized with the Yoast SEO plugin v25.9 - https:\/\/yoast.com\/wordpress\/plugins\/seo\/ -->\n<title>&quot;B\u00e1sicamente la tem\u00e1tica que abarcan todas las actividades tiene que ver con museos, arte, y patrimonio&quot; - Noticias Radio Reflejos<\/title>\n<meta name=\"robots\" content=\"index, follow, max-snippet:-1, max-image-preview:large, max-video-preview:-1\" \/>\n<link rel=\"canonical\" href=\"https:\/\/www.noticiasradioreflejos.com.ar\/2021\/basicamente-la-tematica-que-abarcan-todas-las-actividades-tiene-que-ver-con-museos-arte-y-patrimonio\/\" \/>\n<meta property=\"og:locale\" content=\"es_ES\" \/>\n<meta property=\"og:type\" content=\"article\" \/>\n<meta property=\"og:title\" content=\"&quot;B\u00e1sicamente la tem\u00e1tica que abarcan todas las actividades tiene que ver con museos, arte, y patrimonio&quot; - Noticias Radio Reflejos\" \/>\n<meta property=\"og:description\" content=\"Recibimos en los estudios de la radio a Antonela Pelorosso, integrante y docente de la Biblioteca Popular Mariano Moreno de Sierra de la Ventana, acompa\u00f1ada de Gisela Schmid, de profesi\u00f3n Muse\u00f3loga, qui\u00e9n dicta durante esta semana de vacaciones de invierno y la pr\u00f3xima, talleres para ni\u00f1os y adultos en la instituci\u00f3n de Sierra de la [&hellip;]\" \/>\n<meta property=\"og:url\" content=\"https:\/\/www.noticiasradioreflejos.com.ar\/2021\/basicamente-la-tematica-que-abarcan-todas-las-actividades-tiene-que-ver-con-museos-arte-y-patrimonio\/\" \/>\n<meta property=\"og:site_name\" content=\"Noticias Radio Reflejos\" \/>\n<meta property=\"article:published_time\" content=\"2018-07-18T19:36:16+00:00\" \/>\n<meta property=\"og:image\" content=\"https:\/\/www.noticiasradioreflejos.com.ar\/2021\/wp-content\/uploads\/2021\/07\/logosol300x200.png\" \/>\n\t<meta property=\"og:image:width\" content=\"300\" \/>\n\t<meta property=\"og:image:height\" content=\"200\" \/>\n\t<meta property=\"og:image:type\" content=\"image\/png\" \/>\n<meta name=\"author\" content=\"Arnaldo Botto\" \/>\n<meta name=\"twitter:card\" content=\"summary_large_image\" \/>\n<script type=\"application\/ld+json\" class=\"yoast-schema-graph\">{\"@context\":\"https:\/\/schema.org\",\"@graph\":[{\"@type\":\"WebPage\",\"@id\":\"https:\/\/www.noticiasradioreflejos.com.ar\/2021\/basicamente-la-tematica-que-abarcan-todas-las-actividades-tiene-que-ver-con-museos-arte-y-patrimonio\/\",\"url\":\"https:\/\/www.noticiasradioreflejos.com.ar\/2021\/basicamente-la-tematica-que-abarcan-todas-las-actividades-tiene-que-ver-con-museos-arte-y-patrimonio\/\",\"name\":\"&quot;B\u00e1sicamente la tem\u00e1tica que abarcan todas las actividades tiene que ver con museos, arte, y patrimonio&quot; - Noticias Radio Reflejos\",\"isPartOf\":{\"@id\":\"https:\/\/www.noticiasradioreflejos.com.ar\/2021\/#website\"},\"datePublished\":\"2018-07-18T19:36:16+00:00\",\"author\":{\"@id\":\"https:\/\/www.noticiasradioreflejos.com.ar\/2021\/#\/schema\/person\/ad82545263dcc5ec0996818884fd5fb1\"},\"breadcrumb\":{\"@id\":\"https:\/\/www.noticiasradioreflejos.com.ar\/2021\/basicamente-la-tematica-que-abarcan-todas-las-actividades-tiene-que-ver-con-museos-arte-y-patrimonio\/#breadcrumb\"},\"inLanguage\":\"es\",\"potentialAction\":[{\"@type\":\"ReadAction\",\"target\":[\"https:\/\/www.noticiasradioreflejos.com.ar\/2021\/basicamente-la-tematica-que-abarcan-todas-las-actividades-tiene-que-ver-con-museos-arte-y-patrimonio\/\"]}]},{\"@type\":\"BreadcrumbList\",\"@id\":\"https:\/\/www.noticiasradioreflejos.com.ar\/2021\/basicamente-la-tematica-que-abarcan-todas-las-actividades-tiene-que-ver-con-museos-arte-y-patrimonio\/#breadcrumb\",\"itemListElement\":[{\"@type\":\"ListItem\",\"position\":1,\"name\":\"Portada\",\"item\":\"https:\/\/www.noticiasradioreflejos.com.ar\/2021\/\"},{\"@type\":\"ListItem\",\"position\":2,\"name\":\"&quot;B\u00e1sicamente la tem\u00e1tica que abarcan todas las actividades tiene que ver con museos, arte, y patrimonio&quot;\"}]},{\"@type\":\"WebSite\",\"@id\":\"https:\/\/www.noticiasradioreflejos.com.ar\/2021\/#website\",\"url\":\"https:\/\/www.noticiasradioreflejos.com.ar\/2021\/\",\"name\":\"Noticias Radio Reflejos\",\"description\":\"Las noticias de mi comarca\",\"potentialAction\":[{\"@type\":\"SearchAction\",\"target\":{\"@type\":\"EntryPoint\",\"urlTemplate\":\"https:\/\/www.noticiasradioreflejos.com.ar\/2021\/?s={search_term_string}\"},\"query-input\":{\"@type\":\"PropertyValueSpecification\",\"valueRequired\":true,\"valueName\":\"search_term_string\"}}],\"inLanguage\":\"es\"},{\"@type\":\"Person\",\"@id\":\"https:\/\/www.noticiasradioreflejos.com.ar\/2021\/#\/schema\/person\/ad82545263dcc5ec0996818884fd5fb1\",\"name\":\"Arnaldo Botto\",\"image\":{\"@type\":\"ImageObject\",\"inLanguage\":\"es\",\"@id\":\"https:\/\/www.noticiasradioreflejos.com.ar\/2021\/#\/schema\/person\/image\/\",\"url\":\"https:\/\/secure.gravatar.com\/avatar\/55cb5e37c1efa326397366e6974cb338056df65cb50e7d64d1cf314e87504837?s=96&d=mm&r=g\",\"contentUrl\":\"https:\/\/secure.gravatar.com\/avatar\/55cb5e37c1efa326397366e6974cb338056df65cb50e7d64d1cf314e87504837?s=96&d=mm&r=g\",\"caption\":\"Arnaldo Botto\"},\"url\":\"https:\/\/www.noticiasradioreflejos.com.ar\/2021\/author\/arnaldo\/\"}]}<\/script>\n<!-- \/ Yoast SEO plugin. -->","yoast_head_json":{"title":"&quot;B\u00e1sicamente la tem\u00e1tica que abarcan todas las actividades tiene que ver con museos, arte, y patrimonio&quot; - Noticias Radio Reflejos","robots":{"index":"index","follow":"follow","max-snippet":"max-snippet:-1","max-image-preview":"max-image-preview:large","max-video-preview":"max-video-preview:-1"},"canonical":"https:\/\/www.noticiasradioreflejos.com.ar\/2021\/basicamente-la-tematica-que-abarcan-todas-las-actividades-tiene-que-ver-con-museos-arte-y-patrimonio\/","og_locale":"es_ES","og_type":"article","og_title":"&quot;B\u00e1sicamente la tem\u00e1tica que abarcan todas las actividades tiene que ver con museos, arte, y patrimonio&quot; - Noticias Radio Reflejos","og_description":"Recibimos en los estudios de la radio a Antonela Pelorosso, integrante y docente de la Biblioteca Popular Mariano Moreno de Sierra de la Ventana, acompa\u00f1ada de Gisela Schmid, de profesi\u00f3n Muse\u00f3loga, qui\u00e9n dicta durante esta semana de vacaciones de invierno y la pr\u00f3xima, talleres para ni\u00f1os y adultos en la instituci\u00f3n de Sierra de la [&hellip;]","og_url":"https:\/\/www.noticiasradioreflejos.com.ar\/2021\/basicamente-la-tematica-que-abarcan-todas-las-actividades-tiene-que-ver-con-museos-arte-y-patrimonio\/","og_site_name":"Noticias Radio Reflejos","article_published_time":"2018-07-18T19:36:16+00:00","og_image":[{"width":300,"height":200,"url":"https:\/\/www.noticiasradioreflejos.com.ar\/2021\/wp-content\/uploads\/2021\/07\/logosol300x200.png","type":"image\/png"}],"author":"Arnaldo Botto","twitter_card":"summary_large_image","schema":{"@context":"https:\/\/schema.org","@graph":[{"@type":"WebPage","@id":"https:\/\/www.noticiasradioreflejos.com.ar\/2021\/basicamente-la-tematica-que-abarcan-todas-las-actividades-tiene-que-ver-con-museos-arte-y-patrimonio\/","url":"https:\/\/www.noticiasradioreflejos.com.ar\/2021\/basicamente-la-tematica-que-abarcan-todas-las-actividades-tiene-que-ver-con-museos-arte-y-patrimonio\/","name":"&quot;B\u00e1sicamente la tem\u00e1tica que abarcan todas las actividades tiene que ver con museos, arte, y patrimonio&quot; - Noticias Radio Reflejos","isPartOf":{"@id":"https:\/\/www.noticiasradioreflejos.com.ar\/2021\/#website"},"datePublished":"2018-07-18T19:36:16+00:00","author":{"@id":"https:\/\/www.noticiasradioreflejos.com.ar\/2021\/#\/schema\/person\/ad82545263dcc5ec0996818884fd5fb1"},"breadcrumb":{"@id":"https:\/\/www.noticiasradioreflejos.com.ar\/2021\/basicamente-la-tematica-que-abarcan-todas-las-actividades-tiene-que-ver-con-museos-arte-y-patrimonio\/#breadcrumb"},"inLanguage":"es","potentialAction":[{"@type":"ReadAction","target":["https:\/\/www.noticiasradioreflejos.com.ar\/2021\/basicamente-la-tematica-que-abarcan-todas-las-actividades-tiene-que-ver-con-museos-arte-y-patrimonio\/"]}]},{"@type":"BreadcrumbList","@id":"https:\/\/www.noticiasradioreflejos.com.ar\/2021\/basicamente-la-tematica-que-abarcan-todas-las-actividades-tiene-que-ver-con-museos-arte-y-patrimonio\/#breadcrumb","itemListElement":[{"@type":"ListItem","position":1,"name":"Portada","item":"https:\/\/www.noticiasradioreflejos.com.ar\/2021\/"},{"@type":"ListItem","position":2,"name":"&quot;B\u00e1sicamente la tem\u00e1tica que abarcan todas las actividades tiene que ver con museos, arte, y patrimonio&quot;"}]},{"@type":"WebSite","@id":"https:\/\/www.noticiasradioreflejos.com.ar\/2021\/#website","url":"https:\/\/www.noticiasradioreflejos.com.ar\/2021\/","name":"Noticias Radio Reflejos","description":"Las noticias de mi comarca","potentialAction":[{"@type":"SearchAction","target":{"@type":"EntryPoint","urlTemplate":"https:\/\/www.noticiasradioreflejos.com.ar\/2021\/?s={search_term_string}"},"query-input":{"@type":"PropertyValueSpecification","valueRequired":true,"valueName":"search_term_string"}}],"inLanguage":"es"},{"@type":"Person","@id":"https:\/\/www.noticiasradioreflejos.com.ar\/2021\/#\/schema\/person\/ad82545263dcc5ec0996818884fd5fb1","name":"Arnaldo Botto","image":{"@type":"ImageObject","inLanguage":"es","@id":"https:\/\/www.noticiasradioreflejos.com.ar\/2021\/#\/schema\/person\/image\/","url":"https:\/\/secure.gravatar.com\/avatar\/55cb5e37c1efa326397366e6974cb338056df65cb50e7d64d1cf314e87504837?s=96&d=mm&r=g","contentUrl":"https:\/\/secure.gravatar.com\/avatar\/55cb5e37c1efa326397366e6974cb338056df65cb50e7d64d1cf314e87504837?s=96&d=mm&r=g","caption":"Arnaldo Botto"},"url":"https:\/\/www.noticiasradioreflejos.com.ar\/2021\/author\/arnaldo\/"}]}},"_links":{"self":[{"href":"https:\/\/www.noticiasradioreflejos.com.ar\/2021\/wp-json\/wp\/v2\/posts\/23366","targetHints":{"allow":["GET"]}}],"collection":[{"href":"https:\/\/www.noticiasradioreflejos.com.ar\/2021\/wp-json\/wp\/v2\/posts"}],"about":[{"href":"https:\/\/www.noticiasradioreflejos.com.ar\/2021\/wp-json\/wp\/v2\/types\/post"}],"author":[{"embeddable":true,"href":"https:\/\/www.noticiasradioreflejos.com.ar\/2021\/wp-json\/wp\/v2\/users\/3"}],"replies":[{"embeddable":true,"href":"https:\/\/www.noticiasradioreflejos.com.ar\/2021\/wp-json\/wp\/v2\/comments?post=23366"}],"version-history":[{"count":0,"href":"https:\/\/www.noticiasradioreflejos.com.ar\/2021\/wp-json\/wp\/v2\/posts\/23366\/revisions"}],"wp:attachment":[{"href":"https:\/\/www.noticiasradioreflejos.com.ar\/2021\/wp-json\/wp\/v2\/media?parent=23366"}],"wp:term":[{"taxonomy":"category","embeddable":true,"href":"https:\/\/www.noticiasradioreflejos.com.ar\/2021\/wp-json\/wp\/v2\/categories?post=23366"},{"taxonomy":"post_tag","embeddable":true,"href":"https:\/\/www.noticiasradioreflejos.com.ar\/2021\/wp-json\/wp\/v2\/tags?post=23366"}],"curies":[{"name":"wp","href":"https:\/\/api.w.org\/{rel}","templated":true}]}}