{"id":23362,"date":"2018-07-18T17:24:56","date_gmt":"2018-07-18T20:24:56","guid":{"rendered":"http:\/\/www.noticiasradioreflejos.com.ar\/noticias\/?p=23362"},"modified":"2018-07-18T17:24:56","modified_gmt":"2018-07-18T20:24:56","slug":"ya-en-diciembre-pronosticamos-la-crisis-del-turismo-jorge-diaz-cantera","status":"publish","type":"post","link":"https:\/\/www.noticiasradioreflejos.com.ar\/2021\/ya-en-diciembre-pronosticamos-la-crisis-del-turismo-jorge-diaz-cantera\/","title":{"rendered":"&quot;Ya en diciembre pronosticamos la crisis del turismo&quot; &#8211; Jorge D\u00edaz Cantera"},"content":{"rendered":"<p>Con Jorge Diaz Cantera evaluamos la marcha de la temporada invernal en la comarca y como est\u00e1 repercutiendo la crisis econ\u00f3mica en el sector.<br \/>\nEl prestador de Villa Ventana con su complejo <strong>\u00d1uke Mapu<\/strong>, pionero en la prestaci\u00f3n de alojamiento en caba\u00f1as alpinas, destac\u00f3 que \u00abYa en diciembre pronosticaron la crisis del turismo\u00bb y que la situaci\u00f3n se agravar\u00e1 con el paso de los meses si no se toman medidas urgentes para el sector.<!--more--><br \/>\n\u00abYa en diciembre nosotros pronosticamos una especie de crisis que se venia para el sector, y para otros sectores, es global, se originaba en un desequilibrio grande que se venia dando, incluso por la cantidad de viajes al exterior, hab\u00eda 18 cuotas para viajar al exterior sin inter\u00e9s, pero ac\u00e1 adentro no ten\u00edamos nada, por ah\u00ed nosotros que vamos a veces en punta ya hab\u00edamos armado algo as\u00ed pero en general la funci\u00f3n de un asesor tur\u00edstico o director tur\u00edstico, o persona que tiene a cargo un complejo, es prever situaciones de este tipo, promover, preocuparse, todo lo que se debe hacer es ocuparse anteriormente al hecho, ganarle de mano, ahora ya esta, el hecho ya esta, pero lo que no esta es el efecto, el efecto que vamos a tener de toda esta crisis que ya lleva 8 meses, pero en realidad la crisis no es tan estructural, no es de 8 meses, es de hace mucho mas tiempo, sin embargo, cuando nosotros vinimos ac\u00e1 no ten\u00edamos agua, no ten\u00edamos luz, sin embargo funcion\u00e1bamos bien, gastamos en publicidad en Buenos Aires, 30 mil dolares, entonces se conoci\u00f3 Villa Ventana, sigue a\u00fan en muchas zonas de Buenos Aires sin conocerse, de donde viene el turismo?, nosotros viene gente ac\u00e1 a la casita nuestra de turismo, a la de ustedes all\u00e1 en Sierra, a la de Tornquist, ese es un objetivo, saber de donde viene, porque si sabemos de donde viene ah\u00ed tenemos que hacer promoci\u00f3n, y donde no viene tambi\u00e9n tenemos que hacer promoci\u00f3n, quiz\u00e1 en menor escala, eso es una cosa, segundo no inventar cosas que son por ahora imposibles, por ejemplo, yo puedo estar pensando en la aero silla hace 10 a\u00f1os, para subir al cerro ventana, pero no es realizable, porque? porque no nos hemos puesto a realizarlo, o no hay gente que quiera eso, entonces, tambi\u00e9n hay que prever esas situaciones, y por otro lado, al hablar de aviones, de barcos, sin aeropuerto, y sin puerto, es un poco il\u00f3gico, porque tampoco podemos estar gastando esfuerzo en ese tema cuando ese tema es irrealizable, lo mismo con el tema de la cantidad de ofertas, si nosotros tenemos una oferta, que yo tambi\u00e9n anticipe que ya era excedente, es decir, no es solo culpa de la crisis, la crisis viene desde afuera o desde adentro, lo mismo que con la edad, hay una serie de factores que hacen no a una crisis, sino a una ca\u00edda en la oferta, no solamente del punto de vista de la demanda, sino tambi\u00e9n de la oferta\u00bb.<br \/>\n\u00abLa primer semana esta relativamente bien en funci\u00f3n de la situaci\u00f3n actual, pero por ejemplo, la semana que viene, eso va a ser bastante critico. La gente tambi\u00e9n pudo haber cambiado caba\u00f1as por hotel, o por alguna estrategia personal, uno lo maneja de acuerdo a la capacidad de uno, si yo tengo 3 caba\u00f1as vac\u00edas, y viene alguien hoy y me pone un precio \u00e9l, y voy a bajar el precio de 2000 pesos por ejemplo, a 1000, y bueno as\u00ed vas a alquilar\u00bb.<br \/>\nSe le consult\u00f3 que intuye que puede suceder de ac\u00e1 a la temporada de verano, a lo que Jorge respondi\u00f3, \u00abLa incertidumbre va a estar en alg\u00fan aspecto atenuada, osea pero depender\u00e1 de la acci\u00f3n de cada empresario y de la secretar\u00eda de turismo de Tornquist, es decir, si vamos a tener difusi\u00f3n o ideas a futuro, hay que desarrollar la capacidad de los empresarios de ac\u00e1, de los que hacen servicio por parte del municipio, la provincia por ejemplo no hace nada por Villa Ventana, Sierra de la Ventana. La gente, con la nafta, con las rutas, con los servicios, se esta cuidando, hay restaurantes que est\u00e1n agotados ya, es una situaci\u00f3n grave, no es preocupante pero si hay que hacer mucho mas acci\u00f3n publicitaria, promocional, eso si, es cierto\u00bb.<br \/>\nNOTA COMPLETA:<br \/>\n<iframe loading=\"lazy\" src=\"https:\/\/w.soundcloud.com\/player\/?url=https%3A\/\/api.soundcloud.com\/tracks\/473389305&amp;color=%23ff5500&amp;auto_play=false&amp;hide_related=false&amp;show_comments=true&amp;show_user=true&amp;show_reposts=false&amp;show_teaser=true\" width=\"100%\" height=\"166\" frameborder=\"no\" scrolling=\"no\"><\/iframe><\/p>\n","protected":false},"excerpt":{"rendered":"<p>Con Jorge Diaz Cantera evaluamos la marcha de la temporada invernal en la comarca y como est\u00e1 repercutiendo la crisis econ\u00f3mica en el sector. El prestador de Villa Ventana con su complejo \u00d1uke Mapu, pionero en la prestaci\u00f3n de alojamiento en caba\u00f1as alpinas, destac\u00f3 que \u00abYa en diciembre pronosticaron la crisis del turismo\u00bb y que [&hellip;]<\/p>\n","protected":false},"author":3,"featured_media":0,"comment_status":"closed","ping_status":"open","sticky":false,"template":"","format":"standard","meta":{"footnotes":""},"categories":[33],"tags":[],"class_list":["post-23362","post","type-post","status-publish","format-standard","hentry","category-turismo"],"yoast_head":"<!-- This site is optimized with the Yoast SEO plugin v25.9 - https:\/\/yoast.com\/wordpress\/plugins\/seo\/ -->\n<title>&quot;Ya en diciembre pronosticamos la crisis del turismo&quot; - Jorge D\u00edaz Cantera - Noticias Radio Reflejos<\/title>\n<meta name=\"robots\" content=\"index, follow, max-snippet:-1, max-image-preview:large, max-video-preview:-1\" \/>\n<link rel=\"canonical\" href=\"https:\/\/www.noticiasradioreflejos.com.ar\/2021\/ya-en-diciembre-pronosticamos-la-crisis-del-turismo-jorge-diaz-cantera\/\" \/>\n<meta property=\"og:locale\" content=\"es_ES\" \/>\n<meta property=\"og:type\" content=\"article\" \/>\n<meta property=\"og:title\" content=\"&quot;Ya en diciembre pronosticamos la crisis del turismo&quot; - Jorge D\u00edaz Cantera - Noticias Radio Reflejos\" \/>\n<meta property=\"og:description\" content=\"Con Jorge Diaz Cantera evaluamos la marcha de la temporada invernal en la comarca y como est\u00e1 repercutiendo la crisis econ\u00f3mica en el sector. El prestador de Villa Ventana con su complejo \u00d1uke Mapu, pionero en la prestaci\u00f3n de alojamiento en caba\u00f1as alpinas, destac\u00f3 que \u00abYa en diciembre pronosticaron la crisis del turismo\u00bb y que [&hellip;]\" \/>\n<meta property=\"og:url\" content=\"https:\/\/www.noticiasradioreflejos.com.ar\/2021\/ya-en-diciembre-pronosticamos-la-crisis-del-turismo-jorge-diaz-cantera\/\" \/>\n<meta property=\"og:site_name\" content=\"Noticias Radio Reflejos\" \/>\n<meta property=\"article:published_time\" content=\"2018-07-18T20:24:56+00:00\" \/>\n<meta property=\"og:image\" content=\"https:\/\/www.noticiasradioreflejos.com.ar\/2021\/wp-content\/uploads\/2021\/07\/logosol300x200.png\" \/>\n\t<meta property=\"og:image:width\" content=\"300\" \/>\n\t<meta property=\"og:image:height\" content=\"200\" \/>\n\t<meta property=\"og:image:type\" content=\"image\/png\" \/>\n<meta name=\"author\" content=\"Arnaldo Botto\" \/>\n<meta name=\"twitter:card\" content=\"summary_large_image\" \/>\n<script type=\"application\/ld+json\" class=\"yoast-schema-graph\">{\"@context\":\"https:\/\/schema.org\",\"@graph\":[{\"@type\":\"WebPage\",\"@id\":\"https:\/\/www.noticiasradioreflejos.com.ar\/2021\/ya-en-diciembre-pronosticamos-la-crisis-del-turismo-jorge-diaz-cantera\/\",\"url\":\"https:\/\/www.noticiasradioreflejos.com.ar\/2021\/ya-en-diciembre-pronosticamos-la-crisis-del-turismo-jorge-diaz-cantera\/\",\"name\":\"&quot;Ya en diciembre pronosticamos la crisis del turismo&quot; - Jorge D\u00edaz Cantera - Noticias Radio Reflejos\",\"isPartOf\":{\"@id\":\"https:\/\/www.noticiasradioreflejos.com.ar\/2021\/#website\"},\"datePublished\":\"2018-07-18T20:24:56+00:00\",\"author\":{\"@id\":\"https:\/\/www.noticiasradioreflejos.com.ar\/2021\/#\/schema\/person\/ad82545263dcc5ec0996818884fd5fb1\"},\"breadcrumb\":{\"@id\":\"https:\/\/www.noticiasradioreflejos.com.ar\/2021\/ya-en-diciembre-pronosticamos-la-crisis-del-turismo-jorge-diaz-cantera\/#breadcrumb\"},\"inLanguage\":\"es\",\"potentialAction\":[{\"@type\":\"ReadAction\",\"target\":[\"https:\/\/www.noticiasradioreflejos.com.ar\/2021\/ya-en-diciembre-pronosticamos-la-crisis-del-turismo-jorge-diaz-cantera\/\"]}]},{\"@type\":\"BreadcrumbList\",\"@id\":\"https:\/\/www.noticiasradioreflejos.com.ar\/2021\/ya-en-diciembre-pronosticamos-la-crisis-del-turismo-jorge-diaz-cantera\/#breadcrumb\",\"itemListElement\":[{\"@type\":\"ListItem\",\"position\":1,\"name\":\"Portada\",\"item\":\"https:\/\/www.noticiasradioreflejos.com.ar\/2021\/\"},{\"@type\":\"ListItem\",\"position\":2,\"name\":\"&quot;Ya en diciembre pronosticamos la crisis del turismo&quot; &#8211; Jorge D\u00edaz Cantera\"}]},{\"@type\":\"WebSite\",\"@id\":\"https:\/\/www.noticiasradioreflejos.com.ar\/2021\/#website\",\"url\":\"https:\/\/www.noticiasradioreflejos.com.ar\/2021\/\",\"name\":\"Noticias Radio Reflejos\",\"description\":\"Las noticias de mi comarca\",\"potentialAction\":[{\"@type\":\"SearchAction\",\"target\":{\"@type\":\"EntryPoint\",\"urlTemplate\":\"https:\/\/www.noticiasradioreflejos.com.ar\/2021\/?s={search_term_string}\"},\"query-input\":{\"@type\":\"PropertyValueSpecification\",\"valueRequired\":true,\"valueName\":\"search_term_string\"}}],\"inLanguage\":\"es\"},{\"@type\":\"Person\",\"@id\":\"https:\/\/www.noticiasradioreflejos.com.ar\/2021\/#\/schema\/person\/ad82545263dcc5ec0996818884fd5fb1\",\"name\":\"Arnaldo Botto\",\"image\":{\"@type\":\"ImageObject\",\"inLanguage\":\"es\",\"@id\":\"https:\/\/www.noticiasradioreflejos.com.ar\/2021\/#\/schema\/person\/image\/\",\"url\":\"https:\/\/secure.gravatar.com\/avatar\/55cb5e37c1efa326397366e6974cb338056df65cb50e7d64d1cf314e87504837?s=96&d=mm&r=g\",\"contentUrl\":\"https:\/\/secure.gravatar.com\/avatar\/55cb5e37c1efa326397366e6974cb338056df65cb50e7d64d1cf314e87504837?s=96&d=mm&r=g\",\"caption\":\"Arnaldo Botto\"},\"url\":\"https:\/\/www.noticiasradioreflejos.com.ar\/2021\/author\/arnaldo\/\"}]}<\/script>\n<!-- \/ Yoast SEO plugin. -->","yoast_head_json":{"title":"&quot;Ya en diciembre pronosticamos la crisis del turismo&quot; - Jorge D\u00edaz Cantera - Noticias Radio Reflejos","robots":{"index":"index","follow":"follow","max-snippet":"max-snippet:-1","max-image-preview":"max-image-preview:large","max-video-preview":"max-video-preview:-1"},"canonical":"https:\/\/www.noticiasradioreflejos.com.ar\/2021\/ya-en-diciembre-pronosticamos-la-crisis-del-turismo-jorge-diaz-cantera\/","og_locale":"es_ES","og_type":"article","og_title":"&quot;Ya en diciembre pronosticamos la crisis del turismo&quot; - Jorge D\u00edaz Cantera - Noticias Radio Reflejos","og_description":"Con Jorge Diaz Cantera evaluamos la marcha de la temporada invernal en la comarca y como est\u00e1 repercutiendo la crisis econ\u00f3mica en el sector. El prestador de Villa Ventana con su complejo \u00d1uke Mapu, pionero en la prestaci\u00f3n de alojamiento en caba\u00f1as alpinas, destac\u00f3 que \u00abYa en diciembre pronosticaron la crisis del turismo\u00bb y que [&hellip;]","og_url":"https:\/\/www.noticiasradioreflejos.com.ar\/2021\/ya-en-diciembre-pronosticamos-la-crisis-del-turismo-jorge-diaz-cantera\/","og_site_name":"Noticias Radio Reflejos","article_published_time":"2018-07-18T20:24:56+00:00","og_image":[{"width":300,"height":200,"url":"https:\/\/www.noticiasradioreflejos.com.ar\/2021\/wp-content\/uploads\/2021\/07\/logosol300x200.png","type":"image\/png"}],"author":"Arnaldo Botto","twitter_card":"summary_large_image","schema":{"@context":"https:\/\/schema.org","@graph":[{"@type":"WebPage","@id":"https:\/\/www.noticiasradioreflejos.com.ar\/2021\/ya-en-diciembre-pronosticamos-la-crisis-del-turismo-jorge-diaz-cantera\/","url":"https:\/\/www.noticiasradioreflejos.com.ar\/2021\/ya-en-diciembre-pronosticamos-la-crisis-del-turismo-jorge-diaz-cantera\/","name":"&quot;Ya en diciembre pronosticamos la crisis del turismo&quot; - Jorge D\u00edaz Cantera - Noticias Radio Reflejos","isPartOf":{"@id":"https:\/\/www.noticiasradioreflejos.com.ar\/2021\/#website"},"datePublished":"2018-07-18T20:24:56+00:00","author":{"@id":"https:\/\/www.noticiasradioreflejos.com.ar\/2021\/#\/schema\/person\/ad82545263dcc5ec0996818884fd5fb1"},"breadcrumb":{"@id":"https:\/\/www.noticiasradioreflejos.com.ar\/2021\/ya-en-diciembre-pronosticamos-la-crisis-del-turismo-jorge-diaz-cantera\/#breadcrumb"},"inLanguage":"es","potentialAction":[{"@type":"ReadAction","target":["https:\/\/www.noticiasradioreflejos.com.ar\/2021\/ya-en-diciembre-pronosticamos-la-crisis-del-turismo-jorge-diaz-cantera\/"]}]},{"@type":"BreadcrumbList","@id":"https:\/\/www.noticiasradioreflejos.com.ar\/2021\/ya-en-diciembre-pronosticamos-la-crisis-del-turismo-jorge-diaz-cantera\/#breadcrumb","itemListElement":[{"@type":"ListItem","position":1,"name":"Portada","item":"https:\/\/www.noticiasradioreflejos.com.ar\/2021\/"},{"@type":"ListItem","position":2,"name":"&quot;Ya en diciembre pronosticamos la crisis del turismo&quot; &#8211; Jorge D\u00edaz Cantera"}]},{"@type":"WebSite","@id":"https:\/\/www.noticiasradioreflejos.com.ar\/2021\/#website","url":"https:\/\/www.noticiasradioreflejos.com.ar\/2021\/","name":"Noticias Radio Reflejos","description":"Las noticias de mi comarca","potentialAction":[{"@type":"SearchAction","target":{"@type":"EntryPoint","urlTemplate":"https:\/\/www.noticiasradioreflejos.com.ar\/2021\/?s={search_term_string}"},"query-input":{"@type":"PropertyValueSpecification","valueRequired":true,"valueName":"search_term_string"}}],"inLanguage":"es"},{"@type":"Person","@id":"https:\/\/www.noticiasradioreflejos.com.ar\/2021\/#\/schema\/person\/ad82545263dcc5ec0996818884fd5fb1","name":"Arnaldo Botto","image":{"@type":"ImageObject","inLanguage":"es","@id":"https:\/\/www.noticiasradioreflejos.com.ar\/2021\/#\/schema\/person\/image\/","url":"https:\/\/secure.gravatar.com\/avatar\/55cb5e37c1efa326397366e6974cb338056df65cb50e7d64d1cf314e87504837?s=96&d=mm&r=g","contentUrl":"https:\/\/secure.gravatar.com\/avatar\/55cb5e37c1efa326397366e6974cb338056df65cb50e7d64d1cf314e87504837?s=96&d=mm&r=g","caption":"Arnaldo Botto"},"url":"https:\/\/www.noticiasradioreflejos.com.ar\/2021\/author\/arnaldo\/"}]}},"_links":{"self":[{"href":"https:\/\/www.noticiasradioreflejos.com.ar\/2021\/wp-json\/wp\/v2\/posts\/23362","targetHints":{"allow":["GET"]}}],"collection":[{"href":"https:\/\/www.noticiasradioreflejos.com.ar\/2021\/wp-json\/wp\/v2\/posts"}],"about":[{"href":"https:\/\/www.noticiasradioreflejos.com.ar\/2021\/wp-json\/wp\/v2\/types\/post"}],"author":[{"embeddable":true,"href":"https:\/\/www.noticiasradioreflejos.com.ar\/2021\/wp-json\/wp\/v2\/users\/3"}],"replies":[{"embeddable":true,"href":"https:\/\/www.noticiasradioreflejos.com.ar\/2021\/wp-json\/wp\/v2\/comments?post=23362"}],"version-history":[{"count":0,"href":"https:\/\/www.noticiasradioreflejos.com.ar\/2021\/wp-json\/wp\/v2\/posts\/23362\/revisions"}],"wp:attachment":[{"href":"https:\/\/www.noticiasradioreflejos.com.ar\/2021\/wp-json\/wp\/v2\/media?parent=23362"}],"wp:term":[{"taxonomy":"category","embeddable":true,"href":"https:\/\/www.noticiasradioreflejos.com.ar\/2021\/wp-json\/wp\/v2\/categories?post=23362"},{"taxonomy":"post_tag","embeddable":true,"href":"https:\/\/www.noticiasradioreflejos.com.ar\/2021\/wp-json\/wp\/v2\/tags?post=23362"}],"curies":[{"name":"wp","href":"https:\/\/api.w.org\/{rel}","templated":true}]}}