{"id":23357,"date":"2018-07-18T18:11:16","date_gmt":"2018-07-18T21:11:16","guid":{"rendered":"http:\/\/www.noticiasradioreflejos.com.ar\/noticias\/?p=23357"},"modified":"2018-07-18T18:11:16","modified_gmt":"2018-07-18T21:11:16","slug":"entra-mucha-gente-sin-reservas-susana-dos-santos","status":"publish","type":"post","link":"https:\/\/www.noticiasradioreflejos.com.ar\/2021\/entra-mucha-gente-sin-reservas-susana-dos-santos\/","title":{"rendered":"&quot;Entra mucha gente sin reservas&quot; &#8211; Susana Dos Santos."},"content":{"rendered":"<p>Hoy hablamos con la Secretaria de Turismo de Tornquist Municipio,<strong> Susana Dos Santos<\/strong> con quien analizamos la marcha de la temporada invernal en la Comarca de Sierra de la Ventana.<br \/>\nLa funcionaria asegur\u00f3 que \u00abEstamos bi\u00e9n\u00bb y que mucha gente lleg\u00f3 sin reservas para ocupar muchas plazas esta semana.<br \/>\nReconoci\u00f3 que Villa Ventana es la primera en ocuparse plenamente y despu\u00e9s Sierra de la Ventana. <!--more--><br \/>\n\u00abOcupada, en plena actividad, bien, hoy con estos d\u00edas de lluvia, plena temporada, que venia con una reserva tranquila, no lleg\u00e1bamos a un 60%, y la cantidad de gente que llego entre el fin de semana, y despu\u00e9s del fin de semana, sobre todo el lunes y el d\u00eda de ayer, sin reserva y bueno eso fue como muy alentador, y eso nos da mas entusiasmo. Villa esta pasando en este ultimo tiempo es el primer destino que se ocupa, y con ellos muy paralelo Sierra de la Ventana, y despu\u00e9s el resto, pero la verdad que la cantidad de gente que entro s\u00e1bado, domingo, lunes, y martes sin reserva, ayer depende de los grupos, para grupos familiares de pronto con mas chicos, grupos mas grandes costo ubicarlos, asique bien, va a estar un poco mas tranquilo por ah\u00ed en la semana, pero para el fin de semana que viene esta con una ocupaci\u00f3n muy elevada, estamos muy contentos, esta bien, el esfuerzo que se esta haciendo en promoci\u00f3n y en posicionar al destino, creo que aun en una situaci\u00f3n econ\u00f3mica dif\u00edcil, resulta positivo\u00bb.<br \/>\nSe le pregunt\u00f3 en cuanto a la din\u00e1mica que esta tomando el turismo, cuantos d\u00edas es el alojamiento, si es como se venia pronosticando, a lo que Susana respondi\u00f3, \u00abEso empez\u00f3 a variar a nivel pa\u00eds, la estad\u00eda de los pasajeros es de 3\/4\/5 d\u00edas, y la gente se mueve, en el verano eso se dio much\u00edsimo, recibimos mucha gente de la costa que de pronto se tomaron 4 d\u00edas para estar en la costa, y despu\u00e9s ven\u00edan a Sierra de la Ventana o inversa, la gente hace un circuito, mucha gente del Gran Buenos Aires, tambi\u00e9n recib\u00edamos gente del sur, que est\u00e1n en este momento en la comarca, mucha gente del sur, de Neuqu\u00e9n, La Pampa, asique hay como un publico variado, pero de todas maneras esto de 4\/5 en estas vacaciones de invierno se esta repitiendo, se hablaba de menos d\u00edas, pero por lo general, por lo que voy escuchando en las reservas son de 4\/5 d\u00edas, asique bien, hubo gente que ha tomado la semana, gente que arranca el fin de semana y se queda despu\u00e9s hasta mitad de semana, pero bien, y esto de hablar con los gastron\u00f3micos que todos est\u00e1n trabajando en la vuelta que me voy dando todos los d\u00edas, en el recorrido, est\u00e1n todos completos, las cervecer\u00edas, los restaurant, las casas de t\u00e9, esta buen\u00edsimo que todo el mundo pueda trabajar, y aprovechar esta din\u00e1mica\u00bb.<br \/>\nEn base a los precios Dos Santos expres\u00f3, \u00abEsta nueva modalidad de los viajeros, esto hace que haya otra din\u00e1mica, y que haya que moverse, promocionar y armar el paquete de otra manera, porque si vos tenes 2\/3 caba\u00f1as, y la gente viene por 4\/5 d\u00edas, tenes que usar como todas las herramientas para decir, bueno que hago en la mitad de semana, va a haber eso que aceitarlo mucho mas, que es lo que se esta haciendo de pronto en los destinos del norte, en lo que yo vengo insistiendo en trabajar en conjunto para poder venderlo de otra manera, sino vos tomas el pasajero el que viene hist\u00f3ricamente, o el nuevo, pero es complicado armar ese rompecabezas de 4\/5, que se modific\u00f3 al que venia 10 d\u00edas de vacaciones. El tema de precios en general, ha pasado de todo, algunos han conservado los precios del verano, otros han modificado porque en el verano de pronto alguno tenia alg\u00fan paquete, alguna oferta de pronto han sacado las ofertas, hemos recibido algunas criticas con respecto a eso, que estamos un poco por arriba los precios, y falta eso, de aceitar, de seducir a la gente con alg\u00fan d\u00eda mas o mezclarlo con el gastron\u00f3mico, poder trabajar todos juntos, nos falta un poco todav\u00eda ese mecanismo, que yo creo que nos va a favorecer a todos, porque de pronto el seducir al turista, y que se quede un d\u00eda mas, todos trabajan un d\u00eda mas, y hay que ver como lo armamos en un paquete, donde nadie se perjudique\u00bb.<br \/>\n\u00abUno que ha vivido en Buenos Aires, much\u00edsimos a\u00f1os, tener esto, gente respiren, miren esto, es una bendici\u00f3n vivir en este lugar, y el que viene realmente yo creo que lo disfruta\u00bb.<br \/>\nNOTA COMPLETA:<br \/>\n<iframe loading=\"lazy\" width=\"100%\" height=\"166\" scrolling=\"no\" frameborder=\"no\" allow=\"autoplay\" src=\"https:\/\/w.soundcloud.com\/player\/?url=https%3A\/\/api.soundcloud.com\/tracks\/473351778&#038;color=%23ff5500&#038;auto_play=false&#038;hide_related=false&#038;show_comments=true&#038;show_user=true&#038;show_reposts=false&#038;show_teaser=true\"><\/iframe><\/p>\n","protected":false},"excerpt":{"rendered":"<p>Hoy hablamos con la Secretaria de Turismo de Tornquist Municipio, Susana Dos Santos con quien analizamos la marcha de la temporada invernal en la Comarca de Sierra de la Ventana. La funcionaria asegur\u00f3 que \u00abEstamos bi\u00e9n\u00bb y que mucha gente lleg\u00f3 sin reservas para ocupar muchas plazas esta semana. Reconoci\u00f3 que Villa Ventana es la [&hellip;]<\/p>\n","protected":false},"author":3,"featured_media":9152,"comment_status":"closed","ping_status":"open","sticky":false,"template":"","format":"standard","meta":{"footnotes":""},"categories":[33],"tags":[],"class_list":["post-23357","post","type-post","status-publish","format-standard","has-post-thumbnail","hentry","category-turismo"],"yoast_head":"<!-- This site is optimized with the Yoast SEO plugin v25.9 - https:\/\/yoast.com\/wordpress\/plugins\/seo\/ -->\n<title>&quot;Entra mucha gente sin reservas&quot; - Susana Dos Santos. - Noticias Radio Reflejos<\/title>\n<meta name=\"robots\" content=\"index, follow, max-snippet:-1, max-image-preview:large, max-video-preview:-1\" \/>\n<link rel=\"canonical\" href=\"https:\/\/www.noticiasradioreflejos.com.ar\/2021\/entra-mucha-gente-sin-reservas-susana-dos-santos\/\" \/>\n<meta property=\"og:locale\" content=\"es_ES\" \/>\n<meta property=\"og:type\" content=\"article\" \/>\n<meta property=\"og:title\" content=\"&quot;Entra mucha gente sin reservas&quot; - Susana Dos Santos. - Noticias Radio Reflejos\" \/>\n<meta property=\"og:description\" content=\"Hoy hablamos con la Secretaria de Turismo de Tornquist Municipio, Susana Dos Santos con quien analizamos la marcha de la temporada invernal en la Comarca de Sierra de la Ventana. La funcionaria asegur\u00f3 que \u00abEstamos bi\u00e9n\u00bb y que mucha gente lleg\u00f3 sin reservas para ocupar muchas plazas esta semana. Reconoci\u00f3 que Villa Ventana es la [&hellip;]\" \/>\n<meta property=\"og:url\" content=\"https:\/\/www.noticiasradioreflejos.com.ar\/2021\/entra-mucha-gente-sin-reservas-susana-dos-santos\/\" \/>\n<meta property=\"og:site_name\" content=\"Noticias Radio Reflejos\" \/>\n<meta property=\"article:published_time\" content=\"2018-07-18T21:11:16+00:00\" \/>\n<meta property=\"og:image\" content=\"https:\/\/www.noticiasradioreflejos.com.ar\/2021\/wp-content\/uploads\/2017\/04\/IMG_20170414_161600021-2.jpg\" \/>\n\t<meta property=\"og:image:width\" content=\"1024\" \/>\n\t<meta property=\"og:image:height\" content=\"768\" \/>\n\t<meta property=\"og:image:type\" content=\"image\/jpeg\" \/>\n<meta name=\"author\" content=\"Arnaldo Botto\" \/>\n<meta name=\"twitter:card\" content=\"summary_large_image\" \/>\n<script type=\"application\/ld+json\" class=\"yoast-schema-graph\">{\"@context\":\"https:\/\/schema.org\",\"@graph\":[{\"@type\":\"WebPage\",\"@id\":\"https:\/\/www.noticiasradioreflejos.com.ar\/2021\/entra-mucha-gente-sin-reservas-susana-dos-santos\/\",\"url\":\"https:\/\/www.noticiasradioreflejos.com.ar\/2021\/entra-mucha-gente-sin-reservas-susana-dos-santos\/\",\"name\":\"&quot;Entra mucha gente sin reservas&quot; - Susana Dos Santos. - Noticias Radio Reflejos\",\"isPartOf\":{\"@id\":\"https:\/\/www.noticiasradioreflejos.com.ar\/2021\/#website\"},\"primaryImageOfPage\":{\"@id\":\"https:\/\/www.noticiasradioreflejos.com.ar\/2021\/entra-mucha-gente-sin-reservas-susana-dos-santos\/#primaryimage\"},\"image\":{\"@id\":\"https:\/\/www.noticiasradioreflejos.com.ar\/2021\/entra-mucha-gente-sin-reservas-susana-dos-santos\/#primaryimage\"},\"thumbnailUrl\":\"https:\/\/www.noticiasradioreflejos.com.ar\/2021\/wp-content\/uploads\/2017\/04\/IMG_20170414_161600021-2.jpg\",\"datePublished\":\"2018-07-18T21:11:16+00:00\",\"author\":{\"@id\":\"https:\/\/www.noticiasradioreflejos.com.ar\/2021\/#\/schema\/person\/ad82545263dcc5ec0996818884fd5fb1\"},\"breadcrumb\":{\"@id\":\"https:\/\/www.noticiasradioreflejos.com.ar\/2021\/entra-mucha-gente-sin-reservas-susana-dos-santos\/#breadcrumb\"},\"inLanguage\":\"es\",\"potentialAction\":[{\"@type\":\"ReadAction\",\"target\":[\"https:\/\/www.noticiasradioreflejos.com.ar\/2021\/entra-mucha-gente-sin-reservas-susana-dos-santos\/\"]}]},{\"@type\":\"ImageObject\",\"inLanguage\":\"es\",\"@id\":\"https:\/\/www.noticiasradioreflejos.com.ar\/2021\/entra-mucha-gente-sin-reservas-susana-dos-santos\/#primaryimage\",\"url\":\"https:\/\/www.noticiasradioreflejos.com.ar\/2021\/wp-content\/uploads\/2017\/04\/IMG_20170414_161600021-2.jpg\",\"contentUrl\":\"https:\/\/www.noticiasradioreflejos.com.ar\/2021\/wp-content\/uploads\/2017\/04\/IMG_20170414_161600021-2.jpg\",\"width\":1024,\"height\":768},{\"@type\":\"BreadcrumbList\",\"@id\":\"https:\/\/www.noticiasradioreflejos.com.ar\/2021\/entra-mucha-gente-sin-reservas-susana-dos-santos\/#breadcrumb\",\"itemListElement\":[{\"@type\":\"ListItem\",\"position\":1,\"name\":\"Portada\",\"item\":\"https:\/\/www.noticiasradioreflejos.com.ar\/2021\/\"},{\"@type\":\"ListItem\",\"position\":2,\"name\":\"&quot;Entra mucha gente sin reservas&quot; &#8211; Susana Dos Santos.\"}]},{\"@type\":\"WebSite\",\"@id\":\"https:\/\/www.noticiasradioreflejos.com.ar\/2021\/#website\",\"url\":\"https:\/\/www.noticiasradioreflejos.com.ar\/2021\/\",\"name\":\"Noticias Radio Reflejos\",\"description\":\"Las noticias de mi comarca\",\"potentialAction\":[{\"@type\":\"SearchAction\",\"target\":{\"@type\":\"EntryPoint\",\"urlTemplate\":\"https:\/\/www.noticiasradioreflejos.com.ar\/2021\/?s={search_term_string}\"},\"query-input\":{\"@type\":\"PropertyValueSpecification\",\"valueRequired\":true,\"valueName\":\"search_term_string\"}}],\"inLanguage\":\"es\"},{\"@type\":\"Person\",\"@id\":\"https:\/\/www.noticiasradioreflejos.com.ar\/2021\/#\/schema\/person\/ad82545263dcc5ec0996818884fd5fb1\",\"name\":\"Arnaldo Botto\",\"image\":{\"@type\":\"ImageObject\",\"inLanguage\":\"es\",\"@id\":\"https:\/\/www.noticiasradioreflejos.com.ar\/2021\/#\/schema\/person\/image\/\",\"url\":\"https:\/\/secure.gravatar.com\/avatar\/55cb5e37c1efa326397366e6974cb338056df65cb50e7d64d1cf314e87504837?s=96&d=mm&r=g\",\"contentUrl\":\"https:\/\/secure.gravatar.com\/avatar\/55cb5e37c1efa326397366e6974cb338056df65cb50e7d64d1cf314e87504837?s=96&d=mm&r=g\",\"caption\":\"Arnaldo Botto\"},\"url\":\"https:\/\/www.noticiasradioreflejos.com.ar\/2021\/author\/arnaldo\/\"}]}<\/script>\n<!-- \/ Yoast SEO plugin. -->","yoast_head_json":{"title":"&quot;Entra mucha gente sin reservas&quot; - Susana Dos Santos. - Noticias Radio Reflejos","robots":{"index":"index","follow":"follow","max-snippet":"max-snippet:-1","max-image-preview":"max-image-preview:large","max-video-preview":"max-video-preview:-1"},"canonical":"https:\/\/www.noticiasradioreflejos.com.ar\/2021\/entra-mucha-gente-sin-reservas-susana-dos-santos\/","og_locale":"es_ES","og_type":"article","og_title":"&quot;Entra mucha gente sin reservas&quot; - Susana Dos Santos. - Noticias Radio Reflejos","og_description":"Hoy hablamos con la Secretaria de Turismo de Tornquist Municipio, Susana Dos Santos con quien analizamos la marcha de la temporada invernal en la Comarca de Sierra de la Ventana. La funcionaria asegur\u00f3 que \u00abEstamos bi\u00e9n\u00bb y que mucha gente lleg\u00f3 sin reservas para ocupar muchas plazas esta semana. Reconoci\u00f3 que Villa Ventana es la [&hellip;]","og_url":"https:\/\/www.noticiasradioreflejos.com.ar\/2021\/entra-mucha-gente-sin-reservas-susana-dos-santos\/","og_site_name":"Noticias Radio Reflejos","article_published_time":"2018-07-18T21:11:16+00:00","og_image":[{"width":1024,"height":768,"url":"https:\/\/www.noticiasradioreflejos.com.ar\/2021\/wp-content\/uploads\/2017\/04\/IMG_20170414_161600021-2.jpg","type":"image\/jpeg"}],"author":"Arnaldo Botto","twitter_card":"summary_large_image","schema":{"@context":"https:\/\/schema.org","@graph":[{"@type":"WebPage","@id":"https:\/\/www.noticiasradioreflejos.com.ar\/2021\/entra-mucha-gente-sin-reservas-susana-dos-santos\/","url":"https:\/\/www.noticiasradioreflejos.com.ar\/2021\/entra-mucha-gente-sin-reservas-susana-dos-santos\/","name":"&quot;Entra mucha gente sin reservas&quot; - Susana Dos Santos. - Noticias Radio Reflejos","isPartOf":{"@id":"https:\/\/www.noticiasradioreflejos.com.ar\/2021\/#website"},"primaryImageOfPage":{"@id":"https:\/\/www.noticiasradioreflejos.com.ar\/2021\/entra-mucha-gente-sin-reservas-susana-dos-santos\/#primaryimage"},"image":{"@id":"https:\/\/www.noticiasradioreflejos.com.ar\/2021\/entra-mucha-gente-sin-reservas-susana-dos-santos\/#primaryimage"},"thumbnailUrl":"https:\/\/www.noticiasradioreflejos.com.ar\/2021\/wp-content\/uploads\/2017\/04\/IMG_20170414_161600021-2.jpg","datePublished":"2018-07-18T21:11:16+00:00","author":{"@id":"https:\/\/www.noticiasradioreflejos.com.ar\/2021\/#\/schema\/person\/ad82545263dcc5ec0996818884fd5fb1"},"breadcrumb":{"@id":"https:\/\/www.noticiasradioreflejos.com.ar\/2021\/entra-mucha-gente-sin-reservas-susana-dos-santos\/#breadcrumb"},"inLanguage":"es","potentialAction":[{"@type":"ReadAction","target":["https:\/\/www.noticiasradioreflejos.com.ar\/2021\/entra-mucha-gente-sin-reservas-susana-dos-santos\/"]}]},{"@type":"ImageObject","inLanguage":"es","@id":"https:\/\/www.noticiasradioreflejos.com.ar\/2021\/entra-mucha-gente-sin-reservas-susana-dos-santos\/#primaryimage","url":"https:\/\/www.noticiasradioreflejos.com.ar\/2021\/wp-content\/uploads\/2017\/04\/IMG_20170414_161600021-2.jpg","contentUrl":"https:\/\/www.noticiasradioreflejos.com.ar\/2021\/wp-content\/uploads\/2017\/04\/IMG_20170414_161600021-2.jpg","width":1024,"height":768},{"@type":"BreadcrumbList","@id":"https:\/\/www.noticiasradioreflejos.com.ar\/2021\/entra-mucha-gente-sin-reservas-susana-dos-santos\/#breadcrumb","itemListElement":[{"@type":"ListItem","position":1,"name":"Portada","item":"https:\/\/www.noticiasradioreflejos.com.ar\/2021\/"},{"@type":"ListItem","position":2,"name":"&quot;Entra mucha gente sin reservas&quot; &#8211; Susana Dos Santos."}]},{"@type":"WebSite","@id":"https:\/\/www.noticiasradioreflejos.com.ar\/2021\/#website","url":"https:\/\/www.noticiasradioreflejos.com.ar\/2021\/","name":"Noticias Radio Reflejos","description":"Las noticias de mi comarca","potentialAction":[{"@type":"SearchAction","target":{"@type":"EntryPoint","urlTemplate":"https:\/\/www.noticiasradioreflejos.com.ar\/2021\/?s={search_term_string}"},"query-input":{"@type":"PropertyValueSpecification","valueRequired":true,"valueName":"search_term_string"}}],"inLanguage":"es"},{"@type":"Person","@id":"https:\/\/www.noticiasradioreflejos.com.ar\/2021\/#\/schema\/person\/ad82545263dcc5ec0996818884fd5fb1","name":"Arnaldo Botto","image":{"@type":"ImageObject","inLanguage":"es","@id":"https:\/\/www.noticiasradioreflejos.com.ar\/2021\/#\/schema\/person\/image\/","url":"https:\/\/secure.gravatar.com\/avatar\/55cb5e37c1efa326397366e6974cb338056df65cb50e7d64d1cf314e87504837?s=96&d=mm&r=g","contentUrl":"https:\/\/secure.gravatar.com\/avatar\/55cb5e37c1efa326397366e6974cb338056df65cb50e7d64d1cf314e87504837?s=96&d=mm&r=g","caption":"Arnaldo Botto"},"url":"https:\/\/www.noticiasradioreflejos.com.ar\/2021\/author\/arnaldo\/"}]}},"_links":{"self":[{"href":"https:\/\/www.noticiasradioreflejos.com.ar\/2021\/wp-json\/wp\/v2\/posts\/23357","targetHints":{"allow":["GET"]}}],"collection":[{"href":"https:\/\/www.noticiasradioreflejos.com.ar\/2021\/wp-json\/wp\/v2\/posts"}],"about":[{"href":"https:\/\/www.noticiasradioreflejos.com.ar\/2021\/wp-json\/wp\/v2\/types\/post"}],"author":[{"embeddable":true,"href":"https:\/\/www.noticiasradioreflejos.com.ar\/2021\/wp-json\/wp\/v2\/users\/3"}],"replies":[{"embeddable":true,"href":"https:\/\/www.noticiasradioreflejos.com.ar\/2021\/wp-json\/wp\/v2\/comments?post=23357"}],"version-history":[{"count":0,"href":"https:\/\/www.noticiasradioreflejos.com.ar\/2021\/wp-json\/wp\/v2\/posts\/23357\/revisions"}],"wp:featuredmedia":[{"embeddable":true,"href":"https:\/\/www.noticiasradioreflejos.com.ar\/2021\/wp-json\/wp\/v2\/media\/9152"}],"wp:attachment":[{"href":"https:\/\/www.noticiasradioreflejos.com.ar\/2021\/wp-json\/wp\/v2\/media?parent=23357"}],"wp:term":[{"taxonomy":"category","embeddable":true,"href":"https:\/\/www.noticiasradioreflejos.com.ar\/2021\/wp-json\/wp\/v2\/categories?post=23357"},{"taxonomy":"post_tag","embeddable":true,"href":"https:\/\/www.noticiasradioreflejos.com.ar\/2021\/wp-json\/wp\/v2\/tags?post=23357"}],"curies":[{"name":"wp","href":"https:\/\/api.w.org\/{rel}","templated":true}]}}