{"id":23350,"date":"2018-07-18T08:50:08","date_gmt":"2018-07-18T11:50:08","guid":{"rendered":"http:\/\/www.noticiasradioreflejos.com.ar\/noticias\/?p=23350"},"modified":"2018-07-18T08:50:08","modified_gmt":"2018-07-18T11:50:08","slug":"fallecio-la-mujer-accidentada-en-la-ruta-33","status":"publish","type":"post","link":"https:\/\/www.noticiasradioreflejos.com.ar\/2021\/fallecio-la-mujer-accidentada-en-la-ruta-33\/","title":{"rendered":"Falleci\u00f3 la mujer accidentada en la ruta 33"},"content":{"rendered":"<p>En la tarde-noche del martes falleci\u00f3 Cintia Bel\u00e9n Elorriaga, a los 36 a\u00f1os luego de pelear por su vida durante casi 4 d\u00edas en el Hospital Municipal de Bah\u00eda Blanca donde se encontraba internada desde la noche del viernes \u00faltimo luego de protagonizar un violento choque en el kil\u00f3metro 44 de la Ruta Nacional 33, en inmediaciones del acceso a la localidad de Tres Picos.<!--more--><br \/>\nAproximadamente a las 20 horas del viernes, por causas que se tratan de establecer, se produjo una colisi\u00f3n frontal entre un autom\u00f3vil Suzuki Fun, dominio FAX 701 que circulaba sentido Bah\u00eda Blanca-Tornquist conducido por la suarense Cintia Bel\u00e9n Elorriaga de 36 a\u00f1os y una Pick Up Nissan patente JCN 408 que circulaba en el sentido inverso, siendo conducida por Leonardo Dar\u00edo Heine de 35 a\u00f1os, oriundo de Tornquist.<br \/>\nComo consecuencia del violento impacto las dos personas involucradas fueron trasladadas de urgencia al Hospital Municipal de Bah\u00eda Blanca, donde finalmente perdiera la vida la conductora del rodado menor en la noche del martes.<br \/>\nDurante su internaci\u00f3n la suarense Cintia Elorriaga debi\u00f3 ser intervenida quir\u00fargicamente, y si bien la operaci\u00f3n result\u00f3 exitosa el pron\u00f3stico era reservado.<br \/>\nCumplimentados los tr\u00e1mites judiciales y la operaci\u00f3n de autopsia en la ciudad de Bah\u00eda Blanca, los restos de Cintia Bel\u00e9n Elorriaga de 36 a\u00f1os ser\u00e1n trasladados a nuestra ciudad y recibir\u00e1n sepultura en el Cementerio Parque de Paz este mi\u00e9rcoles en horario a confirmar.<br \/>\nLa Nueva Radio Suarez y NT<\/p>\n","protected":false},"excerpt":{"rendered":"<p>En la tarde-noche del martes falleci\u00f3 Cintia Bel\u00e9n Elorriaga, a los 36 a\u00f1os luego de pelear por su vida durante casi 4 d\u00edas en el Hospital Municipal de Bah\u00eda Blanca donde se encontraba internada desde la noche del viernes \u00faltimo luego de protagonizar un violento choque en el kil\u00f3metro 44 de la Ruta Nacional 33, [&hellip;]<\/p>\n","protected":false},"author":3,"featured_media":0,"comment_status":"closed","ping_status":"open","sticky":false,"template":"","format":"standard","meta":{"footnotes":""},"categories":[29],"tags":[],"class_list":["post-23350","post","type-post","status-publish","format-standard","hentry","category-policiales"],"yoast_head":"<!-- This site is optimized with the Yoast SEO plugin v25.9 - https:\/\/yoast.com\/wordpress\/plugins\/seo\/ -->\n<title>Falleci\u00f3 la mujer accidentada en la ruta 33 - Noticias Radio Reflejos<\/title>\n<meta name=\"robots\" content=\"index, follow, max-snippet:-1, max-image-preview:large, max-video-preview:-1\" \/>\n<link rel=\"canonical\" href=\"https:\/\/www.noticiasradioreflejos.com.ar\/2021\/fallecio-la-mujer-accidentada-en-la-ruta-33\/\" \/>\n<meta property=\"og:locale\" content=\"es_ES\" \/>\n<meta property=\"og:type\" content=\"article\" \/>\n<meta property=\"og:title\" content=\"Falleci\u00f3 la mujer accidentada en la ruta 33 - Noticias Radio Reflejos\" \/>\n<meta property=\"og:description\" content=\"En la tarde-noche del martes falleci\u00f3 Cintia Bel\u00e9n Elorriaga, a los 36 a\u00f1os luego de pelear por su vida durante casi 4 d\u00edas en el Hospital Municipal de Bah\u00eda Blanca donde se encontraba internada desde la noche del viernes \u00faltimo luego de protagonizar un violento choque en el kil\u00f3metro 44 de la Ruta Nacional 33, [&hellip;]\" \/>\n<meta property=\"og:url\" content=\"https:\/\/www.noticiasradioreflejos.com.ar\/2021\/fallecio-la-mujer-accidentada-en-la-ruta-33\/\" \/>\n<meta property=\"og:site_name\" content=\"Noticias Radio Reflejos\" \/>\n<meta property=\"article:published_time\" content=\"2018-07-18T11:50:08+00:00\" \/>\n<meta property=\"og:image\" content=\"https:\/\/www.noticiasradioreflejos.com.ar\/2021\/wp-content\/uploads\/2021\/07\/logosol300x200.png\" \/>\n\t<meta property=\"og:image:width\" content=\"300\" \/>\n\t<meta property=\"og:image:height\" content=\"200\" \/>\n\t<meta property=\"og:image:type\" content=\"image\/png\" \/>\n<meta name=\"author\" content=\"Arnaldo Botto\" \/>\n<meta name=\"twitter:card\" content=\"summary_large_image\" \/>\n<script type=\"application\/ld+json\" class=\"yoast-schema-graph\">{\"@context\":\"https:\/\/schema.org\",\"@graph\":[{\"@type\":\"WebPage\",\"@id\":\"https:\/\/www.noticiasradioreflejos.com.ar\/2021\/fallecio-la-mujer-accidentada-en-la-ruta-33\/\",\"url\":\"https:\/\/www.noticiasradioreflejos.com.ar\/2021\/fallecio-la-mujer-accidentada-en-la-ruta-33\/\",\"name\":\"Falleci\u00f3 la mujer accidentada en la ruta 33 - Noticias Radio Reflejos\",\"isPartOf\":{\"@id\":\"https:\/\/www.noticiasradioreflejos.com.ar\/2021\/#website\"},\"datePublished\":\"2018-07-18T11:50:08+00:00\",\"author\":{\"@id\":\"https:\/\/www.noticiasradioreflejos.com.ar\/2021\/#\/schema\/person\/ad82545263dcc5ec0996818884fd5fb1\"},\"breadcrumb\":{\"@id\":\"https:\/\/www.noticiasradioreflejos.com.ar\/2021\/fallecio-la-mujer-accidentada-en-la-ruta-33\/#breadcrumb\"},\"inLanguage\":\"es\",\"potentialAction\":[{\"@type\":\"ReadAction\",\"target\":[\"https:\/\/www.noticiasradioreflejos.com.ar\/2021\/fallecio-la-mujer-accidentada-en-la-ruta-33\/\"]}]},{\"@type\":\"BreadcrumbList\",\"@id\":\"https:\/\/www.noticiasradioreflejos.com.ar\/2021\/fallecio-la-mujer-accidentada-en-la-ruta-33\/#breadcrumb\",\"itemListElement\":[{\"@type\":\"ListItem\",\"position\":1,\"name\":\"Portada\",\"item\":\"https:\/\/www.noticiasradioreflejos.com.ar\/2021\/\"},{\"@type\":\"ListItem\",\"position\":2,\"name\":\"Falleci\u00f3 la mujer accidentada en la ruta 33\"}]},{\"@type\":\"WebSite\",\"@id\":\"https:\/\/www.noticiasradioreflejos.com.ar\/2021\/#website\",\"url\":\"https:\/\/www.noticiasradioreflejos.com.ar\/2021\/\",\"name\":\"Noticias Radio Reflejos\",\"description\":\"Las noticias de mi comarca\",\"potentialAction\":[{\"@type\":\"SearchAction\",\"target\":{\"@type\":\"EntryPoint\",\"urlTemplate\":\"https:\/\/www.noticiasradioreflejos.com.ar\/2021\/?s={search_term_string}\"},\"query-input\":{\"@type\":\"PropertyValueSpecification\",\"valueRequired\":true,\"valueName\":\"search_term_string\"}}],\"inLanguage\":\"es\"},{\"@type\":\"Person\",\"@id\":\"https:\/\/www.noticiasradioreflejos.com.ar\/2021\/#\/schema\/person\/ad82545263dcc5ec0996818884fd5fb1\",\"name\":\"Arnaldo Botto\",\"image\":{\"@type\":\"ImageObject\",\"inLanguage\":\"es\",\"@id\":\"https:\/\/www.noticiasradioreflejos.com.ar\/2021\/#\/schema\/person\/image\/\",\"url\":\"https:\/\/secure.gravatar.com\/avatar\/55cb5e37c1efa326397366e6974cb338056df65cb50e7d64d1cf314e87504837?s=96&d=mm&r=g\",\"contentUrl\":\"https:\/\/secure.gravatar.com\/avatar\/55cb5e37c1efa326397366e6974cb338056df65cb50e7d64d1cf314e87504837?s=96&d=mm&r=g\",\"caption\":\"Arnaldo Botto\"},\"url\":\"https:\/\/www.noticiasradioreflejos.com.ar\/2021\/author\/arnaldo\/\"}]}<\/script>\n<!-- \/ Yoast SEO plugin. -->","yoast_head_json":{"title":"Falleci\u00f3 la mujer accidentada en la ruta 33 - Noticias Radio Reflejos","robots":{"index":"index","follow":"follow","max-snippet":"max-snippet:-1","max-image-preview":"max-image-preview:large","max-video-preview":"max-video-preview:-1"},"canonical":"https:\/\/www.noticiasradioreflejos.com.ar\/2021\/fallecio-la-mujer-accidentada-en-la-ruta-33\/","og_locale":"es_ES","og_type":"article","og_title":"Falleci\u00f3 la mujer accidentada en la ruta 33 - Noticias Radio Reflejos","og_description":"En la tarde-noche del martes falleci\u00f3 Cintia Bel\u00e9n Elorriaga, a los 36 a\u00f1os luego de pelear por su vida durante casi 4 d\u00edas en el Hospital Municipal de Bah\u00eda Blanca donde se encontraba internada desde la noche del viernes \u00faltimo luego de protagonizar un violento choque en el kil\u00f3metro 44 de la Ruta Nacional 33, [&hellip;]","og_url":"https:\/\/www.noticiasradioreflejos.com.ar\/2021\/fallecio-la-mujer-accidentada-en-la-ruta-33\/","og_site_name":"Noticias Radio Reflejos","article_published_time":"2018-07-18T11:50:08+00:00","og_image":[{"width":300,"height":200,"url":"https:\/\/www.noticiasradioreflejos.com.ar\/2021\/wp-content\/uploads\/2021\/07\/logosol300x200.png","type":"image\/png"}],"author":"Arnaldo Botto","twitter_card":"summary_large_image","schema":{"@context":"https:\/\/schema.org","@graph":[{"@type":"WebPage","@id":"https:\/\/www.noticiasradioreflejos.com.ar\/2021\/fallecio-la-mujer-accidentada-en-la-ruta-33\/","url":"https:\/\/www.noticiasradioreflejos.com.ar\/2021\/fallecio-la-mujer-accidentada-en-la-ruta-33\/","name":"Falleci\u00f3 la mujer accidentada en la ruta 33 - Noticias Radio Reflejos","isPartOf":{"@id":"https:\/\/www.noticiasradioreflejos.com.ar\/2021\/#website"},"datePublished":"2018-07-18T11:50:08+00:00","author":{"@id":"https:\/\/www.noticiasradioreflejos.com.ar\/2021\/#\/schema\/person\/ad82545263dcc5ec0996818884fd5fb1"},"breadcrumb":{"@id":"https:\/\/www.noticiasradioreflejos.com.ar\/2021\/fallecio-la-mujer-accidentada-en-la-ruta-33\/#breadcrumb"},"inLanguage":"es","potentialAction":[{"@type":"ReadAction","target":["https:\/\/www.noticiasradioreflejos.com.ar\/2021\/fallecio-la-mujer-accidentada-en-la-ruta-33\/"]}]},{"@type":"BreadcrumbList","@id":"https:\/\/www.noticiasradioreflejos.com.ar\/2021\/fallecio-la-mujer-accidentada-en-la-ruta-33\/#breadcrumb","itemListElement":[{"@type":"ListItem","position":1,"name":"Portada","item":"https:\/\/www.noticiasradioreflejos.com.ar\/2021\/"},{"@type":"ListItem","position":2,"name":"Falleci\u00f3 la mujer accidentada en la ruta 33"}]},{"@type":"WebSite","@id":"https:\/\/www.noticiasradioreflejos.com.ar\/2021\/#website","url":"https:\/\/www.noticiasradioreflejos.com.ar\/2021\/","name":"Noticias Radio Reflejos","description":"Las noticias de mi comarca","potentialAction":[{"@type":"SearchAction","target":{"@type":"EntryPoint","urlTemplate":"https:\/\/www.noticiasradioreflejos.com.ar\/2021\/?s={search_term_string}"},"query-input":{"@type":"PropertyValueSpecification","valueRequired":true,"valueName":"search_term_string"}}],"inLanguage":"es"},{"@type":"Person","@id":"https:\/\/www.noticiasradioreflejos.com.ar\/2021\/#\/schema\/person\/ad82545263dcc5ec0996818884fd5fb1","name":"Arnaldo Botto","image":{"@type":"ImageObject","inLanguage":"es","@id":"https:\/\/www.noticiasradioreflejos.com.ar\/2021\/#\/schema\/person\/image\/","url":"https:\/\/secure.gravatar.com\/avatar\/55cb5e37c1efa326397366e6974cb338056df65cb50e7d64d1cf314e87504837?s=96&d=mm&r=g","contentUrl":"https:\/\/secure.gravatar.com\/avatar\/55cb5e37c1efa326397366e6974cb338056df65cb50e7d64d1cf314e87504837?s=96&d=mm&r=g","caption":"Arnaldo Botto"},"url":"https:\/\/www.noticiasradioreflejos.com.ar\/2021\/author\/arnaldo\/"}]}},"_links":{"self":[{"href":"https:\/\/www.noticiasradioreflejos.com.ar\/2021\/wp-json\/wp\/v2\/posts\/23350","targetHints":{"allow":["GET"]}}],"collection":[{"href":"https:\/\/www.noticiasradioreflejos.com.ar\/2021\/wp-json\/wp\/v2\/posts"}],"about":[{"href":"https:\/\/www.noticiasradioreflejos.com.ar\/2021\/wp-json\/wp\/v2\/types\/post"}],"author":[{"embeddable":true,"href":"https:\/\/www.noticiasradioreflejos.com.ar\/2021\/wp-json\/wp\/v2\/users\/3"}],"replies":[{"embeddable":true,"href":"https:\/\/www.noticiasradioreflejos.com.ar\/2021\/wp-json\/wp\/v2\/comments?post=23350"}],"version-history":[{"count":0,"href":"https:\/\/www.noticiasradioreflejos.com.ar\/2021\/wp-json\/wp\/v2\/posts\/23350\/revisions"}],"wp:attachment":[{"href":"https:\/\/www.noticiasradioreflejos.com.ar\/2021\/wp-json\/wp\/v2\/media?parent=23350"}],"wp:term":[{"taxonomy":"category","embeddable":true,"href":"https:\/\/www.noticiasradioreflejos.com.ar\/2021\/wp-json\/wp\/v2\/categories?post=23350"},{"taxonomy":"post_tag","embeddable":true,"href":"https:\/\/www.noticiasradioreflejos.com.ar\/2021\/wp-json\/wp\/v2\/tags?post=23350"}],"curies":[{"name":"wp","href":"https:\/\/api.w.org\/{rel}","templated":true}]}}