{"id":23346,"date":"2018-07-18T08:42:31","date_gmt":"2018-07-18T11:42:31","guid":{"rendered":"http:\/\/www.noticiasradioreflejos.com.ar\/noticias\/?p=23346"},"modified":"2018-07-18T08:42:31","modified_gmt":"2018-07-18T11:42:31","slug":"llueve-en-la-comarca-y-se-anticipa-nevadas-para-el-viernes","status":"publish","type":"post","link":"https:\/\/www.noticiasradioreflejos.com.ar\/2021\/llueve-en-la-comarca-y-se-anticipa-nevadas-para-el-viernes\/","title":{"rendered":"Llueve en la comarca y se anticipa nevadas para el viernes."},"content":{"rendered":"<p>Las precipitaciones se iniciaron desde las 19,38 min. de este martes, y en Sierra de la Ventana se acumulan 10 mm. Las condiciones se mantendr\u00e1n hasta el viernes.<!--more--><br \/>\nDiferentes informes meteorol\u00f3gicos anticiparon desde hace varios d\u00edas que esta primer semana de vacaciones de invierno ser\u00edan inestables y con variables de lloviznas y lluvias lo que finalmente se cumpli\u00f3. El tiempo inestable se mantendr\u00e1 hasta el viernes y para rematar la semana, la posible ca\u00edda de nieve estar\u00eda vigente durante ese d\u00eda, donde la isoterma se ubicar\u00e1 a menos de mil m s. n.<br \/>\nPara el s\u00e1bado se anticipa una m\u00ednima bajo 0 para Sierra de la Ventana y m\u00e1ximas entre 11 y 12 grados.<br \/>\n<strong>Totales de lluvia:<\/strong><br \/>\n10 mm en Sierra de la Ventana<br \/>\n15 mm en Calqu\u00edn<br \/>\n11 mm Saldungaray<br \/>\n8,5 mm en Tornquist<br \/>\n12.6 mm en Villa Ventana<br \/>\n7,2 mm en Bajo Hondo<br \/>\n8 mm en Fra Pal<br \/>\n9 mm en Monte Hermoso<br \/>\n3.9 mm en Estancia Funke<br \/>\n4,5 mm en El Pantanoso<br \/>\n3 mm en Dufaur<br \/>\n6 mm en Pig\u00fc\u00e9<br \/>\n4.4 mm en Cura Malal<br \/>\n14,6 mm en Cnel Pringles<br \/>\n8 mm en Cabildo<br \/>\n7.8 mm en Punta Alta<\/p>\n","protected":false},"excerpt":{"rendered":"<p>Las precipitaciones se iniciaron desde las 19,38 min. de este martes, y en Sierra de la Ventana se acumulan 10 mm. Las condiciones se mantendr\u00e1n hasta el viernes.<\/p>\n","protected":false},"author":3,"featured_media":0,"comment_status":"closed","ping_status":"open","sticky":false,"template":"","format":"standard","meta":{"footnotes":""},"categories":[26],"tags":[],"class_list":["post-23346","post","type-post","status-publish","format-standard","hentry","category-sociedad"],"yoast_head":"<!-- This site is optimized with the Yoast SEO plugin v25.9 - https:\/\/yoast.com\/wordpress\/plugins\/seo\/ -->\n<title>Llueve en la comarca y se anticipa nevadas para el viernes. - Noticias Radio Reflejos<\/title>\n<meta name=\"robots\" content=\"index, follow, max-snippet:-1, max-image-preview:large, max-video-preview:-1\" \/>\n<link rel=\"canonical\" href=\"https:\/\/www.noticiasradioreflejos.com.ar\/2021\/llueve-en-la-comarca-y-se-anticipa-nevadas-para-el-viernes\/\" \/>\n<meta property=\"og:locale\" content=\"es_ES\" \/>\n<meta property=\"og:type\" content=\"article\" \/>\n<meta property=\"og:title\" content=\"Llueve en la comarca y se anticipa nevadas para el viernes. - Noticias Radio Reflejos\" \/>\n<meta property=\"og:description\" content=\"Las precipitaciones se iniciaron desde las 19,38 min. de este martes, y en Sierra de la Ventana se acumulan 10 mm. Las condiciones se mantendr\u00e1n hasta el viernes.\" \/>\n<meta property=\"og:url\" content=\"https:\/\/www.noticiasradioreflejos.com.ar\/2021\/llueve-en-la-comarca-y-se-anticipa-nevadas-para-el-viernes\/\" \/>\n<meta property=\"og:site_name\" content=\"Noticias Radio Reflejos\" \/>\n<meta property=\"article:published_time\" content=\"2018-07-18T11:42:31+00:00\" \/>\n<meta property=\"og:image\" content=\"https:\/\/www.noticiasradioreflejos.com.ar\/2021\/wp-content\/uploads\/2021\/07\/logosol300x200.png\" \/>\n\t<meta property=\"og:image:width\" content=\"300\" \/>\n\t<meta property=\"og:image:height\" content=\"200\" \/>\n\t<meta property=\"og:image:type\" content=\"image\/png\" \/>\n<meta name=\"author\" content=\"Arnaldo Botto\" \/>\n<meta name=\"twitter:card\" content=\"summary_large_image\" \/>\n<script type=\"application\/ld+json\" class=\"yoast-schema-graph\">{\"@context\":\"https:\/\/schema.org\",\"@graph\":[{\"@type\":\"WebPage\",\"@id\":\"https:\/\/www.noticiasradioreflejos.com.ar\/2021\/llueve-en-la-comarca-y-se-anticipa-nevadas-para-el-viernes\/\",\"url\":\"https:\/\/www.noticiasradioreflejos.com.ar\/2021\/llueve-en-la-comarca-y-se-anticipa-nevadas-para-el-viernes\/\",\"name\":\"Llueve en la comarca y se anticipa nevadas para el viernes. - Noticias Radio Reflejos\",\"isPartOf\":{\"@id\":\"https:\/\/www.noticiasradioreflejos.com.ar\/2021\/#website\"},\"datePublished\":\"2018-07-18T11:42:31+00:00\",\"author\":{\"@id\":\"https:\/\/www.noticiasradioreflejos.com.ar\/2021\/#\/schema\/person\/ad82545263dcc5ec0996818884fd5fb1\"},\"breadcrumb\":{\"@id\":\"https:\/\/www.noticiasradioreflejos.com.ar\/2021\/llueve-en-la-comarca-y-se-anticipa-nevadas-para-el-viernes\/#breadcrumb\"},\"inLanguage\":\"es\",\"potentialAction\":[{\"@type\":\"ReadAction\",\"target\":[\"https:\/\/www.noticiasradioreflejos.com.ar\/2021\/llueve-en-la-comarca-y-se-anticipa-nevadas-para-el-viernes\/\"]}]},{\"@type\":\"BreadcrumbList\",\"@id\":\"https:\/\/www.noticiasradioreflejos.com.ar\/2021\/llueve-en-la-comarca-y-se-anticipa-nevadas-para-el-viernes\/#breadcrumb\",\"itemListElement\":[{\"@type\":\"ListItem\",\"position\":1,\"name\":\"Portada\",\"item\":\"https:\/\/www.noticiasradioreflejos.com.ar\/2021\/\"},{\"@type\":\"ListItem\",\"position\":2,\"name\":\"Llueve en la comarca y se anticipa nevadas para el viernes.\"}]},{\"@type\":\"WebSite\",\"@id\":\"https:\/\/www.noticiasradioreflejos.com.ar\/2021\/#website\",\"url\":\"https:\/\/www.noticiasradioreflejos.com.ar\/2021\/\",\"name\":\"Noticias Radio Reflejos\",\"description\":\"Las noticias de mi comarca\",\"potentialAction\":[{\"@type\":\"SearchAction\",\"target\":{\"@type\":\"EntryPoint\",\"urlTemplate\":\"https:\/\/www.noticiasradioreflejos.com.ar\/2021\/?s={search_term_string}\"},\"query-input\":{\"@type\":\"PropertyValueSpecification\",\"valueRequired\":true,\"valueName\":\"search_term_string\"}}],\"inLanguage\":\"es\"},{\"@type\":\"Person\",\"@id\":\"https:\/\/www.noticiasradioreflejos.com.ar\/2021\/#\/schema\/person\/ad82545263dcc5ec0996818884fd5fb1\",\"name\":\"Arnaldo Botto\",\"image\":{\"@type\":\"ImageObject\",\"inLanguage\":\"es\",\"@id\":\"https:\/\/www.noticiasradioreflejos.com.ar\/2021\/#\/schema\/person\/image\/\",\"url\":\"https:\/\/secure.gravatar.com\/avatar\/55cb5e37c1efa326397366e6974cb338056df65cb50e7d64d1cf314e87504837?s=96&d=mm&r=g\",\"contentUrl\":\"https:\/\/secure.gravatar.com\/avatar\/55cb5e37c1efa326397366e6974cb338056df65cb50e7d64d1cf314e87504837?s=96&d=mm&r=g\",\"caption\":\"Arnaldo Botto\"},\"url\":\"https:\/\/www.noticiasradioreflejos.com.ar\/2021\/author\/arnaldo\/\"}]}<\/script>\n<!-- \/ Yoast SEO plugin. -->","yoast_head_json":{"title":"Llueve en la comarca y se anticipa nevadas para el viernes. - Noticias Radio Reflejos","robots":{"index":"index","follow":"follow","max-snippet":"max-snippet:-1","max-image-preview":"max-image-preview:large","max-video-preview":"max-video-preview:-1"},"canonical":"https:\/\/www.noticiasradioreflejos.com.ar\/2021\/llueve-en-la-comarca-y-se-anticipa-nevadas-para-el-viernes\/","og_locale":"es_ES","og_type":"article","og_title":"Llueve en la comarca y se anticipa nevadas para el viernes. - Noticias Radio Reflejos","og_description":"Las precipitaciones se iniciaron desde las 19,38 min. de este martes, y en Sierra de la Ventana se acumulan 10 mm. Las condiciones se mantendr\u00e1n hasta el viernes.","og_url":"https:\/\/www.noticiasradioreflejos.com.ar\/2021\/llueve-en-la-comarca-y-se-anticipa-nevadas-para-el-viernes\/","og_site_name":"Noticias Radio Reflejos","article_published_time":"2018-07-18T11:42:31+00:00","og_image":[{"width":300,"height":200,"url":"https:\/\/www.noticiasradioreflejos.com.ar\/2021\/wp-content\/uploads\/2021\/07\/logosol300x200.png","type":"image\/png"}],"author":"Arnaldo Botto","twitter_card":"summary_large_image","schema":{"@context":"https:\/\/schema.org","@graph":[{"@type":"WebPage","@id":"https:\/\/www.noticiasradioreflejos.com.ar\/2021\/llueve-en-la-comarca-y-se-anticipa-nevadas-para-el-viernes\/","url":"https:\/\/www.noticiasradioreflejos.com.ar\/2021\/llueve-en-la-comarca-y-se-anticipa-nevadas-para-el-viernes\/","name":"Llueve en la comarca y se anticipa nevadas para el viernes. - Noticias Radio Reflejos","isPartOf":{"@id":"https:\/\/www.noticiasradioreflejos.com.ar\/2021\/#website"},"datePublished":"2018-07-18T11:42:31+00:00","author":{"@id":"https:\/\/www.noticiasradioreflejos.com.ar\/2021\/#\/schema\/person\/ad82545263dcc5ec0996818884fd5fb1"},"breadcrumb":{"@id":"https:\/\/www.noticiasradioreflejos.com.ar\/2021\/llueve-en-la-comarca-y-se-anticipa-nevadas-para-el-viernes\/#breadcrumb"},"inLanguage":"es","potentialAction":[{"@type":"ReadAction","target":["https:\/\/www.noticiasradioreflejos.com.ar\/2021\/llueve-en-la-comarca-y-se-anticipa-nevadas-para-el-viernes\/"]}]},{"@type":"BreadcrumbList","@id":"https:\/\/www.noticiasradioreflejos.com.ar\/2021\/llueve-en-la-comarca-y-se-anticipa-nevadas-para-el-viernes\/#breadcrumb","itemListElement":[{"@type":"ListItem","position":1,"name":"Portada","item":"https:\/\/www.noticiasradioreflejos.com.ar\/2021\/"},{"@type":"ListItem","position":2,"name":"Llueve en la comarca y se anticipa nevadas para el viernes."}]},{"@type":"WebSite","@id":"https:\/\/www.noticiasradioreflejos.com.ar\/2021\/#website","url":"https:\/\/www.noticiasradioreflejos.com.ar\/2021\/","name":"Noticias Radio Reflejos","description":"Las noticias de mi comarca","potentialAction":[{"@type":"SearchAction","target":{"@type":"EntryPoint","urlTemplate":"https:\/\/www.noticiasradioreflejos.com.ar\/2021\/?s={search_term_string}"},"query-input":{"@type":"PropertyValueSpecification","valueRequired":true,"valueName":"search_term_string"}}],"inLanguage":"es"},{"@type":"Person","@id":"https:\/\/www.noticiasradioreflejos.com.ar\/2021\/#\/schema\/person\/ad82545263dcc5ec0996818884fd5fb1","name":"Arnaldo Botto","image":{"@type":"ImageObject","inLanguage":"es","@id":"https:\/\/www.noticiasradioreflejos.com.ar\/2021\/#\/schema\/person\/image\/","url":"https:\/\/secure.gravatar.com\/avatar\/55cb5e37c1efa326397366e6974cb338056df65cb50e7d64d1cf314e87504837?s=96&d=mm&r=g","contentUrl":"https:\/\/secure.gravatar.com\/avatar\/55cb5e37c1efa326397366e6974cb338056df65cb50e7d64d1cf314e87504837?s=96&d=mm&r=g","caption":"Arnaldo Botto"},"url":"https:\/\/www.noticiasradioreflejos.com.ar\/2021\/author\/arnaldo\/"}]}},"_links":{"self":[{"href":"https:\/\/www.noticiasradioreflejos.com.ar\/2021\/wp-json\/wp\/v2\/posts\/23346","targetHints":{"allow":["GET"]}}],"collection":[{"href":"https:\/\/www.noticiasradioreflejos.com.ar\/2021\/wp-json\/wp\/v2\/posts"}],"about":[{"href":"https:\/\/www.noticiasradioreflejos.com.ar\/2021\/wp-json\/wp\/v2\/types\/post"}],"author":[{"embeddable":true,"href":"https:\/\/www.noticiasradioreflejos.com.ar\/2021\/wp-json\/wp\/v2\/users\/3"}],"replies":[{"embeddable":true,"href":"https:\/\/www.noticiasradioreflejos.com.ar\/2021\/wp-json\/wp\/v2\/comments?post=23346"}],"version-history":[{"count":0,"href":"https:\/\/www.noticiasradioreflejos.com.ar\/2021\/wp-json\/wp\/v2\/posts\/23346\/revisions"}],"wp:attachment":[{"href":"https:\/\/www.noticiasradioreflejos.com.ar\/2021\/wp-json\/wp\/v2\/media?parent=23346"}],"wp:term":[{"taxonomy":"category","embeddable":true,"href":"https:\/\/www.noticiasradioreflejos.com.ar\/2021\/wp-json\/wp\/v2\/categories?post=23346"},{"taxonomy":"post_tag","embeddable":true,"href":"https:\/\/www.noticiasradioreflejos.com.ar\/2021\/wp-json\/wp\/v2\/tags?post=23346"}],"curies":[{"name":"wp","href":"https:\/\/api.w.org\/{rel}","templated":true}]}}