{"id":23331,"date":"2018-07-17T21:41:52","date_gmt":"2018-07-18T00:41:52","guid":{"rendered":"http:\/\/www.noticiasradioreflejos.com.ar\/noticias\/?p=23331"},"modified":"2018-07-17T21:41:52","modified_gmt":"2018-07-18T00:41:52","slug":"promovemos-la-imaginacion-y-la-creatividad-la-escuela-y-vos-en-invierno","status":"publish","type":"post","link":"https:\/\/www.noticiasradioreflejos.com.ar\/2021\/promovemos-la-imaginacion-y-la-creatividad-la-escuela-y-vos-en-invierno\/","title":{"rendered":"&quot;Promovemos la imaginaci\u00f3n y la creatividad&quot; &#8211; La escuela y vos en invierno."},"content":{"rendered":"<p><a title=\"IMG_20180717_122159187\" href=\"http:\/\/farm1.staticflickr.com\/834\/43470196481_356390ed6e.jpg\" rel=\"\"><img loading=\"lazy\" decoding=\"async\" class=\"alignleft\" style=\"float: left;\" title=\"IMG_20180717_122159187\" src=\"http:\/\/farm1.staticflickr.com\/834\/43470196481_356390ed6e.jpg\" alt=\"IMG_20180717_122159187\" width=\"500\" height=\"281\" \/><\/a>El profesor de teatro, m\u00fasico y actor<strong> Guillermo Rodr\u00edguez<\/strong>, nos informa sobre las actividades que realizan durante el programa \u201cLa escuela y vos en invierno\u201d que se abri\u00f3 este lunes en Sierra de la Ventana para alumnos del Nivel Primario (6 a 12 a\u00f1os). La actividad es gratuita.<!--more--><br \/>\nActividades recreativas, deportivas y art\u00edsticas con los profesores de Educaci\u00f3n F\u00edsica Facundo Silva y Guillermo Rodr\u00edguez de lunes a viernes de 10.00 a 12.00 hs en las instalaciones de la Escuela N\u00b0 6 \u00abJuan Bautista Alberdi\u00bb.<br \/>\n\u00abLes cuento, es un programa de la Provincia, es la escuela de invierno, as\u00ed como esta la colonia de verano, esta la escuelita de invierno, es la primera experiencia que se hace, es en la escuela 6, el horario de la escuelita es de 10 a 12hs, quiero decir que la escuelita 6 que yo no la conoc\u00eda es hermosa, tiene todos los recursos edilicios, todos los recursos t\u00e9cnicos, tenemos de todo para trabajar, calefacci\u00f3n de primer nivel, todas las comodidades realmente, es una escuela de primer nivel, no tiene nada que envidiarle a ninguna escuela del pa\u00eds\u00bb.<br \/>\n\u00abEl programa consiste en mezclar el deporte y el arte, trabajamos en conjunto con Facundo Silva, que es el director, esta dirigido para ni\u00f1os entre 6 y 12 a\u00f1os, trabajamos de pareja pedag\u00f3gica podr\u00edamos decir, y es una especie de laboratorio tambi\u00e9n esta experiencia, de alguna manera yo soy docente de art\u00edstica, tengo mas que nada formaci\u00f3n teatral, si bien tambi\u00e9n soy m\u00fasico, pero, mi formaci\u00f3n es teatral, y tambi\u00e9n fui actor de la comedia municipal de Bah\u00eda Blanca. En teatro tambi\u00e9n vale esto, es muy distinto a lo que la mayor\u00eda de las personas creen, porque estamos acostumbrados al cine de la televisi\u00f3n, que es otro tipo de actuaci\u00f3n, es frente a c\u00e1mara eso, el teatro es otra historia muy distinta, y con Facu decimos, como se unen las dos, porque el teatro es f\u00edsico, es nuestro cuerpo el que usamos. Hoy le dec\u00edamos a los chicos que un buen actor, un buen bailar\u00edn, un buen m\u00fasico, necesita tener entrenado su cuerpo, y todo eso requiere un entrenamiento, y una educaci\u00f3n f\u00edsica justamente\u00bb.<br \/>\n\u00abArrancamos este lunes, hoy ya se sumaron mas chicos, hay buena convocatoria por suerte, y por eso de alguna manera venimos a la radio, para justamente tratar de informar lo mas r\u00e1pido posible, dar toda la informaci\u00f3n que se necesite, para que se entere toda la comunidad, es una linda oportunidad realmente en las vacaciones, no solamente para los chicos de Sierra de la Ventana, sino para toda la comarca y tambi\u00e9n porque no de los turistas. Vamos a estar en el SUM, tenemos toda la escuela a disposici\u00f3n nuestra. Les pedimos por favor que el primer d\u00eda que lleven a los chicos vayan con un adulto, y que el adulto lleve el documento del ni\u00f1o o ni\u00f1a que lleven, as\u00ed los anotamos\u00bb.<br \/>\n\u00abEs gratuito, es en un lugar espectacular, y con profesionales\u00bb<br \/>\nNOTA COMPLETA:<br \/>\n<iframe loading=\"lazy\" src=\"https:\/\/w.soundcloud.com\/player\/?url=https%3A\/\/api.soundcloud.com\/tracks\/472917159&amp;color=%23ff5500&amp;auto_play=false&amp;hide_related=false&amp;show_comments=true&amp;show_user=true&amp;show_reposts=false&amp;show_teaser=true\" width=\"100%\" height=\"166\" frameborder=\"no\" scrolling=\"no\"><\/iframe><\/p>\n","protected":false},"excerpt":{"rendered":"<p>El profesor de teatro, m\u00fasico y actor Guillermo Rodr\u00edguez, nos informa sobre las actividades que realizan durante el programa \u201cLa escuela y vos en invierno\u201d que se abri\u00f3 este lunes en Sierra de la Ventana para alumnos del Nivel Primario (6 a 12 a\u00f1os). La actividad es gratuita.<\/p>\n","protected":false},"author":3,"featured_media":0,"comment_status":"closed","ping_status":"open","sticky":false,"template":"","format":"standard","meta":{"footnotes":""},"categories":[34],"tags":[],"class_list":["post-23331","post","type-post","status-publish","format-standard","hentry","category-educacion"],"yoast_head":"<!-- This site is optimized with the Yoast SEO plugin v25.9 - https:\/\/yoast.com\/wordpress\/plugins\/seo\/ -->\n<title>&quot;Promovemos la imaginaci\u00f3n y la creatividad&quot; - La escuela y vos en invierno. - Noticias Radio Reflejos<\/title>\n<meta name=\"robots\" content=\"index, follow, max-snippet:-1, max-image-preview:large, max-video-preview:-1\" \/>\n<link rel=\"canonical\" href=\"https:\/\/www.noticiasradioreflejos.com.ar\/2021\/promovemos-la-imaginacion-y-la-creatividad-la-escuela-y-vos-en-invierno\/\" \/>\n<meta property=\"og:locale\" content=\"es_ES\" \/>\n<meta property=\"og:type\" content=\"article\" \/>\n<meta property=\"og:title\" content=\"&quot;Promovemos la imaginaci\u00f3n y la creatividad&quot; - La escuela y vos en invierno. - Noticias Radio Reflejos\" \/>\n<meta property=\"og:description\" content=\"El profesor de teatro, m\u00fasico y actor Guillermo Rodr\u00edguez, nos informa sobre las actividades que realizan durante el programa \u201cLa escuela y vos en invierno\u201d que se abri\u00f3 este lunes en Sierra de la Ventana para alumnos del Nivel Primario (6 a 12 a\u00f1os). La actividad es gratuita.\" \/>\n<meta property=\"og:url\" content=\"https:\/\/www.noticiasradioreflejos.com.ar\/2021\/promovemos-la-imaginacion-y-la-creatividad-la-escuela-y-vos-en-invierno\/\" \/>\n<meta property=\"og:site_name\" content=\"Noticias Radio Reflejos\" \/>\n<meta property=\"article:published_time\" content=\"2018-07-18T00:41:52+00:00\" \/>\n<meta property=\"og:image\" content=\"http:\/\/farm1.staticflickr.com\/834\/43470196481_356390ed6e.jpg\" \/>\n<meta name=\"author\" content=\"Arnaldo Botto\" \/>\n<meta name=\"twitter:card\" content=\"summary_large_image\" \/>\n<script type=\"application\/ld+json\" class=\"yoast-schema-graph\">{\"@context\":\"https:\/\/schema.org\",\"@graph\":[{\"@type\":\"WebPage\",\"@id\":\"https:\/\/www.noticiasradioreflejos.com.ar\/2021\/promovemos-la-imaginacion-y-la-creatividad-la-escuela-y-vos-en-invierno\/\",\"url\":\"https:\/\/www.noticiasradioreflejos.com.ar\/2021\/promovemos-la-imaginacion-y-la-creatividad-la-escuela-y-vos-en-invierno\/\",\"name\":\"&quot;Promovemos la imaginaci\u00f3n y la creatividad&quot; - La escuela y vos en invierno. - Noticias Radio Reflejos\",\"isPartOf\":{\"@id\":\"https:\/\/www.noticiasradioreflejos.com.ar\/2021\/#website\"},\"primaryImageOfPage\":{\"@id\":\"https:\/\/www.noticiasradioreflejos.com.ar\/2021\/promovemos-la-imaginacion-y-la-creatividad-la-escuela-y-vos-en-invierno\/#primaryimage\"},\"image\":{\"@id\":\"https:\/\/www.noticiasradioreflejos.com.ar\/2021\/promovemos-la-imaginacion-y-la-creatividad-la-escuela-y-vos-en-invierno\/#primaryimage\"},\"thumbnailUrl\":\"http:\/\/farm1.staticflickr.com\/834\/43470196481_356390ed6e.jpg\",\"datePublished\":\"2018-07-18T00:41:52+00:00\",\"author\":{\"@id\":\"https:\/\/www.noticiasradioreflejos.com.ar\/2021\/#\/schema\/person\/ad82545263dcc5ec0996818884fd5fb1\"},\"breadcrumb\":{\"@id\":\"https:\/\/www.noticiasradioreflejos.com.ar\/2021\/promovemos-la-imaginacion-y-la-creatividad-la-escuela-y-vos-en-invierno\/#breadcrumb\"},\"inLanguage\":\"es\",\"potentialAction\":[{\"@type\":\"ReadAction\",\"target\":[\"https:\/\/www.noticiasradioreflejos.com.ar\/2021\/promovemos-la-imaginacion-y-la-creatividad-la-escuela-y-vos-en-invierno\/\"]}]},{\"@type\":\"ImageObject\",\"inLanguage\":\"es\",\"@id\":\"https:\/\/www.noticiasradioreflejos.com.ar\/2021\/promovemos-la-imaginacion-y-la-creatividad-la-escuela-y-vos-en-invierno\/#primaryimage\",\"url\":\"http:\/\/farm1.staticflickr.com\/834\/43470196481_356390ed6e.jpg\",\"contentUrl\":\"http:\/\/farm1.staticflickr.com\/834\/43470196481_356390ed6e.jpg\"},{\"@type\":\"BreadcrumbList\",\"@id\":\"https:\/\/www.noticiasradioreflejos.com.ar\/2021\/promovemos-la-imaginacion-y-la-creatividad-la-escuela-y-vos-en-invierno\/#breadcrumb\",\"itemListElement\":[{\"@type\":\"ListItem\",\"position\":1,\"name\":\"Portada\",\"item\":\"https:\/\/www.noticiasradioreflejos.com.ar\/2021\/\"},{\"@type\":\"ListItem\",\"position\":2,\"name\":\"&quot;Promovemos la imaginaci\u00f3n y la creatividad&quot; &#8211; La escuela y vos en invierno.\"}]},{\"@type\":\"WebSite\",\"@id\":\"https:\/\/www.noticiasradioreflejos.com.ar\/2021\/#website\",\"url\":\"https:\/\/www.noticiasradioreflejos.com.ar\/2021\/\",\"name\":\"Noticias Radio Reflejos\",\"description\":\"Las noticias de mi comarca\",\"potentialAction\":[{\"@type\":\"SearchAction\",\"target\":{\"@type\":\"EntryPoint\",\"urlTemplate\":\"https:\/\/www.noticiasradioreflejos.com.ar\/2021\/?s={search_term_string}\"},\"query-input\":{\"@type\":\"PropertyValueSpecification\",\"valueRequired\":true,\"valueName\":\"search_term_string\"}}],\"inLanguage\":\"es\"},{\"@type\":\"Person\",\"@id\":\"https:\/\/www.noticiasradioreflejos.com.ar\/2021\/#\/schema\/person\/ad82545263dcc5ec0996818884fd5fb1\",\"name\":\"Arnaldo Botto\",\"image\":{\"@type\":\"ImageObject\",\"inLanguage\":\"es\",\"@id\":\"https:\/\/www.noticiasradioreflejos.com.ar\/2021\/#\/schema\/person\/image\/\",\"url\":\"https:\/\/secure.gravatar.com\/avatar\/55cb5e37c1efa326397366e6974cb338056df65cb50e7d64d1cf314e87504837?s=96&d=mm&r=g\",\"contentUrl\":\"https:\/\/secure.gravatar.com\/avatar\/55cb5e37c1efa326397366e6974cb338056df65cb50e7d64d1cf314e87504837?s=96&d=mm&r=g\",\"caption\":\"Arnaldo Botto\"},\"url\":\"https:\/\/www.noticiasradioreflejos.com.ar\/2021\/author\/arnaldo\/\"}]}<\/script>\n<!-- \/ Yoast SEO plugin. -->","yoast_head_json":{"title":"&quot;Promovemos la imaginaci\u00f3n y la creatividad&quot; - La escuela y vos en invierno. - Noticias Radio Reflejos","robots":{"index":"index","follow":"follow","max-snippet":"max-snippet:-1","max-image-preview":"max-image-preview:large","max-video-preview":"max-video-preview:-1"},"canonical":"https:\/\/www.noticiasradioreflejos.com.ar\/2021\/promovemos-la-imaginacion-y-la-creatividad-la-escuela-y-vos-en-invierno\/","og_locale":"es_ES","og_type":"article","og_title":"&quot;Promovemos la imaginaci\u00f3n y la creatividad&quot; - La escuela y vos en invierno. - Noticias Radio Reflejos","og_description":"El profesor de teatro, m\u00fasico y actor Guillermo Rodr\u00edguez, nos informa sobre las actividades que realizan durante el programa \u201cLa escuela y vos en invierno\u201d que se abri\u00f3 este lunes en Sierra de la Ventana para alumnos del Nivel Primario (6 a 12 a\u00f1os). La actividad es gratuita.","og_url":"https:\/\/www.noticiasradioreflejos.com.ar\/2021\/promovemos-la-imaginacion-y-la-creatividad-la-escuela-y-vos-en-invierno\/","og_site_name":"Noticias Radio Reflejos","article_published_time":"2018-07-18T00:41:52+00:00","og_image":[{"url":"http:\/\/farm1.staticflickr.com\/834\/43470196481_356390ed6e.jpg","type":"","width":"","height":""}],"author":"Arnaldo Botto","twitter_card":"summary_large_image","schema":{"@context":"https:\/\/schema.org","@graph":[{"@type":"WebPage","@id":"https:\/\/www.noticiasradioreflejos.com.ar\/2021\/promovemos-la-imaginacion-y-la-creatividad-la-escuela-y-vos-en-invierno\/","url":"https:\/\/www.noticiasradioreflejos.com.ar\/2021\/promovemos-la-imaginacion-y-la-creatividad-la-escuela-y-vos-en-invierno\/","name":"&quot;Promovemos la imaginaci\u00f3n y la creatividad&quot; - La escuela y vos en invierno. - Noticias Radio Reflejos","isPartOf":{"@id":"https:\/\/www.noticiasradioreflejos.com.ar\/2021\/#website"},"primaryImageOfPage":{"@id":"https:\/\/www.noticiasradioreflejos.com.ar\/2021\/promovemos-la-imaginacion-y-la-creatividad-la-escuela-y-vos-en-invierno\/#primaryimage"},"image":{"@id":"https:\/\/www.noticiasradioreflejos.com.ar\/2021\/promovemos-la-imaginacion-y-la-creatividad-la-escuela-y-vos-en-invierno\/#primaryimage"},"thumbnailUrl":"http:\/\/farm1.staticflickr.com\/834\/43470196481_356390ed6e.jpg","datePublished":"2018-07-18T00:41:52+00:00","author":{"@id":"https:\/\/www.noticiasradioreflejos.com.ar\/2021\/#\/schema\/person\/ad82545263dcc5ec0996818884fd5fb1"},"breadcrumb":{"@id":"https:\/\/www.noticiasradioreflejos.com.ar\/2021\/promovemos-la-imaginacion-y-la-creatividad-la-escuela-y-vos-en-invierno\/#breadcrumb"},"inLanguage":"es","potentialAction":[{"@type":"ReadAction","target":["https:\/\/www.noticiasradioreflejos.com.ar\/2021\/promovemos-la-imaginacion-y-la-creatividad-la-escuela-y-vos-en-invierno\/"]}]},{"@type":"ImageObject","inLanguage":"es","@id":"https:\/\/www.noticiasradioreflejos.com.ar\/2021\/promovemos-la-imaginacion-y-la-creatividad-la-escuela-y-vos-en-invierno\/#primaryimage","url":"http:\/\/farm1.staticflickr.com\/834\/43470196481_356390ed6e.jpg","contentUrl":"http:\/\/farm1.staticflickr.com\/834\/43470196481_356390ed6e.jpg"},{"@type":"BreadcrumbList","@id":"https:\/\/www.noticiasradioreflejos.com.ar\/2021\/promovemos-la-imaginacion-y-la-creatividad-la-escuela-y-vos-en-invierno\/#breadcrumb","itemListElement":[{"@type":"ListItem","position":1,"name":"Portada","item":"https:\/\/www.noticiasradioreflejos.com.ar\/2021\/"},{"@type":"ListItem","position":2,"name":"&quot;Promovemos la imaginaci\u00f3n y la creatividad&quot; &#8211; La escuela y vos en invierno."}]},{"@type":"WebSite","@id":"https:\/\/www.noticiasradioreflejos.com.ar\/2021\/#website","url":"https:\/\/www.noticiasradioreflejos.com.ar\/2021\/","name":"Noticias Radio Reflejos","description":"Las noticias de mi comarca","potentialAction":[{"@type":"SearchAction","target":{"@type":"EntryPoint","urlTemplate":"https:\/\/www.noticiasradioreflejos.com.ar\/2021\/?s={search_term_string}"},"query-input":{"@type":"PropertyValueSpecification","valueRequired":true,"valueName":"search_term_string"}}],"inLanguage":"es"},{"@type":"Person","@id":"https:\/\/www.noticiasradioreflejos.com.ar\/2021\/#\/schema\/person\/ad82545263dcc5ec0996818884fd5fb1","name":"Arnaldo Botto","image":{"@type":"ImageObject","inLanguage":"es","@id":"https:\/\/www.noticiasradioreflejos.com.ar\/2021\/#\/schema\/person\/image\/","url":"https:\/\/secure.gravatar.com\/avatar\/55cb5e37c1efa326397366e6974cb338056df65cb50e7d64d1cf314e87504837?s=96&d=mm&r=g","contentUrl":"https:\/\/secure.gravatar.com\/avatar\/55cb5e37c1efa326397366e6974cb338056df65cb50e7d64d1cf314e87504837?s=96&d=mm&r=g","caption":"Arnaldo Botto"},"url":"https:\/\/www.noticiasradioreflejos.com.ar\/2021\/author\/arnaldo\/"}]}},"_links":{"self":[{"href":"https:\/\/www.noticiasradioreflejos.com.ar\/2021\/wp-json\/wp\/v2\/posts\/23331","targetHints":{"allow":["GET"]}}],"collection":[{"href":"https:\/\/www.noticiasradioreflejos.com.ar\/2021\/wp-json\/wp\/v2\/posts"}],"about":[{"href":"https:\/\/www.noticiasradioreflejos.com.ar\/2021\/wp-json\/wp\/v2\/types\/post"}],"author":[{"embeddable":true,"href":"https:\/\/www.noticiasradioreflejos.com.ar\/2021\/wp-json\/wp\/v2\/users\/3"}],"replies":[{"embeddable":true,"href":"https:\/\/www.noticiasradioreflejos.com.ar\/2021\/wp-json\/wp\/v2\/comments?post=23331"}],"version-history":[{"count":0,"href":"https:\/\/www.noticiasradioreflejos.com.ar\/2021\/wp-json\/wp\/v2\/posts\/23331\/revisions"}],"wp:attachment":[{"href":"https:\/\/www.noticiasradioreflejos.com.ar\/2021\/wp-json\/wp\/v2\/media?parent=23331"}],"wp:term":[{"taxonomy":"category","embeddable":true,"href":"https:\/\/www.noticiasradioreflejos.com.ar\/2021\/wp-json\/wp\/v2\/categories?post=23331"},{"taxonomy":"post_tag","embeddable":true,"href":"https:\/\/www.noticiasradioreflejos.com.ar\/2021\/wp-json\/wp\/v2\/tags?post=23331"}],"curies":[{"name":"wp","href":"https:\/\/api.w.org\/{rel}","templated":true}]}}