{"id":23316,"date":"2018-07-17T08:14:14","date_gmt":"2018-07-17T11:14:14","guid":{"rendered":"http:\/\/www.noticiasradioreflejos.com.ar\/noticias\/?p=23316"},"modified":"2018-07-17T08:14:14","modified_gmt":"2018-07-17T11:14:14","slug":"regional-bonaerense-sub-16-sudoeste-piso-fuerte-en-bahia-blanca","status":"publish","type":"post","link":"https:\/\/www.noticiasradioreflejos.com.ar\/2021\/regional-bonaerense-sub-16-sudoeste-piso-fuerte-en-bahia-blanca\/","title":{"rendered":"Regional Bonaerense Sub-16: Sudoeste pis\u00f3 fuerte en Bah\u00eda Blanca"},"content":{"rendered":"<p>La Federaci\u00f3n de Hockey del Sudoeste Bonaerense (FHSB) logr\u00f3 el cuarto puesto en el Campeonato Regional Bonaerense de Selecciones Sub-16, desarrollado del \u00faltimo jueves a este domingo en Bah\u00eda Blanca.<br \/>\nPor dem\u00e1s meritoria la posici\u00f3n en la que concluy\u00f3 el representativo dirigido por Gabriel Riquelme, teniendo en cuenta que los tres equipos que ocuparon el podio vienen de jugar Torneo Argentino de la categor\u00eda.<!--more--><br \/>\nPero a\u00fan m\u00e1s destacado se hace el desempe\u00f1o considerando que el seleccionado de Sudoeste es un equipo en plena formaci\u00f3n, un plantel pr\u00e1cticamente nuevo integrado por ocho jugadoras Sub-14, siete de edad de primer a\u00f1o de Sub-16 y tan solo cinco categor\u00eda 2002.<br \/>\nLa FHSB lleg\u00f3 a semifinales luego de sumar tres triunfos en cuatro partidos (75% de los puntos). Luego, en los siguientes dos cotejos (semifinal y final por el tercer puesto), choc\u00f3 con rivales de jerarqu\u00eda que demostraron su l\u00f3gica diferencia.<br \/>\nLas goleadoras del equipo fueron Martina S\u00e1nchez y Mercedes Gonz\u00e1lez, ambas con dos tantos. Adem\u00e1s, Agostina Torres fue elegida como la mejor arquera del torneo.<br \/>\nLa actuaci\u00f3n en este campeonato signific\u00f3, sin dudas, el comienzo de un proceso que ya empieza a dar sus frutos.<br \/>\nRESULTADOS DE SUDOESTE<br \/>\nPrimera fase \u2013 Zona B<br \/>\n>Noroeste 0 \u2013 Sudoeste 1 (Martina S\u00e1nchez | FOTOS<br \/>\n>Asoc. Bahiense 4 \u2013 Sudoeste 0 | FOTOS<br \/>\n>Centro 0 \u2013 Sudoeste 1 (Felicitas Gatti) | FOTOS<br \/>\n>Sudoeste 3 (Martina S\u00e1nchez, Mercedes Gonz\u00e1lez -2-) \u2013 Cuenca del Salado B 1 | FOTOS<br \/>\nSudoeste concluy\u00f3 segundo y clasific\u00f3 en su zona y clasific\u00f3 a semifinales, en donde enfrent\u00f3 al primero de la Zona B.<br \/>\nSemifinal<br \/>\n>Fed. Tandilense 4 \u2013 Sudoeste 0 | FOTOS<br \/>\nFinal por el 3er puesto<br \/>\n>Asoc. Marplatense 4 \u2013 Sudoeste 0 | FOTOS<br \/>\nPOSICIONES FINALES<br \/>\n1\u00ba: Asociaci\u00f3n Bahiense<br \/>\n2\u00ba: Federaci\u00f3n Tandilense<br \/>\n3\u00ba: Asociaci\u00f3n Marplatense<br \/>\n4\u00ba: Federaci\u00f3n del Sudoeste<br \/>\n5\u00ba: Federaci\u00f3n del Noroeste<br \/>\n6\u00ba: Asociaci\u00f3n del Centro<br \/>\n7\u00ba: Federaci\u00f3n Cuenca del Salado \u201cB\u201d<br \/>\n8\u00ba: Asociaci\u00f3n de Oeste<br \/>\n9\u00ba: Federaci\u00f3n Cuenca del Salado \u201cA\u201d<br \/>\nRESUMEN DEL TORNEO<br \/>\nEL PLANTEL<br \/>\nAgustina Olivari (Hockey Carhu\u00e9), Agostina Torres, Dana Elsegood, Martina S\u00e1nchez, Joaquina Llull, Mail\u00e9n Marti, Lourdes Hipperdinger (Sarmiento de Pig\u00fc\u00e9), Tania Garc\u00eda (Sarmiento de Carhu\u00e9), Coral Astaburuaga (Club de Pelota de Coronel Pr\u00edngles), Oriana Mart\u00edn (San Mart\u00edn de Saavedra), Azul Philipp, Melanie Kent, Angelina Mochi, Mercedes Gonz\u00e1lez, Felicitas Gatti (CEF N\u00ba 83 de Pig\u00fc\u00e9), Clara Ostertag, Luciana Stremel, Emilia Ladirat, M\u00e1xima Ocampos y Analuz Streitenberger (Atl\u00e9tico Ventana).<br \/>\nCuerpo t\u00e9cnico: Gabriel Riquelme (entrenador), Micaela Cambiagno (asistente t\u00e9cnica), Claudia Dalecio (Jefe de equipo), Gaspar Oll\u00e9 (c\u00e1mara) y Lucrecia Moreno (Presidente de delegaci\u00f3n).<\/p>\n","protected":false},"excerpt":{"rendered":"<p>La Federaci\u00f3n de Hockey del Sudoeste Bonaerense (FHSB) logr\u00f3 el cuarto puesto en el Campeonato Regional Bonaerense de Selecciones Sub-16, desarrollado del \u00faltimo jueves a este domingo en Bah\u00eda Blanca. Por dem\u00e1s meritoria la posici\u00f3n en la que concluy\u00f3 el representativo dirigido por Gabriel Riquelme, teniendo en cuenta que los tres equipos que ocuparon el [&hellip;]<\/p>\n","protected":false},"author":3,"featured_media":0,"comment_status":"closed","ping_status":"open","sticky":false,"template":"","format":"standard","meta":{"footnotes":""},"categories":[27],"tags":[],"class_list":["post-23316","post","type-post","status-publish","format-standard","hentry","category-deportes"],"yoast_head":"<!-- This site is optimized with the Yoast SEO plugin v25.9 - https:\/\/yoast.com\/wordpress\/plugins\/seo\/ -->\n<title>Regional Bonaerense Sub-16: Sudoeste pis\u00f3 fuerte en Bah\u00eda Blanca - Noticias Radio Reflejos<\/title>\n<meta name=\"robots\" content=\"index, follow, max-snippet:-1, max-image-preview:large, max-video-preview:-1\" \/>\n<link rel=\"canonical\" href=\"https:\/\/www.noticiasradioreflejos.com.ar\/2021\/regional-bonaerense-sub-16-sudoeste-piso-fuerte-en-bahia-blanca\/\" \/>\n<meta property=\"og:locale\" content=\"es_ES\" \/>\n<meta property=\"og:type\" content=\"article\" \/>\n<meta property=\"og:title\" content=\"Regional Bonaerense Sub-16: Sudoeste pis\u00f3 fuerte en Bah\u00eda Blanca - Noticias Radio Reflejos\" \/>\n<meta property=\"og:description\" content=\"La Federaci\u00f3n de Hockey del Sudoeste Bonaerense (FHSB) logr\u00f3 el cuarto puesto en el Campeonato Regional Bonaerense de Selecciones Sub-16, desarrollado del \u00faltimo jueves a este domingo en Bah\u00eda Blanca. Por dem\u00e1s meritoria la posici\u00f3n en la que concluy\u00f3 el representativo dirigido por Gabriel Riquelme, teniendo en cuenta que los tres equipos que ocuparon el [&hellip;]\" \/>\n<meta property=\"og:url\" content=\"https:\/\/www.noticiasradioreflejos.com.ar\/2021\/regional-bonaerense-sub-16-sudoeste-piso-fuerte-en-bahia-blanca\/\" \/>\n<meta property=\"og:site_name\" content=\"Noticias Radio Reflejos\" \/>\n<meta property=\"article:published_time\" content=\"2018-07-17T11:14:14+00:00\" \/>\n<meta property=\"og:image\" content=\"https:\/\/www.noticiasradioreflejos.com.ar\/2021\/wp-content\/uploads\/2021\/07\/logosol300x200.png\" \/>\n\t<meta property=\"og:image:width\" content=\"300\" \/>\n\t<meta property=\"og:image:height\" content=\"200\" \/>\n\t<meta property=\"og:image:type\" content=\"image\/png\" \/>\n<meta name=\"author\" content=\"Arnaldo Botto\" \/>\n<meta name=\"twitter:card\" content=\"summary_large_image\" \/>\n<script type=\"application\/ld+json\" class=\"yoast-schema-graph\">{\"@context\":\"https:\/\/schema.org\",\"@graph\":[{\"@type\":\"WebPage\",\"@id\":\"https:\/\/www.noticiasradioreflejos.com.ar\/2021\/regional-bonaerense-sub-16-sudoeste-piso-fuerte-en-bahia-blanca\/\",\"url\":\"https:\/\/www.noticiasradioreflejos.com.ar\/2021\/regional-bonaerense-sub-16-sudoeste-piso-fuerte-en-bahia-blanca\/\",\"name\":\"Regional Bonaerense Sub-16: Sudoeste pis\u00f3 fuerte en Bah\u00eda Blanca - Noticias Radio Reflejos\",\"isPartOf\":{\"@id\":\"https:\/\/www.noticiasradioreflejos.com.ar\/2021\/#website\"},\"datePublished\":\"2018-07-17T11:14:14+00:00\",\"author\":{\"@id\":\"https:\/\/www.noticiasradioreflejos.com.ar\/2021\/#\/schema\/person\/ad82545263dcc5ec0996818884fd5fb1\"},\"breadcrumb\":{\"@id\":\"https:\/\/www.noticiasradioreflejos.com.ar\/2021\/regional-bonaerense-sub-16-sudoeste-piso-fuerte-en-bahia-blanca\/#breadcrumb\"},\"inLanguage\":\"es\",\"potentialAction\":[{\"@type\":\"ReadAction\",\"target\":[\"https:\/\/www.noticiasradioreflejos.com.ar\/2021\/regional-bonaerense-sub-16-sudoeste-piso-fuerte-en-bahia-blanca\/\"]}]},{\"@type\":\"BreadcrumbList\",\"@id\":\"https:\/\/www.noticiasradioreflejos.com.ar\/2021\/regional-bonaerense-sub-16-sudoeste-piso-fuerte-en-bahia-blanca\/#breadcrumb\",\"itemListElement\":[{\"@type\":\"ListItem\",\"position\":1,\"name\":\"Portada\",\"item\":\"https:\/\/www.noticiasradioreflejos.com.ar\/2021\/\"},{\"@type\":\"ListItem\",\"position\":2,\"name\":\"Regional Bonaerense Sub-16: Sudoeste pis\u00f3 fuerte en Bah\u00eda Blanca\"}]},{\"@type\":\"WebSite\",\"@id\":\"https:\/\/www.noticiasradioreflejos.com.ar\/2021\/#website\",\"url\":\"https:\/\/www.noticiasradioreflejos.com.ar\/2021\/\",\"name\":\"Noticias Radio Reflejos\",\"description\":\"Las noticias de mi comarca\",\"potentialAction\":[{\"@type\":\"SearchAction\",\"target\":{\"@type\":\"EntryPoint\",\"urlTemplate\":\"https:\/\/www.noticiasradioreflejos.com.ar\/2021\/?s={search_term_string}\"},\"query-input\":{\"@type\":\"PropertyValueSpecification\",\"valueRequired\":true,\"valueName\":\"search_term_string\"}}],\"inLanguage\":\"es\"},{\"@type\":\"Person\",\"@id\":\"https:\/\/www.noticiasradioreflejos.com.ar\/2021\/#\/schema\/person\/ad82545263dcc5ec0996818884fd5fb1\",\"name\":\"Arnaldo Botto\",\"image\":{\"@type\":\"ImageObject\",\"inLanguage\":\"es\",\"@id\":\"https:\/\/www.noticiasradioreflejos.com.ar\/2021\/#\/schema\/person\/image\/\",\"url\":\"https:\/\/secure.gravatar.com\/avatar\/55cb5e37c1efa326397366e6974cb338056df65cb50e7d64d1cf314e87504837?s=96&d=mm&r=g\",\"contentUrl\":\"https:\/\/secure.gravatar.com\/avatar\/55cb5e37c1efa326397366e6974cb338056df65cb50e7d64d1cf314e87504837?s=96&d=mm&r=g\",\"caption\":\"Arnaldo Botto\"},\"url\":\"https:\/\/www.noticiasradioreflejos.com.ar\/2021\/author\/arnaldo\/\"}]}<\/script>\n<!-- \/ Yoast SEO plugin. -->","yoast_head_json":{"title":"Regional Bonaerense Sub-16: Sudoeste pis\u00f3 fuerte en Bah\u00eda Blanca - Noticias Radio Reflejos","robots":{"index":"index","follow":"follow","max-snippet":"max-snippet:-1","max-image-preview":"max-image-preview:large","max-video-preview":"max-video-preview:-1"},"canonical":"https:\/\/www.noticiasradioreflejos.com.ar\/2021\/regional-bonaerense-sub-16-sudoeste-piso-fuerte-en-bahia-blanca\/","og_locale":"es_ES","og_type":"article","og_title":"Regional Bonaerense Sub-16: Sudoeste pis\u00f3 fuerte en Bah\u00eda Blanca - Noticias Radio Reflejos","og_description":"La Federaci\u00f3n de Hockey del Sudoeste Bonaerense (FHSB) logr\u00f3 el cuarto puesto en el Campeonato Regional Bonaerense de Selecciones Sub-16, desarrollado del \u00faltimo jueves a este domingo en Bah\u00eda Blanca. Por dem\u00e1s meritoria la posici\u00f3n en la que concluy\u00f3 el representativo dirigido por Gabriel Riquelme, teniendo en cuenta que los tres equipos que ocuparon el [&hellip;]","og_url":"https:\/\/www.noticiasradioreflejos.com.ar\/2021\/regional-bonaerense-sub-16-sudoeste-piso-fuerte-en-bahia-blanca\/","og_site_name":"Noticias Radio Reflejos","article_published_time":"2018-07-17T11:14:14+00:00","og_image":[{"width":300,"height":200,"url":"https:\/\/www.noticiasradioreflejos.com.ar\/2021\/wp-content\/uploads\/2021\/07\/logosol300x200.png","type":"image\/png"}],"author":"Arnaldo Botto","twitter_card":"summary_large_image","schema":{"@context":"https:\/\/schema.org","@graph":[{"@type":"WebPage","@id":"https:\/\/www.noticiasradioreflejos.com.ar\/2021\/regional-bonaerense-sub-16-sudoeste-piso-fuerte-en-bahia-blanca\/","url":"https:\/\/www.noticiasradioreflejos.com.ar\/2021\/regional-bonaerense-sub-16-sudoeste-piso-fuerte-en-bahia-blanca\/","name":"Regional Bonaerense Sub-16: Sudoeste pis\u00f3 fuerte en Bah\u00eda Blanca - Noticias Radio Reflejos","isPartOf":{"@id":"https:\/\/www.noticiasradioreflejos.com.ar\/2021\/#website"},"datePublished":"2018-07-17T11:14:14+00:00","author":{"@id":"https:\/\/www.noticiasradioreflejos.com.ar\/2021\/#\/schema\/person\/ad82545263dcc5ec0996818884fd5fb1"},"breadcrumb":{"@id":"https:\/\/www.noticiasradioreflejos.com.ar\/2021\/regional-bonaerense-sub-16-sudoeste-piso-fuerte-en-bahia-blanca\/#breadcrumb"},"inLanguage":"es","potentialAction":[{"@type":"ReadAction","target":["https:\/\/www.noticiasradioreflejos.com.ar\/2021\/regional-bonaerense-sub-16-sudoeste-piso-fuerte-en-bahia-blanca\/"]}]},{"@type":"BreadcrumbList","@id":"https:\/\/www.noticiasradioreflejos.com.ar\/2021\/regional-bonaerense-sub-16-sudoeste-piso-fuerte-en-bahia-blanca\/#breadcrumb","itemListElement":[{"@type":"ListItem","position":1,"name":"Portada","item":"https:\/\/www.noticiasradioreflejos.com.ar\/2021\/"},{"@type":"ListItem","position":2,"name":"Regional Bonaerense Sub-16: Sudoeste pis\u00f3 fuerte en Bah\u00eda Blanca"}]},{"@type":"WebSite","@id":"https:\/\/www.noticiasradioreflejos.com.ar\/2021\/#website","url":"https:\/\/www.noticiasradioreflejos.com.ar\/2021\/","name":"Noticias Radio Reflejos","description":"Las noticias de mi comarca","potentialAction":[{"@type":"SearchAction","target":{"@type":"EntryPoint","urlTemplate":"https:\/\/www.noticiasradioreflejos.com.ar\/2021\/?s={search_term_string}"},"query-input":{"@type":"PropertyValueSpecification","valueRequired":true,"valueName":"search_term_string"}}],"inLanguage":"es"},{"@type":"Person","@id":"https:\/\/www.noticiasradioreflejos.com.ar\/2021\/#\/schema\/person\/ad82545263dcc5ec0996818884fd5fb1","name":"Arnaldo Botto","image":{"@type":"ImageObject","inLanguage":"es","@id":"https:\/\/www.noticiasradioreflejos.com.ar\/2021\/#\/schema\/person\/image\/","url":"https:\/\/secure.gravatar.com\/avatar\/55cb5e37c1efa326397366e6974cb338056df65cb50e7d64d1cf314e87504837?s=96&d=mm&r=g","contentUrl":"https:\/\/secure.gravatar.com\/avatar\/55cb5e37c1efa326397366e6974cb338056df65cb50e7d64d1cf314e87504837?s=96&d=mm&r=g","caption":"Arnaldo Botto"},"url":"https:\/\/www.noticiasradioreflejos.com.ar\/2021\/author\/arnaldo\/"}]}},"_links":{"self":[{"href":"https:\/\/www.noticiasradioreflejos.com.ar\/2021\/wp-json\/wp\/v2\/posts\/23316","targetHints":{"allow":["GET"]}}],"collection":[{"href":"https:\/\/www.noticiasradioreflejos.com.ar\/2021\/wp-json\/wp\/v2\/posts"}],"about":[{"href":"https:\/\/www.noticiasradioreflejos.com.ar\/2021\/wp-json\/wp\/v2\/types\/post"}],"author":[{"embeddable":true,"href":"https:\/\/www.noticiasradioreflejos.com.ar\/2021\/wp-json\/wp\/v2\/users\/3"}],"replies":[{"embeddable":true,"href":"https:\/\/www.noticiasradioreflejos.com.ar\/2021\/wp-json\/wp\/v2\/comments?post=23316"}],"version-history":[{"count":0,"href":"https:\/\/www.noticiasradioreflejos.com.ar\/2021\/wp-json\/wp\/v2\/posts\/23316\/revisions"}],"wp:attachment":[{"href":"https:\/\/www.noticiasradioreflejos.com.ar\/2021\/wp-json\/wp\/v2\/media?parent=23316"}],"wp:term":[{"taxonomy":"category","embeddable":true,"href":"https:\/\/www.noticiasradioreflejos.com.ar\/2021\/wp-json\/wp\/v2\/categories?post=23316"},{"taxonomy":"post_tag","embeddable":true,"href":"https:\/\/www.noticiasradioreflejos.com.ar\/2021\/wp-json\/wp\/v2\/tags?post=23316"}],"curies":[{"name":"wp","href":"https:\/\/api.w.org\/{rel}","templated":true}]}}