{"id":23211,"date":"2018-07-13T16:05:02","date_gmt":"2018-07-13T19:05:02","guid":{"rendered":"http:\/\/www.noticiasradioreflejos.com.ar\/noticias\/?p=23211"},"modified":"2018-07-13T16:05:02","modified_gmt":"2018-07-13T19:05:02","slug":"teniamos-razon-la-justicia-ordena-se-convoque-a-paritarias-en-5-dias","status":"publish","type":"post","link":"https:\/\/www.noticiasradioreflejos.com.ar\/2021\/teniamos-razon-la-justicia-ordena-se-convoque-a-paritarias-en-5-dias\/","title":{"rendered":"Ten\u00edamos raz\u00f3n, la justicia ordena se convoque a paritarias en 5 d\u00edas"},"content":{"rendered":"<p>\u00a1BASTA DE AJUSTE EN EDUCACI\u00d3N!<br \/>\nEn el d\u00eda de hoy, en el marco de un amparo sindical presentado por el Frente de Unidad Docente Bonaerense, el Tribunal de Trabajo N\u00ba1 de La Plata resolvi\u00f3 intimar al Ministerio de Trabajo de la Provincia de Buenos Aires a que convoque a Paritaria Provincial Docente.<!--more--><br \/>\nProcediendo a la reapertura de la negociaci\u00f3n sobre el ajuste salarial de lxs Trabajadorxs de la Educaci\u00f3n en el plazo de los pr\u00f3ximos cinco (5) d\u00edas, bajo apercibimiento de disponerse la aplicaci\u00f3n de sanciones econ\u00f3micas al Ministerio de Trabajo de la Provincia de Buenos Aires.<br \/>\n\u00a1BASTA DE AJUSTE EN EDUCACI\u00d3N!<br \/>\n\u00a1SALARIOS DIGNOS, ESCUELAS DIGNAS!<br \/>\nFRENTE DE UNIDAD DOCENTE BONAERENSE<br \/>\nAMET- FEB -SADOP -SUTEBA -UDOCBA<\/p>\n","protected":false},"excerpt":{"rendered":"<p>\u00a1BASTA DE AJUSTE EN EDUCACI\u00d3N! En el d\u00eda de hoy, en el marco de un amparo sindical presentado por el Frente de Unidad Docente Bonaerense, el Tribunal de Trabajo N\u00ba1 de La Plata resolvi\u00f3 intimar al Ministerio de Trabajo de la Provincia de Buenos Aires a que convoque a Paritaria Provincial Docente.<\/p>\n","protected":false},"author":3,"featured_media":0,"comment_status":"closed","ping_status":"open","sticky":false,"template":"","format":"standard","meta":{"footnotes":""},"categories":[34],"tags":[],"class_list":["post-23211","post","type-post","status-publish","format-standard","hentry","category-educacion"],"yoast_head":"<!-- This site is optimized with the Yoast SEO plugin v25.9 - https:\/\/yoast.com\/wordpress\/plugins\/seo\/ -->\n<title>Ten\u00edamos raz\u00f3n, la justicia ordena se convoque a paritarias en 5 d\u00edas - Noticias Radio Reflejos<\/title>\n<meta name=\"robots\" content=\"index, follow, max-snippet:-1, max-image-preview:large, max-video-preview:-1\" \/>\n<link rel=\"canonical\" href=\"https:\/\/www.noticiasradioreflejos.com.ar\/2021\/teniamos-razon-la-justicia-ordena-se-convoque-a-paritarias-en-5-dias\/\" \/>\n<meta property=\"og:locale\" content=\"es_ES\" \/>\n<meta property=\"og:type\" content=\"article\" \/>\n<meta property=\"og:title\" content=\"Ten\u00edamos raz\u00f3n, la justicia ordena se convoque a paritarias en 5 d\u00edas - Noticias Radio Reflejos\" \/>\n<meta property=\"og:description\" content=\"\u00a1BASTA DE AJUSTE EN EDUCACI\u00d3N! En el d\u00eda de hoy, en el marco de un amparo sindical presentado por el Frente de Unidad Docente Bonaerense, el Tribunal de Trabajo N\u00ba1 de La Plata resolvi\u00f3 intimar al Ministerio de Trabajo de la Provincia de Buenos Aires a que convoque a Paritaria Provincial Docente.\" \/>\n<meta property=\"og:url\" content=\"https:\/\/www.noticiasradioreflejos.com.ar\/2021\/teniamos-razon-la-justicia-ordena-se-convoque-a-paritarias-en-5-dias\/\" \/>\n<meta property=\"og:site_name\" content=\"Noticias Radio Reflejos\" \/>\n<meta property=\"article:published_time\" content=\"2018-07-13T19:05:02+00:00\" \/>\n<meta property=\"og:image\" content=\"https:\/\/www.noticiasradioreflejos.com.ar\/2021\/wp-content\/uploads\/2021\/07\/logosol300x200.png\" \/>\n\t<meta property=\"og:image:width\" content=\"300\" \/>\n\t<meta property=\"og:image:height\" content=\"200\" \/>\n\t<meta property=\"og:image:type\" content=\"image\/png\" \/>\n<meta name=\"author\" content=\"Arnaldo Botto\" \/>\n<meta name=\"twitter:card\" content=\"summary_large_image\" \/>\n<script type=\"application\/ld+json\" class=\"yoast-schema-graph\">{\"@context\":\"https:\/\/schema.org\",\"@graph\":[{\"@type\":\"WebPage\",\"@id\":\"https:\/\/www.noticiasradioreflejos.com.ar\/2021\/teniamos-razon-la-justicia-ordena-se-convoque-a-paritarias-en-5-dias\/\",\"url\":\"https:\/\/www.noticiasradioreflejos.com.ar\/2021\/teniamos-razon-la-justicia-ordena-se-convoque-a-paritarias-en-5-dias\/\",\"name\":\"Ten\u00edamos raz\u00f3n, la justicia ordena se convoque a paritarias en 5 d\u00edas - Noticias Radio Reflejos\",\"isPartOf\":{\"@id\":\"https:\/\/www.noticiasradioreflejos.com.ar\/2021\/#website\"},\"datePublished\":\"2018-07-13T19:05:02+00:00\",\"author\":{\"@id\":\"https:\/\/www.noticiasradioreflejos.com.ar\/2021\/#\/schema\/person\/ad82545263dcc5ec0996818884fd5fb1\"},\"breadcrumb\":{\"@id\":\"https:\/\/www.noticiasradioreflejos.com.ar\/2021\/teniamos-razon-la-justicia-ordena-se-convoque-a-paritarias-en-5-dias\/#breadcrumb\"},\"inLanguage\":\"es\",\"potentialAction\":[{\"@type\":\"ReadAction\",\"target\":[\"https:\/\/www.noticiasradioreflejos.com.ar\/2021\/teniamos-razon-la-justicia-ordena-se-convoque-a-paritarias-en-5-dias\/\"]}]},{\"@type\":\"BreadcrumbList\",\"@id\":\"https:\/\/www.noticiasradioreflejos.com.ar\/2021\/teniamos-razon-la-justicia-ordena-se-convoque-a-paritarias-en-5-dias\/#breadcrumb\",\"itemListElement\":[{\"@type\":\"ListItem\",\"position\":1,\"name\":\"Portada\",\"item\":\"https:\/\/www.noticiasradioreflejos.com.ar\/2021\/\"},{\"@type\":\"ListItem\",\"position\":2,\"name\":\"Ten\u00edamos raz\u00f3n, la justicia ordena se convoque a paritarias en 5 d\u00edas\"}]},{\"@type\":\"WebSite\",\"@id\":\"https:\/\/www.noticiasradioreflejos.com.ar\/2021\/#website\",\"url\":\"https:\/\/www.noticiasradioreflejos.com.ar\/2021\/\",\"name\":\"Noticias Radio Reflejos\",\"description\":\"Las noticias de mi comarca\",\"potentialAction\":[{\"@type\":\"SearchAction\",\"target\":{\"@type\":\"EntryPoint\",\"urlTemplate\":\"https:\/\/www.noticiasradioreflejos.com.ar\/2021\/?s={search_term_string}\"},\"query-input\":{\"@type\":\"PropertyValueSpecification\",\"valueRequired\":true,\"valueName\":\"search_term_string\"}}],\"inLanguage\":\"es\"},{\"@type\":\"Person\",\"@id\":\"https:\/\/www.noticiasradioreflejos.com.ar\/2021\/#\/schema\/person\/ad82545263dcc5ec0996818884fd5fb1\",\"name\":\"Arnaldo Botto\",\"image\":{\"@type\":\"ImageObject\",\"inLanguage\":\"es\",\"@id\":\"https:\/\/www.noticiasradioreflejos.com.ar\/2021\/#\/schema\/person\/image\/\",\"url\":\"https:\/\/secure.gravatar.com\/avatar\/55cb5e37c1efa326397366e6974cb338056df65cb50e7d64d1cf314e87504837?s=96&d=mm&r=g\",\"contentUrl\":\"https:\/\/secure.gravatar.com\/avatar\/55cb5e37c1efa326397366e6974cb338056df65cb50e7d64d1cf314e87504837?s=96&d=mm&r=g\",\"caption\":\"Arnaldo Botto\"},\"url\":\"https:\/\/www.noticiasradioreflejos.com.ar\/2021\/author\/arnaldo\/\"}]}<\/script>\n<!-- \/ Yoast SEO plugin. -->","yoast_head_json":{"title":"Ten\u00edamos raz\u00f3n, la justicia ordena se convoque a paritarias en 5 d\u00edas - Noticias Radio Reflejos","robots":{"index":"index","follow":"follow","max-snippet":"max-snippet:-1","max-image-preview":"max-image-preview:large","max-video-preview":"max-video-preview:-1"},"canonical":"https:\/\/www.noticiasradioreflejos.com.ar\/2021\/teniamos-razon-la-justicia-ordena-se-convoque-a-paritarias-en-5-dias\/","og_locale":"es_ES","og_type":"article","og_title":"Ten\u00edamos raz\u00f3n, la justicia ordena se convoque a paritarias en 5 d\u00edas - Noticias Radio Reflejos","og_description":"\u00a1BASTA DE AJUSTE EN EDUCACI\u00d3N! En el d\u00eda de hoy, en el marco de un amparo sindical presentado por el Frente de Unidad Docente Bonaerense, el Tribunal de Trabajo N\u00ba1 de La Plata resolvi\u00f3 intimar al Ministerio de Trabajo de la Provincia de Buenos Aires a que convoque a Paritaria Provincial Docente.","og_url":"https:\/\/www.noticiasradioreflejos.com.ar\/2021\/teniamos-razon-la-justicia-ordena-se-convoque-a-paritarias-en-5-dias\/","og_site_name":"Noticias Radio Reflejos","article_published_time":"2018-07-13T19:05:02+00:00","og_image":[{"width":300,"height":200,"url":"https:\/\/www.noticiasradioreflejos.com.ar\/2021\/wp-content\/uploads\/2021\/07\/logosol300x200.png","type":"image\/png"}],"author":"Arnaldo Botto","twitter_card":"summary_large_image","schema":{"@context":"https:\/\/schema.org","@graph":[{"@type":"WebPage","@id":"https:\/\/www.noticiasradioreflejos.com.ar\/2021\/teniamos-razon-la-justicia-ordena-se-convoque-a-paritarias-en-5-dias\/","url":"https:\/\/www.noticiasradioreflejos.com.ar\/2021\/teniamos-razon-la-justicia-ordena-se-convoque-a-paritarias-en-5-dias\/","name":"Ten\u00edamos raz\u00f3n, la justicia ordena se convoque a paritarias en 5 d\u00edas - Noticias Radio Reflejos","isPartOf":{"@id":"https:\/\/www.noticiasradioreflejos.com.ar\/2021\/#website"},"datePublished":"2018-07-13T19:05:02+00:00","author":{"@id":"https:\/\/www.noticiasradioreflejos.com.ar\/2021\/#\/schema\/person\/ad82545263dcc5ec0996818884fd5fb1"},"breadcrumb":{"@id":"https:\/\/www.noticiasradioreflejos.com.ar\/2021\/teniamos-razon-la-justicia-ordena-se-convoque-a-paritarias-en-5-dias\/#breadcrumb"},"inLanguage":"es","potentialAction":[{"@type":"ReadAction","target":["https:\/\/www.noticiasradioreflejos.com.ar\/2021\/teniamos-razon-la-justicia-ordena-se-convoque-a-paritarias-en-5-dias\/"]}]},{"@type":"BreadcrumbList","@id":"https:\/\/www.noticiasradioreflejos.com.ar\/2021\/teniamos-razon-la-justicia-ordena-se-convoque-a-paritarias-en-5-dias\/#breadcrumb","itemListElement":[{"@type":"ListItem","position":1,"name":"Portada","item":"https:\/\/www.noticiasradioreflejos.com.ar\/2021\/"},{"@type":"ListItem","position":2,"name":"Ten\u00edamos raz\u00f3n, la justicia ordena se convoque a paritarias en 5 d\u00edas"}]},{"@type":"WebSite","@id":"https:\/\/www.noticiasradioreflejos.com.ar\/2021\/#website","url":"https:\/\/www.noticiasradioreflejos.com.ar\/2021\/","name":"Noticias Radio Reflejos","description":"Las noticias de mi comarca","potentialAction":[{"@type":"SearchAction","target":{"@type":"EntryPoint","urlTemplate":"https:\/\/www.noticiasradioreflejos.com.ar\/2021\/?s={search_term_string}"},"query-input":{"@type":"PropertyValueSpecification","valueRequired":true,"valueName":"search_term_string"}}],"inLanguage":"es"},{"@type":"Person","@id":"https:\/\/www.noticiasradioreflejos.com.ar\/2021\/#\/schema\/person\/ad82545263dcc5ec0996818884fd5fb1","name":"Arnaldo Botto","image":{"@type":"ImageObject","inLanguage":"es","@id":"https:\/\/www.noticiasradioreflejos.com.ar\/2021\/#\/schema\/person\/image\/","url":"https:\/\/secure.gravatar.com\/avatar\/55cb5e37c1efa326397366e6974cb338056df65cb50e7d64d1cf314e87504837?s=96&d=mm&r=g","contentUrl":"https:\/\/secure.gravatar.com\/avatar\/55cb5e37c1efa326397366e6974cb338056df65cb50e7d64d1cf314e87504837?s=96&d=mm&r=g","caption":"Arnaldo Botto"},"url":"https:\/\/www.noticiasradioreflejos.com.ar\/2021\/author\/arnaldo\/"}]}},"_links":{"self":[{"href":"https:\/\/www.noticiasradioreflejos.com.ar\/2021\/wp-json\/wp\/v2\/posts\/23211","targetHints":{"allow":["GET"]}}],"collection":[{"href":"https:\/\/www.noticiasradioreflejos.com.ar\/2021\/wp-json\/wp\/v2\/posts"}],"about":[{"href":"https:\/\/www.noticiasradioreflejos.com.ar\/2021\/wp-json\/wp\/v2\/types\/post"}],"author":[{"embeddable":true,"href":"https:\/\/www.noticiasradioreflejos.com.ar\/2021\/wp-json\/wp\/v2\/users\/3"}],"replies":[{"embeddable":true,"href":"https:\/\/www.noticiasradioreflejos.com.ar\/2021\/wp-json\/wp\/v2\/comments?post=23211"}],"version-history":[{"count":0,"href":"https:\/\/www.noticiasradioreflejos.com.ar\/2021\/wp-json\/wp\/v2\/posts\/23211\/revisions"}],"wp:attachment":[{"href":"https:\/\/www.noticiasradioreflejos.com.ar\/2021\/wp-json\/wp\/v2\/media?parent=23211"}],"wp:term":[{"taxonomy":"category","embeddable":true,"href":"https:\/\/www.noticiasradioreflejos.com.ar\/2021\/wp-json\/wp\/v2\/categories?post=23211"},{"taxonomy":"post_tag","embeddable":true,"href":"https:\/\/www.noticiasradioreflejos.com.ar\/2021\/wp-json\/wp\/v2\/tags?post=23211"}],"curies":[{"name":"wp","href":"https:\/\/api.w.org\/{rel}","templated":true}]}}