{"id":23209,"date":"2018-07-13T15:59:49","date_gmt":"2018-07-13T18:59:49","guid":{"rendered":"http:\/\/www.noticiasradioreflejos.com.ar\/noticias\/?p=23209"},"modified":"2018-07-13T15:59:49","modified_gmt":"2018-07-13T18:59:49","slug":"agradecimiento-elige-tu-propia-aventura","status":"publish","type":"post","link":"https:\/\/www.noticiasradioreflejos.com.ar\/2021\/agradecimiento-elige-tu-propia-aventura\/","title":{"rendered":"Agradecimiento \u2013 \u201cElige tu Propia Aventura\u201d"},"content":{"rendered":"<p>El Servicio de Salud Mental, la Direcci\u00f3n de Juventud y la Direcci\u00f3n de Cultura de la Municipalidad de Tornquist, hacen p\u00fablico su agradecimiento a la Sra. Inspectora Jefe Distrital Mar\u00eda Rosa Gonz\u00e1lez por permitir y acompa\u00f1ar el Proyecto \u201cElige tu propia Aventura\u201d.<!--more--><br \/>\nA los moderadores del evento: Cecilia Cleppe, Claudia Marcolini, Susana Marcolini, Mar\u00eda de los \u00c1ngeles Daguerre, Mar\u00eda Bel\u00e9n Marcolini, Vico Frattini, Celeste Albano, Sof\u00eda Urriaga; por su desinteresada colaboraci\u00f3n. A la Sociedad Italiana de S.M. por permitir el uso de sus instalaciones sociales. A las Escuelas Secundarias del Distrito por su participaci\u00f3n. Y finalmente a todos aquellos profesionales, comerciantes y\/o trabajadores que brindaron su experiencia a nuestros j\u00f3venes.<br \/>\nMUCHAS GRACIAS A TODOS<\/p>\n","protected":false},"excerpt":{"rendered":"<p>El Servicio de Salud Mental, la Direcci\u00f3n de Juventud y la Direcci\u00f3n de Cultura de la Municipalidad de Tornquist, hacen p\u00fablico su agradecimiento a la Sra. Inspectora Jefe Distrital Mar\u00eda Rosa Gonz\u00e1lez por permitir y acompa\u00f1ar el Proyecto \u201cElige tu propia Aventura\u201d.<\/p>\n","protected":false},"author":3,"featured_media":0,"comment_status":"closed","ping_status":"open","sticky":false,"template":"","format":"standard","meta":{"footnotes":""},"categories":[26],"tags":[],"class_list":["post-23209","post","type-post","status-publish","format-standard","hentry","category-sociedad"],"yoast_head":"<!-- This site is optimized with the Yoast SEO plugin v25.9 - https:\/\/yoast.com\/wordpress\/plugins\/seo\/ -->\n<title>Agradecimiento \u2013 \u201cElige tu Propia Aventura\u201d - Noticias Radio Reflejos<\/title>\n<meta name=\"robots\" content=\"index, follow, max-snippet:-1, max-image-preview:large, max-video-preview:-1\" \/>\n<link rel=\"canonical\" href=\"https:\/\/www.noticiasradioreflejos.com.ar\/2021\/agradecimiento-elige-tu-propia-aventura\/\" \/>\n<meta property=\"og:locale\" content=\"es_ES\" \/>\n<meta property=\"og:type\" content=\"article\" \/>\n<meta property=\"og:title\" content=\"Agradecimiento \u2013 \u201cElige tu Propia Aventura\u201d - Noticias Radio Reflejos\" \/>\n<meta property=\"og:description\" content=\"El Servicio de Salud Mental, la Direcci\u00f3n de Juventud y la Direcci\u00f3n de Cultura de la Municipalidad de Tornquist, hacen p\u00fablico su agradecimiento a la Sra. Inspectora Jefe Distrital Mar\u00eda Rosa Gonz\u00e1lez por permitir y acompa\u00f1ar el Proyecto \u201cElige tu propia Aventura\u201d.\" \/>\n<meta property=\"og:url\" content=\"https:\/\/www.noticiasradioreflejos.com.ar\/2021\/agradecimiento-elige-tu-propia-aventura\/\" \/>\n<meta property=\"og:site_name\" content=\"Noticias Radio Reflejos\" \/>\n<meta property=\"article:published_time\" content=\"2018-07-13T18:59:49+00:00\" \/>\n<meta property=\"og:image\" content=\"https:\/\/www.noticiasradioreflejos.com.ar\/2021\/wp-content\/uploads\/2021\/07\/logosol300x200.png\" \/>\n\t<meta property=\"og:image:width\" content=\"300\" \/>\n\t<meta property=\"og:image:height\" content=\"200\" \/>\n\t<meta property=\"og:image:type\" content=\"image\/png\" \/>\n<meta name=\"author\" content=\"Arnaldo Botto\" \/>\n<meta name=\"twitter:card\" content=\"summary_large_image\" \/>\n<script type=\"application\/ld+json\" class=\"yoast-schema-graph\">{\"@context\":\"https:\/\/schema.org\",\"@graph\":[{\"@type\":\"WebPage\",\"@id\":\"https:\/\/www.noticiasradioreflejos.com.ar\/2021\/agradecimiento-elige-tu-propia-aventura\/\",\"url\":\"https:\/\/www.noticiasradioreflejos.com.ar\/2021\/agradecimiento-elige-tu-propia-aventura\/\",\"name\":\"Agradecimiento \u2013 \u201cElige tu Propia Aventura\u201d - Noticias Radio Reflejos\",\"isPartOf\":{\"@id\":\"https:\/\/www.noticiasradioreflejos.com.ar\/2021\/#website\"},\"datePublished\":\"2018-07-13T18:59:49+00:00\",\"author\":{\"@id\":\"https:\/\/www.noticiasradioreflejos.com.ar\/2021\/#\/schema\/person\/ad82545263dcc5ec0996818884fd5fb1\"},\"breadcrumb\":{\"@id\":\"https:\/\/www.noticiasradioreflejos.com.ar\/2021\/agradecimiento-elige-tu-propia-aventura\/#breadcrumb\"},\"inLanguage\":\"es\",\"potentialAction\":[{\"@type\":\"ReadAction\",\"target\":[\"https:\/\/www.noticiasradioreflejos.com.ar\/2021\/agradecimiento-elige-tu-propia-aventura\/\"]}]},{\"@type\":\"BreadcrumbList\",\"@id\":\"https:\/\/www.noticiasradioreflejos.com.ar\/2021\/agradecimiento-elige-tu-propia-aventura\/#breadcrumb\",\"itemListElement\":[{\"@type\":\"ListItem\",\"position\":1,\"name\":\"Portada\",\"item\":\"https:\/\/www.noticiasradioreflejos.com.ar\/2021\/\"},{\"@type\":\"ListItem\",\"position\":2,\"name\":\"Agradecimiento \u2013 \u201cElige tu Propia Aventura\u201d\"}]},{\"@type\":\"WebSite\",\"@id\":\"https:\/\/www.noticiasradioreflejos.com.ar\/2021\/#website\",\"url\":\"https:\/\/www.noticiasradioreflejos.com.ar\/2021\/\",\"name\":\"Noticias Radio Reflejos\",\"description\":\"Las noticias de mi comarca\",\"potentialAction\":[{\"@type\":\"SearchAction\",\"target\":{\"@type\":\"EntryPoint\",\"urlTemplate\":\"https:\/\/www.noticiasradioreflejos.com.ar\/2021\/?s={search_term_string}\"},\"query-input\":{\"@type\":\"PropertyValueSpecification\",\"valueRequired\":true,\"valueName\":\"search_term_string\"}}],\"inLanguage\":\"es\"},{\"@type\":\"Person\",\"@id\":\"https:\/\/www.noticiasradioreflejos.com.ar\/2021\/#\/schema\/person\/ad82545263dcc5ec0996818884fd5fb1\",\"name\":\"Arnaldo Botto\",\"image\":{\"@type\":\"ImageObject\",\"inLanguage\":\"es\",\"@id\":\"https:\/\/www.noticiasradioreflejos.com.ar\/2021\/#\/schema\/person\/image\/\",\"url\":\"https:\/\/secure.gravatar.com\/avatar\/55cb5e37c1efa326397366e6974cb338056df65cb50e7d64d1cf314e87504837?s=96&d=mm&r=g\",\"contentUrl\":\"https:\/\/secure.gravatar.com\/avatar\/55cb5e37c1efa326397366e6974cb338056df65cb50e7d64d1cf314e87504837?s=96&d=mm&r=g\",\"caption\":\"Arnaldo Botto\"},\"url\":\"https:\/\/www.noticiasradioreflejos.com.ar\/2021\/author\/arnaldo\/\"}]}<\/script>\n<!-- \/ Yoast SEO plugin. -->","yoast_head_json":{"title":"Agradecimiento \u2013 \u201cElige tu Propia Aventura\u201d - Noticias Radio Reflejos","robots":{"index":"index","follow":"follow","max-snippet":"max-snippet:-1","max-image-preview":"max-image-preview:large","max-video-preview":"max-video-preview:-1"},"canonical":"https:\/\/www.noticiasradioreflejos.com.ar\/2021\/agradecimiento-elige-tu-propia-aventura\/","og_locale":"es_ES","og_type":"article","og_title":"Agradecimiento \u2013 \u201cElige tu Propia Aventura\u201d - Noticias Radio Reflejos","og_description":"El Servicio de Salud Mental, la Direcci\u00f3n de Juventud y la Direcci\u00f3n de Cultura de la Municipalidad de Tornquist, hacen p\u00fablico su agradecimiento a la Sra. Inspectora Jefe Distrital Mar\u00eda Rosa Gonz\u00e1lez por permitir y acompa\u00f1ar el Proyecto \u201cElige tu propia Aventura\u201d.","og_url":"https:\/\/www.noticiasradioreflejos.com.ar\/2021\/agradecimiento-elige-tu-propia-aventura\/","og_site_name":"Noticias Radio Reflejos","article_published_time":"2018-07-13T18:59:49+00:00","og_image":[{"width":300,"height":200,"url":"https:\/\/www.noticiasradioreflejos.com.ar\/2021\/wp-content\/uploads\/2021\/07\/logosol300x200.png","type":"image\/png"}],"author":"Arnaldo Botto","twitter_card":"summary_large_image","schema":{"@context":"https:\/\/schema.org","@graph":[{"@type":"WebPage","@id":"https:\/\/www.noticiasradioreflejos.com.ar\/2021\/agradecimiento-elige-tu-propia-aventura\/","url":"https:\/\/www.noticiasradioreflejos.com.ar\/2021\/agradecimiento-elige-tu-propia-aventura\/","name":"Agradecimiento \u2013 \u201cElige tu Propia Aventura\u201d - Noticias Radio Reflejos","isPartOf":{"@id":"https:\/\/www.noticiasradioreflejos.com.ar\/2021\/#website"},"datePublished":"2018-07-13T18:59:49+00:00","author":{"@id":"https:\/\/www.noticiasradioreflejos.com.ar\/2021\/#\/schema\/person\/ad82545263dcc5ec0996818884fd5fb1"},"breadcrumb":{"@id":"https:\/\/www.noticiasradioreflejos.com.ar\/2021\/agradecimiento-elige-tu-propia-aventura\/#breadcrumb"},"inLanguage":"es","potentialAction":[{"@type":"ReadAction","target":["https:\/\/www.noticiasradioreflejos.com.ar\/2021\/agradecimiento-elige-tu-propia-aventura\/"]}]},{"@type":"BreadcrumbList","@id":"https:\/\/www.noticiasradioreflejos.com.ar\/2021\/agradecimiento-elige-tu-propia-aventura\/#breadcrumb","itemListElement":[{"@type":"ListItem","position":1,"name":"Portada","item":"https:\/\/www.noticiasradioreflejos.com.ar\/2021\/"},{"@type":"ListItem","position":2,"name":"Agradecimiento \u2013 \u201cElige tu Propia Aventura\u201d"}]},{"@type":"WebSite","@id":"https:\/\/www.noticiasradioreflejos.com.ar\/2021\/#website","url":"https:\/\/www.noticiasradioreflejos.com.ar\/2021\/","name":"Noticias Radio Reflejos","description":"Las noticias de mi comarca","potentialAction":[{"@type":"SearchAction","target":{"@type":"EntryPoint","urlTemplate":"https:\/\/www.noticiasradioreflejos.com.ar\/2021\/?s={search_term_string}"},"query-input":{"@type":"PropertyValueSpecification","valueRequired":true,"valueName":"search_term_string"}}],"inLanguage":"es"},{"@type":"Person","@id":"https:\/\/www.noticiasradioreflejos.com.ar\/2021\/#\/schema\/person\/ad82545263dcc5ec0996818884fd5fb1","name":"Arnaldo Botto","image":{"@type":"ImageObject","inLanguage":"es","@id":"https:\/\/www.noticiasradioreflejos.com.ar\/2021\/#\/schema\/person\/image\/","url":"https:\/\/secure.gravatar.com\/avatar\/55cb5e37c1efa326397366e6974cb338056df65cb50e7d64d1cf314e87504837?s=96&d=mm&r=g","contentUrl":"https:\/\/secure.gravatar.com\/avatar\/55cb5e37c1efa326397366e6974cb338056df65cb50e7d64d1cf314e87504837?s=96&d=mm&r=g","caption":"Arnaldo Botto"},"url":"https:\/\/www.noticiasradioreflejos.com.ar\/2021\/author\/arnaldo\/"}]}},"_links":{"self":[{"href":"https:\/\/www.noticiasradioreflejos.com.ar\/2021\/wp-json\/wp\/v2\/posts\/23209","targetHints":{"allow":["GET"]}}],"collection":[{"href":"https:\/\/www.noticiasradioreflejos.com.ar\/2021\/wp-json\/wp\/v2\/posts"}],"about":[{"href":"https:\/\/www.noticiasradioreflejos.com.ar\/2021\/wp-json\/wp\/v2\/types\/post"}],"author":[{"embeddable":true,"href":"https:\/\/www.noticiasradioreflejos.com.ar\/2021\/wp-json\/wp\/v2\/users\/3"}],"replies":[{"embeddable":true,"href":"https:\/\/www.noticiasradioreflejos.com.ar\/2021\/wp-json\/wp\/v2\/comments?post=23209"}],"version-history":[{"count":0,"href":"https:\/\/www.noticiasradioreflejos.com.ar\/2021\/wp-json\/wp\/v2\/posts\/23209\/revisions"}],"wp:attachment":[{"href":"https:\/\/www.noticiasradioreflejos.com.ar\/2021\/wp-json\/wp\/v2\/media?parent=23209"}],"wp:term":[{"taxonomy":"category","embeddable":true,"href":"https:\/\/www.noticiasradioreflejos.com.ar\/2021\/wp-json\/wp\/v2\/categories?post=23209"},{"taxonomy":"post_tag","embeddable":true,"href":"https:\/\/www.noticiasradioreflejos.com.ar\/2021\/wp-json\/wp\/v2\/tags?post=23209"}],"curies":[{"name":"wp","href":"https:\/\/api.w.org\/{rel}","templated":true}]}}