{"id":23182,"date":"2018-07-12T12:05:03","date_gmt":"2018-07-12T15:05:03","guid":{"rendered":"http:\/\/www.noticiasradioreflejos.com.ar\/noticias\/?p=23182"},"modified":"2018-07-12T12:05:03","modified_gmt":"2018-07-12T15:05:03","slug":"segundas-jornadas-de-trabajo-sobre-orientacion-vocacional","status":"publish","type":"post","link":"https:\/\/www.noticiasradioreflejos.com.ar\/2021\/segundas-jornadas-de-trabajo-sobre-orientacion-vocacional\/","title":{"rendered":"Segundas Jornadas de trabajo sobre \u201corientaci\u00f3n vocacional\u201d"},"content":{"rendered":"<p><a href=\"http:\/\/farm2.staticflickr.com\/1782\/29493959738_84b465e630_s.jpg\" title=\"orientacion (22)\" rel=\"\"><img loading=\"lazy\" decoding=\"async\" src=\"http:\/\/farm2.staticflickr.com\/1782\/29493959738_84b465e630.jpg\" width=\"500\" height=\"334\" alt=\"orientacion (22)\" title=\"orientacion (22)\" class=\"alignleft\" style=\"float: left;\"><\/a>Bajo el lema \u201cElige tu propia aventura\u201d,  El Servicio Salud Mental del Hospital Municipal Dr. \u201cAlberto Castro\u201d junto a la Direcci\u00f3n de Juventud y la Direcci\u00f3n de Cultura , convocaron este jueves a la ma\u00f1ana en instalaciones de la Sociedad Italiana a j\u00f3venes de 6to a\u00f1o de escuelas secundarias de Chasic\u00f3, Saldungaray, Sierra de la Ventana, Villa Ventana y Tornquist, para participar de las  segundas jornadas de trabajo sobre \u201corientaci\u00f3n vocacional\u201d.<!--more--><br \/>\nSe tuvo en cuenta la definici\u00f3n de salud mental: (OMS) \u201cEstado de bienestar en el cual el individuo es consciente de sus propias capacidades, puede afrontar las tensiones normales de la vida, puede trabajar de forma productiva y es capaz de hacer una contribuci\u00f3n a su comunidad\u201d.<br \/>\nSobre que se bas\u00f3 el OBJETIVO PRINCIPAL? ,  Incentivar a los j\u00f3venes a elegir libremente su futuro, ya sea para estudiar o trabajar. OBJETIVOS ESPEC\u00cdFICOS: \u2013 Dar a conocer las diversas posibilidades reales de carreras, cursos, trabajos u oficios con fuentes vivenciales.Tambi\u00e9n que opten por su futuro sin ir en contra de sus aptitudes. \u2013 Desmitificar para qu\u00e9 sirve cada profesi\u00f3n u ocupaci\u00f3n. \u2013 Pensar y preguntarse sobre limitaciones en la elecci\u00f3n ilustrando con ejemplos.<br \/>\nEl  Encuentro con profesionales del \u00e1rea elegida tuvo foros simult\u00e1neos + foro comod\u00edn y se dividi\u00f3 con varios paneles  y moderadores.<br \/>\nDurante la apertura dieron la bienvenida  el Dr.Gerardo Bucchi(Area de Juventud), Dr. Jorge Ferraro(Secretar\u00eda de Salud), Julieta Braun(Area de Cultura), Lic. Berenice Braun(Equipo salud Mental del Hospital).<br \/>\nLa  apertura de la jornada tuvo la bienvenida del Intendente Municipal Sergio Bordoni que resalt\u00f3 la presencia federal de los j\u00f3venes comprometidos con su futuro y destac\u00f3 el trabajo de organizaci\u00f3n para este encuentro.<br \/>\n<iframe loading=\"lazy\" width=\"100%\" height=\"166\" scrolling=\"no\" frameborder=\"no\" allow=\"autoplay\" src=\"https:\/\/w.soundcloud.com\/player\/?url=https%3A\/\/api.soundcloud.com\/tracks\/470710329&#038;color=%23ff5500&#038;auto_play=false&#038;hide_related=false&#038;show_comments=true&#038;show_user=true&#038;show_reposts=false&#038;show_teaser=true\"><\/iframe><br \/>\n <a href=\"http:\/\/farm2.staticflickr.com\/1782\/28495094067_7b5014097a.jpg\" title=\"orientacion (3)\" rel=\"\"><img loading=\"lazy\" decoding=\"async\" src=\"http:\/\/farm2.staticflickr.com\/1782\/28495094067_7b5014097a.jpg\" width=\"500\" height=\"294\" alt=\"orientacion (3)\" title=\"orientacion (3)\" class=\"aligncenter\"><\/a><\/p>\n","protected":false},"excerpt":{"rendered":"<p>Bajo el lema \u201cElige tu propia aventura\u201d, El Servicio Salud Mental del Hospital Municipal Dr. \u201cAlberto Castro\u201d junto a la Direcci\u00f3n de Juventud y la Direcci\u00f3n de Cultura , convocaron este jueves a la ma\u00f1ana en instalaciones de la Sociedad Italiana a j\u00f3venes de 6to a\u00f1o de escuelas secundarias de Chasic\u00f3, Saldungaray, Sierra de la [&hellip;]<\/p>\n","protected":false},"author":3,"featured_media":0,"comment_status":"closed","ping_status":"open","sticky":false,"template":"","format":"standard","meta":{"footnotes":""},"categories":[28],"tags":[],"class_list":["post-23182","post","type-post","status-publish","format-standard","hentry","category-municipales"],"yoast_head":"<!-- This site is optimized with the Yoast SEO plugin v25.9 - https:\/\/yoast.com\/wordpress\/plugins\/seo\/ -->\n<title>Segundas Jornadas de trabajo sobre \u201corientaci\u00f3n vocacional\u201d - Noticias Radio Reflejos<\/title>\n<meta name=\"robots\" content=\"index, follow, max-snippet:-1, max-image-preview:large, max-video-preview:-1\" \/>\n<link rel=\"canonical\" href=\"https:\/\/www.noticiasradioreflejos.com.ar\/2021\/segundas-jornadas-de-trabajo-sobre-orientacion-vocacional\/\" \/>\n<meta property=\"og:locale\" content=\"es_ES\" \/>\n<meta property=\"og:type\" content=\"article\" \/>\n<meta property=\"og:title\" content=\"Segundas Jornadas de trabajo sobre \u201corientaci\u00f3n vocacional\u201d - Noticias Radio Reflejos\" \/>\n<meta property=\"og:description\" content=\"Bajo el lema \u201cElige tu propia aventura\u201d, El Servicio Salud Mental del Hospital Municipal Dr. \u201cAlberto Castro\u201d junto a la Direcci\u00f3n de Juventud y la Direcci\u00f3n de Cultura , convocaron este jueves a la ma\u00f1ana en instalaciones de la Sociedad Italiana a j\u00f3venes de 6to a\u00f1o de escuelas secundarias de Chasic\u00f3, Saldungaray, Sierra de la [&hellip;]\" \/>\n<meta property=\"og:url\" content=\"https:\/\/www.noticiasradioreflejos.com.ar\/2021\/segundas-jornadas-de-trabajo-sobre-orientacion-vocacional\/\" \/>\n<meta property=\"og:site_name\" content=\"Noticias Radio Reflejos\" \/>\n<meta property=\"article:published_time\" content=\"2018-07-12T15:05:03+00:00\" \/>\n<meta property=\"og:image\" content=\"http:\/\/farm2.staticflickr.com\/1782\/29493959738_84b465e630.jpg\" \/>\n<meta name=\"author\" content=\"Arnaldo Botto\" \/>\n<meta name=\"twitter:card\" content=\"summary_large_image\" \/>\n<script type=\"application\/ld+json\" class=\"yoast-schema-graph\">{\"@context\":\"https:\/\/schema.org\",\"@graph\":[{\"@type\":\"WebPage\",\"@id\":\"https:\/\/www.noticiasradioreflejos.com.ar\/2021\/segundas-jornadas-de-trabajo-sobre-orientacion-vocacional\/\",\"url\":\"https:\/\/www.noticiasradioreflejos.com.ar\/2021\/segundas-jornadas-de-trabajo-sobre-orientacion-vocacional\/\",\"name\":\"Segundas Jornadas de trabajo sobre \u201corientaci\u00f3n vocacional\u201d - Noticias Radio Reflejos\",\"isPartOf\":{\"@id\":\"https:\/\/www.noticiasradioreflejos.com.ar\/2021\/#website\"},\"primaryImageOfPage\":{\"@id\":\"https:\/\/www.noticiasradioreflejos.com.ar\/2021\/segundas-jornadas-de-trabajo-sobre-orientacion-vocacional\/#primaryimage\"},\"image\":{\"@id\":\"https:\/\/www.noticiasradioreflejos.com.ar\/2021\/segundas-jornadas-de-trabajo-sobre-orientacion-vocacional\/#primaryimage\"},\"thumbnailUrl\":\"http:\/\/farm2.staticflickr.com\/1782\/29493959738_84b465e630.jpg\",\"datePublished\":\"2018-07-12T15:05:03+00:00\",\"author\":{\"@id\":\"https:\/\/www.noticiasradioreflejos.com.ar\/2021\/#\/schema\/person\/ad82545263dcc5ec0996818884fd5fb1\"},\"breadcrumb\":{\"@id\":\"https:\/\/www.noticiasradioreflejos.com.ar\/2021\/segundas-jornadas-de-trabajo-sobre-orientacion-vocacional\/#breadcrumb\"},\"inLanguage\":\"es\",\"potentialAction\":[{\"@type\":\"ReadAction\",\"target\":[\"https:\/\/www.noticiasradioreflejos.com.ar\/2021\/segundas-jornadas-de-trabajo-sobre-orientacion-vocacional\/\"]}]},{\"@type\":\"ImageObject\",\"inLanguage\":\"es\",\"@id\":\"https:\/\/www.noticiasradioreflejos.com.ar\/2021\/segundas-jornadas-de-trabajo-sobre-orientacion-vocacional\/#primaryimage\",\"url\":\"http:\/\/farm2.staticflickr.com\/1782\/29493959738_84b465e630.jpg\",\"contentUrl\":\"http:\/\/farm2.staticflickr.com\/1782\/29493959738_84b465e630.jpg\"},{\"@type\":\"BreadcrumbList\",\"@id\":\"https:\/\/www.noticiasradioreflejos.com.ar\/2021\/segundas-jornadas-de-trabajo-sobre-orientacion-vocacional\/#breadcrumb\",\"itemListElement\":[{\"@type\":\"ListItem\",\"position\":1,\"name\":\"Portada\",\"item\":\"https:\/\/www.noticiasradioreflejos.com.ar\/2021\/\"},{\"@type\":\"ListItem\",\"position\":2,\"name\":\"Segundas Jornadas de trabajo sobre \u201corientaci\u00f3n vocacional\u201d\"}]},{\"@type\":\"WebSite\",\"@id\":\"https:\/\/www.noticiasradioreflejos.com.ar\/2021\/#website\",\"url\":\"https:\/\/www.noticiasradioreflejos.com.ar\/2021\/\",\"name\":\"Noticias Radio Reflejos\",\"description\":\"Las noticias de mi comarca\",\"potentialAction\":[{\"@type\":\"SearchAction\",\"target\":{\"@type\":\"EntryPoint\",\"urlTemplate\":\"https:\/\/www.noticiasradioreflejos.com.ar\/2021\/?s={search_term_string}\"},\"query-input\":{\"@type\":\"PropertyValueSpecification\",\"valueRequired\":true,\"valueName\":\"search_term_string\"}}],\"inLanguage\":\"es\"},{\"@type\":\"Person\",\"@id\":\"https:\/\/www.noticiasradioreflejos.com.ar\/2021\/#\/schema\/person\/ad82545263dcc5ec0996818884fd5fb1\",\"name\":\"Arnaldo Botto\",\"image\":{\"@type\":\"ImageObject\",\"inLanguage\":\"es\",\"@id\":\"https:\/\/www.noticiasradioreflejos.com.ar\/2021\/#\/schema\/person\/image\/\",\"url\":\"https:\/\/secure.gravatar.com\/avatar\/55cb5e37c1efa326397366e6974cb338056df65cb50e7d64d1cf314e87504837?s=96&d=mm&r=g\",\"contentUrl\":\"https:\/\/secure.gravatar.com\/avatar\/55cb5e37c1efa326397366e6974cb338056df65cb50e7d64d1cf314e87504837?s=96&d=mm&r=g\",\"caption\":\"Arnaldo Botto\"},\"url\":\"https:\/\/www.noticiasradioreflejos.com.ar\/2021\/author\/arnaldo\/\"}]}<\/script>\n<!-- \/ Yoast SEO plugin. -->","yoast_head_json":{"title":"Segundas Jornadas de trabajo sobre \u201corientaci\u00f3n vocacional\u201d - Noticias Radio Reflejos","robots":{"index":"index","follow":"follow","max-snippet":"max-snippet:-1","max-image-preview":"max-image-preview:large","max-video-preview":"max-video-preview:-1"},"canonical":"https:\/\/www.noticiasradioreflejos.com.ar\/2021\/segundas-jornadas-de-trabajo-sobre-orientacion-vocacional\/","og_locale":"es_ES","og_type":"article","og_title":"Segundas Jornadas de trabajo sobre \u201corientaci\u00f3n vocacional\u201d - Noticias Radio Reflejos","og_description":"Bajo el lema \u201cElige tu propia aventura\u201d, El Servicio Salud Mental del Hospital Municipal Dr. \u201cAlberto Castro\u201d junto a la Direcci\u00f3n de Juventud y la Direcci\u00f3n de Cultura , convocaron este jueves a la ma\u00f1ana en instalaciones de la Sociedad Italiana a j\u00f3venes de 6to a\u00f1o de escuelas secundarias de Chasic\u00f3, Saldungaray, Sierra de la [&hellip;]","og_url":"https:\/\/www.noticiasradioreflejos.com.ar\/2021\/segundas-jornadas-de-trabajo-sobre-orientacion-vocacional\/","og_site_name":"Noticias Radio Reflejos","article_published_time":"2018-07-12T15:05:03+00:00","og_image":[{"url":"http:\/\/farm2.staticflickr.com\/1782\/29493959738_84b465e630.jpg","type":"","width":"","height":""}],"author":"Arnaldo Botto","twitter_card":"summary_large_image","schema":{"@context":"https:\/\/schema.org","@graph":[{"@type":"WebPage","@id":"https:\/\/www.noticiasradioreflejos.com.ar\/2021\/segundas-jornadas-de-trabajo-sobre-orientacion-vocacional\/","url":"https:\/\/www.noticiasradioreflejos.com.ar\/2021\/segundas-jornadas-de-trabajo-sobre-orientacion-vocacional\/","name":"Segundas Jornadas de trabajo sobre \u201corientaci\u00f3n vocacional\u201d - Noticias Radio Reflejos","isPartOf":{"@id":"https:\/\/www.noticiasradioreflejos.com.ar\/2021\/#website"},"primaryImageOfPage":{"@id":"https:\/\/www.noticiasradioreflejos.com.ar\/2021\/segundas-jornadas-de-trabajo-sobre-orientacion-vocacional\/#primaryimage"},"image":{"@id":"https:\/\/www.noticiasradioreflejos.com.ar\/2021\/segundas-jornadas-de-trabajo-sobre-orientacion-vocacional\/#primaryimage"},"thumbnailUrl":"http:\/\/farm2.staticflickr.com\/1782\/29493959738_84b465e630.jpg","datePublished":"2018-07-12T15:05:03+00:00","author":{"@id":"https:\/\/www.noticiasradioreflejos.com.ar\/2021\/#\/schema\/person\/ad82545263dcc5ec0996818884fd5fb1"},"breadcrumb":{"@id":"https:\/\/www.noticiasradioreflejos.com.ar\/2021\/segundas-jornadas-de-trabajo-sobre-orientacion-vocacional\/#breadcrumb"},"inLanguage":"es","potentialAction":[{"@type":"ReadAction","target":["https:\/\/www.noticiasradioreflejos.com.ar\/2021\/segundas-jornadas-de-trabajo-sobre-orientacion-vocacional\/"]}]},{"@type":"ImageObject","inLanguage":"es","@id":"https:\/\/www.noticiasradioreflejos.com.ar\/2021\/segundas-jornadas-de-trabajo-sobre-orientacion-vocacional\/#primaryimage","url":"http:\/\/farm2.staticflickr.com\/1782\/29493959738_84b465e630.jpg","contentUrl":"http:\/\/farm2.staticflickr.com\/1782\/29493959738_84b465e630.jpg"},{"@type":"BreadcrumbList","@id":"https:\/\/www.noticiasradioreflejos.com.ar\/2021\/segundas-jornadas-de-trabajo-sobre-orientacion-vocacional\/#breadcrumb","itemListElement":[{"@type":"ListItem","position":1,"name":"Portada","item":"https:\/\/www.noticiasradioreflejos.com.ar\/2021\/"},{"@type":"ListItem","position":2,"name":"Segundas Jornadas de trabajo sobre \u201corientaci\u00f3n vocacional\u201d"}]},{"@type":"WebSite","@id":"https:\/\/www.noticiasradioreflejos.com.ar\/2021\/#website","url":"https:\/\/www.noticiasradioreflejos.com.ar\/2021\/","name":"Noticias Radio Reflejos","description":"Las noticias de mi comarca","potentialAction":[{"@type":"SearchAction","target":{"@type":"EntryPoint","urlTemplate":"https:\/\/www.noticiasradioreflejos.com.ar\/2021\/?s={search_term_string}"},"query-input":{"@type":"PropertyValueSpecification","valueRequired":true,"valueName":"search_term_string"}}],"inLanguage":"es"},{"@type":"Person","@id":"https:\/\/www.noticiasradioreflejos.com.ar\/2021\/#\/schema\/person\/ad82545263dcc5ec0996818884fd5fb1","name":"Arnaldo Botto","image":{"@type":"ImageObject","inLanguage":"es","@id":"https:\/\/www.noticiasradioreflejos.com.ar\/2021\/#\/schema\/person\/image\/","url":"https:\/\/secure.gravatar.com\/avatar\/55cb5e37c1efa326397366e6974cb338056df65cb50e7d64d1cf314e87504837?s=96&d=mm&r=g","contentUrl":"https:\/\/secure.gravatar.com\/avatar\/55cb5e37c1efa326397366e6974cb338056df65cb50e7d64d1cf314e87504837?s=96&d=mm&r=g","caption":"Arnaldo Botto"},"url":"https:\/\/www.noticiasradioreflejos.com.ar\/2021\/author\/arnaldo\/"}]}},"_links":{"self":[{"href":"https:\/\/www.noticiasradioreflejos.com.ar\/2021\/wp-json\/wp\/v2\/posts\/23182","targetHints":{"allow":["GET"]}}],"collection":[{"href":"https:\/\/www.noticiasradioreflejos.com.ar\/2021\/wp-json\/wp\/v2\/posts"}],"about":[{"href":"https:\/\/www.noticiasradioreflejos.com.ar\/2021\/wp-json\/wp\/v2\/types\/post"}],"author":[{"embeddable":true,"href":"https:\/\/www.noticiasradioreflejos.com.ar\/2021\/wp-json\/wp\/v2\/users\/3"}],"replies":[{"embeddable":true,"href":"https:\/\/www.noticiasradioreflejos.com.ar\/2021\/wp-json\/wp\/v2\/comments?post=23182"}],"version-history":[{"count":0,"href":"https:\/\/www.noticiasradioreflejos.com.ar\/2021\/wp-json\/wp\/v2\/posts\/23182\/revisions"}],"wp:attachment":[{"href":"https:\/\/www.noticiasradioreflejos.com.ar\/2021\/wp-json\/wp\/v2\/media?parent=23182"}],"wp:term":[{"taxonomy":"category","embeddable":true,"href":"https:\/\/www.noticiasradioreflejos.com.ar\/2021\/wp-json\/wp\/v2\/categories?post=23182"},{"taxonomy":"post_tag","embeddable":true,"href":"https:\/\/www.noticiasradioreflejos.com.ar\/2021\/wp-json\/wp\/v2\/tags?post=23182"}],"curies":[{"name":"wp","href":"https:\/\/api.w.org\/{rel}","templated":true}]}}