{"id":23161,"date":"2018-07-11T14:55:48","date_gmt":"2018-07-11T17:55:48","guid":{"rendered":"http:\/\/www.noticiasradioreflejos.com.ar\/noticias\/?p=23161"},"modified":"2018-07-11T14:55:48","modified_gmt":"2018-07-11T17:55:48","slug":"las-inferiores-de-automoto-sumaron-puntaje-ideal-en-saavedra","status":"publish","type":"post","link":"https:\/\/www.noticiasradioreflejos.com.ar\/2021\/las-inferiores-de-automoto-sumaron-puntaje-ideal-en-saavedra\/","title":{"rendered":"Las inferiores de Automoto sumaron puntaje ideal en Saavedra"},"content":{"rendered":"<p>Tres triunfos en igual cantidad de partidos. Tres victorias por dem\u00e1s necesarias. Tres festejos muy ajustados, pero a la vez muy merecidos. Las inferiores del Automoto Club Deportivo sumaron el puntaje ideal en su visita a San Mart\u00edn de Saavedra, en uno de los cotejos correspondientes a la decimoquinta programaci\u00f3n del torneo Apertura que organiza la Liga regional de F\u00fatbol de Coronel Su\u00e1rez.<!--more-->La Octava divisi\u00f3n super\u00f3 a su rival por 2 a 0 y se mantuvo entre los principales animadores de la Zona \u201cA\u201d. Gracias a los goles marcados por Juan Wallace (gran definici\u00f3n) y Ger\u00f3nimo Kugler, los chicos llegaron a los 31 puntos y se mantuvieron a dos unidades del l\u00edder San Mart\u00edn de Santa Trinidad, que tiene un partido m\u00e1s disputado.<br \/>\n<a title=\"DSC_0137\" href=\"http:\/\/farm2.staticflickr.com\/1782\/29476636678_4941408f5c.jpg\" rel=\"\"><img loading=\"lazy\" decoding=\"async\" class=\"alignleft\" style=\"float: left;\" title=\"DSC_0137\" src=\"http:\/\/farm2.staticflickr.com\/1782\/29476636678_4941408f5c.jpg\" alt=\"DSC_0137\" width=\"500\" height=\"333\" \/><\/a> Por el mismo resultado gan\u00f3 la S\u00e9ptima, que qued\u00f3 en una posici\u00f3n expectante de cara a la clasificaci\u00f3n a la pr\u00f3xima instancia del certamen. Luca Marzialetti, de penal, y Emilio Sgammini se hicieron presentes en la red en el segundo tiempo, para darle el triunfo al azulgrana.<br \/>\nFinalmente, la Quinta trep\u00f3 hasta el cuarto lugar de las posiciones tras vencer a San Mart\u00edn por la m\u00ednima diferencia, con un lindo tanto anotado por Nahuel Schwab.<br \/>\nDe no mediar postergaciones, Automoto volver\u00e1 a jugar el s\u00e1bado 28 del corriente ante San Mart\u00edn de Santa Trinidad, en condici\u00f3n de local y en todas las categor\u00edas. Esto responde a que el pr\u00f3ximo fin de semana tendr\u00e1 fecha libre y el s\u00e1bado 21 no habr\u00e1 actividad debido al receso invernal.<br \/>\nLas posiciones de la Zona \u201cA\u201d quedaron de la siguiente manera:<br \/>\n<strong>Quinta<\/strong><\/p>\n<table>\n<tbody>\n<tr>\n<td><strong>Equipo<\/strong><\/td>\n<td><strong>Pts<\/strong><\/td>\n<td><strong>PJ<\/strong><\/td>\n<td><strong>G<\/strong><\/td>\n<td><strong>E<\/strong><\/td>\n<td><strong>P<\/strong><\/td>\n<td><strong>Gf<\/strong><\/td>\n<td><strong>Gc<\/strong><\/td>\n<\/tr>\n<tr>\n<td>Boca Juniors<\/td>\n<td><strong>34<\/strong><\/td>\n<td>12<\/td>\n<td>11<\/td>\n<td>1<\/td>\n<td>0<\/td>\n<td>38<\/td>\n<td>7<\/td>\n<\/tr>\n<tr>\n<td>Club Sarmiento<\/td>\n<td><strong>30<\/strong><\/td>\n<td>11<\/td>\n<td>10<\/td>\n<td>0<\/td>\n<td>1<\/td>\n<td>33<\/td>\n<td>6<\/td>\n<\/tr>\n<tr>\n<td>E. de Comercio<\/td>\n<td><strong>17<\/strong><\/td>\n<td>11<\/td>\n<td>5<\/td>\n<td>2<\/td>\n<td>4<\/td>\n<td>26<\/td>\n<td>23<\/td>\n<\/tr>\n<tr>\n<td><strong>Automoto<\/strong><\/td>\n<td><strong>15<\/strong><\/td>\n<td><strong>10<\/strong><\/td>\n<td><strong>5<\/strong><\/td>\n<td><strong>0<\/strong><\/td>\n<td><strong>5<\/strong><\/td>\n<td><strong>12<\/strong><\/td>\n<td><strong>17<\/strong><\/td>\n<\/tr>\n<tr>\n<td>Pe\u00f1arol (Pig\u00fc\u00e9)<\/td>\n<td><strong>13<\/strong><\/td>\n<td>8<\/td>\n<td>4<\/td>\n<td>1<\/td>\n<td>3<\/td>\n<td>24<\/td>\n<td>15<\/td>\n<\/tr>\n<tr>\n<td>San Mart\u00edn (ST)<\/td>\n<td><strong>12<\/strong><\/td>\n<td>11<\/td>\n<td>4<\/td>\n<td>0<\/td>\n<td>7<\/td>\n<td>20<\/td>\n<td>37<\/td>\n<\/tr>\n<tr>\n<td>Uni\u00f3n (T)<\/td>\n<td><strong>9<\/strong><\/td>\n<td>11<\/td>\n<td>3<\/td>\n<td>0<\/td>\n<td>8<\/td>\n<td>15<\/td>\n<td>25<\/td>\n<\/tr>\n<tr>\n<td>San Mart\u00edn (S)<\/td>\n<td><strong>7<\/strong><\/td>\n<td>10<\/td>\n<td>2<\/td>\n<td>1<\/td>\n<td>7<\/td>\n<td>9<\/td>\n<td>25<\/td>\n<\/tr>\n<tr>\n<td>Independiente<\/td>\n<td><strong>1<\/strong><\/td>\n<td>10<\/td>\n<td>0<\/td>\n<td>1<\/td>\n<td>9<\/td>\n<td>6<\/td>\n<td>28<\/td>\n<\/tr>\n<\/tbody>\n<\/table>\n<p>&nbsp;<br \/>\n<strong>Sexta<\/strong><\/p>\n<table style=\"height: 531px;\" width=\"328\">\n<tbody>\n<tr>\n<td><strong>Equipo<\/strong><\/td>\n<td><strong>Pts<\/strong><\/td>\n<td><strong>PJ<\/strong><\/td>\n<td><strong>G<\/strong><\/td>\n<td><strong>E<\/strong><\/td>\n<td><strong>P<\/strong><\/td>\n<td><strong>Gf<\/strong><\/td>\n<td><strong>Gc<\/strong><\/td>\n<\/tr>\n<tr>\n<td>Boca Juniors<\/td>\n<td><strong>34<\/strong><\/td>\n<td>12<\/td>\n<td>11<\/td>\n<td>1<\/td>\n<td>0<\/td>\n<td>41<\/td>\n<td>8<\/td>\n<\/tr>\n<tr>\n<td>Uni\u00f3n (Tornquist)<\/td>\n<td><strong>24<\/strong><\/td>\n<td>11<\/td>\n<td>7<\/td>\n<td>3<\/td>\n<td>1<\/td>\n<td>31<\/td>\n<td>11<\/td>\n<\/tr>\n<tr>\n<td>Club Sarmiento<\/td>\n<td><strong>22<\/strong><\/td>\n<td>10<\/td>\n<td>7<\/td>\n<td>1<\/td>\n<td>2<\/td>\n<td>28<\/td>\n<td>8<\/td>\n<\/tr>\n<tr>\n<td>Pe\u00f1arol (P)<\/td>\n<td><strong>17<\/strong><\/td>\n<td>8<\/td>\n<td>5<\/td>\n<td>2<\/td>\n<td>1<\/td>\n<td>29<\/td>\n<td>4<\/td>\n<\/tr>\n<tr>\n<td><strong>Automoto<\/strong><\/td>\n<td><strong>15<\/strong><\/td>\n<td><strong>10<\/strong><\/td>\n<td><strong>4<\/strong><\/td>\n<td><strong>3<\/strong><\/td>\n<td><strong>3<\/strong><\/td>\n<td><strong>27<\/strong><\/td>\n<td><strong>13<\/strong><\/td>\n<\/tr>\n<tr>\n<td>E. de Comercio<\/td>\n<td><strong>9<\/strong><\/td>\n<td>11<\/td>\n<td>2<\/td>\n<td>3<\/td>\n<td>6<\/td>\n<td>6<\/td>\n<td>23<\/td>\n<\/tr>\n<tr>\n<td>Independiente<\/td>\n<td><strong>7<\/strong><\/td>\n<td>11<\/td>\n<td>2<\/td>\n<td>1<\/td>\n<td>8<\/td>\n<td>10<\/td>\n<td>35<\/td>\n<\/tr>\n<tr>\n<td>El Progreso<\/td>\n<td><strong>6<\/strong><\/td>\n<td>11<\/td>\n<td>2<\/td>\n<td>0<\/td>\n<td>9<\/td>\n<td>9<\/td>\n<td>41<\/td>\n<\/tr>\n<tr>\n<td>San Mart\u00edn (ST)<\/td>\n<td><strong>3<\/strong><\/td>\n<td>12<\/td>\n<td>1<\/td>\n<td>0<\/td>\n<td>11<\/td>\n<td>9<\/td>\n<td>47<\/td>\n<\/tr>\n<\/tbody>\n<\/table>\n<p>&nbsp;<br \/>\n<strong>S\u00e9ptima<\/strong><\/p>\n<table>\n<tbody>\n<tr>\n<td><strong>Equipo<\/strong><\/td>\n<td><strong>Pts<\/strong><\/td>\n<td><strong>PJ<\/strong><\/td>\n<td><strong>G<\/strong><\/td>\n<td><strong>E<\/strong><\/td>\n<td><strong>P<\/strong><\/td>\n<td><strong>Gf<\/strong><\/td>\n<td><strong>Gc<\/strong><\/td>\n<\/tr>\n<tr>\n<td>Club Sarmiento A<\/td>\n<td><strong>31<\/strong><\/td>\n<td>12<\/td>\n<td>10<\/td>\n<td>1<\/td>\n<td>1<\/td>\n<td>52<\/td>\n<td>7<\/td>\n<\/tr>\n<tr>\n<td>E. de Comercio<\/td>\n<td><strong>29<\/strong><\/td>\n<td>13<\/td>\n<td>9<\/td>\n<td>2<\/td>\n<td>2<\/td>\n<td>37<\/td>\n<td>11<\/td>\n<\/tr>\n<tr>\n<td>Pe\u00f1arol (Pig\u00fc\u00e9)<\/td>\n<td><strong>24<\/strong><\/td>\n<td>10<\/td>\n<td>8<\/td>\n<td>0<\/td>\n<td>2<\/td>\n<td>35<\/td>\n<td>11<\/td>\n<\/tr>\n<tr>\n<td>Boca Juniors<\/td>\n<td><strong>21<\/strong><\/td>\n<td>13<\/td>\n<td>5<\/td>\n<td>6<\/td>\n<td>2<\/td>\n<td>16<\/td>\n<td>8<\/td>\n<\/tr>\n<tr>\n<td><strong>Automoto<\/strong><\/td>\n<td><strong>16<\/strong><\/td>\n<td><strong>11<\/strong><\/td>\n<td><strong>4<\/strong><\/td>\n<td><strong>4<\/strong><\/td>\n<td><strong>3<\/strong><\/td>\n<td><strong>25<\/strong><\/td>\n<td><strong>15<\/strong><\/td>\n<\/tr>\n<tr>\n<td>Uni\u00f3n (Tornquist)<\/td>\n<td><strong>16<\/strong><\/td>\n<td>12<\/td>\n<td>5<\/td>\n<td>1<\/td>\n<td>6<\/td>\n<td>29<\/td>\n<td>39<\/td>\n<\/tr>\n<tr>\n<td>D. Sarmiento B<\/td>\n<td><strong>14<\/strong><\/td>\n<td>12<\/td>\n<td>4<\/td>\n<td>2<\/td>\n<td>6<\/td>\n<td>22<\/td>\n<td>25<\/td>\n<\/tr>\n<tr>\n<td>San Mart\u00edn (ST)<\/td>\n<td><strong>11<\/strong><\/td>\n<td>12<\/td>\n<td>3<\/td>\n<td>2<\/td>\n<td>7<\/td>\n<td>16<\/td>\n<td>32<\/td>\n<\/tr>\n<tr>\n<td>San Mart\u00edn (S)<\/td>\n<td><strong>5<\/strong><\/td>\n<td>11<\/td>\n<td>1<\/td>\n<td>2<\/td>\n<td>8<\/td>\n<td>6<\/td>\n<td>52<\/td>\n<\/tr>\n<tr>\n<td>Independiente<\/td>\n<td><strong>0<\/strong><\/td>\n<td>12<\/td>\n<td>0<\/td>\n<td>0<\/td>\n<td>12<\/td>\n<td>3<\/td>\n<td>41<\/td>\n<\/tr>\n<\/tbody>\n<\/table>\n<p>&nbsp;<br \/>\n<strong>Octava<\/strong><\/p>\n<table>\n<tbody>\n<tr>\n<td><strong>Equipo<\/strong><\/td>\n<td><strong>Pts<\/strong><\/td>\n<td><strong>PJ<\/strong><\/td>\n<td><strong>G<\/strong><\/td>\n<td><strong>E<\/strong><\/td>\n<td><strong>P<\/strong><\/td>\n<td><strong>Gf<\/strong><\/td>\n<td><strong>Gc<\/strong><\/td>\n<\/tr>\n<tr>\n<td>San Mart\u00edn (ST)<\/td>\n<td><strong>33<\/strong><\/td>\n<td>13<\/td>\n<td>10<\/td>\n<td>3<\/td>\n<td>0<\/td>\n<td>24<\/td>\n<td>5<\/td>\n<\/tr>\n<tr>\n<td><strong>Automoto<\/strong><\/td>\n<td><strong>31<\/strong><\/td>\n<td><strong>12<\/strong><\/td>\n<td><strong>10<\/strong><\/td>\n<td><strong>1<\/strong><\/td>\n<td><strong>1<\/strong><\/td>\n<td><strong>28<\/strong><\/td>\n<td><strong>4<\/strong><\/td>\n<\/tr>\n<tr>\n<td>Club Sarmiento A<\/td>\n<td><strong>20<\/strong><\/td>\n<td>12<\/td>\n<td>6<\/td>\n<td>2<\/td>\n<td>4<\/td>\n<td>19<\/td>\n<td>10<\/td>\n<\/tr>\n<tr>\n<td>El Progreso<\/td>\n<td><strong>20<\/strong><\/td>\n<td>13<\/td>\n<td>6<\/td>\n<td>2<\/td>\n<td>5<\/td>\n<td>29<\/td>\n<td>13<\/td>\n<\/tr>\n<tr>\n<td>San Mart\u00edn (S)<\/td>\n<td><strong>16<\/strong><\/td>\n<td>12<\/td>\n<td>4<\/td>\n<td>4<\/td>\n<td>4<\/td>\n<td>9<\/td>\n<td>17<\/td>\n<\/tr>\n<tr>\n<td>Boca Juniors<\/td>\n<td><strong>16<\/strong><\/td>\n<td>12<\/td>\n<td>4<\/td>\n<td>4<\/td>\n<td>4<\/td>\n<td>13<\/td>\n<td>11<\/td>\n<\/tr>\n<tr>\n<td>D. Sarmiento B<\/td>\n<td><strong>11<\/strong><\/td>\n<td>11<\/td>\n<td>3<\/td>\n<td>2<\/td>\n<td>6<\/td>\n<td>8<\/td>\n<td>19<\/td>\n<\/tr>\n<tr>\n<td>Independiente<\/td>\n<td><strong>11<\/strong><\/td>\n<td>13<\/td>\n<td>3<\/td>\n<td>2<\/td>\n<td>8<\/td>\n<td>10<\/td>\n<td>25<\/td>\n<\/tr>\n<tr>\n<td>Pe\u00f1arol (Pig\u00fc\u00e9)<\/td>\n<td><strong>7<\/strong><\/td>\n<td>9<\/td>\n<td>2<\/td>\n<td>1<\/td>\n<td>6<\/td>\n<td>5<\/td>\n<td>22<\/td>\n<\/tr>\n<tr>\n<td>Uni\u00f3n (Tornquist)<\/td>\n<td><strong>1<\/strong><\/td>\n<td>11<\/td>\n<td>0<\/td>\n<td>1<\/td>\n<td>10<\/td>\n<td>3<\/td>\n<td>22<\/td>\n<\/tr>\n<\/tbody>\n<\/table>\n<p>&nbsp;<br \/>\n<strong><em>M\u00e1s fotos: <\/em><\/strong><a href=\"https:\/\/www.facebook.com\/pg\/automototornquist\/photos\/?tab=album&amp;album_id=1948651145154882\">https:\/\/www.facebook.com\/pg\/automototornquist\/photos\/?tab=album&amp;album_id=1948651145154882<\/a><br \/>\n&nbsp;<br \/>\nDepartamento de Prensa \u2013 Automoto Club Deportivo<br \/>\nwww.clubautomotopasion.com.ar<br \/>\nFacebook: \/automototornquist<br \/>\nTwitter: @ClubAutomoto<\/p>\n","protected":false},"excerpt":{"rendered":"<p>Tres triunfos en igual cantidad de partidos. Tres victorias por dem\u00e1s necesarias. Tres festejos muy ajustados, pero a la vez muy merecidos. Las inferiores del Automoto Club Deportivo sumaron el puntaje ideal en su visita a San Mart\u00edn de Saavedra, en uno de los cotejos correspondientes a la decimoquinta programaci\u00f3n del torneo Apertura que organiza [&hellip;]<\/p>\n","protected":false},"author":3,"featured_media":0,"comment_status":"closed","ping_status":"open","sticky":false,"template":"","format":"standard","meta":{"footnotes":""},"categories":[27],"tags":[],"class_list":["post-23161","post","type-post","status-publish","format-standard","hentry","category-deportes"],"yoast_head":"<!-- This site is optimized with the Yoast SEO plugin v25.9 - https:\/\/yoast.com\/wordpress\/plugins\/seo\/ -->\n<title>Las inferiores de Automoto sumaron puntaje ideal en Saavedra - Noticias Radio Reflejos<\/title>\n<meta name=\"robots\" content=\"index, follow, max-snippet:-1, max-image-preview:large, max-video-preview:-1\" \/>\n<link rel=\"canonical\" href=\"https:\/\/www.noticiasradioreflejos.com.ar\/2021\/las-inferiores-de-automoto-sumaron-puntaje-ideal-en-saavedra\/\" \/>\n<meta property=\"og:locale\" content=\"es_ES\" \/>\n<meta property=\"og:type\" content=\"article\" \/>\n<meta property=\"og:title\" content=\"Las inferiores de Automoto sumaron puntaje ideal en Saavedra - Noticias Radio Reflejos\" \/>\n<meta property=\"og:description\" content=\"Tres triunfos en igual cantidad de partidos. Tres victorias por dem\u00e1s necesarias. Tres festejos muy ajustados, pero a la vez muy merecidos. Las inferiores del Automoto Club Deportivo sumaron el puntaje ideal en su visita a San Mart\u00edn de Saavedra, en uno de los cotejos correspondientes a la decimoquinta programaci\u00f3n del torneo Apertura que organiza [&hellip;]\" \/>\n<meta property=\"og:url\" content=\"https:\/\/www.noticiasradioreflejos.com.ar\/2021\/las-inferiores-de-automoto-sumaron-puntaje-ideal-en-saavedra\/\" \/>\n<meta property=\"og:site_name\" content=\"Noticias Radio Reflejos\" \/>\n<meta property=\"article:published_time\" content=\"2018-07-11T17:55:48+00:00\" \/>\n<meta property=\"og:image\" content=\"http:\/\/farm2.staticflickr.com\/1782\/29476636678_4941408f5c.jpg\" \/>\n<meta name=\"author\" content=\"Arnaldo Botto\" \/>\n<meta name=\"twitter:card\" content=\"summary_large_image\" \/>\n<script type=\"application\/ld+json\" class=\"yoast-schema-graph\">{\"@context\":\"https:\/\/schema.org\",\"@graph\":[{\"@type\":\"WebPage\",\"@id\":\"https:\/\/www.noticiasradioreflejos.com.ar\/2021\/las-inferiores-de-automoto-sumaron-puntaje-ideal-en-saavedra\/\",\"url\":\"https:\/\/www.noticiasradioreflejos.com.ar\/2021\/las-inferiores-de-automoto-sumaron-puntaje-ideal-en-saavedra\/\",\"name\":\"Las inferiores de Automoto sumaron puntaje ideal en Saavedra - Noticias Radio Reflejos\",\"isPartOf\":{\"@id\":\"https:\/\/www.noticiasradioreflejos.com.ar\/2021\/#website\"},\"primaryImageOfPage\":{\"@id\":\"https:\/\/www.noticiasradioreflejos.com.ar\/2021\/las-inferiores-de-automoto-sumaron-puntaje-ideal-en-saavedra\/#primaryimage\"},\"image\":{\"@id\":\"https:\/\/www.noticiasradioreflejos.com.ar\/2021\/las-inferiores-de-automoto-sumaron-puntaje-ideal-en-saavedra\/#primaryimage\"},\"thumbnailUrl\":\"http:\/\/farm2.staticflickr.com\/1782\/29476636678_4941408f5c.jpg\",\"datePublished\":\"2018-07-11T17:55:48+00:00\",\"author\":{\"@id\":\"https:\/\/www.noticiasradioreflejos.com.ar\/2021\/#\/schema\/person\/ad82545263dcc5ec0996818884fd5fb1\"},\"breadcrumb\":{\"@id\":\"https:\/\/www.noticiasradioreflejos.com.ar\/2021\/las-inferiores-de-automoto-sumaron-puntaje-ideal-en-saavedra\/#breadcrumb\"},\"inLanguage\":\"es\",\"potentialAction\":[{\"@type\":\"ReadAction\",\"target\":[\"https:\/\/www.noticiasradioreflejos.com.ar\/2021\/las-inferiores-de-automoto-sumaron-puntaje-ideal-en-saavedra\/\"]}]},{\"@type\":\"ImageObject\",\"inLanguage\":\"es\",\"@id\":\"https:\/\/www.noticiasradioreflejos.com.ar\/2021\/las-inferiores-de-automoto-sumaron-puntaje-ideal-en-saavedra\/#primaryimage\",\"url\":\"http:\/\/farm2.staticflickr.com\/1782\/29476636678_4941408f5c.jpg\",\"contentUrl\":\"http:\/\/farm2.staticflickr.com\/1782\/29476636678_4941408f5c.jpg\"},{\"@type\":\"BreadcrumbList\",\"@id\":\"https:\/\/www.noticiasradioreflejos.com.ar\/2021\/las-inferiores-de-automoto-sumaron-puntaje-ideal-en-saavedra\/#breadcrumb\",\"itemListElement\":[{\"@type\":\"ListItem\",\"position\":1,\"name\":\"Portada\",\"item\":\"https:\/\/www.noticiasradioreflejos.com.ar\/2021\/\"},{\"@type\":\"ListItem\",\"position\":2,\"name\":\"Las inferiores de Automoto sumaron puntaje ideal en Saavedra\"}]},{\"@type\":\"WebSite\",\"@id\":\"https:\/\/www.noticiasradioreflejos.com.ar\/2021\/#website\",\"url\":\"https:\/\/www.noticiasradioreflejos.com.ar\/2021\/\",\"name\":\"Noticias Radio Reflejos\",\"description\":\"Las noticias de mi comarca\",\"potentialAction\":[{\"@type\":\"SearchAction\",\"target\":{\"@type\":\"EntryPoint\",\"urlTemplate\":\"https:\/\/www.noticiasradioreflejos.com.ar\/2021\/?s={search_term_string}\"},\"query-input\":{\"@type\":\"PropertyValueSpecification\",\"valueRequired\":true,\"valueName\":\"search_term_string\"}}],\"inLanguage\":\"es\"},{\"@type\":\"Person\",\"@id\":\"https:\/\/www.noticiasradioreflejos.com.ar\/2021\/#\/schema\/person\/ad82545263dcc5ec0996818884fd5fb1\",\"name\":\"Arnaldo Botto\",\"image\":{\"@type\":\"ImageObject\",\"inLanguage\":\"es\",\"@id\":\"https:\/\/www.noticiasradioreflejos.com.ar\/2021\/#\/schema\/person\/image\/\",\"url\":\"https:\/\/secure.gravatar.com\/avatar\/55cb5e37c1efa326397366e6974cb338056df65cb50e7d64d1cf314e87504837?s=96&d=mm&r=g\",\"contentUrl\":\"https:\/\/secure.gravatar.com\/avatar\/55cb5e37c1efa326397366e6974cb338056df65cb50e7d64d1cf314e87504837?s=96&d=mm&r=g\",\"caption\":\"Arnaldo Botto\"},\"url\":\"https:\/\/www.noticiasradioreflejos.com.ar\/2021\/author\/arnaldo\/\"}]}<\/script>\n<!-- \/ Yoast SEO plugin. -->","yoast_head_json":{"title":"Las inferiores de Automoto sumaron puntaje ideal en Saavedra - Noticias Radio Reflejos","robots":{"index":"index","follow":"follow","max-snippet":"max-snippet:-1","max-image-preview":"max-image-preview:large","max-video-preview":"max-video-preview:-1"},"canonical":"https:\/\/www.noticiasradioreflejos.com.ar\/2021\/las-inferiores-de-automoto-sumaron-puntaje-ideal-en-saavedra\/","og_locale":"es_ES","og_type":"article","og_title":"Las inferiores de Automoto sumaron puntaje ideal en Saavedra - Noticias Radio Reflejos","og_description":"Tres triunfos en igual cantidad de partidos. Tres victorias por dem\u00e1s necesarias. Tres festejos muy ajustados, pero a la vez muy merecidos. Las inferiores del Automoto Club Deportivo sumaron el puntaje ideal en su visita a San Mart\u00edn de Saavedra, en uno de los cotejos correspondientes a la decimoquinta programaci\u00f3n del torneo Apertura que organiza [&hellip;]","og_url":"https:\/\/www.noticiasradioreflejos.com.ar\/2021\/las-inferiores-de-automoto-sumaron-puntaje-ideal-en-saavedra\/","og_site_name":"Noticias Radio Reflejos","article_published_time":"2018-07-11T17:55:48+00:00","og_image":[{"url":"http:\/\/farm2.staticflickr.com\/1782\/29476636678_4941408f5c.jpg","type":"","width":"","height":""}],"author":"Arnaldo Botto","twitter_card":"summary_large_image","schema":{"@context":"https:\/\/schema.org","@graph":[{"@type":"WebPage","@id":"https:\/\/www.noticiasradioreflejos.com.ar\/2021\/las-inferiores-de-automoto-sumaron-puntaje-ideal-en-saavedra\/","url":"https:\/\/www.noticiasradioreflejos.com.ar\/2021\/las-inferiores-de-automoto-sumaron-puntaje-ideal-en-saavedra\/","name":"Las inferiores de Automoto sumaron puntaje ideal en Saavedra - Noticias Radio Reflejos","isPartOf":{"@id":"https:\/\/www.noticiasradioreflejos.com.ar\/2021\/#website"},"primaryImageOfPage":{"@id":"https:\/\/www.noticiasradioreflejos.com.ar\/2021\/las-inferiores-de-automoto-sumaron-puntaje-ideal-en-saavedra\/#primaryimage"},"image":{"@id":"https:\/\/www.noticiasradioreflejos.com.ar\/2021\/las-inferiores-de-automoto-sumaron-puntaje-ideal-en-saavedra\/#primaryimage"},"thumbnailUrl":"http:\/\/farm2.staticflickr.com\/1782\/29476636678_4941408f5c.jpg","datePublished":"2018-07-11T17:55:48+00:00","author":{"@id":"https:\/\/www.noticiasradioreflejos.com.ar\/2021\/#\/schema\/person\/ad82545263dcc5ec0996818884fd5fb1"},"breadcrumb":{"@id":"https:\/\/www.noticiasradioreflejos.com.ar\/2021\/las-inferiores-de-automoto-sumaron-puntaje-ideal-en-saavedra\/#breadcrumb"},"inLanguage":"es","potentialAction":[{"@type":"ReadAction","target":["https:\/\/www.noticiasradioreflejos.com.ar\/2021\/las-inferiores-de-automoto-sumaron-puntaje-ideal-en-saavedra\/"]}]},{"@type":"ImageObject","inLanguage":"es","@id":"https:\/\/www.noticiasradioreflejos.com.ar\/2021\/las-inferiores-de-automoto-sumaron-puntaje-ideal-en-saavedra\/#primaryimage","url":"http:\/\/farm2.staticflickr.com\/1782\/29476636678_4941408f5c.jpg","contentUrl":"http:\/\/farm2.staticflickr.com\/1782\/29476636678_4941408f5c.jpg"},{"@type":"BreadcrumbList","@id":"https:\/\/www.noticiasradioreflejos.com.ar\/2021\/las-inferiores-de-automoto-sumaron-puntaje-ideal-en-saavedra\/#breadcrumb","itemListElement":[{"@type":"ListItem","position":1,"name":"Portada","item":"https:\/\/www.noticiasradioreflejos.com.ar\/2021\/"},{"@type":"ListItem","position":2,"name":"Las inferiores de Automoto sumaron puntaje ideal en Saavedra"}]},{"@type":"WebSite","@id":"https:\/\/www.noticiasradioreflejos.com.ar\/2021\/#website","url":"https:\/\/www.noticiasradioreflejos.com.ar\/2021\/","name":"Noticias Radio Reflejos","description":"Las noticias de mi comarca","potentialAction":[{"@type":"SearchAction","target":{"@type":"EntryPoint","urlTemplate":"https:\/\/www.noticiasradioreflejos.com.ar\/2021\/?s={search_term_string}"},"query-input":{"@type":"PropertyValueSpecification","valueRequired":true,"valueName":"search_term_string"}}],"inLanguage":"es"},{"@type":"Person","@id":"https:\/\/www.noticiasradioreflejos.com.ar\/2021\/#\/schema\/person\/ad82545263dcc5ec0996818884fd5fb1","name":"Arnaldo Botto","image":{"@type":"ImageObject","inLanguage":"es","@id":"https:\/\/www.noticiasradioreflejos.com.ar\/2021\/#\/schema\/person\/image\/","url":"https:\/\/secure.gravatar.com\/avatar\/55cb5e37c1efa326397366e6974cb338056df65cb50e7d64d1cf314e87504837?s=96&d=mm&r=g","contentUrl":"https:\/\/secure.gravatar.com\/avatar\/55cb5e37c1efa326397366e6974cb338056df65cb50e7d64d1cf314e87504837?s=96&d=mm&r=g","caption":"Arnaldo Botto"},"url":"https:\/\/www.noticiasradioreflejos.com.ar\/2021\/author\/arnaldo\/"}]}},"_links":{"self":[{"href":"https:\/\/www.noticiasradioreflejos.com.ar\/2021\/wp-json\/wp\/v2\/posts\/23161","targetHints":{"allow":["GET"]}}],"collection":[{"href":"https:\/\/www.noticiasradioreflejos.com.ar\/2021\/wp-json\/wp\/v2\/posts"}],"about":[{"href":"https:\/\/www.noticiasradioreflejos.com.ar\/2021\/wp-json\/wp\/v2\/types\/post"}],"author":[{"embeddable":true,"href":"https:\/\/www.noticiasradioreflejos.com.ar\/2021\/wp-json\/wp\/v2\/users\/3"}],"replies":[{"embeddable":true,"href":"https:\/\/www.noticiasradioreflejos.com.ar\/2021\/wp-json\/wp\/v2\/comments?post=23161"}],"version-history":[{"count":0,"href":"https:\/\/www.noticiasradioreflejos.com.ar\/2021\/wp-json\/wp\/v2\/posts\/23161\/revisions"}],"wp:attachment":[{"href":"https:\/\/www.noticiasradioreflejos.com.ar\/2021\/wp-json\/wp\/v2\/media?parent=23161"}],"wp:term":[{"taxonomy":"category","embeddable":true,"href":"https:\/\/www.noticiasradioreflejos.com.ar\/2021\/wp-json\/wp\/v2\/categories?post=23161"},{"taxonomy":"post_tag","embeddable":true,"href":"https:\/\/www.noticiasradioreflejos.com.ar\/2021\/wp-json\/wp\/v2\/tags?post=23161"}],"curies":[{"name":"wp","href":"https:\/\/api.w.org\/{rel}","templated":true}]}}