{"id":23154,"date":"2018-07-11T08:55:26","date_gmt":"2018-07-11T11:55:26","guid":{"rendered":"http:\/\/www.noticiasradioreflejos.com.ar\/noticias\/?p=23154"},"modified":"2018-07-11T08:55:26","modified_gmt":"2018-07-11T11:55:26","slug":"automoto-voley-finalista-en-sub-16","status":"publish","type":"post","link":"https:\/\/www.noticiasradioreflejos.com.ar\/2021\/automoto-voley-finalista-en-sub-16\/","title":{"rendered":"Automoto Voley, finalista en Sub 16"},"content":{"rendered":"<p><a title=\"WhatsApp Image 2018-07-11 at 08.46.28\" href=\"http:\/\/farm1.staticflickr.com\/916\/42623366024_ece36d4e4b.jpg\" rel=\"\"><img loading=\"lazy\" decoding=\"async\" class=\"alignleft\" style=\"float: left;\" title=\"WhatsApp Image 2018-07-11 at 08.46.28\" src=\"http:\/\/farm1.staticflickr.com\/916\/42623366024_ece36d4e4b.jpg\" alt=\"WhatsApp Image 2018-07-11 at 08.46.28\" width=\"500\" height=\"375\" \/><\/a>Despu\u00e9s de conseguir tres triunfos en los cuatro encuentros disputados durante el fin de semana, el equipo Sub 16 del Automoto Club Deportivo se clasific\u00f3 como finalista de la Copa de Oro del torneo Apertura B que organiza la Asociaci\u00f3n Bahiense de V\u00f3leibol.<!--more--><br \/>\nLas chicas, que regresaron a la actividad bahiense luego de varios a\u00f1os de ausencia, demostraron una gran performance durante todo el certamen y se aseguraron de manera m\u00e1s que merecida un lugar en el juego que decidir\u00e1 al campe\u00f3n del certamen.<br \/>\nLa final se jugar\u00e1 el pr\u00f3ximo s\u00e1bado, en cancha a confirmar, con Olimpo como rival.<br \/>\nPara llegar a la instancia definitoria, las dirigidas por Sof\u00eda Urriaga debieron afrontar una intens\u00edsima jornada en el inicio de la Copa de Oro, durante la cual vencieron a Espora (por 2 a 0) y a Olimpo (2 a 1), y perdieron ante Tiro Federal (2 a 1). Ya en las semifinales, se recuperaron y superaron a este \u00faltimo rival por 2 a 0.<br \/>\nEn esta oportunidad, Automoto estuvo integrado por Agostina Pollio, Gianella Lambichi, Agustina Poblet, Camila Meriggi, Julieta Schwab y Lucila Naab.<br \/>\nPor su parte, el Sub 13 cosech\u00f3 dos triunfos (Estudiantes y Olimpo) y dos derrotas (el propio Estudiantes y Tiro Federal) y se qued\u00f3 con el tercer puesto de la Copa de Plata de la competencia.<br \/>\nRepresentaron al azulgrana Clara Rinc\u00f3n, Juana Bucchi, Josefina Candal, Victoria Rusconi, Milena Uribe y Sabrina Trankels.<br \/>\n\u00a1Gran trabajo de los dos equipos! \u00a1\u00a1\u00a1Felicitaciones a todas!!!<br \/>\nDepartamento de Prensa \u2013 Automoto Club Deportivo<br \/>\nwww.clubautomotopasion.com.ar<br \/>\nFacebook: \/automototornquist<br \/>\nTwitter: @ClubAutomoto<\/p>\n","protected":false},"excerpt":{"rendered":"<p>Despu\u00e9s de conseguir tres triunfos en los cuatro encuentros disputados durante el fin de semana, el equipo Sub 16 del Automoto Club Deportivo se clasific\u00f3 como finalista de la Copa de Oro del torneo Apertura B que organiza la Asociaci\u00f3n Bahiense de V\u00f3leibol.<\/p>\n","protected":false},"author":3,"featured_media":0,"comment_status":"closed","ping_status":"open","sticky":false,"template":"","format":"standard","meta":{"footnotes":""},"categories":[27],"tags":[],"class_list":["post-23154","post","type-post","status-publish","format-standard","hentry","category-deportes"],"yoast_head":"<!-- This site is optimized with the Yoast SEO plugin v25.9 - https:\/\/yoast.com\/wordpress\/plugins\/seo\/ -->\n<title>Automoto Voley, finalista en Sub 16 - Noticias Radio Reflejos<\/title>\n<meta name=\"robots\" content=\"index, follow, max-snippet:-1, max-image-preview:large, max-video-preview:-1\" \/>\n<link rel=\"canonical\" href=\"https:\/\/www.noticiasradioreflejos.com.ar\/2021\/automoto-voley-finalista-en-sub-16\/\" \/>\n<meta property=\"og:locale\" content=\"es_ES\" \/>\n<meta property=\"og:type\" content=\"article\" \/>\n<meta property=\"og:title\" content=\"Automoto Voley, finalista en Sub 16 - Noticias Radio Reflejos\" \/>\n<meta property=\"og:description\" content=\"Despu\u00e9s de conseguir tres triunfos en los cuatro encuentros disputados durante el fin de semana, el equipo Sub 16 del Automoto Club Deportivo se clasific\u00f3 como finalista de la Copa de Oro del torneo Apertura B que organiza la Asociaci\u00f3n Bahiense de V\u00f3leibol.\" \/>\n<meta property=\"og:url\" content=\"https:\/\/www.noticiasradioreflejos.com.ar\/2021\/automoto-voley-finalista-en-sub-16\/\" \/>\n<meta property=\"og:site_name\" content=\"Noticias Radio Reflejos\" \/>\n<meta property=\"article:published_time\" content=\"2018-07-11T11:55:26+00:00\" \/>\n<meta property=\"og:image\" content=\"http:\/\/farm1.staticflickr.com\/916\/42623366024_ece36d4e4b.jpg\" \/>\n<meta name=\"author\" content=\"Arnaldo Botto\" \/>\n<meta name=\"twitter:card\" content=\"summary_large_image\" \/>\n<script type=\"application\/ld+json\" class=\"yoast-schema-graph\">{\"@context\":\"https:\/\/schema.org\",\"@graph\":[{\"@type\":\"WebPage\",\"@id\":\"https:\/\/www.noticiasradioreflejos.com.ar\/2021\/automoto-voley-finalista-en-sub-16\/\",\"url\":\"https:\/\/www.noticiasradioreflejos.com.ar\/2021\/automoto-voley-finalista-en-sub-16\/\",\"name\":\"Automoto Voley, finalista en Sub 16 - Noticias Radio Reflejos\",\"isPartOf\":{\"@id\":\"https:\/\/www.noticiasradioreflejos.com.ar\/2021\/#website\"},\"primaryImageOfPage\":{\"@id\":\"https:\/\/www.noticiasradioreflejos.com.ar\/2021\/automoto-voley-finalista-en-sub-16\/#primaryimage\"},\"image\":{\"@id\":\"https:\/\/www.noticiasradioreflejos.com.ar\/2021\/automoto-voley-finalista-en-sub-16\/#primaryimage\"},\"thumbnailUrl\":\"http:\/\/farm1.staticflickr.com\/916\/42623366024_ece36d4e4b.jpg\",\"datePublished\":\"2018-07-11T11:55:26+00:00\",\"author\":{\"@id\":\"https:\/\/www.noticiasradioreflejos.com.ar\/2021\/#\/schema\/person\/ad82545263dcc5ec0996818884fd5fb1\"},\"breadcrumb\":{\"@id\":\"https:\/\/www.noticiasradioreflejos.com.ar\/2021\/automoto-voley-finalista-en-sub-16\/#breadcrumb\"},\"inLanguage\":\"es\",\"potentialAction\":[{\"@type\":\"ReadAction\",\"target\":[\"https:\/\/www.noticiasradioreflejos.com.ar\/2021\/automoto-voley-finalista-en-sub-16\/\"]}]},{\"@type\":\"ImageObject\",\"inLanguage\":\"es\",\"@id\":\"https:\/\/www.noticiasradioreflejos.com.ar\/2021\/automoto-voley-finalista-en-sub-16\/#primaryimage\",\"url\":\"http:\/\/farm1.staticflickr.com\/916\/42623366024_ece36d4e4b.jpg\",\"contentUrl\":\"http:\/\/farm1.staticflickr.com\/916\/42623366024_ece36d4e4b.jpg\"},{\"@type\":\"BreadcrumbList\",\"@id\":\"https:\/\/www.noticiasradioreflejos.com.ar\/2021\/automoto-voley-finalista-en-sub-16\/#breadcrumb\",\"itemListElement\":[{\"@type\":\"ListItem\",\"position\":1,\"name\":\"Portada\",\"item\":\"https:\/\/www.noticiasradioreflejos.com.ar\/2021\/\"},{\"@type\":\"ListItem\",\"position\":2,\"name\":\"Automoto Voley, finalista en Sub 16\"}]},{\"@type\":\"WebSite\",\"@id\":\"https:\/\/www.noticiasradioreflejos.com.ar\/2021\/#website\",\"url\":\"https:\/\/www.noticiasradioreflejos.com.ar\/2021\/\",\"name\":\"Noticias Radio Reflejos\",\"description\":\"Las noticias de mi comarca\",\"potentialAction\":[{\"@type\":\"SearchAction\",\"target\":{\"@type\":\"EntryPoint\",\"urlTemplate\":\"https:\/\/www.noticiasradioreflejos.com.ar\/2021\/?s={search_term_string}\"},\"query-input\":{\"@type\":\"PropertyValueSpecification\",\"valueRequired\":true,\"valueName\":\"search_term_string\"}}],\"inLanguage\":\"es\"},{\"@type\":\"Person\",\"@id\":\"https:\/\/www.noticiasradioreflejos.com.ar\/2021\/#\/schema\/person\/ad82545263dcc5ec0996818884fd5fb1\",\"name\":\"Arnaldo Botto\",\"image\":{\"@type\":\"ImageObject\",\"inLanguage\":\"es\",\"@id\":\"https:\/\/www.noticiasradioreflejos.com.ar\/2021\/#\/schema\/person\/image\/\",\"url\":\"https:\/\/secure.gravatar.com\/avatar\/55cb5e37c1efa326397366e6974cb338056df65cb50e7d64d1cf314e87504837?s=96&d=mm&r=g\",\"contentUrl\":\"https:\/\/secure.gravatar.com\/avatar\/55cb5e37c1efa326397366e6974cb338056df65cb50e7d64d1cf314e87504837?s=96&d=mm&r=g\",\"caption\":\"Arnaldo Botto\"},\"url\":\"https:\/\/www.noticiasradioreflejos.com.ar\/2021\/author\/arnaldo\/\"}]}<\/script>\n<!-- \/ Yoast SEO plugin. -->","yoast_head_json":{"title":"Automoto Voley, finalista en Sub 16 - Noticias Radio Reflejos","robots":{"index":"index","follow":"follow","max-snippet":"max-snippet:-1","max-image-preview":"max-image-preview:large","max-video-preview":"max-video-preview:-1"},"canonical":"https:\/\/www.noticiasradioreflejos.com.ar\/2021\/automoto-voley-finalista-en-sub-16\/","og_locale":"es_ES","og_type":"article","og_title":"Automoto Voley, finalista en Sub 16 - Noticias Radio Reflejos","og_description":"Despu\u00e9s de conseguir tres triunfos en los cuatro encuentros disputados durante el fin de semana, el equipo Sub 16 del Automoto Club Deportivo se clasific\u00f3 como finalista de la Copa de Oro del torneo Apertura B que organiza la Asociaci\u00f3n Bahiense de V\u00f3leibol.","og_url":"https:\/\/www.noticiasradioreflejos.com.ar\/2021\/automoto-voley-finalista-en-sub-16\/","og_site_name":"Noticias Radio Reflejos","article_published_time":"2018-07-11T11:55:26+00:00","og_image":[{"url":"http:\/\/farm1.staticflickr.com\/916\/42623366024_ece36d4e4b.jpg","type":"","width":"","height":""}],"author":"Arnaldo Botto","twitter_card":"summary_large_image","schema":{"@context":"https:\/\/schema.org","@graph":[{"@type":"WebPage","@id":"https:\/\/www.noticiasradioreflejos.com.ar\/2021\/automoto-voley-finalista-en-sub-16\/","url":"https:\/\/www.noticiasradioreflejos.com.ar\/2021\/automoto-voley-finalista-en-sub-16\/","name":"Automoto Voley, finalista en Sub 16 - Noticias Radio Reflejos","isPartOf":{"@id":"https:\/\/www.noticiasradioreflejos.com.ar\/2021\/#website"},"primaryImageOfPage":{"@id":"https:\/\/www.noticiasradioreflejos.com.ar\/2021\/automoto-voley-finalista-en-sub-16\/#primaryimage"},"image":{"@id":"https:\/\/www.noticiasradioreflejos.com.ar\/2021\/automoto-voley-finalista-en-sub-16\/#primaryimage"},"thumbnailUrl":"http:\/\/farm1.staticflickr.com\/916\/42623366024_ece36d4e4b.jpg","datePublished":"2018-07-11T11:55:26+00:00","author":{"@id":"https:\/\/www.noticiasradioreflejos.com.ar\/2021\/#\/schema\/person\/ad82545263dcc5ec0996818884fd5fb1"},"breadcrumb":{"@id":"https:\/\/www.noticiasradioreflejos.com.ar\/2021\/automoto-voley-finalista-en-sub-16\/#breadcrumb"},"inLanguage":"es","potentialAction":[{"@type":"ReadAction","target":["https:\/\/www.noticiasradioreflejos.com.ar\/2021\/automoto-voley-finalista-en-sub-16\/"]}]},{"@type":"ImageObject","inLanguage":"es","@id":"https:\/\/www.noticiasradioreflejos.com.ar\/2021\/automoto-voley-finalista-en-sub-16\/#primaryimage","url":"http:\/\/farm1.staticflickr.com\/916\/42623366024_ece36d4e4b.jpg","contentUrl":"http:\/\/farm1.staticflickr.com\/916\/42623366024_ece36d4e4b.jpg"},{"@type":"BreadcrumbList","@id":"https:\/\/www.noticiasradioreflejos.com.ar\/2021\/automoto-voley-finalista-en-sub-16\/#breadcrumb","itemListElement":[{"@type":"ListItem","position":1,"name":"Portada","item":"https:\/\/www.noticiasradioreflejos.com.ar\/2021\/"},{"@type":"ListItem","position":2,"name":"Automoto Voley, finalista en Sub 16"}]},{"@type":"WebSite","@id":"https:\/\/www.noticiasradioreflejos.com.ar\/2021\/#website","url":"https:\/\/www.noticiasradioreflejos.com.ar\/2021\/","name":"Noticias Radio Reflejos","description":"Las noticias de mi comarca","potentialAction":[{"@type":"SearchAction","target":{"@type":"EntryPoint","urlTemplate":"https:\/\/www.noticiasradioreflejos.com.ar\/2021\/?s={search_term_string}"},"query-input":{"@type":"PropertyValueSpecification","valueRequired":true,"valueName":"search_term_string"}}],"inLanguage":"es"},{"@type":"Person","@id":"https:\/\/www.noticiasradioreflejos.com.ar\/2021\/#\/schema\/person\/ad82545263dcc5ec0996818884fd5fb1","name":"Arnaldo Botto","image":{"@type":"ImageObject","inLanguage":"es","@id":"https:\/\/www.noticiasradioreflejos.com.ar\/2021\/#\/schema\/person\/image\/","url":"https:\/\/secure.gravatar.com\/avatar\/55cb5e37c1efa326397366e6974cb338056df65cb50e7d64d1cf314e87504837?s=96&d=mm&r=g","contentUrl":"https:\/\/secure.gravatar.com\/avatar\/55cb5e37c1efa326397366e6974cb338056df65cb50e7d64d1cf314e87504837?s=96&d=mm&r=g","caption":"Arnaldo Botto"},"url":"https:\/\/www.noticiasradioreflejos.com.ar\/2021\/author\/arnaldo\/"}]}},"_links":{"self":[{"href":"https:\/\/www.noticiasradioreflejos.com.ar\/2021\/wp-json\/wp\/v2\/posts\/23154","targetHints":{"allow":["GET"]}}],"collection":[{"href":"https:\/\/www.noticiasradioreflejos.com.ar\/2021\/wp-json\/wp\/v2\/posts"}],"about":[{"href":"https:\/\/www.noticiasradioreflejos.com.ar\/2021\/wp-json\/wp\/v2\/types\/post"}],"author":[{"embeddable":true,"href":"https:\/\/www.noticiasradioreflejos.com.ar\/2021\/wp-json\/wp\/v2\/users\/3"}],"replies":[{"embeddable":true,"href":"https:\/\/www.noticiasradioreflejos.com.ar\/2021\/wp-json\/wp\/v2\/comments?post=23154"}],"version-history":[{"count":0,"href":"https:\/\/www.noticiasradioreflejos.com.ar\/2021\/wp-json\/wp\/v2\/posts\/23154\/revisions"}],"wp:attachment":[{"href":"https:\/\/www.noticiasradioreflejos.com.ar\/2021\/wp-json\/wp\/v2\/media?parent=23154"}],"wp:term":[{"taxonomy":"category","embeddable":true,"href":"https:\/\/www.noticiasradioreflejos.com.ar\/2021\/wp-json\/wp\/v2\/categories?post=23154"},{"taxonomy":"post_tag","embeddable":true,"href":"https:\/\/www.noticiasradioreflejos.com.ar\/2021\/wp-json\/wp\/v2\/tags?post=23154"}],"curies":[{"name":"wp","href":"https:\/\/api.w.org\/{rel}","templated":true}]}}