{"id":23148,"date":"2018-07-11T08:33:29","date_gmt":"2018-07-11T11:33:29","guid":{"rendered":"http:\/\/www.noticiasradioreflejos.com.ar\/noticias\/?p=23148"},"modified":"2018-07-11T08:33:29","modified_gmt":"2018-07-11T11:33:29","slug":"queremos-que-el-vecino-encuentre-una-solucion-a-traves-de-la-asociacion-de-fomento","status":"publish","type":"post","link":"https:\/\/www.noticiasradioreflejos.com.ar\/2021\/queremos-que-el-vecino-encuentre-una-solucion-a-traves-de-la-asociacion-de-fomento\/","title":{"rendered":"\u201cQueremos que el vecino encuentre una soluci\u00f3n a trav\u00e9s de la Asociaci\u00f3n de Fomento\u201d"},"content":{"rendered":"<p>El pasado domingo 1 de julio, en el marco de la Asamblea General Ordinaria, se realizaron las elecciones para elegir a la nueva comisi\u00f3n directiva de la Asociaci\u00f3n de Fomento y Educaci\u00f3n Cultural y F\u00edsica de Villa Ventana.<!--more--><br \/>\nCon el 70% de los sufragios (votaron un poco m\u00e1s de 60 socios), la lista ganadora fue la encabezada por Rub\u00e9n Dar\u00edo Testa, ex delegado municipal de la localidad y Secretario de Turismo, Cultura y Deportes del distrito durante un fragmento de la gesti\u00f3n de Gustavo Trankels.<br \/>\nEn di\u00e1logo con nuestro medio, el flamante presidente de la entidad marc\u00f3 los objetivos que buscar\u00e1 concretar en la instituci\u00f3n y en la Villa.<br \/>\n\u201cFomento venia de un par de a\u00f1os complicados y hab\u00eda perdido una importante cantidad de socios. Un grupo de vecinos me convoc\u00f3 a asumir la responsabilidad de la presidencia, acept\u00e9 y armamos una lista heterog\u00e9nea, con chicos j\u00f3venes y gente con experiencia y muy respetada en la Villa\u201d, coment\u00f3.<br \/>\n\u201cHe vivido muchas cosas en Villa y que me convoquen a formar parte de la lista es un honor. Tambi\u00e9n es una alegr\u00eda haber ido a ver a vecinos y tener una respuesta afirmativa, porque no es f\u00e1cil armar una comisi\u00f3n. La gente que acept\u00f3 se comprometi\u00f3 y hay un entusiasmo muy lindo\u201d, afirm\u00f3.<br \/>\nEn las elecciones, de las que participaron 64 asociados, se impuso claramente a la lista que encabezaba Marcelo Stancanelli.<br \/>\nAhora, ya en su nueva funci\u00f3n, Testa indic\u00f3 que \u201cla idea es trabajar para la comunidad, ya que Fomento siempre estuvo presente al frente de los reclamos y las solicitudes\u201d.<br \/>\n\u201cVamos a trabajar para que nuestros chicos tengan igualdad de oportunidades que el resto del distrito, escuchar las inquietudes de los vecinos y renovar la cantidad de socios que se fueron perdiendo\u201d, a\u00f1adi\u00f3.<br \/>\nUno de los primeros proyectos a desarrollar, adelant\u00f3 Testa, \u201ces concretar el play\u00f3n deportivo, cuyo proyecto fue el ganador del Presupuesto Participativo 2017, pero nunca se inici\u00f3\u201d.<br \/>\n\u201cLa anterior comisi\u00f3n tuvo inconvenientes, pero lo importante es que ha logrado poner en orden toda la documentaci\u00f3n necesaria para llegar a la asamblea. Ahora nosotros vamos a hacer lo mejor posible para que todo est\u00e9 claro\u201d, asegur\u00f3.<br \/>\nEl flamante presidente de la entidad manifest\u00f3 que \u201cel inter\u00e9s que prima es el inter\u00e9s com\u00fan, queremos que Villa Ventana vuelva a brillar; que el vecino encuentre una soluci\u00f3n a trav\u00e9s de Fomento. Vamos a trabajar en todos los sentidos, gestionando y tratando de sacar lo mejor de donde corresponda\u201d.<br \/>\n\u201cHay mucho por hacer en Villa ventana, la idea es colaborar con la delegaci\u00f3n pero tambi\u00e9n exigir lo que nos corresponde a los vecinos\u201d, concluy\u00f3.<br \/>\n<iframe loading=\"lazy\" width=\"100%\" height=\"166\" scrolling=\"no\" frameborder=\"no\" allow=\"autoplay\" src=\"https:\/\/w.soundcloud.com\/player\/?url=https%3A\/\/api.soundcloud.com\/tracks\/470196927&#038;color=%23ff5500&#038;auto_play=false&#038;hide_related=false&#038;show_comments=true&#038;show_user=true&#038;show_reposts=false&#038;show_teaser=true\"><\/iframe><br \/>\n<a title=\"20180710_135408\" href=\"http:\/\/farm2.staticflickr.com\/1786\/43340204271_fc68a436be.jpg\" rel=\"\"><img loading=\"lazy\" decoding=\"async\" class=\"aligncenter\" title=\"20180710_135408\" src=\"http:\/\/farm2.staticflickr.com\/1786\/43340204271_fc68a436be.jpg\" alt=\"20180710_135408\" width=\"500\" height=\"498\" \/><\/a><\/p>\n","protected":false},"excerpt":{"rendered":"<p>El pasado domingo 1 de julio, en el marco de la Asamblea General Ordinaria, se realizaron las elecciones para elegir a la nueva comisi\u00f3n directiva de la Asociaci\u00f3n de Fomento y Educaci\u00f3n Cultural y F\u00edsica de Villa Ventana.<\/p>\n","protected":false},"author":3,"featured_media":0,"comment_status":"closed","ping_status":"open","sticky":false,"template":"","format":"standard","meta":{"footnotes":""},"categories":[26],"tags":[],"class_list":["post-23148","post","type-post","status-publish","format-standard","hentry","category-sociedad"],"yoast_head":"<!-- This site is optimized with the Yoast SEO plugin v25.9 - https:\/\/yoast.com\/wordpress\/plugins\/seo\/ -->\n<title>\u201cQueremos que el vecino encuentre una soluci\u00f3n a trav\u00e9s de la Asociaci\u00f3n de Fomento\u201d - Noticias Radio Reflejos<\/title>\n<meta name=\"robots\" content=\"index, follow, max-snippet:-1, max-image-preview:large, max-video-preview:-1\" \/>\n<link rel=\"canonical\" href=\"https:\/\/www.noticiasradioreflejos.com.ar\/2021\/queremos-que-el-vecino-encuentre-una-solucion-a-traves-de-la-asociacion-de-fomento\/\" \/>\n<meta property=\"og:locale\" content=\"es_ES\" \/>\n<meta property=\"og:type\" content=\"article\" \/>\n<meta property=\"og:title\" content=\"\u201cQueremos que el vecino encuentre una soluci\u00f3n a trav\u00e9s de la Asociaci\u00f3n de Fomento\u201d - Noticias Radio Reflejos\" \/>\n<meta property=\"og:description\" content=\"El pasado domingo 1 de julio, en el marco de la Asamblea General Ordinaria, se realizaron las elecciones para elegir a la nueva comisi\u00f3n directiva de la Asociaci\u00f3n de Fomento y Educaci\u00f3n Cultural y F\u00edsica de Villa Ventana.\" \/>\n<meta property=\"og:url\" content=\"https:\/\/www.noticiasradioreflejos.com.ar\/2021\/queremos-que-el-vecino-encuentre-una-solucion-a-traves-de-la-asociacion-de-fomento\/\" \/>\n<meta property=\"og:site_name\" content=\"Noticias Radio Reflejos\" \/>\n<meta property=\"article:published_time\" content=\"2018-07-11T11:33:29+00:00\" \/>\n<meta property=\"og:image\" content=\"http:\/\/farm2.staticflickr.com\/1786\/43340204271_fc68a436be.jpg\" \/>\n<meta name=\"author\" content=\"Arnaldo Botto\" \/>\n<meta name=\"twitter:card\" content=\"summary_large_image\" \/>\n<script type=\"application\/ld+json\" class=\"yoast-schema-graph\">{\"@context\":\"https:\/\/schema.org\",\"@graph\":[{\"@type\":\"WebPage\",\"@id\":\"https:\/\/www.noticiasradioreflejos.com.ar\/2021\/queremos-que-el-vecino-encuentre-una-solucion-a-traves-de-la-asociacion-de-fomento\/\",\"url\":\"https:\/\/www.noticiasradioreflejos.com.ar\/2021\/queremos-que-el-vecino-encuentre-una-solucion-a-traves-de-la-asociacion-de-fomento\/\",\"name\":\"\u201cQueremos que el vecino encuentre una soluci\u00f3n a trav\u00e9s de la Asociaci\u00f3n de Fomento\u201d - Noticias Radio Reflejos\",\"isPartOf\":{\"@id\":\"https:\/\/www.noticiasradioreflejos.com.ar\/2021\/#website\"},\"primaryImageOfPage\":{\"@id\":\"https:\/\/www.noticiasradioreflejos.com.ar\/2021\/queremos-que-el-vecino-encuentre-una-solucion-a-traves-de-la-asociacion-de-fomento\/#primaryimage\"},\"image\":{\"@id\":\"https:\/\/www.noticiasradioreflejos.com.ar\/2021\/queremos-que-el-vecino-encuentre-una-solucion-a-traves-de-la-asociacion-de-fomento\/#primaryimage\"},\"thumbnailUrl\":\"http:\/\/farm2.staticflickr.com\/1786\/43340204271_fc68a436be.jpg\",\"datePublished\":\"2018-07-11T11:33:29+00:00\",\"author\":{\"@id\":\"https:\/\/www.noticiasradioreflejos.com.ar\/2021\/#\/schema\/person\/ad82545263dcc5ec0996818884fd5fb1\"},\"breadcrumb\":{\"@id\":\"https:\/\/www.noticiasradioreflejos.com.ar\/2021\/queremos-que-el-vecino-encuentre-una-solucion-a-traves-de-la-asociacion-de-fomento\/#breadcrumb\"},\"inLanguage\":\"es\",\"potentialAction\":[{\"@type\":\"ReadAction\",\"target\":[\"https:\/\/www.noticiasradioreflejos.com.ar\/2021\/queremos-que-el-vecino-encuentre-una-solucion-a-traves-de-la-asociacion-de-fomento\/\"]}]},{\"@type\":\"ImageObject\",\"inLanguage\":\"es\",\"@id\":\"https:\/\/www.noticiasradioreflejos.com.ar\/2021\/queremos-que-el-vecino-encuentre-una-solucion-a-traves-de-la-asociacion-de-fomento\/#primaryimage\",\"url\":\"http:\/\/farm2.staticflickr.com\/1786\/43340204271_fc68a436be.jpg\",\"contentUrl\":\"http:\/\/farm2.staticflickr.com\/1786\/43340204271_fc68a436be.jpg\"},{\"@type\":\"BreadcrumbList\",\"@id\":\"https:\/\/www.noticiasradioreflejos.com.ar\/2021\/queremos-que-el-vecino-encuentre-una-solucion-a-traves-de-la-asociacion-de-fomento\/#breadcrumb\",\"itemListElement\":[{\"@type\":\"ListItem\",\"position\":1,\"name\":\"Portada\",\"item\":\"https:\/\/www.noticiasradioreflejos.com.ar\/2021\/\"},{\"@type\":\"ListItem\",\"position\":2,\"name\":\"\u201cQueremos que el vecino encuentre una soluci\u00f3n a trav\u00e9s de la Asociaci\u00f3n de Fomento\u201d\"}]},{\"@type\":\"WebSite\",\"@id\":\"https:\/\/www.noticiasradioreflejos.com.ar\/2021\/#website\",\"url\":\"https:\/\/www.noticiasradioreflejos.com.ar\/2021\/\",\"name\":\"Noticias Radio Reflejos\",\"description\":\"Las noticias de mi comarca\",\"potentialAction\":[{\"@type\":\"SearchAction\",\"target\":{\"@type\":\"EntryPoint\",\"urlTemplate\":\"https:\/\/www.noticiasradioreflejos.com.ar\/2021\/?s={search_term_string}\"},\"query-input\":{\"@type\":\"PropertyValueSpecification\",\"valueRequired\":true,\"valueName\":\"search_term_string\"}}],\"inLanguage\":\"es\"},{\"@type\":\"Person\",\"@id\":\"https:\/\/www.noticiasradioreflejos.com.ar\/2021\/#\/schema\/person\/ad82545263dcc5ec0996818884fd5fb1\",\"name\":\"Arnaldo Botto\",\"image\":{\"@type\":\"ImageObject\",\"inLanguage\":\"es\",\"@id\":\"https:\/\/www.noticiasradioreflejos.com.ar\/2021\/#\/schema\/person\/image\/\",\"url\":\"https:\/\/secure.gravatar.com\/avatar\/55cb5e37c1efa326397366e6974cb338056df65cb50e7d64d1cf314e87504837?s=96&d=mm&r=g\",\"contentUrl\":\"https:\/\/secure.gravatar.com\/avatar\/55cb5e37c1efa326397366e6974cb338056df65cb50e7d64d1cf314e87504837?s=96&d=mm&r=g\",\"caption\":\"Arnaldo Botto\"},\"url\":\"https:\/\/www.noticiasradioreflejos.com.ar\/2021\/author\/arnaldo\/\"}]}<\/script>\n<!-- \/ Yoast SEO plugin. -->","yoast_head_json":{"title":"\u201cQueremos que el vecino encuentre una soluci\u00f3n a trav\u00e9s de la Asociaci\u00f3n de Fomento\u201d - Noticias Radio Reflejos","robots":{"index":"index","follow":"follow","max-snippet":"max-snippet:-1","max-image-preview":"max-image-preview:large","max-video-preview":"max-video-preview:-1"},"canonical":"https:\/\/www.noticiasradioreflejos.com.ar\/2021\/queremos-que-el-vecino-encuentre-una-solucion-a-traves-de-la-asociacion-de-fomento\/","og_locale":"es_ES","og_type":"article","og_title":"\u201cQueremos que el vecino encuentre una soluci\u00f3n a trav\u00e9s de la Asociaci\u00f3n de Fomento\u201d - Noticias Radio Reflejos","og_description":"El pasado domingo 1 de julio, en el marco de la Asamblea General Ordinaria, se realizaron las elecciones para elegir a la nueva comisi\u00f3n directiva de la Asociaci\u00f3n de Fomento y Educaci\u00f3n Cultural y F\u00edsica de Villa Ventana.","og_url":"https:\/\/www.noticiasradioreflejos.com.ar\/2021\/queremos-que-el-vecino-encuentre-una-solucion-a-traves-de-la-asociacion-de-fomento\/","og_site_name":"Noticias Radio Reflejos","article_published_time":"2018-07-11T11:33:29+00:00","og_image":[{"url":"http:\/\/farm2.staticflickr.com\/1786\/43340204271_fc68a436be.jpg","type":"","width":"","height":""}],"author":"Arnaldo Botto","twitter_card":"summary_large_image","schema":{"@context":"https:\/\/schema.org","@graph":[{"@type":"WebPage","@id":"https:\/\/www.noticiasradioreflejos.com.ar\/2021\/queremos-que-el-vecino-encuentre-una-solucion-a-traves-de-la-asociacion-de-fomento\/","url":"https:\/\/www.noticiasradioreflejos.com.ar\/2021\/queremos-que-el-vecino-encuentre-una-solucion-a-traves-de-la-asociacion-de-fomento\/","name":"\u201cQueremos que el vecino encuentre una soluci\u00f3n a trav\u00e9s de la Asociaci\u00f3n de Fomento\u201d - Noticias Radio Reflejos","isPartOf":{"@id":"https:\/\/www.noticiasradioreflejos.com.ar\/2021\/#website"},"primaryImageOfPage":{"@id":"https:\/\/www.noticiasradioreflejos.com.ar\/2021\/queremos-que-el-vecino-encuentre-una-solucion-a-traves-de-la-asociacion-de-fomento\/#primaryimage"},"image":{"@id":"https:\/\/www.noticiasradioreflejos.com.ar\/2021\/queremos-que-el-vecino-encuentre-una-solucion-a-traves-de-la-asociacion-de-fomento\/#primaryimage"},"thumbnailUrl":"http:\/\/farm2.staticflickr.com\/1786\/43340204271_fc68a436be.jpg","datePublished":"2018-07-11T11:33:29+00:00","author":{"@id":"https:\/\/www.noticiasradioreflejos.com.ar\/2021\/#\/schema\/person\/ad82545263dcc5ec0996818884fd5fb1"},"breadcrumb":{"@id":"https:\/\/www.noticiasradioreflejos.com.ar\/2021\/queremos-que-el-vecino-encuentre-una-solucion-a-traves-de-la-asociacion-de-fomento\/#breadcrumb"},"inLanguage":"es","potentialAction":[{"@type":"ReadAction","target":["https:\/\/www.noticiasradioreflejos.com.ar\/2021\/queremos-que-el-vecino-encuentre-una-solucion-a-traves-de-la-asociacion-de-fomento\/"]}]},{"@type":"ImageObject","inLanguage":"es","@id":"https:\/\/www.noticiasradioreflejos.com.ar\/2021\/queremos-que-el-vecino-encuentre-una-solucion-a-traves-de-la-asociacion-de-fomento\/#primaryimage","url":"http:\/\/farm2.staticflickr.com\/1786\/43340204271_fc68a436be.jpg","contentUrl":"http:\/\/farm2.staticflickr.com\/1786\/43340204271_fc68a436be.jpg"},{"@type":"BreadcrumbList","@id":"https:\/\/www.noticiasradioreflejos.com.ar\/2021\/queremos-que-el-vecino-encuentre-una-solucion-a-traves-de-la-asociacion-de-fomento\/#breadcrumb","itemListElement":[{"@type":"ListItem","position":1,"name":"Portada","item":"https:\/\/www.noticiasradioreflejos.com.ar\/2021\/"},{"@type":"ListItem","position":2,"name":"\u201cQueremos que el vecino encuentre una soluci\u00f3n a trav\u00e9s de la Asociaci\u00f3n de Fomento\u201d"}]},{"@type":"WebSite","@id":"https:\/\/www.noticiasradioreflejos.com.ar\/2021\/#website","url":"https:\/\/www.noticiasradioreflejos.com.ar\/2021\/","name":"Noticias Radio Reflejos","description":"Las noticias de mi comarca","potentialAction":[{"@type":"SearchAction","target":{"@type":"EntryPoint","urlTemplate":"https:\/\/www.noticiasradioreflejos.com.ar\/2021\/?s={search_term_string}"},"query-input":{"@type":"PropertyValueSpecification","valueRequired":true,"valueName":"search_term_string"}}],"inLanguage":"es"},{"@type":"Person","@id":"https:\/\/www.noticiasradioreflejos.com.ar\/2021\/#\/schema\/person\/ad82545263dcc5ec0996818884fd5fb1","name":"Arnaldo Botto","image":{"@type":"ImageObject","inLanguage":"es","@id":"https:\/\/www.noticiasradioreflejos.com.ar\/2021\/#\/schema\/person\/image\/","url":"https:\/\/secure.gravatar.com\/avatar\/55cb5e37c1efa326397366e6974cb338056df65cb50e7d64d1cf314e87504837?s=96&d=mm&r=g","contentUrl":"https:\/\/secure.gravatar.com\/avatar\/55cb5e37c1efa326397366e6974cb338056df65cb50e7d64d1cf314e87504837?s=96&d=mm&r=g","caption":"Arnaldo Botto"},"url":"https:\/\/www.noticiasradioreflejos.com.ar\/2021\/author\/arnaldo\/"}]}},"_links":{"self":[{"href":"https:\/\/www.noticiasradioreflejos.com.ar\/2021\/wp-json\/wp\/v2\/posts\/23148","targetHints":{"allow":["GET"]}}],"collection":[{"href":"https:\/\/www.noticiasradioreflejos.com.ar\/2021\/wp-json\/wp\/v2\/posts"}],"about":[{"href":"https:\/\/www.noticiasradioreflejos.com.ar\/2021\/wp-json\/wp\/v2\/types\/post"}],"author":[{"embeddable":true,"href":"https:\/\/www.noticiasradioreflejos.com.ar\/2021\/wp-json\/wp\/v2\/users\/3"}],"replies":[{"embeddable":true,"href":"https:\/\/www.noticiasradioreflejos.com.ar\/2021\/wp-json\/wp\/v2\/comments?post=23148"}],"version-history":[{"count":0,"href":"https:\/\/www.noticiasradioreflejos.com.ar\/2021\/wp-json\/wp\/v2\/posts\/23148\/revisions"}],"wp:attachment":[{"href":"https:\/\/www.noticiasradioreflejos.com.ar\/2021\/wp-json\/wp\/v2\/media?parent=23148"}],"wp:term":[{"taxonomy":"category","embeddable":true,"href":"https:\/\/www.noticiasradioreflejos.com.ar\/2021\/wp-json\/wp\/v2\/categories?post=23148"},{"taxonomy":"post_tag","embeddable":true,"href":"https:\/\/www.noticiasradioreflejos.com.ar\/2021\/wp-json\/wp\/v2\/tags?post=23148"}],"curies":[{"name":"wp","href":"https:\/\/api.w.org\/{rel}","templated":true}]}}