{"id":23146,"date":"2018-07-10T20:20:48","date_gmt":"2018-07-10T23:20:48","guid":{"rendered":"http:\/\/www.noticiasradioreflejos.com.ar\/noticias\/?p=23146"},"modified":"2018-07-10T20:20:48","modified_gmt":"2018-07-10T23:20:48","slug":"convocatoria-semana-internacional-de-la-musica-en-san-pablo-sim","status":"publish","type":"post","link":"https:\/\/www.noticiasradioreflejos.com.ar\/2021\/convocatoria-semana-internacional-de-la-musica-en-san-pablo-sim\/","title":{"rendered":"Convocatoria: Semana Internacional de la m\u00fasica en San Pablo (SIM)"},"content":{"rendered":"<p><a title=\"semana internacional\" href=\"http:\/\/farm2.staticflickr.com\/1825\/43330521801_a7c830c119_z.jpg\" rel=\"\"><img loading=\"lazy\" decoding=\"async\" class=\"aligncenter\" title=\"semana internacional\" src=\"http:\/\/farm2.staticflickr.com\/1825\/43330521801_a7c830c119_z.jpg\" alt=\"semana internacional\" width=\"640\" height=\"320\" \/><\/a><\/p>\n<h2>Apoyo del INAMU a m\u00fasicos argentinos para participar de la Semana Internacional de la M\u00fasica de San Pablo<\/h2>\n<p><!--more--><br \/>\n<strong>Dirigida a grupos musicales y\/o proyectos solistas nacionales<\/strong><br \/>\nEl Instituto Nacional de la M\u00fasica (INAMU) promueve la participaci\u00f3n de m\u00fasicos argentinos en la\u00a0<strong>Semana Internacional de la M\u00fasica (SIM) de San Pablo<\/strong>, a realizarse\u00a0<strong>del 6 al 8 de diciembre<\/strong>, otorgando pasajes, alojamiento e inscripci\u00f3n en el mercado, en caso de ser seleccionado para participar de los\u00a0<em>showcases<\/em>\u00a0argentinos.<br \/>\nLa\u00a0<strong>Semana Internacional de M\u00fasica de San Pablo<\/strong>\u00a0es una de las m\u00e1s importantes convenciones de m\u00fasica (o ferias de negocios de la m\u00fasica) de Am\u00e9rica Latina. Durante cinco d\u00edas, la capital paulista se convierte en un punto de encuentro para profesionales de todos los sectores de la industria musical, artistas, periodistas y apasionados por la cultura e innovaci\u00f3n de Brasil y de varios pa\u00edses.<br \/>\n<strong>\u00a1Ten\u00e9s tiempo hasta el mi\u00e9rcoles 15 de agosto!<\/strong><br \/>\n&nbsp;<br \/>\n<a href=\"https:\/\/www.cultura.gob.ar\/inamu-se-suma-a-la-semana-internacional-de-la-musica-de-san-pablo_6119\/\">Mas informaci\u00f3n e inscripciones<\/a><\/p>\n","protected":false},"excerpt":{"rendered":"<p>Apoyo del INAMU a m\u00fasicos argentinos para participar de la Semana Internacional de la M\u00fasica de San Pablo<\/p>\n","protected":false},"author":3,"featured_media":0,"comment_status":"closed","ping_status":"open","sticky":false,"template":"","format":"standard","meta":{"footnotes":""},"categories":[25],"tags":[],"class_list":["post-23146","post","type-post","status-publish","format-standard","hentry","category-uncategorized"],"yoast_head":"<!-- This site is optimized with the Yoast SEO plugin v25.9 - https:\/\/yoast.com\/wordpress\/plugins\/seo\/ -->\n<title>Convocatoria: Semana Internacional de la m\u00fasica en San Pablo (SIM) - Noticias Radio Reflejos<\/title>\n<meta name=\"robots\" content=\"index, follow, max-snippet:-1, max-image-preview:large, max-video-preview:-1\" \/>\n<link rel=\"canonical\" href=\"https:\/\/www.noticiasradioreflejos.com.ar\/2021\/convocatoria-semana-internacional-de-la-musica-en-san-pablo-sim\/\" \/>\n<meta property=\"og:locale\" content=\"es_ES\" \/>\n<meta property=\"og:type\" content=\"article\" \/>\n<meta property=\"og:title\" content=\"Convocatoria: Semana Internacional de la m\u00fasica en San Pablo (SIM) - Noticias Radio Reflejos\" \/>\n<meta property=\"og:description\" content=\"Apoyo del INAMU a m\u00fasicos argentinos para participar de la Semana Internacional de la M\u00fasica de San Pablo\" \/>\n<meta property=\"og:url\" content=\"https:\/\/www.noticiasradioreflejos.com.ar\/2021\/convocatoria-semana-internacional-de-la-musica-en-san-pablo-sim\/\" \/>\n<meta property=\"og:site_name\" content=\"Noticias Radio Reflejos\" \/>\n<meta property=\"article:published_time\" content=\"2018-07-10T23:20:48+00:00\" \/>\n<meta property=\"og:image\" content=\"http:\/\/farm2.staticflickr.com\/1825\/43330521801_a7c830c119_z.jpg\" \/>\n<meta name=\"author\" content=\"Arnaldo Botto\" \/>\n<meta name=\"twitter:card\" content=\"summary_large_image\" \/>\n<script type=\"application\/ld+json\" class=\"yoast-schema-graph\">{\"@context\":\"https:\/\/schema.org\",\"@graph\":[{\"@type\":\"WebPage\",\"@id\":\"https:\/\/www.noticiasradioreflejos.com.ar\/2021\/convocatoria-semana-internacional-de-la-musica-en-san-pablo-sim\/\",\"url\":\"https:\/\/www.noticiasradioreflejos.com.ar\/2021\/convocatoria-semana-internacional-de-la-musica-en-san-pablo-sim\/\",\"name\":\"Convocatoria: Semana Internacional de la m\u00fasica en San Pablo (SIM) - Noticias Radio Reflejos\",\"isPartOf\":{\"@id\":\"https:\/\/www.noticiasradioreflejos.com.ar\/2021\/#website\"},\"primaryImageOfPage\":{\"@id\":\"https:\/\/www.noticiasradioreflejos.com.ar\/2021\/convocatoria-semana-internacional-de-la-musica-en-san-pablo-sim\/#primaryimage\"},\"image\":{\"@id\":\"https:\/\/www.noticiasradioreflejos.com.ar\/2021\/convocatoria-semana-internacional-de-la-musica-en-san-pablo-sim\/#primaryimage\"},\"thumbnailUrl\":\"http:\/\/farm2.staticflickr.com\/1825\/43330521801_a7c830c119_z.jpg\",\"datePublished\":\"2018-07-10T23:20:48+00:00\",\"author\":{\"@id\":\"https:\/\/www.noticiasradioreflejos.com.ar\/2021\/#\/schema\/person\/ad82545263dcc5ec0996818884fd5fb1\"},\"breadcrumb\":{\"@id\":\"https:\/\/www.noticiasradioreflejos.com.ar\/2021\/convocatoria-semana-internacional-de-la-musica-en-san-pablo-sim\/#breadcrumb\"},\"inLanguage\":\"es\",\"potentialAction\":[{\"@type\":\"ReadAction\",\"target\":[\"https:\/\/www.noticiasradioreflejos.com.ar\/2021\/convocatoria-semana-internacional-de-la-musica-en-san-pablo-sim\/\"]}]},{\"@type\":\"ImageObject\",\"inLanguage\":\"es\",\"@id\":\"https:\/\/www.noticiasradioreflejos.com.ar\/2021\/convocatoria-semana-internacional-de-la-musica-en-san-pablo-sim\/#primaryimage\",\"url\":\"http:\/\/farm2.staticflickr.com\/1825\/43330521801_a7c830c119_z.jpg\",\"contentUrl\":\"http:\/\/farm2.staticflickr.com\/1825\/43330521801_a7c830c119_z.jpg\"},{\"@type\":\"BreadcrumbList\",\"@id\":\"https:\/\/www.noticiasradioreflejos.com.ar\/2021\/convocatoria-semana-internacional-de-la-musica-en-san-pablo-sim\/#breadcrumb\",\"itemListElement\":[{\"@type\":\"ListItem\",\"position\":1,\"name\":\"Portada\",\"item\":\"https:\/\/www.noticiasradioreflejos.com.ar\/2021\/\"},{\"@type\":\"ListItem\",\"position\":2,\"name\":\"Convocatoria: Semana Internacional de la m\u00fasica en San Pablo (SIM)\"}]},{\"@type\":\"WebSite\",\"@id\":\"https:\/\/www.noticiasradioreflejos.com.ar\/2021\/#website\",\"url\":\"https:\/\/www.noticiasradioreflejos.com.ar\/2021\/\",\"name\":\"Noticias Radio Reflejos\",\"description\":\"Las noticias de mi comarca\",\"potentialAction\":[{\"@type\":\"SearchAction\",\"target\":{\"@type\":\"EntryPoint\",\"urlTemplate\":\"https:\/\/www.noticiasradioreflejos.com.ar\/2021\/?s={search_term_string}\"},\"query-input\":{\"@type\":\"PropertyValueSpecification\",\"valueRequired\":true,\"valueName\":\"search_term_string\"}}],\"inLanguage\":\"es\"},{\"@type\":\"Person\",\"@id\":\"https:\/\/www.noticiasradioreflejos.com.ar\/2021\/#\/schema\/person\/ad82545263dcc5ec0996818884fd5fb1\",\"name\":\"Arnaldo Botto\",\"image\":{\"@type\":\"ImageObject\",\"inLanguage\":\"es\",\"@id\":\"https:\/\/www.noticiasradioreflejos.com.ar\/2021\/#\/schema\/person\/image\/\",\"url\":\"https:\/\/secure.gravatar.com\/avatar\/55cb5e37c1efa326397366e6974cb338056df65cb50e7d64d1cf314e87504837?s=96&d=mm&r=g\",\"contentUrl\":\"https:\/\/secure.gravatar.com\/avatar\/55cb5e37c1efa326397366e6974cb338056df65cb50e7d64d1cf314e87504837?s=96&d=mm&r=g\",\"caption\":\"Arnaldo Botto\"},\"url\":\"https:\/\/www.noticiasradioreflejos.com.ar\/2021\/author\/arnaldo\/\"}]}<\/script>\n<!-- \/ Yoast SEO plugin. -->","yoast_head_json":{"title":"Convocatoria: Semana Internacional de la m\u00fasica en San Pablo (SIM) - Noticias Radio Reflejos","robots":{"index":"index","follow":"follow","max-snippet":"max-snippet:-1","max-image-preview":"max-image-preview:large","max-video-preview":"max-video-preview:-1"},"canonical":"https:\/\/www.noticiasradioreflejos.com.ar\/2021\/convocatoria-semana-internacional-de-la-musica-en-san-pablo-sim\/","og_locale":"es_ES","og_type":"article","og_title":"Convocatoria: Semana Internacional de la m\u00fasica en San Pablo (SIM) - Noticias Radio Reflejos","og_description":"Apoyo del INAMU a m\u00fasicos argentinos para participar de la Semana Internacional de la M\u00fasica de San Pablo","og_url":"https:\/\/www.noticiasradioreflejos.com.ar\/2021\/convocatoria-semana-internacional-de-la-musica-en-san-pablo-sim\/","og_site_name":"Noticias Radio Reflejos","article_published_time":"2018-07-10T23:20:48+00:00","og_image":[{"url":"http:\/\/farm2.staticflickr.com\/1825\/43330521801_a7c830c119_z.jpg","type":"","width":"","height":""}],"author":"Arnaldo Botto","twitter_card":"summary_large_image","schema":{"@context":"https:\/\/schema.org","@graph":[{"@type":"WebPage","@id":"https:\/\/www.noticiasradioreflejos.com.ar\/2021\/convocatoria-semana-internacional-de-la-musica-en-san-pablo-sim\/","url":"https:\/\/www.noticiasradioreflejos.com.ar\/2021\/convocatoria-semana-internacional-de-la-musica-en-san-pablo-sim\/","name":"Convocatoria: Semana Internacional de la m\u00fasica en San Pablo (SIM) - Noticias Radio Reflejos","isPartOf":{"@id":"https:\/\/www.noticiasradioreflejos.com.ar\/2021\/#website"},"primaryImageOfPage":{"@id":"https:\/\/www.noticiasradioreflejos.com.ar\/2021\/convocatoria-semana-internacional-de-la-musica-en-san-pablo-sim\/#primaryimage"},"image":{"@id":"https:\/\/www.noticiasradioreflejos.com.ar\/2021\/convocatoria-semana-internacional-de-la-musica-en-san-pablo-sim\/#primaryimage"},"thumbnailUrl":"http:\/\/farm2.staticflickr.com\/1825\/43330521801_a7c830c119_z.jpg","datePublished":"2018-07-10T23:20:48+00:00","author":{"@id":"https:\/\/www.noticiasradioreflejos.com.ar\/2021\/#\/schema\/person\/ad82545263dcc5ec0996818884fd5fb1"},"breadcrumb":{"@id":"https:\/\/www.noticiasradioreflejos.com.ar\/2021\/convocatoria-semana-internacional-de-la-musica-en-san-pablo-sim\/#breadcrumb"},"inLanguage":"es","potentialAction":[{"@type":"ReadAction","target":["https:\/\/www.noticiasradioreflejos.com.ar\/2021\/convocatoria-semana-internacional-de-la-musica-en-san-pablo-sim\/"]}]},{"@type":"ImageObject","inLanguage":"es","@id":"https:\/\/www.noticiasradioreflejos.com.ar\/2021\/convocatoria-semana-internacional-de-la-musica-en-san-pablo-sim\/#primaryimage","url":"http:\/\/farm2.staticflickr.com\/1825\/43330521801_a7c830c119_z.jpg","contentUrl":"http:\/\/farm2.staticflickr.com\/1825\/43330521801_a7c830c119_z.jpg"},{"@type":"BreadcrumbList","@id":"https:\/\/www.noticiasradioreflejos.com.ar\/2021\/convocatoria-semana-internacional-de-la-musica-en-san-pablo-sim\/#breadcrumb","itemListElement":[{"@type":"ListItem","position":1,"name":"Portada","item":"https:\/\/www.noticiasradioreflejos.com.ar\/2021\/"},{"@type":"ListItem","position":2,"name":"Convocatoria: Semana Internacional de la m\u00fasica en San Pablo (SIM)"}]},{"@type":"WebSite","@id":"https:\/\/www.noticiasradioreflejos.com.ar\/2021\/#website","url":"https:\/\/www.noticiasradioreflejos.com.ar\/2021\/","name":"Noticias Radio Reflejos","description":"Las noticias de mi comarca","potentialAction":[{"@type":"SearchAction","target":{"@type":"EntryPoint","urlTemplate":"https:\/\/www.noticiasradioreflejos.com.ar\/2021\/?s={search_term_string}"},"query-input":{"@type":"PropertyValueSpecification","valueRequired":true,"valueName":"search_term_string"}}],"inLanguage":"es"},{"@type":"Person","@id":"https:\/\/www.noticiasradioreflejos.com.ar\/2021\/#\/schema\/person\/ad82545263dcc5ec0996818884fd5fb1","name":"Arnaldo Botto","image":{"@type":"ImageObject","inLanguage":"es","@id":"https:\/\/www.noticiasradioreflejos.com.ar\/2021\/#\/schema\/person\/image\/","url":"https:\/\/secure.gravatar.com\/avatar\/55cb5e37c1efa326397366e6974cb338056df65cb50e7d64d1cf314e87504837?s=96&d=mm&r=g","contentUrl":"https:\/\/secure.gravatar.com\/avatar\/55cb5e37c1efa326397366e6974cb338056df65cb50e7d64d1cf314e87504837?s=96&d=mm&r=g","caption":"Arnaldo Botto"},"url":"https:\/\/www.noticiasradioreflejos.com.ar\/2021\/author\/arnaldo\/"}]}},"_links":{"self":[{"href":"https:\/\/www.noticiasradioreflejos.com.ar\/2021\/wp-json\/wp\/v2\/posts\/23146","targetHints":{"allow":["GET"]}}],"collection":[{"href":"https:\/\/www.noticiasradioreflejos.com.ar\/2021\/wp-json\/wp\/v2\/posts"}],"about":[{"href":"https:\/\/www.noticiasradioreflejos.com.ar\/2021\/wp-json\/wp\/v2\/types\/post"}],"author":[{"embeddable":true,"href":"https:\/\/www.noticiasradioreflejos.com.ar\/2021\/wp-json\/wp\/v2\/users\/3"}],"replies":[{"embeddable":true,"href":"https:\/\/www.noticiasradioreflejos.com.ar\/2021\/wp-json\/wp\/v2\/comments?post=23146"}],"version-history":[{"count":0,"href":"https:\/\/www.noticiasradioreflejos.com.ar\/2021\/wp-json\/wp\/v2\/posts\/23146\/revisions"}],"wp:attachment":[{"href":"https:\/\/www.noticiasradioreflejos.com.ar\/2021\/wp-json\/wp\/v2\/media?parent=23146"}],"wp:term":[{"taxonomy":"category","embeddable":true,"href":"https:\/\/www.noticiasradioreflejos.com.ar\/2021\/wp-json\/wp\/v2\/categories?post=23146"},{"taxonomy":"post_tag","embeddable":true,"href":"https:\/\/www.noticiasradioreflejos.com.ar\/2021\/wp-json\/wp\/v2\/tags?post=23146"}],"curies":[{"name":"wp","href":"https:\/\/api.w.org\/{rel}","templated":true}]}}