{"id":23143,"date":"2018-07-10T20:12:16","date_gmt":"2018-07-10T23:12:16","guid":{"rendered":"http:\/\/www.noticiasradioreflejos.com.ar\/noticias\/?p=23143"},"modified":"2018-07-10T20:12:16","modified_gmt":"2018-07-10T23:12:16","slug":"se-inauguro-la-muestra-artistas-de-nuestra-tierra","status":"publish","type":"post","link":"https:\/\/www.noticiasradioreflejos.com.ar\/2021\/se-inauguro-la-muestra-artistas-de-nuestra-tierra\/","title":{"rendered":"Se inaugur\u00f3 la muestra \u201cArtistas de Nuestra Tierra\u201d"},"content":{"rendered":"<p>D\u00edas atr\u00e1s qued\u00f3 inaugurada en el Centro Cultural de Sierra de la Ventana, la exposici\u00f3n \u00abArtistas de Nuestra Tierra\u201d.<!--more--><br \/>\nDurante el evento, se comparti\u00f3 un brindis con distintos vinos de las bodegas \u201cVentania\u201d y \u201cCerros Colorados\u201d y delicias en panificados del \u201cViejo Mercado de Saldungaray\u201d. Durante la jornada se pudo disfrutar de la m\u00fasica del taller municipal \u201cEnsamble Musical\u201d.<br \/>\nLa exposici\u00f3n estar\u00e1 abierta al p\u00fablico durante todas las vacaciones de invierno, para brindarles a los turistas y vecinos la posibilidad de conocer las obras de gran parte de nuestros artistas.<br \/>\nEn esta ocasi\u00f3n exponen: Julieta Molina Barbeira, Valeria Barbeira, Cristina Angelozzi, Ana Guardiola, Norma Poggi, Elisa Spagnolo, Sonia de Larena, Ayelen Gomez, Cecilia Meyer, Fernanda Ferreras, Virginia Castro, Fernanda Gal\u00e1n y Elisa Abello. Sumando la participaci\u00f3n especial de la muestra permanente del recientemente fallecido artista pl\u00e1stico Sergio Romero.<br \/>\n<a href=\"http:\/\/farm2.staticflickr.com\/1825\/43280802412_f8e3834d82_z.jpg\" title=\"muestra de arte5\" rel=\"\"><img loading=\"lazy\" decoding=\"async\" src=\"http:\/\/farm2.staticflickr.com\/1825\/43280802412_f8e3834d82_z.jpg\" width=\"640\" height=\"480\" alt=\"muestra de arte5\" title=\"muestra de arte5\" class=\"aligncenter\"><\/a><br \/>\n<a href=\"http:\/\/farm2.staticflickr.com\/1808\/43280803072_d3cfd2035f_z.jpg\" title=\"muestra de arte4\" rel=\"\"><img loading=\"lazy\" decoding=\"async\" src=\"http:\/\/farm2.staticflickr.com\/1808\/43280803072_d3cfd2035f_z.jpg\" width=\"640\" height=\"480\" alt=\"muestra de arte4\" title=\"muestra de arte4\" class=\"aligncenter\"><\/a><br \/>\n<a href=\"http:\/\/farm1.staticflickr.com\/920\/41520942830_b670a2a3bb_z.jpg\" title=\"muestra de arte3\" rel=\"\"><img loading=\"lazy\" decoding=\"async\" src=\"http:\/\/farm1.staticflickr.com\/920\/41520942830_b670a2a3bb_z.jpg\" width=\"640\" height=\"480\" alt=\"muestra de arte3\" title=\"muestra de arte3\" class=\"aligncenter\"><\/a><br \/>\n<a href=\"http:\/\/farm2.staticflickr.com\/1767\/41520947360_65f9d4420a_z.jpg\" title=\"muestra de arte2\" rel=\"\"><img loading=\"lazy\" decoding=\"async\" src=\"http:\/\/farm2.staticflickr.com\/1767\/41520947360_65f9d4420a_z.jpg\" width=\"640\" height=\"480\" alt=\"muestra de arte2\" title=\"muestra de arte2\" class=\"aligncenter\"><\/a><\/p>\n","protected":false},"excerpt":{"rendered":"<p>D\u00edas atr\u00e1s qued\u00f3 inaugurada en el Centro Cultural de Sierra de la Ventana, la exposici\u00f3n \u00abArtistas de Nuestra Tierra\u201d.<\/p>\n","protected":false},"author":3,"featured_media":0,"comment_status":"closed","ping_status":"open","sticky":false,"template":"","format":"standard","meta":{"footnotes":""},"categories":[35],"tags":[],"class_list":["post-23143","post","type-post","status-publish","format-standard","hentry","category-cultura"],"yoast_head":"<!-- This site is optimized with the Yoast SEO plugin v25.9 - https:\/\/yoast.com\/wordpress\/plugins\/seo\/ -->\n<title>Se inaugur\u00f3 la muestra \u201cArtistas de Nuestra Tierra\u201d - Noticias Radio Reflejos<\/title>\n<meta name=\"robots\" content=\"index, follow, max-snippet:-1, max-image-preview:large, max-video-preview:-1\" \/>\n<link rel=\"canonical\" href=\"https:\/\/www.noticiasradioreflejos.com.ar\/2021\/se-inauguro-la-muestra-artistas-de-nuestra-tierra\/\" \/>\n<meta property=\"og:locale\" content=\"es_ES\" \/>\n<meta property=\"og:type\" content=\"article\" \/>\n<meta property=\"og:title\" content=\"Se inaugur\u00f3 la muestra \u201cArtistas de Nuestra Tierra\u201d - Noticias Radio Reflejos\" \/>\n<meta property=\"og:description\" content=\"D\u00edas atr\u00e1s qued\u00f3 inaugurada en el Centro Cultural de Sierra de la Ventana, la exposici\u00f3n \u00abArtistas de Nuestra Tierra\u201d.\" \/>\n<meta property=\"og:url\" content=\"https:\/\/www.noticiasradioreflejos.com.ar\/2021\/se-inauguro-la-muestra-artistas-de-nuestra-tierra\/\" \/>\n<meta property=\"og:site_name\" content=\"Noticias Radio Reflejos\" \/>\n<meta property=\"article:published_time\" content=\"2018-07-10T23:12:16+00:00\" \/>\n<meta property=\"og:image\" content=\"http:\/\/farm2.staticflickr.com\/1825\/43280802412_f8e3834d82_z.jpg\" \/>\n<meta name=\"author\" content=\"Arnaldo Botto\" \/>\n<meta name=\"twitter:card\" content=\"summary_large_image\" \/>\n<script type=\"application\/ld+json\" class=\"yoast-schema-graph\">{\"@context\":\"https:\/\/schema.org\",\"@graph\":[{\"@type\":\"WebPage\",\"@id\":\"https:\/\/www.noticiasradioreflejos.com.ar\/2021\/se-inauguro-la-muestra-artistas-de-nuestra-tierra\/\",\"url\":\"https:\/\/www.noticiasradioreflejos.com.ar\/2021\/se-inauguro-la-muestra-artistas-de-nuestra-tierra\/\",\"name\":\"Se inaugur\u00f3 la muestra \u201cArtistas de Nuestra Tierra\u201d - Noticias Radio Reflejos\",\"isPartOf\":{\"@id\":\"https:\/\/www.noticiasradioreflejos.com.ar\/2021\/#website\"},\"primaryImageOfPage\":{\"@id\":\"https:\/\/www.noticiasradioreflejos.com.ar\/2021\/se-inauguro-la-muestra-artistas-de-nuestra-tierra\/#primaryimage\"},\"image\":{\"@id\":\"https:\/\/www.noticiasradioreflejos.com.ar\/2021\/se-inauguro-la-muestra-artistas-de-nuestra-tierra\/#primaryimage\"},\"thumbnailUrl\":\"http:\/\/farm2.staticflickr.com\/1825\/43280802412_f8e3834d82_z.jpg\",\"datePublished\":\"2018-07-10T23:12:16+00:00\",\"author\":{\"@id\":\"https:\/\/www.noticiasradioreflejos.com.ar\/2021\/#\/schema\/person\/ad82545263dcc5ec0996818884fd5fb1\"},\"breadcrumb\":{\"@id\":\"https:\/\/www.noticiasradioreflejos.com.ar\/2021\/se-inauguro-la-muestra-artistas-de-nuestra-tierra\/#breadcrumb\"},\"inLanguage\":\"es\",\"potentialAction\":[{\"@type\":\"ReadAction\",\"target\":[\"https:\/\/www.noticiasradioreflejos.com.ar\/2021\/se-inauguro-la-muestra-artistas-de-nuestra-tierra\/\"]}]},{\"@type\":\"ImageObject\",\"inLanguage\":\"es\",\"@id\":\"https:\/\/www.noticiasradioreflejos.com.ar\/2021\/se-inauguro-la-muestra-artistas-de-nuestra-tierra\/#primaryimage\",\"url\":\"http:\/\/farm2.staticflickr.com\/1825\/43280802412_f8e3834d82_z.jpg\",\"contentUrl\":\"http:\/\/farm2.staticflickr.com\/1825\/43280802412_f8e3834d82_z.jpg\"},{\"@type\":\"BreadcrumbList\",\"@id\":\"https:\/\/www.noticiasradioreflejos.com.ar\/2021\/se-inauguro-la-muestra-artistas-de-nuestra-tierra\/#breadcrumb\",\"itemListElement\":[{\"@type\":\"ListItem\",\"position\":1,\"name\":\"Portada\",\"item\":\"https:\/\/www.noticiasradioreflejos.com.ar\/2021\/\"},{\"@type\":\"ListItem\",\"position\":2,\"name\":\"Se inaugur\u00f3 la muestra \u201cArtistas de Nuestra Tierra\u201d\"}]},{\"@type\":\"WebSite\",\"@id\":\"https:\/\/www.noticiasradioreflejos.com.ar\/2021\/#website\",\"url\":\"https:\/\/www.noticiasradioreflejos.com.ar\/2021\/\",\"name\":\"Noticias Radio Reflejos\",\"description\":\"Las noticias de mi comarca\",\"potentialAction\":[{\"@type\":\"SearchAction\",\"target\":{\"@type\":\"EntryPoint\",\"urlTemplate\":\"https:\/\/www.noticiasradioreflejos.com.ar\/2021\/?s={search_term_string}\"},\"query-input\":{\"@type\":\"PropertyValueSpecification\",\"valueRequired\":true,\"valueName\":\"search_term_string\"}}],\"inLanguage\":\"es\"},{\"@type\":\"Person\",\"@id\":\"https:\/\/www.noticiasradioreflejos.com.ar\/2021\/#\/schema\/person\/ad82545263dcc5ec0996818884fd5fb1\",\"name\":\"Arnaldo Botto\",\"image\":{\"@type\":\"ImageObject\",\"inLanguage\":\"es\",\"@id\":\"https:\/\/www.noticiasradioreflejos.com.ar\/2021\/#\/schema\/person\/image\/\",\"url\":\"https:\/\/secure.gravatar.com\/avatar\/55cb5e37c1efa326397366e6974cb338056df65cb50e7d64d1cf314e87504837?s=96&d=mm&r=g\",\"contentUrl\":\"https:\/\/secure.gravatar.com\/avatar\/55cb5e37c1efa326397366e6974cb338056df65cb50e7d64d1cf314e87504837?s=96&d=mm&r=g\",\"caption\":\"Arnaldo Botto\"},\"url\":\"https:\/\/www.noticiasradioreflejos.com.ar\/2021\/author\/arnaldo\/\"}]}<\/script>\n<!-- \/ Yoast SEO plugin. -->","yoast_head_json":{"title":"Se inaugur\u00f3 la muestra \u201cArtistas de Nuestra Tierra\u201d - Noticias Radio Reflejos","robots":{"index":"index","follow":"follow","max-snippet":"max-snippet:-1","max-image-preview":"max-image-preview:large","max-video-preview":"max-video-preview:-1"},"canonical":"https:\/\/www.noticiasradioreflejos.com.ar\/2021\/se-inauguro-la-muestra-artistas-de-nuestra-tierra\/","og_locale":"es_ES","og_type":"article","og_title":"Se inaugur\u00f3 la muestra \u201cArtistas de Nuestra Tierra\u201d - Noticias Radio Reflejos","og_description":"D\u00edas atr\u00e1s qued\u00f3 inaugurada en el Centro Cultural de Sierra de la Ventana, la exposici\u00f3n \u00abArtistas de Nuestra Tierra\u201d.","og_url":"https:\/\/www.noticiasradioreflejos.com.ar\/2021\/se-inauguro-la-muestra-artistas-de-nuestra-tierra\/","og_site_name":"Noticias Radio Reflejos","article_published_time":"2018-07-10T23:12:16+00:00","og_image":[{"url":"http:\/\/farm2.staticflickr.com\/1825\/43280802412_f8e3834d82_z.jpg","type":"","width":"","height":""}],"author":"Arnaldo Botto","twitter_card":"summary_large_image","schema":{"@context":"https:\/\/schema.org","@graph":[{"@type":"WebPage","@id":"https:\/\/www.noticiasradioreflejos.com.ar\/2021\/se-inauguro-la-muestra-artistas-de-nuestra-tierra\/","url":"https:\/\/www.noticiasradioreflejos.com.ar\/2021\/se-inauguro-la-muestra-artistas-de-nuestra-tierra\/","name":"Se inaugur\u00f3 la muestra \u201cArtistas de Nuestra Tierra\u201d - Noticias Radio Reflejos","isPartOf":{"@id":"https:\/\/www.noticiasradioreflejos.com.ar\/2021\/#website"},"primaryImageOfPage":{"@id":"https:\/\/www.noticiasradioreflejos.com.ar\/2021\/se-inauguro-la-muestra-artistas-de-nuestra-tierra\/#primaryimage"},"image":{"@id":"https:\/\/www.noticiasradioreflejos.com.ar\/2021\/se-inauguro-la-muestra-artistas-de-nuestra-tierra\/#primaryimage"},"thumbnailUrl":"http:\/\/farm2.staticflickr.com\/1825\/43280802412_f8e3834d82_z.jpg","datePublished":"2018-07-10T23:12:16+00:00","author":{"@id":"https:\/\/www.noticiasradioreflejos.com.ar\/2021\/#\/schema\/person\/ad82545263dcc5ec0996818884fd5fb1"},"breadcrumb":{"@id":"https:\/\/www.noticiasradioreflejos.com.ar\/2021\/se-inauguro-la-muestra-artistas-de-nuestra-tierra\/#breadcrumb"},"inLanguage":"es","potentialAction":[{"@type":"ReadAction","target":["https:\/\/www.noticiasradioreflejos.com.ar\/2021\/se-inauguro-la-muestra-artistas-de-nuestra-tierra\/"]}]},{"@type":"ImageObject","inLanguage":"es","@id":"https:\/\/www.noticiasradioreflejos.com.ar\/2021\/se-inauguro-la-muestra-artistas-de-nuestra-tierra\/#primaryimage","url":"http:\/\/farm2.staticflickr.com\/1825\/43280802412_f8e3834d82_z.jpg","contentUrl":"http:\/\/farm2.staticflickr.com\/1825\/43280802412_f8e3834d82_z.jpg"},{"@type":"BreadcrumbList","@id":"https:\/\/www.noticiasradioreflejos.com.ar\/2021\/se-inauguro-la-muestra-artistas-de-nuestra-tierra\/#breadcrumb","itemListElement":[{"@type":"ListItem","position":1,"name":"Portada","item":"https:\/\/www.noticiasradioreflejos.com.ar\/2021\/"},{"@type":"ListItem","position":2,"name":"Se inaugur\u00f3 la muestra \u201cArtistas de Nuestra Tierra\u201d"}]},{"@type":"WebSite","@id":"https:\/\/www.noticiasradioreflejos.com.ar\/2021\/#website","url":"https:\/\/www.noticiasradioreflejos.com.ar\/2021\/","name":"Noticias Radio Reflejos","description":"Las noticias de mi comarca","potentialAction":[{"@type":"SearchAction","target":{"@type":"EntryPoint","urlTemplate":"https:\/\/www.noticiasradioreflejos.com.ar\/2021\/?s={search_term_string}"},"query-input":{"@type":"PropertyValueSpecification","valueRequired":true,"valueName":"search_term_string"}}],"inLanguage":"es"},{"@type":"Person","@id":"https:\/\/www.noticiasradioreflejos.com.ar\/2021\/#\/schema\/person\/ad82545263dcc5ec0996818884fd5fb1","name":"Arnaldo Botto","image":{"@type":"ImageObject","inLanguage":"es","@id":"https:\/\/www.noticiasradioreflejos.com.ar\/2021\/#\/schema\/person\/image\/","url":"https:\/\/secure.gravatar.com\/avatar\/55cb5e37c1efa326397366e6974cb338056df65cb50e7d64d1cf314e87504837?s=96&d=mm&r=g","contentUrl":"https:\/\/secure.gravatar.com\/avatar\/55cb5e37c1efa326397366e6974cb338056df65cb50e7d64d1cf314e87504837?s=96&d=mm&r=g","caption":"Arnaldo Botto"},"url":"https:\/\/www.noticiasradioreflejos.com.ar\/2021\/author\/arnaldo\/"}]}},"_links":{"self":[{"href":"https:\/\/www.noticiasradioreflejos.com.ar\/2021\/wp-json\/wp\/v2\/posts\/23143","targetHints":{"allow":["GET"]}}],"collection":[{"href":"https:\/\/www.noticiasradioreflejos.com.ar\/2021\/wp-json\/wp\/v2\/posts"}],"about":[{"href":"https:\/\/www.noticiasradioreflejos.com.ar\/2021\/wp-json\/wp\/v2\/types\/post"}],"author":[{"embeddable":true,"href":"https:\/\/www.noticiasradioreflejos.com.ar\/2021\/wp-json\/wp\/v2\/users\/3"}],"replies":[{"embeddable":true,"href":"https:\/\/www.noticiasradioreflejos.com.ar\/2021\/wp-json\/wp\/v2\/comments?post=23143"}],"version-history":[{"count":0,"href":"https:\/\/www.noticiasradioreflejos.com.ar\/2021\/wp-json\/wp\/v2\/posts\/23143\/revisions"}],"wp:attachment":[{"href":"https:\/\/www.noticiasradioreflejos.com.ar\/2021\/wp-json\/wp\/v2\/media?parent=23143"}],"wp:term":[{"taxonomy":"category","embeddable":true,"href":"https:\/\/www.noticiasradioreflejos.com.ar\/2021\/wp-json\/wp\/v2\/categories?post=23143"},{"taxonomy":"post_tag","embeddable":true,"href":"https:\/\/www.noticiasradioreflejos.com.ar\/2021\/wp-json\/wp\/v2\/tags?post=23143"}],"curies":[{"name":"wp","href":"https:\/\/api.w.org\/{rel}","templated":true}]}}