{"id":23138,"date":"2018-07-10T19:58:30","date_gmt":"2018-07-10T22:58:30","guid":{"rendered":"http:\/\/www.noticiasradioreflejos.com.ar\/noticias\/?p=23138"},"modified":"2018-07-10T19:58:30","modified_gmt":"2018-07-10T22:58:30","slug":"aprehension-por-desobediencia-y-dano","status":"publish","type":"post","link":"https:\/\/www.noticiasradioreflejos.com.ar\/2021\/aprehension-por-desobediencia-y-dano\/","title":{"rendered":"Aprehensi\u00f3n por desobediencia y da\u00f1o"},"content":{"rendered":"<p>La Secretaria de Seguridad de la Municipalidad de Tornquist, pone en conocimiento a la poblaci\u00f3n que con fecha 8 del corriente mes y a\u00f1o, personal dependiente de la Estaci\u00f3n Policial Comunal local procedi\u00f3 a la aprehensi\u00f3n de la ciudadana Patricia Ramos, de actuales 56 a\u00f1os de edad por resultar prima facie penalmente responsable de los delitos caratulados Desobediencia y Da\u00f1o.<!--more--><br \/>\nYa que pesaba sobre ella una orden judicial de restricci\u00f3n y prohibiciones en general, siendo sorprendida por el personal policial sobre el domicilio de calle Italia nro. 848 de este medio transgrediendo lo normado en dicha orden y escasos minutos previos al arribo policial habr\u00eda producido la rotura de una ventana perteneciente al inmueble de calle Italia. Se instruyen actuaciones con la intervenci\u00f3n de la Unidad de Instrucci\u00f3n y Juicio numero 15 (flagrancia delito) de la ciudad de Bah\u00eda Blanca, asimismo con fecha 9 de Julio en horas de la madruga da se produce la aprehensi\u00f3n del ciudadano Auce Adrian Germ\u00e1n de 21 a\u00f1os, oriundo de este medio, por resultar prima facie, penalmente responsable del delito caratulado \u201cRESISTENCIA A LA AUTORIDAD\u201d, quedando a disposici\u00f3n de la Unidad de Instrucci\u00f3n y Juicio N\u00b0 15 (flagrancia delito) de la ciudad de Bah\u00eda Blanca, no obstante el precedente nombrado Auce, siendo las 17 horas el Domingo recupero la LIBERTAD por as\u00ed disponerlo el magistrado de intervenci\u00f3n efectiviz\u00e1ndose dicho acto desde el asiento de la Ayudant\u00eda Fiscal Descentralizada Local, a cargo del Dr. Pablo Ariel Florez.-<br \/>\nFIRMADO SECRETARIA DE SEGURIDAD TORNQUIST, 10 DE JULIO DE 2018<\/p>\n","protected":false},"excerpt":{"rendered":"<p>La Secretaria de Seguridad de la Municipalidad de Tornquist, pone en conocimiento a la poblaci\u00f3n que con fecha 8 del corriente mes y a\u00f1o, personal dependiente de la Estaci\u00f3n Policial Comunal local procedi\u00f3 a la aprehensi\u00f3n de la ciudadana Patricia Ramos, de actuales 56 a\u00f1os de edad por resultar prima facie penalmente responsable de los [&hellip;]<\/p>\n","protected":false},"author":3,"featured_media":0,"comment_status":"closed","ping_status":"open","sticky":false,"template":"","format":"standard","meta":{"footnotes":""},"categories":[29],"tags":[],"class_list":["post-23138","post","type-post","status-publish","format-standard","hentry","category-policiales"],"yoast_head":"<!-- This site is optimized with the Yoast SEO plugin v25.9 - https:\/\/yoast.com\/wordpress\/plugins\/seo\/ -->\n<title>Aprehensi\u00f3n por desobediencia y da\u00f1o - Noticias Radio Reflejos<\/title>\n<meta name=\"robots\" content=\"index, follow, max-snippet:-1, max-image-preview:large, max-video-preview:-1\" \/>\n<link rel=\"canonical\" href=\"https:\/\/www.noticiasradioreflejos.com.ar\/2021\/aprehension-por-desobediencia-y-dano\/\" \/>\n<meta property=\"og:locale\" content=\"es_ES\" \/>\n<meta property=\"og:type\" content=\"article\" \/>\n<meta property=\"og:title\" content=\"Aprehensi\u00f3n por desobediencia y da\u00f1o - Noticias Radio Reflejos\" \/>\n<meta property=\"og:description\" content=\"La Secretaria de Seguridad de la Municipalidad de Tornquist, pone en conocimiento a la poblaci\u00f3n que con fecha 8 del corriente mes y a\u00f1o, personal dependiente de la Estaci\u00f3n Policial Comunal local procedi\u00f3 a la aprehensi\u00f3n de la ciudadana Patricia Ramos, de actuales 56 a\u00f1os de edad por resultar prima facie penalmente responsable de los [&hellip;]\" \/>\n<meta property=\"og:url\" content=\"https:\/\/www.noticiasradioreflejos.com.ar\/2021\/aprehension-por-desobediencia-y-dano\/\" \/>\n<meta property=\"og:site_name\" content=\"Noticias Radio Reflejos\" \/>\n<meta property=\"article:published_time\" content=\"2018-07-10T22:58:30+00:00\" \/>\n<meta property=\"og:image\" content=\"https:\/\/www.noticiasradioreflejos.com.ar\/2021\/wp-content\/uploads\/2021\/07\/logosol300x200.png\" \/>\n\t<meta property=\"og:image:width\" content=\"300\" \/>\n\t<meta property=\"og:image:height\" content=\"200\" \/>\n\t<meta property=\"og:image:type\" content=\"image\/png\" \/>\n<meta name=\"author\" content=\"Arnaldo Botto\" \/>\n<meta name=\"twitter:card\" content=\"summary_large_image\" \/>\n<script type=\"application\/ld+json\" class=\"yoast-schema-graph\">{\"@context\":\"https:\/\/schema.org\",\"@graph\":[{\"@type\":\"WebPage\",\"@id\":\"https:\/\/www.noticiasradioreflejos.com.ar\/2021\/aprehension-por-desobediencia-y-dano\/\",\"url\":\"https:\/\/www.noticiasradioreflejos.com.ar\/2021\/aprehension-por-desobediencia-y-dano\/\",\"name\":\"Aprehensi\u00f3n por desobediencia y da\u00f1o - Noticias Radio Reflejos\",\"isPartOf\":{\"@id\":\"https:\/\/www.noticiasradioreflejos.com.ar\/2021\/#website\"},\"datePublished\":\"2018-07-10T22:58:30+00:00\",\"author\":{\"@id\":\"https:\/\/www.noticiasradioreflejos.com.ar\/2021\/#\/schema\/person\/ad82545263dcc5ec0996818884fd5fb1\"},\"breadcrumb\":{\"@id\":\"https:\/\/www.noticiasradioreflejos.com.ar\/2021\/aprehension-por-desobediencia-y-dano\/#breadcrumb\"},\"inLanguage\":\"es\",\"potentialAction\":[{\"@type\":\"ReadAction\",\"target\":[\"https:\/\/www.noticiasradioreflejos.com.ar\/2021\/aprehension-por-desobediencia-y-dano\/\"]}]},{\"@type\":\"BreadcrumbList\",\"@id\":\"https:\/\/www.noticiasradioreflejos.com.ar\/2021\/aprehension-por-desobediencia-y-dano\/#breadcrumb\",\"itemListElement\":[{\"@type\":\"ListItem\",\"position\":1,\"name\":\"Portada\",\"item\":\"https:\/\/www.noticiasradioreflejos.com.ar\/2021\/\"},{\"@type\":\"ListItem\",\"position\":2,\"name\":\"Aprehensi\u00f3n por desobediencia y da\u00f1o\"}]},{\"@type\":\"WebSite\",\"@id\":\"https:\/\/www.noticiasradioreflejos.com.ar\/2021\/#website\",\"url\":\"https:\/\/www.noticiasradioreflejos.com.ar\/2021\/\",\"name\":\"Noticias Radio Reflejos\",\"description\":\"Las noticias de mi comarca\",\"potentialAction\":[{\"@type\":\"SearchAction\",\"target\":{\"@type\":\"EntryPoint\",\"urlTemplate\":\"https:\/\/www.noticiasradioreflejos.com.ar\/2021\/?s={search_term_string}\"},\"query-input\":{\"@type\":\"PropertyValueSpecification\",\"valueRequired\":true,\"valueName\":\"search_term_string\"}}],\"inLanguage\":\"es\"},{\"@type\":\"Person\",\"@id\":\"https:\/\/www.noticiasradioreflejos.com.ar\/2021\/#\/schema\/person\/ad82545263dcc5ec0996818884fd5fb1\",\"name\":\"Arnaldo Botto\",\"image\":{\"@type\":\"ImageObject\",\"inLanguage\":\"es\",\"@id\":\"https:\/\/www.noticiasradioreflejos.com.ar\/2021\/#\/schema\/person\/image\/\",\"url\":\"https:\/\/secure.gravatar.com\/avatar\/55cb5e37c1efa326397366e6974cb338056df65cb50e7d64d1cf314e87504837?s=96&d=mm&r=g\",\"contentUrl\":\"https:\/\/secure.gravatar.com\/avatar\/55cb5e37c1efa326397366e6974cb338056df65cb50e7d64d1cf314e87504837?s=96&d=mm&r=g\",\"caption\":\"Arnaldo Botto\"},\"url\":\"https:\/\/www.noticiasradioreflejos.com.ar\/2021\/author\/arnaldo\/\"}]}<\/script>\n<!-- \/ Yoast SEO plugin. -->","yoast_head_json":{"title":"Aprehensi\u00f3n por desobediencia y da\u00f1o - Noticias Radio Reflejos","robots":{"index":"index","follow":"follow","max-snippet":"max-snippet:-1","max-image-preview":"max-image-preview:large","max-video-preview":"max-video-preview:-1"},"canonical":"https:\/\/www.noticiasradioreflejos.com.ar\/2021\/aprehension-por-desobediencia-y-dano\/","og_locale":"es_ES","og_type":"article","og_title":"Aprehensi\u00f3n por desobediencia y da\u00f1o - Noticias Radio Reflejos","og_description":"La Secretaria de Seguridad de la Municipalidad de Tornquist, pone en conocimiento a la poblaci\u00f3n que con fecha 8 del corriente mes y a\u00f1o, personal dependiente de la Estaci\u00f3n Policial Comunal local procedi\u00f3 a la aprehensi\u00f3n de la ciudadana Patricia Ramos, de actuales 56 a\u00f1os de edad por resultar prima facie penalmente responsable de los [&hellip;]","og_url":"https:\/\/www.noticiasradioreflejos.com.ar\/2021\/aprehension-por-desobediencia-y-dano\/","og_site_name":"Noticias Radio Reflejos","article_published_time":"2018-07-10T22:58:30+00:00","og_image":[{"width":300,"height":200,"url":"https:\/\/www.noticiasradioreflejos.com.ar\/2021\/wp-content\/uploads\/2021\/07\/logosol300x200.png","type":"image\/png"}],"author":"Arnaldo Botto","twitter_card":"summary_large_image","schema":{"@context":"https:\/\/schema.org","@graph":[{"@type":"WebPage","@id":"https:\/\/www.noticiasradioreflejos.com.ar\/2021\/aprehension-por-desobediencia-y-dano\/","url":"https:\/\/www.noticiasradioreflejos.com.ar\/2021\/aprehension-por-desobediencia-y-dano\/","name":"Aprehensi\u00f3n por desobediencia y da\u00f1o - Noticias Radio Reflejos","isPartOf":{"@id":"https:\/\/www.noticiasradioreflejos.com.ar\/2021\/#website"},"datePublished":"2018-07-10T22:58:30+00:00","author":{"@id":"https:\/\/www.noticiasradioreflejos.com.ar\/2021\/#\/schema\/person\/ad82545263dcc5ec0996818884fd5fb1"},"breadcrumb":{"@id":"https:\/\/www.noticiasradioreflejos.com.ar\/2021\/aprehension-por-desobediencia-y-dano\/#breadcrumb"},"inLanguage":"es","potentialAction":[{"@type":"ReadAction","target":["https:\/\/www.noticiasradioreflejos.com.ar\/2021\/aprehension-por-desobediencia-y-dano\/"]}]},{"@type":"BreadcrumbList","@id":"https:\/\/www.noticiasradioreflejos.com.ar\/2021\/aprehension-por-desobediencia-y-dano\/#breadcrumb","itemListElement":[{"@type":"ListItem","position":1,"name":"Portada","item":"https:\/\/www.noticiasradioreflejos.com.ar\/2021\/"},{"@type":"ListItem","position":2,"name":"Aprehensi\u00f3n por desobediencia y da\u00f1o"}]},{"@type":"WebSite","@id":"https:\/\/www.noticiasradioreflejos.com.ar\/2021\/#website","url":"https:\/\/www.noticiasradioreflejos.com.ar\/2021\/","name":"Noticias Radio Reflejos","description":"Las noticias de mi comarca","potentialAction":[{"@type":"SearchAction","target":{"@type":"EntryPoint","urlTemplate":"https:\/\/www.noticiasradioreflejos.com.ar\/2021\/?s={search_term_string}"},"query-input":{"@type":"PropertyValueSpecification","valueRequired":true,"valueName":"search_term_string"}}],"inLanguage":"es"},{"@type":"Person","@id":"https:\/\/www.noticiasradioreflejos.com.ar\/2021\/#\/schema\/person\/ad82545263dcc5ec0996818884fd5fb1","name":"Arnaldo Botto","image":{"@type":"ImageObject","inLanguage":"es","@id":"https:\/\/www.noticiasradioreflejos.com.ar\/2021\/#\/schema\/person\/image\/","url":"https:\/\/secure.gravatar.com\/avatar\/55cb5e37c1efa326397366e6974cb338056df65cb50e7d64d1cf314e87504837?s=96&d=mm&r=g","contentUrl":"https:\/\/secure.gravatar.com\/avatar\/55cb5e37c1efa326397366e6974cb338056df65cb50e7d64d1cf314e87504837?s=96&d=mm&r=g","caption":"Arnaldo Botto"},"url":"https:\/\/www.noticiasradioreflejos.com.ar\/2021\/author\/arnaldo\/"}]}},"_links":{"self":[{"href":"https:\/\/www.noticiasradioreflejos.com.ar\/2021\/wp-json\/wp\/v2\/posts\/23138","targetHints":{"allow":["GET"]}}],"collection":[{"href":"https:\/\/www.noticiasradioreflejos.com.ar\/2021\/wp-json\/wp\/v2\/posts"}],"about":[{"href":"https:\/\/www.noticiasradioreflejos.com.ar\/2021\/wp-json\/wp\/v2\/types\/post"}],"author":[{"embeddable":true,"href":"https:\/\/www.noticiasradioreflejos.com.ar\/2021\/wp-json\/wp\/v2\/users\/3"}],"replies":[{"embeddable":true,"href":"https:\/\/www.noticiasradioreflejos.com.ar\/2021\/wp-json\/wp\/v2\/comments?post=23138"}],"version-history":[{"count":0,"href":"https:\/\/www.noticiasradioreflejos.com.ar\/2021\/wp-json\/wp\/v2\/posts\/23138\/revisions"}],"wp:attachment":[{"href":"https:\/\/www.noticiasradioreflejos.com.ar\/2021\/wp-json\/wp\/v2\/media?parent=23138"}],"wp:term":[{"taxonomy":"category","embeddable":true,"href":"https:\/\/www.noticiasradioreflejos.com.ar\/2021\/wp-json\/wp\/v2\/categories?post=23138"},{"taxonomy":"post_tag","embeddable":true,"href":"https:\/\/www.noticiasradioreflejos.com.ar\/2021\/wp-json\/wp\/v2\/tags?post=23138"}],"curies":[{"name":"wp","href":"https:\/\/api.w.org\/{rel}","templated":true}]}}