{"id":23133,"date":"2018-07-10T19:46:47","date_gmt":"2018-07-10T22:46:47","guid":{"rendered":"http:\/\/www.noticiasradioreflejos.com.ar\/noticias\/?p=23133"},"modified":"2018-07-10T19:46:47","modified_gmt":"2018-07-10T22:46:47","slug":"orden-del-dia-11-de-julio-de-2018","status":"publish","type":"post","link":"https:\/\/www.noticiasradioreflejos.com.ar\/2021\/orden-del-dia-11-de-julio-de-2018\/","title":{"rendered":"Orden del d\u00eda, 11 de Julio de 2018"},"content":{"rendered":"<p>El Consejo Escolar informa a la comunidad que sesionar\u00e1 el d\u00eda 11\/07\/2018 a las 9:00 hs. en la sede de dicho organismo.<!--more--><br \/>\nORDEN DEL D\u00cdA<br \/>\n.-Correspondencia recibida y remitida<br \/>\nINFRAESTRUCTURA<br \/>\n* Visitas a escuelas.<br \/>\n* S\u00edntesis de obras ejecutadas y en proceso:<br \/>\n* CIC. Armado de mobiliario.<br \/>\n* EP N\u00ba 2. Avance de obra<br \/>\n* JI N\u00ba 903. Informe de dominio.<br \/>\n* SEAT Saldungaray. Finalizaci\u00f3n de obra.<br \/>\n* JI N\u00ba 906. Legajo t\u00e9cnico.<br \/>\n* EP N\u00ba 13. Refacci\u00f3n. Avance de obra.<br \/>\n* EP N\u00ba 7. Terminaci\u00f3n instalaci\u00f3n el\u00e9ctrica y refacci\u00f3n de cielo razo.<br \/>\n* EP N\u00ba 27. Pintura interior.<br \/>\n* EP N\u00ba 14. Pintura interior.<br \/>\n* EEE N\u00ba 502. Puerta de emergencia.<br \/>\n* ET N\u00ba 1. Refacci\u00f3n de un aula.<br \/>\n* Luminarias. Segunda etapa.<br \/>\n* An\u00e1lisis de necesidades menores: JI N\u00ba 903, EEE N\u00ba 502, EP N\u00ba 2.<br \/>\n* Relevamiento de calefactores 2018.<br \/>\nTESORERIA<br \/>\n* Autorizaciones por Fondo Compensador.<br \/>\n* Estado de cuentas.<br \/>\n* Pago a proveedores.<br \/>\nOTROS<br \/>\n* Regularizaci\u00f3n de Altas y Bajas patrimoniales\/ Inventario en las Instituciones.<\/p>\n","protected":false},"excerpt":{"rendered":"<p>El Consejo Escolar informa a la comunidad que sesionar\u00e1 el d\u00eda 11\/07\/2018 a las 9:00 hs. en la sede de dicho organismo.<\/p>\n","protected":false},"author":3,"featured_media":0,"comment_status":"closed","ping_status":"open","sticky":false,"template":"","format":"standard","meta":{"footnotes":""},"categories":[26],"tags":[],"class_list":["post-23133","post","type-post","status-publish","format-standard","hentry","category-sociedad"],"yoast_head":"<!-- This site is optimized with the Yoast SEO plugin v25.9 - https:\/\/yoast.com\/wordpress\/plugins\/seo\/ -->\n<title>Orden del d\u00eda, 11 de Julio de 2018 - Noticias Radio Reflejos<\/title>\n<meta name=\"robots\" content=\"index, follow, max-snippet:-1, max-image-preview:large, max-video-preview:-1\" \/>\n<link rel=\"canonical\" href=\"https:\/\/www.noticiasradioreflejos.com.ar\/2021\/orden-del-dia-11-de-julio-de-2018\/\" \/>\n<meta property=\"og:locale\" content=\"es_ES\" \/>\n<meta property=\"og:type\" content=\"article\" \/>\n<meta property=\"og:title\" content=\"Orden del d\u00eda, 11 de Julio de 2018 - Noticias Radio Reflejos\" \/>\n<meta property=\"og:description\" content=\"El Consejo Escolar informa a la comunidad que sesionar\u00e1 el d\u00eda 11\/07\/2018 a las 9:00 hs. en la sede de dicho organismo.\" \/>\n<meta property=\"og:url\" content=\"https:\/\/www.noticiasradioreflejos.com.ar\/2021\/orden-del-dia-11-de-julio-de-2018\/\" \/>\n<meta property=\"og:site_name\" content=\"Noticias Radio Reflejos\" \/>\n<meta property=\"article:published_time\" content=\"2018-07-10T22:46:47+00:00\" \/>\n<meta property=\"og:image\" content=\"https:\/\/www.noticiasradioreflejos.com.ar\/2021\/wp-content\/uploads\/2021\/07\/logosol300x200.png\" \/>\n\t<meta property=\"og:image:width\" content=\"300\" \/>\n\t<meta property=\"og:image:height\" content=\"200\" \/>\n\t<meta property=\"og:image:type\" content=\"image\/png\" \/>\n<meta name=\"author\" content=\"Arnaldo Botto\" \/>\n<meta name=\"twitter:card\" content=\"summary_large_image\" \/>\n<script type=\"application\/ld+json\" class=\"yoast-schema-graph\">{\"@context\":\"https:\/\/schema.org\",\"@graph\":[{\"@type\":\"WebPage\",\"@id\":\"https:\/\/www.noticiasradioreflejos.com.ar\/2021\/orden-del-dia-11-de-julio-de-2018\/\",\"url\":\"https:\/\/www.noticiasradioreflejos.com.ar\/2021\/orden-del-dia-11-de-julio-de-2018\/\",\"name\":\"Orden del d\u00eda, 11 de Julio de 2018 - Noticias Radio Reflejos\",\"isPartOf\":{\"@id\":\"https:\/\/www.noticiasradioreflejos.com.ar\/2021\/#website\"},\"datePublished\":\"2018-07-10T22:46:47+00:00\",\"author\":{\"@id\":\"https:\/\/www.noticiasradioreflejos.com.ar\/2021\/#\/schema\/person\/ad82545263dcc5ec0996818884fd5fb1\"},\"breadcrumb\":{\"@id\":\"https:\/\/www.noticiasradioreflejos.com.ar\/2021\/orden-del-dia-11-de-julio-de-2018\/#breadcrumb\"},\"inLanguage\":\"es\",\"potentialAction\":[{\"@type\":\"ReadAction\",\"target\":[\"https:\/\/www.noticiasradioreflejos.com.ar\/2021\/orden-del-dia-11-de-julio-de-2018\/\"]}]},{\"@type\":\"BreadcrumbList\",\"@id\":\"https:\/\/www.noticiasradioreflejos.com.ar\/2021\/orden-del-dia-11-de-julio-de-2018\/#breadcrumb\",\"itemListElement\":[{\"@type\":\"ListItem\",\"position\":1,\"name\":\"Portada\",\"item\":\"https:\/\/www.noticiasradioreflejos.com.ar\/2021\/\"},{\"@type\":\"ListItem\",\"position\":2,\"name\":\"Orden del d\u00eda, 11 de Julio de 2018\"}]},{\"@type\":\"WebSite\",\"@id\":\"https:\/\/www.noticiasradioreflejos.com.ar\/2021\/#website\",\"url\":\"https:\/\/www.noticiasradioreflejos.com.ar\/2021\/\",\"name\":\"Noticias Radio Reflejos\",\"description\":\"Las noticias de mi comarca\",\"potentialAction\":[{\"@type\":\"SearchAction\",\"target\":{\"@type\":\"EntryPoint\",\"urlTemplate\":\"https:\/\/www.noticiasradioreflejos.com.ar\/2021\/?s={search_term_string}\"},\"query-input\":{\"@type\":\"PropertyValueSpecification\",\"valueRequired\":true,\"valueName\":\"search_term_string\"}}],\"inLanguage\":\"es\"},{\"@type\":\"Person\",\"@id\":\"https:\/\/www.noticiasradioreflejos.com.ar\/2021\/#\/schema\/person\/ad82545263dcc5ec0996818884fd5fb1\",\"name\":\"Arnaldo Botto\",\"image\":{\"@type\":\"ImageObject\",\"inLanguage\":\"es\",\"@id\":\"https:\/\/www.noticiasradioreflejos.com.ar\/2021\/#\/schema\/person\/image\/\",\"url\":\"https:\/\/secure.gravatar.com\/avatar\/55cb5e37c1efa326397366e6974cb338056df65cb50e7d64d1cf314e87504837?s=96&d=mm&r=g\",\"contentUrl\":\"https:\/\/secure.gravatar.com\/avatar\/55cb5e37c1efa326397366e6974cb338056df65cb50e7d64d1cf314e87504837?s=96&d=mm&r=g\",\"caption\":\"Arnaldo Botto\"},\"url\":\"https:\/\/www.noticiasradioreflejos.com.ar\/2021\/author\/arnaldo\/\"}]}<\/script>\n<!-- \/ Yoast SEO plugin. -->","yoast_head_json":{"title":"Orden del d\u00eda, 11 de Julio de 2018 - Noticias Radio Reflejos","robots":{"index":"index","follow":"follow","max-snippet":"max-snippet:-1","max-image-preview":"max-image-preview:large","max-video-preview":"max-video-preview:-1"},"canonical":"https:\/\/www.noticiasradioreflejos.com.ar\/2021\/orden-del-dia-11-de-julio-de-2018\/","og_locale":"es_ES","og_type":"article","og_title":"Orden del d\u00eda, 11 de Julio de 2018 - Noticias Radio Reflejos","og_description":"El Consejo Escolar informa a la comunidad que sesionar\u00e1 el d\u00eda 11\/07\/2018 a las 9:00 hs. en la sede de dicho organismo.","og_url":"https:\/\/www.noticiasradioreflejos.com.ar\/2021\/orden-del-dia-11-de-julio-de-2018\/","og_site_name":"Noticias Radio Reflejos","article_published_time":"2018-07-10T22:46:47+00:00","og_image":[{"width":300,"height":200,"url":"https:\/\/www.noticiasradioreflejos.com.ar\/2021\/wp-content\/uploads\/2021\/07\/logosol300x200.png","type":"image\/png"}],"author":"Arnaldo Botto","twitter_card":"summary_large_image","schema":{"@context":"https:\/\/schema.org","@graph":[{"@type":"WebPage","@id":"https:\/\/www.noticiasradioreflejos.com.ar\/2021\/orden-del-dia-11-de-julio-de-2018\/","url":"https:\/\/www.noticiasradioreflejos.com.ar\/2021\/orden-del-dia-11-de-julio-de-2018\/","name":"Orden del d\u00eda, 11 de Julio de 2018 - Noticias Radio Reflejos","isPartOf":{"@id":"https:\/\/www.noticiasradioreflejos.com.ar\/2021\/#website"},"datePublished":"2018-07-10T22:46:47+00:00","author":{"@id":"https:\/\/www.noticiasradioreflejos.com.ar\/2021\/#\/schema\/person\/ad82545263dcc5ec0996818884fd5fb1"},"breadcrumb":{"@id":"https:\/\/www.noticiasradioreflejos.com.ar\/2021\/orden-del-dia-11-de-julio-de-2018\/#breadcrumb"},"inLanguage":"es","potentialAction":[{"@type":"ReadAction","target":["https:\/\/www.noticiasradioreflejos.com.ar\/2021\/orden-del-dia-11-de-julio-de-2018\/"]}]},{"@type":"BreadcrumbList","@id":"https:\/\/www.noticiasradioreflejos.com.ar\/2021\/orden-del-dia-11-de-julio-de-2018\/#breadcrumb","itemListElement":[{"@type":"ListItem","position":1,"name":"Portada","item":"https:\/\/www.noticiasradioreflejos.com.ar\/2021\/"},{"@type":"ListItem","position":2,"name":"Orden del d\u00eda, 11 de Julio de 2018"}]},{"@type":"WebSite","@id":"https:\/\/www.noticiasradioreflejos.com.ar\/2021\/#website","url":"https:\/\/www.noticiasradioreflejos.com.ar\/2021\/","name":"Noticias Radio Reflejos","description":"Las noticias de mi comarca","potentialAction":[{"@type":"SearchAction","target":{"@type":"EntryPoint","urlTemplate":"https:\/\/www.noticiasradioreflejos.com.ar\/2021\/?s={search_term_string}"},"query-input":{"@type":"PropertyValueSpecification","valueRequired":true,"valueName":"search_term_string"}}],"inLanguage":"es"},{"@type":"Person","@id":"https:\/\/www.noticiasradioreflejos.com.ar\/2021\/#\/schema\/person\/ad82545263dcc5ec0996818884fd5fb1","name":"Arnaldo Botto","image":{"@type":"ImageObject","inLanguage":"es","@id":"https:\/\/www.noticiasradioreflejos.com.ar\/2021\/#\/schema\/person\/image\/","url":"https:\/\/secure.gravatar.com\/avatar\/55cb5e37c1efa326397366e6974cb338056df65cb50e7d64d1cf314e87504837?s=96&d=mm&r=g","contentUrl":"https:\/\/secure.gravatar.com\/avatar\/55cb5e37c1efa326397366e6974cb338056df65cb50e7d64d1cf314e87504837?s=96&d=mm&r=g","caption":"Arnaldo Botto"},"url":"https:\/\/www.noticiasradioreflejos.com.ar\/2021\/author\/arnaldo\/"}]}},"_links":{"self":[{"href":"https:\/\/www.noticiasradioreflejos.com.ar\/2021\/wp-json\/wp\/v2\/posts\/23133","targetHints":{"allow":["GET"]}}],"collection":[{"href":"https:\/\/www.noticiasradioreflejos.com.ar\/2021\/wp-json\/wp\/v2\/posts"}],"about":[{"href":"https:\/\/www.noticiasradioreflejos.com.ar\/2021\/wp-json\/wp\/v2\/types\/post"}],"author":[{"embeddable":true,"href":"https:\/\/www.noticiasradioreflejos.com.ar\/2021\/wp-json\/wp\/v2\/users\/3"}],"replies":[{"embeddable":true,"href":"https:\/\/www.noticiasradioreflejos.com.ar\/2021\/wp-json\/wp\/v2\/comments?post=23133"}],"version-history":[{"count":0,"href":"https:\/\/www.noticiasradioreflejos.com.ar\/2021\/wp-json\/wp\/v2\/posts\/23133\/revisions"}],"wp:attachment":[{"href":"https:\/\/www.noticiasradioreflejos.com.ar\/2021\/wp-json\/wp\/v2\/media?parent=23133"}],"wp:term":[{"taxonomy":"category","embeddable":true,"href":"https:\/\/www.noticiasradioreflejos.com.ar\/2021\/wp-json\/wp\/v2\/categories?post=23133"},{"taxonomy":"post_tag","embeddable":true,"href":"https:\/\/www.noticiasradioreflejos.com.ar\/2021\/wp-json\/wp\/v2\/tags?post=23133"}],"curies":[{"name":"wp","href":"https:\/\/api.w.org\/{rel}","templated":true}]}}