{"id":23130,"date":"2018-07-10T19:41:28","date_gmt":"2018-07-10T22:41:28","guid":{"rendered":"http:\/\/www.noticiasradioreflejos.com.ar\/noticias\/?p=23130"},"modified":"2018-07-10T19:41:28","modified_gmt":"2018-07-10T22:41:28","slug":"tornquist-municipio-estuvo-presente-en-la-feria-caminos-y-sabores","status":"publish","type":"post","link":"https:\/\/www.noticiasradioreflejos.com.ar\/2021\/tornquist-municipio-estuvo-presente-en-la-feria-caminos-y-sabores\/","title":{"rendered":"Tornquist Municipio estuvo presente en la Feria Caminos y Sabores"},"content":{"rendered":"<p>Tornquist Municipio, a trav\u00e9s de la Secretaria de Turismo estuvo presente en la nueva edici\u00f3n de la Feria Caminos y Sabores, lugar de encuentro donde se re\u00fanen expositores de todo el pa\u00eds, para dar a conocer alimentos, bebidas, artesan\u00edas y sobretodo destinos tur\u00edsticos.<!--more--><br \/>\nEn este caso, Tornquist estuvo presente tanto en el stand de la Provincia de Buenos Aires, como en el del Ministerio de Turismo de Naci\u00f3n, donde los visitantes pudieron degustar de productos artesanales como quesos, chorizos, dulces de la comarca, as\u00ed como tambi\u00e9n las distintas variedades de cepas de la Bodega Saldungaray, acompa\u00f1adas por deliciosos panificados producidos en el \u201cViejo Mercado de Saldungaray\u201d.<br \/>\nDesde la secretaria agradecemos a todos los prestadores tur\u00edsticos que nos acompa\u00f1aron una vez m\u00e1s en esta jornada, tan importante no solo para reafirmarnos como destino, sino para fortalecer nuestros productos regionales.<br \/>\n<a href=\"http:\/\/farm1.staticflickr.com\/837\/42426373955_58b5d7513b_z.jpg\" title=\"caminos y sabores5\" rel=\"\"><img loading=\"lazy\" decoding=\"async\" src=\"http:\/\/farm1.staticflickr.com\/837\/42426373955_58b5d7513b_z.jpg\" width=\"640\" height=\"480\" alt=\"caminos y sabores5\" title=\"caminos y sabores5\" class=\"aligncenter\"><\/a><br \/>\n<a href=\"http:\/\/farm1.staticflickr.com\/918\/43329949411_4b60fe94e1_z.jpg\" title=\"caminos y sabores4\" rel=\"\"><img loading=\"lazy\" decoding=\"async\" src=\"http:\/\/farm1.staticflickr.com\/918\/43329949411_4b60fe94e1_z.jpg\" width=\"360\" height=\"640\" alt=\"caminos y sabores4\" title=\"caminos y sabores4\" class=\"aligncenter\"><\/a><br \/>\n<a href=\"http:\/\/farm2.staticflickr.com\/1822\/42426374995_61764a1891_z.jpg\" title=\"caminos y sabores3\" rel=\"\"><img loading=\"lazy\" decoding=\"async\" src=\"http:\/\/farm2.staticflickr.com\/1822\/42426374995_61764a1891_z.jpg\" width=\"480\" height=\"640\" alt=\"caminos y sabores3\" title=\"caminos y sabores3\" class=\"aligncenter\"><\/a><br \/>\n<a href=\"http:\/\/farm2.staticflickr.com\/1789\/43329951571_06f11cca2b_z.jpg\" title=\"caminos y sabores2\" rel=\"\"><img loading=\"lazy\" decoding=\"async\" src=\"http:\/\/farm2.staticflickr.com\/1789\/43329951571_06f11cca2b_z.jpg\" width=\"640\" height=\"480\" alt=\"caminos y sabores2\" title=\"caminos y sabores2\" class=\"aligncenter\"><\/a><\/p>\n","protected":false},"excerpt":{"rendered":"<p>Tornquist Municipio, a trav\u00e9s de la Secretaria de Turismo estuvo presente en la nueva edici\u00f3n de la Feria Caminos y Sabores, lugar de encuentro donde se re\u00fanen expositores de todo el pa\u00eds, para dar a conocer alimentos, bebidas, artesan\u00edas y sobretodo destinos tur\u00edsticos.<\/p>\n","protected":false},"author":3,"featured_media":0,"comment_status":"closed","ping_status":"open","sticky":false,"template":"","format":"standard","meta":{"footnotes":""},"categories":[33],"tags":[],"class_list":["post-23130","post","type-post","status-publish","format-standard","hentry","category-turismo"],"yoast_head":"<!-- This site is optimized with the Yoast SEO plugin v25.9 - https:\/\/yoast.com\/wordpress\/plugins\/seo\/ -->\n<title>Tornquist Municipio estuvo presente en la Feria Caminos y Sabores - Noticias Radio Reflejos<\/title>\n<meta name=\"robots\" content=\"index, follow, max-snippet:-1, max-image-preview:large, max-video-preview:-1\" \/>\n<link rel=\"canonical\" href=\"https:\/\/www.noticiasradioreflejos.com.ar\/2021\/tornquist-municipio-estuvo-presente-en-la-feria-caminos-y-sabores\/\" \/>\n<meta property=\"og:locale\" content=\"es_ES\" \/>\n<meta property=\"og:type\" content=\"article\" \/>\n<meta property=\"og:title\" content=\"Tornquist Municipio estuvo presente en la Feria Caminos y Sabores - Noticias Radio Reflejos\" \/>\n<meta property=\"og:description\" content=\"Tornquist Municipio, a trav\u00e9s de la Secretaria de Turismo estuvo presente en la nueva edici\u00f3n de la Feria Caminos y Sabores, lugar de encuentro donde se re\u00fanen expositores de todo el pa\u00eds, para dar a conocer alimentos, bebidas, artesan\u00edas y sobretodo destinos tur\u00edsticos.\" \/>\n<meta property=\"og:url\" content=\"https:\/\/www.noticiasradioreflejos.com.ar\/2021\/tornquist-municipio-estuvo-presente-en-la-feria-caminos-y-sabores\/\" \/>\n<meta property=\"og:site_name\" content=\"Noticias Radio Reflejos\" \/>\n<meta property=\"article:published_time\" content=\"2018-07-10T22:41:28+00:00\" \/>\n<meta property=\"og:image\" content=\"http:\/\/farm1.staticflickr.com\/837\/42426373955_58b5d7513b_z.jpg\" \/>\n<meta name=\"author\" content=\"Arnaldo Botto\" \/>\n<meta name=\"twitter:card\" content=\"summary_large_image\" \/>\n<script type=\"application\/ld+json\" class=\"yoast-schema-graph\">{\"@context\":\"https:\/\/schema.org\",\"@graph\":[{\"@type\":\"WebPage\",\"@id\":\"https:\/\/www.noticiasradioreflejos.com.ar\/2021\/tornquist-municipio-estuvo-presente-en-la-feria-caminos-y-sabores\/\",\"url\":\"https:\/\/www.noticiasradioreflejos.com.ar\/2021\/tornquist-municipio-estuvo-presente-en-la-feria-caminos-y-sabores\/\",\"name\":\"Tornquist Municipio estuvo presente en la Feria Caminos y Sabores - Noticias Radio Reflejos\",\"isPartOf\":{\"@id\":\"https:\/\/www.noticiasradioreflejos.com.ar\/2021\/#website\"},\"primaryImageOfPage\":{\"@id\":\"https:\/\/www.noticiasradioreflejos.com.ar\/2021\/tornquist-municipio-estuvo-presente-en-la-feria-caminos-y-sabores\/#primaryimage\"},\"image\":{\"@id\":\"https:\/\/www.noticiasradioreflejos.com.ar\/2021\/tornquist-municipio-estuvo-presente-en-la-feria-caminos-y-sabores\/#primaryimage\"},\"thumbnailUrl\":\"http:\/\/farm1.staticflickr.com\/837\/42426373955_58b5d7513b_z.jpg\",\"datePublished\":\"2018-07-10T22:41:28+00:00\",\"author\":{\"@id\":\"https:\/\/www.noticiasradioreflejos.com.ar\/2021\/#\/schema\/person\/ad82545263dcc5ec0996818884fd5fb1\"},\"breadcrumb\":{\"@id\":\"https:\/\/www.noticiasradioreflejos.com.ar\/2021\/tornquist-municipio-estuvo-presente-en-la-feria-caminos-y-sabores\/#breadcrumb\"},\"inLanguage\":\"es\",\"potentialAction\":[{\"@type\":\"ReadAction\",\"target\":[\"https:\/\/www.noticiasradioreflejos.com.ar\/2021\/tornquist-municipio-estuvo-presente-en-la-feria-caminos-y-sabores\/\"]}]},{\"@type\":\"ImageObject\",\"inLanguage\":\"es\",\"@id\":\"https:\/\/www.noticiasradioreflejos.com.ar\/2021\/tornquist-municipio-estuvo-presente-en-la-feria-caminos-y-sabores\/#primaryimage\",\"url\":\"http:\/\/farm1.staticflickr.com\/837\/42426373955_58b5d7513b_z.jpg\",\"contentUrl\":\"http:\/\/farm1.staticflickr.com\/837\/42426373955_58b5d7513b_z.jpg\"},{\"@type\":\"BreadcrumbList\",\"@id\":\"https:\/\/www.noticiasradioreflejos.com.ar\/2021\/tornquist-municipio-estuvo-presente-en-la-feria-caminos-y-sabores\/#breadcrumb\",\"itemListElement\":[{\"@type\":\"ListItem\",\"position\":1,\"name\":\"Portada\",\"item\":\"https:\/\/www.noticiasradioreflejos.com.ar\/2021\/\"},{\"@type\":\"ListItem\",\"position\":2,\"name\":\"Tornquist Municipio estuvo presente en la Feria Caminos y Sabores\"}]},{\"@type\":\"WebSite\",\"@id\":\"https:\/\/www.noticiasradioreflejos.com.ar\/2021\/#website\",\"url\":\"https:\/\/www.noticiasradioreflejos.com.ar\/2021\/\",\"name\":\"Noticias Radio Reflejos\",\"description\":\"Las noticias de mi comarca\",\"potentialAction\":[{\"@type\":\"SearchAction\",\"target\":{\"@type\":\"EntryPoint\",\"urlTemplate\":\"https:\/\/www.noticiasradioreflejos.com.ar\/2021\/?s={search_term_string}\"},\"query-input\":{\"@type\":\"PropertyValueSpecification\",\"valueRequired\":true,\"valueName\":\"search_term_string\"}}],\"inLanguage\":\"es\"},{\"@type\":\"Person\",\"@id\":\"https:\/\/www.noticiasradioreflejos.com.ar\/2021\/#\/schema\/person\/ad82545263dcc5ec0996818884fd5fb1\",\"name\":\"Arnaldo Botto\",\"image\":{\"@type\":\"ImageObject\",\"inLanguage\":\"es\",\"@id\":\"https:\/\/www.noticiasradioreflejos.com.ar\/2021\/#\/schema\/person\/image\/\",\"url\":\"https:\/\/secure.gravatar.com\/avatar\/55cb5e37c1efa326397366e6974cb338056df65cb50e7d64d1cf314e87504837?s=96&d=mm&r=g\",\"contentUrl\":\"https:\/\/secure.gravatar.com\/avatar\/55cb5e37c1efa326397366e6974cb338056df65cb50e7d64d1cf314e87504837?s=96&d=mm&r=g\",\"caption\":\"Arnaldo Botto\"},\"url\":\"https:\/\/www.noticiasradioreflejos.com.ar\/2021\/author\/arnaldo\/\"}]}<\/script>\n<!-- \/ Yoast SEO plugin. -->","yoast_head_json":{"title":"Tornquist Municipio estuvo presente en la Feria Caminos y Sabores - Noticias Radio Reflejos","robots":{"index":"index","follow":"follow","max-snippet":"max-snippet:-1","max-image-preview":"max-image-preview:large","max-video-preview":"max-video-preview:-1"},"canonical":"https:\/\/www.noticiasradioreflejos.com.ar\/2021\/tornquist-municipio-estuvo-presente-en-la-feria-caminos-y-sabores\/","og_locale":"es_ES","og_type":"article","og_title":"Tornquist Municipio estuvo presente en la Feria Caminos y Sabores - Noticias Radio Reflejos","og_description":"Tornquist Municipio, a trav\u00e9s de la Secretaria de Turismo estuvo presente en la nueva edici\u00f3n de la Feria Caminos y Sabores, lugar de encuentro donde se re\u00fanen expositores de todo el pa\u00eds, para dar a conocer alimentos, bebidas, artesan\u00edas y sobretodo destinos tur\u00edsticos.","og_url":"https:\/\/www.noticiasradioreflejos.com.ar\/2021\/tornquist-municipio-estuvo-presente-en-la-feria-caminos-y-sabores\/","og_site_name":"Noticias Radio Reflejos","article_published_time":"2018-07-10T22:41:28+00:00","og_image":[{"url":"http:\/\/farm1.staticflickr.com\/837\/42426373955_58b5d7513b_z.jpg","type":"","width":"","height":""}],"author":"Arnaldo Botto","twitter_card":"summary_large_image","schema":{"@context":"https:\/\/schema.org","@graph":[{"@type":"WebPage","@id":"https:\/\/www.noticiasradioreflejos.com.ar\/2021\/tornquist-municipio-estuvo-presente-en-la-feria-caminos-y-sabores\/","url":"https:\/\/www.noticiasradioreflejos.com.ar\/2021\/tornquist-municipio-estuvo-presente-en-la-feria-caminos-y-sabores\/","name":"Tornquist Municipio estuvo presente en la Feria Caminos y Sabores - Noticias Radio Reflejos","isPartOf":{"@id":"https:\/\/www.noticiasradioreflejos.com.ar\/2021\/#website"},"primaryImageOfPage":{"@id":"https:\/\/www.noticiasradioreflejos.com.ar\/2021\/tornquist-municipio-estuvo-presente-en-la-feria-caminos-y-sabores\/#primaryimage"},"image":{"@id":"https:\/\/www.noticiasradioreflejos.com.ar\/2021\/tornquist-municipio-estuvo-presente-en-la-feria-caminos-y-sabores\/#primaryimage"},"thumbnailUrl":"http:\/\/farm1.staticflickr.com\/837\/42426373955_58b5d7513b_z.jpg","datePublished":"2018-07-10T22:41:28+00:00","author":{"@id":"https:\/\/www.noticiasradioreflejos.com.ar\/2021\/#\/schema\/person\/ad82545263dcc5ec0996818884fd5fb1"},"breadcrumb":{"@id":"https:\/\/www.noticiasradioreflejos.com.ar\/2021\/tornquist-municipio-estuvo-presente-en-la-feria-caminos-y-sabores\/#breadcrumb"},"inLanguage":"es","potentialAction":[{"@type":"ReadAction","target":["https:\/\/www.noticiasradioreflejos.com.ar\/2021\/tornquist-municipio-estuvo-presente-en-la-feria-caminos-y-sabores\/"]}]},{"@type":"ImageObject","inLanguage":"es","@id":"https:\/\/www.noticiasradioreflejos.com.ar\/2021\/tornquist-municipio-estuvo-presente-en-la-feria-caminos-y-sabores\/#primaryimage","url":"http:\/\/farm1.staticflickr.com\/837\/42426373955_58b5d7513b_z.jpg","contentUrl":"http:\/\/farm1.staticflickr.com\/837\/42426373955_58b5d7513b_z.jpg"},{"@type":"BreadcrumbList","@id":"https:\/\/www.noticiasradioreflejos.com.ar\/2021\/tornquist-municipio-estuvo-presente-en-la-feria-caminos-y-sabores\/#breadcrumb","itemListElement":[{"@type":"ListItem","position":1,"name":"Portada","item":"https:\/\/www.noticiasradioreflejos.com.ar\/2021\/"},{"@type":"ListItem","position":2,"name":"Tornquist Municipio estuvo presente en la Feria Caminos y Sabores"}]},{"@type":"WebSite","@id":"https:\/\/www.noticiasradioreflejos.com.ar\/2021\/#website","url":"https:\/\/www.noticiasradioreflejos.com.ar\/2021\/","name":"Noticias Radio Reflejos","description":"Las noticias de mi comarca","potentialAction":[{"@type":"SearchAction","target":{"@type":"EntryPoint","urlTemplate":"https:\/\/www.noticiasradioreflejos.com.ar\/2021\/?s={search_term_string}"},"query-input":{"@type":"PropertyValueSpecification","valueRequired":true,"valueName":"search_term_string"}}],"inLanguage":"es"},{"@type":"Person","@id":"https:\/\/www.noticiasradioreflejos.com.ar\/2021\/#\/schema\/person\/ad82545263dcc5ec0996818884fd5fb1","name":"Arnaldo Botto","image":{"@type":"ImageObject","inLanguage":"es","@id":"https:\/\/www.noticiasradioreflejos.com.ar\/2021\/#\/schema\/person\/image\/","url":"https:\/\/secure.gravatar.com\/avatar\/55cb5e37c1efa326397366e6974cb338056df65cb50e7d64d1cf314e87504837?s=96&d=mm&r=g","contentUrl":"https:\/\/secure.gravatar.com\/avatar\/55cb5e37c1efa326397366e6974cb338056df65cb50e7d64d1cf314e87504837?s=96&d=mm&r=g","caption":"Arnaldo Botto"},"url":"https:\/\/www.noticiasradioreflejos.com.ar\/2021\/author\/arnaldo\/"}]}},"_links":{"self":[{"href":"https:\/\/www.noticiasradioreflejos.com.ar\/2021\/wp-json\/wp\/v2\/posts\/23130","targetHints":{"allow":["GET"]}}],"collection":[{"href":"https:\/\/www.noticiasradioreflejos.com.ar\/2021\/wp-json\/wp\/v2\/posts"}],"about":[{"href":"https:\/\/www.noticiasradioreflejos.com.ar\/2021\/wp-json\/wp\/v2\/types\/post"}],"author":[{"embeddable":true,"href":"https:\/\/www.noticiasradioreflejos.com.ar\/2021\/wp-json\/wp\/v2\/users\/3"}],"replies":[{"embeddable":true,"href":"https:\/\/www.noticiasradioreflejos.com.ar\/2021\/wp-json\/wp\/v2\/comments?post=23130"}],"version-history":[{"count":0,"href":"https:\/\/www.noticiasradioreflejos.com.ar\/2021\/wp-json\/wp\/v2\/posts\/23130\/revisions"}],"wp:attachment":[{"href":"https:\/\/www.noticiasradioreflejos.com.ar\/2021\/wp-json\/wp\/v2\/media?parent=23130"}],"wp:term":[{"taxonomy":"category","embeddable":true,"href":"https:\/\/www.noticiasradioreflejos.com.ar\/2021\/wp-json\/wp\/v2\/categories?post=23130"},{"taxonomy":"post_tag","embeddable":true,"href":"https:\/\/www.noticiasradioreflejos.com.ar\/2021\/wp-json\/wp\/v2\/tags?post=23130"}],"curies":[{"name":"wp","href":"https:\/\/api.w.org\/{rel}","templated":true}]}}