{"id":23113,"date":"2018-07-10T09:21:42","date_gmt":"2018-07-10T12:21:42","guid":{"rendered":"http:\/\/www.noticiasradioreflejos.com.ar\/noticias\/?p=23113"},"modified":"2018-07-10T09:21:42","modified_gmt":"2018-07-10T12:21:42","slug":"se-conmemoro-un-nuevo-aniversario-de-la-independencia-nacional","status":"publish","type":"post","link":"https:\/\/www.noticiasradioreflejos.com.ar\/2021\/se-conmemoro-un-nuevo-aniversario-de-la-independencia-nacional\/","title":{"rendered":"Se conmemor\u00f3 un nuevo aniversario de la independencia nacional"},"content":{"rendered":"<p><a title=\"DSC_0030\" href=\"http:\/\/farm2.staticflickr.com\/1764\/43270235802_d7211eaea9.jpg\" rel=\"\"><img loading=\"lazy\" decoding=\"async\" class=\"alignleft\" style=\"float: left;\" title=\"DSC_0030\" src=\"http:\/\/farm2.staticflickr.com\/1764\/43270235802_d7211eaea9.jpg\" alt=\"DSC_0030\" width=\"333\" height=\"500\" \/><\/a>En la ma\u00f1ana de ayer se desarroll\u00f3 el acto oficial programado para el 9 de Julio, en la localidad de Saldungaray, organizado por la comunidad educativa del Instituto Fort\u00edn Pav\u00f3n y Tornquist Municipio. <!--more--><br \/>\nAsistieron al mismo, en representaci\u00f3n del intendente municipal, el Secretario de Gobierno Ezequiel Gabella, el Secretario de Desarrollo ; Dr. Gonzalo Iparraguirre, la Inspectora Jefe Distrital Mar\u00eda Rosa Gonz\u00e1lez y el Inspector Regional de Educaci\u00f3n; Fabi\u00e1n Palma.<br \/>\nEntre otras autoridades se hicieron presentes los delegados de Villa Ventana y Saldungaray, distintas entidades intermedias y fuerzas vivas de la localidad.<br \/>\nLa primera parte del acto fue centralizada en la \u201cPlaza Independencia\u201d, con el traslado e izamiento del pabell\u00f3n nacional, palabras alusivas de los se\u00f1ores Fabi\u00e1n Palma y Ezequiel Gabella, mientras que el himno fue entonado por Amancay Mara\u00f1\u00f3n, la suelta de palomas fue un porte de la Asociaci\u00f3n Colomb\u00f3fila \u201cAlas Tornquinenses\u201d.<br \/>\nM\u00e1s tarde, ya en las instalaciones del gimnasio del Instituto Fort\u00edn Pav\u00f3n, se vivieron momentos emocionantes con la interpretaci\u00f3n de la canci\u00f3n \u201cEn el Pa\u00eds de la Libertad\u201d por Diego Ciava en guitarra (pap\u00e1 de un alumno de primaria) y Jazm\u00edn Juan (alumna de 2\u00ba a\u00f1o).<br \/>\nSe puso en escena una obra llevada adelante por alumnos de distintos cursos de la entidad escolar, con la intervenci\u00f3n de representantes de la comunidad, bomberos, polic\u00eda, empleados municipales y docentes entre otros, entonando la canci\u00f3n de Soledad \u201cBrillando el Sol\u201d.<br \/>\nAl t\u00e9rmino se realiz\u00f3 una \u201cFeria del Plato\u201d y se ofreci\u00f3 tortas y chocolate caliente, todo para conmemorar nuestros primeros 202 a\u00f1os de independencia nacional.<br \/>\n<a title=\"DSC_0040\" href=\"http:\/\/farm2.staticflickr.com\/1783\/43319647231_8758ca0fd9_z.jpg\" rel=\"\"><img loading=\"lazy\" decoding=\"async\" class=\"aligncenter\" title=\"DSC_0040\" src=\"http:\/\/farm2.staticflickr.com\/1783\/43319647231_8758ca0fd9_z.jpg\" alt=\"DSC_0040\" width=\"640\" height=\"427\" \/><\/a><br \/>\n&nbsp;<br \/>\n<a title=\"DSC_0047\" href=\"http:\/\/farm2.staticflickr.com\/1770\/41509979070_17560c6962_z.jpg\" rel=\"\"><img loading=\"lazy\" decoding=\"async\" class=\"aligncenter\" title=\"DSC_0047\" src=\"http:\/\/farm2.staticflickr.com\/1770\/41509979070_17560c6962_z.jpg\" alt=\"DSC_0047\" width=\"640\" height=\"427\" \/><\/a><br \/>\n<a title=\"DSC_0069\" href=\"http:\/\/farm2.staticflickr.com\/1788\/43270210272_e8a3fd2cd9_z.jpg\" rel=\"\"><img loading=\"lazy\" decoding=\"async\" class=\"aligncenter\" title=\"DSC_0069\" src=\"http:\/\/farm2.staticflickr.com\/1788\/43270210272_e8a3fd2cd9_z.jpg\" alt=\"DSC_0069\" width=\"427\" height=\"640\" \/><\/a><br \/>\n<a title=\"DSC_0101\" href=\"http:\/\/farm1.staticflickr.com\/917\/42601585454_2db1367eb7_z.jpg\" rel=\"\"><img loading=\"lazy\" decoding=\"async\" class=\"aligncenter\" title=\"DSC_0101\" src=\"http:\/\/farm1.staticflickr.com\/917\/42601585454_2db1367eb7_z.jpg\" alt=\"DSC_0101\" width=\"640\" height=\"427\" \/><\/a><br \/>\n<a title=\"DSC_0111\" href=\"http:\/\/farm1.staticflickr.com\/840\/43270198042_3687c2e462_z.jpg\" rel=\"\"><img loading=\"lazy\" decoding=\"async\" class=\"aligncenter\" title=\"DSC_0111\" src=\"http:\/\/farm1.staticflickr.com\/840\/43270198042_3687c2e462_z.jpg\" alt=\"DSC_0111\" width=\"640\" height=\"427\" \/><\/a><br \/>\n<a title=\"DSC_0116\" href=\"http:\/\/farm2.staticflickr.com\/1790\/42601573374_aedf4c6588_z.jpg\" rel=\"\"><img loading=\"lazy\" decoding=\"async\" class=\"aligncenter\" title=\"DSC_0116\" src=\"http:\/\/farm2.staticflickr.com\/1790\/42601573374_aedf4c6588_z.jpg\" alt=\"DSC_0116\" width=\"640\" height=\"427\" \/><\/a><br \/>\n<a title=\"DSC_0205\" href=\"http:\/\/farm2.staticflickr.com\/1769\/42415578895_654a15a1b5_z.jpg\" rel=\"\"><img loading=\"lazy\" decoding=\"async\" class=\"aligncenter\" title=\"DSC_0205\" src=\"http:\/\/farm2.staticflickr.com\/1769\/42415578895_654a15a1b5_z.jpg\" alt=\"DSC_0205\" width=\"640\" height=\"427\" \/><\/a><br \/>\n<a title=\"DSC_0206\" href=\"http:\/\/farm2.staticflickr.com\/1786\/42415564225_28319d28cd_z.jpg\" rel=\"\"><img loading=\"lazy\" decoding=\"async\" class=\"aligncenter\" title=\"DSC_0206\" src=\"http:\/\/farm2.staticflickr.com\/1786\/42415564225_28319d28cd_z.jpg\" alt=\"DSC_0206\" width=\"640\" height=\"427\" \/><\/a><\/p>\n","protected":false},"excerpt":{"rendered":"<p>En la ma\u00f1ana de ayer se desarroll\u00f3 el acto oficial programado para el 9 de Julio, en la localidad de Saldungaray, organizado por la comunidad educativa del Instituto Fort\u00edn Pav\u00f3n y Tornquist Municipio.<\/p>\n","protected":false},"author":3,"featured_media":0,"comment_status":"closed","ping_status":"open","sticky":false,"template":"","format":"standard","meta":{"footnotes":""},"categories":[26],"tags":[],"class_list":["post-23113","post","type-post","status-publish","format-standard","hentry","category-sociedad"],"yoast_head":"<!-- This site is optimized with the Yoast SEO plugin v25.9 - https:\/\/yoast.com\/wordpress\/plugins\/seo\/ -->\n<title>Se conmemor\u00f3 un nuevo aniversario de la independencia nacional - Noticias Radio Reflejos<\/title>\n<meta name=\"robots\" content=\"index, follow, max-snippet:-1, max-image-preview:large, max-video-preview:-1\" \/>\n<link rel=\"canonical\" href=\"https:\/\/www.noticiasradioreflejos.com.ar\/2021\/se-conmemoro-un-nuevo-aniversario-de-la-independencia-nacional\/\" \/>\n<meta property=\"og:locale\" content=\"es_ES\" \/>\n<meta property=\"og:type\" content=\"article\" \/>\n<meta property=\"og:title\" content=\"Se conmemor\u00f3 un nuevo aniversario de la independencia nacional - Noticias Radio Reflejos\" \/>\n<meta property=\"og:description\" content=\"En la ma\u00f1ana de ayer se desarroll\u00f3 el acto oficial programado para el 9 de Julio, en la localidad de Saldungaray, organizado por la comunidad educativa del Instituto Fort\u00edn Pav\u00f3n y Tornquist Municipio.\" \/>\n<meta property=\"og:url\" content=\"https:\/\/www.noticiasradioreflejos.com.ar\/2021\/se-conmemoro-un-nuevo-aniversario-de-la-independencia-nacional\/\" \/>\n<meta property=\"og:site_name\" content=\"Noticias Radio Reflejos\" \/>\n<meta property=\"article:published_time\" content=\"2018-07-10T12:21:42+00:00\" \/>\n<meta property=\"og:image\" content=\"http:\/\/farm2.staticflickr.com\/1764\/43270235802_d7211eaea9.jpg\" \/>\n<meta name=\"author\" content=\"Arnaldo Botto\" \/>\n<meta name=\"twitter:card\" content=\"summary_large_image\" \/>\n<script type=\"application\/ld+json\" class=\"yoast-schema-graph\">{\"@context\":\"https:\/\/schema.org\",\"@graph\":[{\"@type\":\"WebPage\",\"@id\":\"https:\/\/www.noticiasradioreflejos.com.ar\/2021\/se-conmemoro-un-nuevo-aniversario-de-la-independencia-nacional\/\",\"url\":\"https:\/\/www.noticiasradioreflejos.com.ar\/2021\/se-conmemoro-un-nuevo-aniversario-de-la-independencia-nacional\/\",\"name\":\"Se conmemor\u00f3 un nuevo aniversario de la independencia nacional - Noticias Radio Reflejos\",\"isPartOf\":{\"@id\":\"https:\/\/www.noticiasradioreflejos.com.ar\/2021\/#website\"},\"primaryImageOfPage\":{\"@id\":\"https:\/\/www.noticiasradioreflejos.com.ar\/2021\/se-conmemoro-un-nuevo-aniversario-de-la-independencia-nacional\/#primaryimage\"},\"image\":{\"@id\":\"https:\/\/www.noticiasradioreflejos.com.ar\/2021\/se-conmemoro-un-nuevo-aniversario-de-la-independencia-nacional\/#primaryimage\"},\"thumbnailUrl\":\"http:\/\/farm2.staticflickr.com\/1764\/43270235802_d7211eaea9.jpg\",\"datePublished\":\"2018-07-10T12:21:42+00:00\",\"author\":{\"@id\":\"https:\/\/www.noticiasradioreflejos.com.ar\/2021\/#\/schema\/person\/ad82545263dcc5ec0996818884fd5fb1\"},\"breadcrumb\":{\"@id\":\"https:\/\/www.noticiasradioreflejos.com.ar\/2021\/se-conmemoro-un-nuevo-aniversario-de-la-independencia-nacional\/#breadcrumb\"},\"inLanguage\":\"es\",\"potentialAction\":[{\"@type\":\"ReadAction\",\"target\":[\"https:\/\/www.noticiasradioreflejos.com.ar\/2021\/se-conmemoro-un-nuevo-aniversario-de-la-independencia-nacional\/\"]}]},{\"@type\":\"ImageObject\",\"inLanguage\":\"es\",\"@id\":\"https:\/\/www.noticiasradioreflejos.com.ar\/2021\/se-conmemoro-un-nuevo-aniversario-de-la-independencia-nacional\/#primaryimage\",\"url\":\"http:\/\/farm2.staticflickr.com\/1764\/43270235802_d7211eaea9.jpg\",\"contentUrl\":\"http:\/\/farm2.staticflickr.com\/1764\/43270235802_d7211eaea9.jpg\"},{\"@type\":\"BreadcrumbList\",\"@id\":\"https:\/\/www.noticiasradioreflejos.com.ar\/2021\/se-conmemoro-un-nuevo-aniversario-de-la-independencia-nacional\/#breadcrumb\",\"itemListElement\":[{\"@type\":\"ListItem\",\"position\":1,\"name\":\"Portada\",\"item\":\"https:\/\/www.noticiasradioreflejos.com.ar\/2021\/\"},{\"@type\":\"ListItem\",\"position\":2,\"name\":\"Se conmemor\u00f3 un nuevo aniversario de la independencia nacional\"}]},{\"@type\":\"WebSite\",\"@id\":\"https:\/\/www.noticiasradioreflejos.com.ar\/2021\/#website\",\"url\":\"https:\/\/www.noticiasradioreflejos.com.ar\/2021\/\",\"name\":\"Noticias Radio Reflejos\",\"description\":\"Las noticias de mi comarca\",\"potentialAction\":[{\"@type\":\"SearchAction\",\"target\":{\"@type\":\"EntryPoint\",\"urlTemplate\":\"https:\/\/www.noticiasradioreflejos.com.ar\/2021\/?s={search_term_string}\"},\"query-input\":{\"@type\":\"PropertyValueSpecification\",\"valueRequired\":true,\"valueName\":\"search_term_string\"}}],\"inLanguage\":\"es\"},{\"@type\":\"Person\",\"@id\":\"https:\/\/www.noticiasradioreflejos.com.ar\/2021\/#\/schema\/person\/ad82545263dcc5ec0996818884fd5fb1\",\"name\":\"Arnaldo Botto\",\"image\":{\"@type\":\"ImageObject\",\"inLanguage\":\"es\",\"@id\":\"https:\/\/www.noticiasradioreflejos.com.ar\/2021\/#\/schema\/person\/image\/\",\"url\":\"https:\/\/secure.gravatar.com\/avatar\/55cb5e37c1efa326397366e6974cb338056df65cb50e7d64d1cf314e87504837?s=96&d=mm&r=g\",\"contentUrl\":\"https:\/\/secure.gravatar.com\/avatar\/55cb5e37c1efa326397366e6974cb338056df65cb50e7d64d1cf314e87504837?s=96&d=mm&r=g\",\"caption\":\"Arnaldo Botto\"},\"url\":\"https:\/\/www.noticiasradioreflejos.com.ar\/2021\/author\/arnaldo\/\"}]}<\/script>\n<!-- \/ Yoast SEO plugin. -->","yoast_head_json":{"title":"Se conmemor\u00f3 un nuevo aniversario de la independencia nacional - Noticias Radio Reflejos","robots":{"index":"index","follow":"follow","max-snippet":"max-snippet:-1","max-image-preview":"max-image-preview:large","max-video-preview":"max-video-preview:-1"},"canonical":"https:\/\/www.noticiasradioreflejos.com.ar\/2021\/se-conmemoro-un-nuevo-aniversario-de-la-independencia-nacional\/","og_locale":"es_ES","og_type":"article","og_title":"Se conmemor\u00f3 un nuevo aniversario de la independencia nacional - Noticias Radio Reflejos","og_description":"En la ma\u00f1ana de ayer se desarroll\u00f3 el acto oficial programado para el 9 de Julio, en la localidad de Saldungaray, organizado por la comunidad educativa del Instituto Fort\u00edn Pav\u00f3n y Tornquist Municipio.","og_url":"https:\/\/www.noticiasradioreflejos.com.ar\/2021\/se-conmemoro-un-nuevo-aniversario-de-la-independencia-nacional\/","og_site_name":"Noticias Radio Reflejos","article_published_time":"2018-07-10T12:21:42+00:00","og_image":[{"url":"http:\/\/farm2.staticflickr.com\/1764\/43270235802_d7211eaea9.jpg","type":"","width":"","height":""}],"author":"Arnaldo Botto","twitter_card":"summary_large_image","schema":{"@context":"https:\/\/schema.org","@graph":[{"@type":"WebPage","@id":"https:\/\/www.noticiasradioreflejos.com.ar\/2021\/se-conmemoro-un-nuevo-aniversario-de-la-independencia-nacional\/","url":"https:\/\/www.noticiasradioreflejos.com.ar\/2021\/se-conmemoro-un-nuevo-aniversario-de-la-independencia-nacional\/","name":"Se conmemor\u00f3 un nuevo aniversario de la independencia nacional - Noticias Radio Reflejos","isPartOf":{"@id":"https:\/\/www.noticiasradioreflejos.com.ar\/2021\/#website"},"primaryImageOfPage":{"@id":"https:\/\/www.noticiasradioreflejos.com.ar\/2021\/se-conmemoro-un-nuevo-aniversario-de-la-independencia-nacional\/#primaryimage"},"image":{"@id":"https:\/\/www.noticiasradioreflejos.com.ar\/2021\/se-conmemoro-un-nuevo-aniversario-de-la-independencia-nacional\/#primaryimage"},"thumbnailUrl":"http:\/\/farm2.staticflickr.com\/1764\/43270235802_d7211eaea9.jpg","datePublished":"2018-07-10T12:21:42+00:00","author":{"@id":"https:\/\/www.noticiasradioreflejos.com.ar\/2021\/#\/schema\/person\/ad82545263dcc5ec0996818884fd5fb1"},"breadcrumb":{"@id":"https:\/\/www.noticiasradioreflejos.com.ar\/2021\/se-conmemoro-un-nuevo-aniversario-de-la-independencia-nacional\/#breadcrumb"},"inLanguage":"es","potentialAction":[{"@type":"ReadAction","target":["https:\/\/www.noticiasradioreflejos.com.ar\/2021\/se-conmemoro-un-nuevo-aniversario-de-la-independencia-nacional\/"]}]},{"@type":"ImageObject","inLanguage":"es","@id":"https:\/\/www.noticiasradioreflejos.com.ar\/2021\/se-conmemoro-un-nuevo-aniversario-de-la-independencia-nacional\/#primaryimage","url":"http:\/\/farm2.staticflickr.com\/1764\/43270235802_d7211eaea9.jpg","contentUrl":"http:\/\/farm2.staticflickr.com\/1764\/43270235802_d7211eaea9.jpg"},{"@type":"BreadcrumbList","@id":"https:\/\/www.noticiasradioreflejos.com.ar\/2021\/se-conmemoro-un-nuevo-aniversario-de-la-independencia-nacional\/#breadcrumb","itemListElement":[{"@type":"ListItem","position":1,"name":"Portada","item":"https:\/\/www.noticiasradioreflejos.com.ar\/2021\/"},{"@type":"ListItem","position":2,"name":"Se conmemor\u00f3 un nuevo aniversario de la independencia nacional"}]},{"@type":"WebSite","@id":"https:\/\/www.noticiasradioreflejos.com.ar\/2021\/#website","url":"https:\/\/www.noticiasradioreflejos.com.ar\/2021\/","name":"Noticias Radio Reflejos","description":"Las noticias de mi comarca","potentialAction":[{"@type":"SearchAction","target":{"@type":"EntryPoint","urlTemplate":"https:\/\/www.noticiasradioreflejos.com.ar\/2021\/?s={search_term_string}"},"query-input":{"@type":"PropertyValueSpecification","valueRequired":true,"valueName":"search_term_string"}}],"inLanguage":"es"},{"@type":"Person","@id":"https:\/\/www.noticiasradioreflejos.com.ar\/2021\/#\/schema\/person\/ad82545263dcc5ec0996818884fd5fb1","name":"Arnaldo Botto","image":{"@type":"ImageObject","inLanguage":"es","@id":"https:\/\/www.noticiasradioreflejos.com.ar\/2021\/#\/schema\/person\/image\/","url":"https:\/\/secure.gravatar.com\/avatar\/55cb5e37c1efa326397366e6974cb338056df65cb50e7d64d1cf314e87504837?s=96&d=mm&r=g","contentUrl":"https:\/\/secure.gravatar.com\/avatar\/55cb5e37c1efa326397366e6974cb338056df65cb50e7d64d1cf314e87504837?s=96&d=mm&r=g","caption":"Arnaldo Botto"},"url":"https:\/\/www.noticiasradioreflejos.com.ar\/2021\/author\/arnaldo\/"}]}},"_links":{"self":[{"href":"https:\/\/www.noticiasradioreflejos.com.ar\/2021\/wp-json\/wp\/v2\/posts\/23113","targetHints":{"allow":["GET"]}}],"collection":[{"href":"https:\/\/www.noticiasradioreflejos.com.ar\/2021\/wp-json\/wp\/v2\/posts"}],"about":[{"href":"https:\/\/www.noticiasradioreflejos.com.ar\/2021\/wp-json\/wp\/v2\/types\/post"}],"author":[{"embeddable":true,"href":"https:\/\/www.noticiasradioreflejos.com.ar\/2021\/wp-json\/wp\/v2\/users\/3"}],"replies":[{"embeddable":true,"href":"https:\/\/www.noticiasradioreflejos.com.ar\/2021\/wp-json\/wp\/v2\/comments?post=23113"}],"version-history":[{"count":0,"href":"https:\/\/www.noticiasradioreflejos.com.ar\/2021\/wp-json\/wp\/v2\/posts\/23113\/revisions"}],"wp:attachment":[{"href":"https:\/\/www.noticiasradioreflejos.com.ar\/2021\/wp-json\/wp\/v2\/media?parent=23113"}],"wp:term":[{"taxonomy":"category","embeddable":true,"href":"https:\/\/www.noticiasradioreflejos.com.ar\/2021\/wp-json\/wp\/v2\/categories?post=23113"},{"taxonomy":"post_tag","embeddable":true,"href":"https:\/\/www.noticiasradioreflejos.com.ar\/2021\/wp-json\/wp\/v2\/tags?post=23113"}],"curies":[{"name":"wp","href":"https:\/\/api.w.org\/{rel}","templated":true}]}}