{"id":23105,"date":"2018-07-09T13:27:53","date_gmt":"2018-07-09T16:27:53","guid":{"rendered":"http:\/\/www.noticiasradioreflejos.com.ar\/noticias\/?p=23105"},"modified":"2018-07-09T13:27:53","modified_gmt":"2018-07-09T16:27:53","slug":"comunicado-del-frente-popular-25-de-febrero-6","status":"publish","type":"post","link":"https:\/\/www.noticiasradioreflejos.com.ar\/2021\/comunicado-del-frente-popular-25-de-febrero-6\/","title":{"rendered":"Comunicado del Frente Popular 25 de Febrero"},"content":{"rendered":"<p>DIA DE LA INDEPENDENCIA &#8211; 1816 \u2013 9 de Julio &#8211; 2018<br \/>\nLa Independencia, como la utop\u00eda, est\u00e1 en el horizonte y hacia ella caminaron los hombres para escribir  p\u00e1ginas  gloriosas en la cr\u00f3nica patri\u00f3tica. \u201c\u00a1Declaremos la Independencia de una vez! Seamos libres y lo dem\u00e1s importa nada\u201d, clamaba San Mart\u00edn.<!--more--><br \/>\nHace 202 a\u00f1os, la decisi\u00f3n fue tomada. Las Provincias Unidas se independizaron de Espa\u00f1a y de toda otra dominaci\u00f3n extranjera. La voluntad de los padres fundadores nos legaba una patria libre e independiente para que la hagamos crecer digna, siempre de pie, con la frente alta;  para que sea fuerte, generosa, popular, inclusiva, solidaria, latinoamericana.<br \/>\nEn el transcurrir de estos dos siglos con la tenacidad, la obstinaci\u00f3n y el coraje que caracterizan a nuestro pueblo,  intentamos seguir andando tras la utop\u00eda de la independencia.  Lo  logramos algunas veces  y fueron tiempos de felicidad para el pueblo, con trabajo, tierra para el cultivo, pan en la mesa, techo y paz.<br \/>\nPero, siempre al acecho, cada tanto resurge la derecha filo imperialista y arremete como un hurac\u00e1n, destruye lo construido, pisotea s\u00edmbolos, enloda honores, censura la palabra, reprime las protestas, estigmatiza a los laburantes, encarcela a los opositores, persigue a los militantes sociales.<br \/>\nEl hambre somete al hombre y la deuda pone de rodillas a la patria. No hay independencia posible si no se protege la estructura productiva y el pleno empleo; si no se asegura  comida para los  ni\u00f1os y  remedio para los ancianos. No hay independencia posible si se desbaratan los organismos de control,  se aniquila a la prensa libre, se arrincona a los cient\u00edficos, se desfinancia al estado.<br \/>\nNo hay independencia posible si no se respetan  los derechos de las mayor\u00edas a la educaci\u00f3n, la salud, la seguridad, la justicia, a la organizaci\u00f3n social; a un medio ambiente saludable y a un s\u00f3lido modelo de desarrollo que potencie las posibilidades de los trabajadores y de  la industria nacional.<br \/>\nNo hay independencia posible si estamos perdiendo soberan\u00eda energ\u00e9tica, si ha sido entregada nuestra soberan\u00eda espacial y ya no es un objetivo la soberan\u00eda sobre las islas Malvinas.<br \/>\nHoy, el desaf\u00edo se agiganta;  nosotros lo sabemos  Aqu\u00ed estamos,  abiertamente declarados en estado de asamblea permanente dispuestos a discutir  ideas,  proponer acciones,   portar  banderas,  hacer o\u00edr  nuestra voz  y  ser protagonistas de la historia.<br \/>\nLa Independencia, como la utop\u00eda, est\u00e1 en el horizonte y hacia ella andaremos juntando los pedazos  para reconstruir  la patria una y otra vez, con el otro, con los otros,  solidarios,  respetuosos, compartiendo pensamientos, sentimiento, destino, tantas veces como haga falta.<br \/>\nSomos el pueblo y venimos desde los confines de  la tierra y de la historia.  \u2026  no hacemos m\u00e1s que cumplir con lo que nos est\u00e1 determinado: seguir de pie,  erguidos,  con la frente bien alta, orgullosos porque la dignidad no tiene precio.<\/p>\n","protected":false},"excerpt":{"rendered":"<p>DIA DE LA INDEPENDENCIA &#8211; 1816 \u2013 9 de Julio &#8211; 2018 La Independencia, como la utop\u00eda, est\u00e1 en el horizonte y hacia ella caminaron los hombres para escribir p\u00e1ginas gloriosas en la cr\u00f3nica patri\u00f3tica. \u201c\u00a1Declaremos la Independencia de una vez! Seamos libres y lo dem\u00e1s importa nada\u201d, clamaba San Mart\u00edn.<\/p>\n","protected":false},"author":3,"featured_media":0,"comment_status":"closed","ping_status":"open","sticky":false,"template":"","format":"standard","meta":{"footnotes":""},"categories":[24],"tags":[],"class_list":["post-23105","post","type-post","status-publish","format-standard","hentry","category-politica"],"yoast_head":"<!-- This site is optimized with the Yoast SEO plugin v25.9 - https:\/\/yoast.com\/wordpress\/plugins\/seo\/ -->\n<title>Comunicado del Frente Popular 25 de Febrero - Noticias Radio Reflejos<\/title>\n<meta name=\"robots\" content=\"index, follow, max-snippet:-1, max-image-preview:large, max-video-preview:-1\" \/>\n<link rel=\"canonical\" href=\"https:\/\/www.noticiasradioreflejos.com.ar\/2021\/comunicado-del-frente-popular-25-de-febrero-6\/\" \/>\n<meta property=\"og:locale\" content=\"es_ES\" \/>\n<meta property=\"og:type\" content=\"article\" \/>\n<meta property=\"og:title\" content=\"Comunicado del Frente Popular 25 de Febrero - Noticias Radio Reflejos\" \/>\n<meta property=\"og:description\" content=\"DIA DE LA INDEPENDENCIA &#8211; 1816 \u2013 9 de Julio &#8211; 2018 La Independencia, como la utop\u00eda, est\u00e1 en el horizonte y hacia ella caminaron los hombres para escribir p\u00e1ginas gloriosas en la cr\u00f3nica patri\u00f3tica. \u201c\u00a1Declaremos la Independencia de una vez! Seamos libres y lo dem\u00e1s importa nada\u201d, clamaba San Mart\u00edn.\" \/>\n<meta property=\"og:url\" content=\"https:\/\/www.noticiasradioreflejos.com.ar\/2021\/comunicado-del-frente-popular-25-de-febrero-6\/\" \/>\n<meta property=\"og:site_name\" content=\"Noticias Radio Reflejos\" \/>\n<meta property=\"article:published_time\" content=\"2018-07-09T16:27:53+00:00\" \/>\n<meta property=\"og:image\" content=\"https:\/\/www.noticiasradioreflejos.com.ar\/2021\/wp-content\/uploads\/2021\/07\/logosol300x200.png\" \/>\n\t<meta property=\"og:image:width\" content=\"300\" \/>\n\t<meta property=\"og:image:height\" content=\"200\" \/>\n\t<meta property=\"og:image:type\" content=\"image\/png\" \/>\n<meta name=\"author\" content=\"Arnaldo Botto\" \/>\n<meta name=\"twitter:card\" content=\"summary_large_image\" \/>\n<script type=\"application\/ld+json\" class=\"yoast-schema-graph\">{\"@context\":\"https:\/\/schema.org\",\"@graph\":[{\"@type\":\"WebPage\",\"@id\":\"https:\/\/www.noticiasradioreflejos.com.ar\/2021\/comunicado-del-frente-popular-25-de-febrero-6\/\",\"url\":\"https:\/\/www.noticiasradioreflejos.com.ar\/2021\/comunicado-del-frente-popular-25-de-febrero-6\/\",\"name\":\"Comunicado del Frente Popular 25 de Febrero - Noticias Radio Reflejos\",\"isPartOf\":{\"@id\":\"https:\/\/www.noticiasradioreflejos.com.ar\/2021\/#website\"},\"datePublished\":\"2018-07-09T16:27:53+00:00\",\"author\":{\"@id\":\"https:\/\/www.noticiasradioreflejos.com.ar\/2021\/#\/schema\/person\/ad82545263dcc5ec0996818884fd5fb1\"},\"breadcrumb\":{\"@id\":\"https:\/\/www.noticiasradioreflejos.com.ar\/2021\/comunicado-del-frente-popular-25-de-febrero-6\/#breadcrumb\"},\"inLanguage\":\"es\",\"potentialAction\":[{\"@type\":\"ReadAction\",\"target\":[\"https:\/\/www.noticiasradioreflejos.com.ar\/2021\/comunicado-del-frente-popular-25-de-febrero-6\/\"]}]},{\"@type\":\"BreadcrumbList\",\"@id\":\"https:\/\/www.noticiasradioreflejos.com.ar\/2021\/comunicado-del-frente-popular-25-de-febrero-6\/#breadcrumb\",\"itemListElement\":[{\"@type\":\"ListItem\",\"position\":1,\"name\":\"Portada\",\"item\":\"https:\/\/www.noticiasradioreflejos.com.ar\/2021\/\"},{\"@type\":\"ListItem\",\"position\":2,\"name\":\"Comunicado del Frente Popular 25 de Febrero\"}]},{\"@type\":\"WebSite\",\"@id\":\"https:\/\/www.noticiasradioreflejos.com.ar\/2021\/#website\",\"url\":\"https:\/\/www.noticiasradioreflejos.com.ar\/2021\/\",\"name\":\"Noticias Radio Reflejos\",\"description\":\"Las noticias de mi comarca\",\"potentialAction\":[{\"@type\":\"SearchAction\",\"target\":{\"@type\":\"EntryPoint\",\"urlTemplate\":\"https:\/\/www.noticiasradioreflejos.com.ar\/2021\/?s={search_term_string}\"},\"query-input\":{\"@type\":\"PropertyValueSpecification\",\"valueRequired\":true,\"valueName\":\"search_term_string\"}}],\"inLanguage\":\"es\"},{\"@type\":\"Person\",\"@id\":\"https:\/\/www.noticiasradioreflejos.com.ar\/2021\/#\/schema\/person\/ad82545263dcc5ec0996818884fd5fb1\",\"name\":\"Arnaldo Botto\",\"image\":{\"@type\":\"ImageObject\",\"inLanguage\":\"es\",\"@id\":\"https:\/\/www.noticiasradioreflejos.com.ar\/2021\/#\/schema\/person\/image\/\",\"url\":\"https:\/\/secure.gravatar.com\/avatar\/55cb5e37c1efa326397366e6974cb338056df65cb50e7d64d1cf314e87504837?s=96&d=mm&r=g\",\"contentUrl\":\"https:\/\/secure.gravatar.com\/avatar\/55cb5e37c1efa326397366e6974cb338056df65cb50e7d64d1cf314e87504837?s=96&d=mm&r=g\",\"caption\":\"Arnaldo Botto\"},\"url\":\"https:\/\/www.noticiasradioreflejos.com.ar\/2021\/author\/arnaldo\/\"}]}<\/script>\n<!-- \/ Yoast SEO plugin. -->","yoast_head_json":{"title":"Comunicado del Frente Popular 25 de Febrero - Noticias Radio Reflejos","robots":{"index":"index","follow":"follow","max-snippet":"max-snippet:-1","max-image-preview":"max-image-preview:large","max-video-preview":"max-video-preview:-1"},"canonical":"https:\/\/www.noticiasradioreflejos.com.ar\/2021\/comunicado-del-frente-popular-25-de-febrero-6\/","og_locale":"es_ES","og_type":"article","og_title":"Comunicado del Frente Popular 25 de Febrero - Noticias Radio Reflejos","og_description":"DIA DE LA INDEPENDENCIA &#8211; 1816 \u2013 9 de Julio &#8211; 2018 La Independencia, como la utop\u00eda, est\u00e1 en el horizonte y hacia ella caminaron los hombres para escribir p\u00e1ginas gloriosas en la cr\u00f3nica patri\u00f3tica. \u201c\u00a1Declaremos la Independencia de una vez! Seamos libres y lo dem\u00e1s importa nada\u201d, clamaba San Mart\u00edn.","og_url":"https:\/\/www.noticiasradioreflejos.com.ar\/2021\/comunicado-del-frente-popular-25-de-febrero-6\/","og_site_name":"Noticias Radio Reflejos","article_published_time":"2018-07-09T16:27:53+00:00","og_image":[{"width":300,"height":200,"url":"https:\/\/www.noticiasradioreflejos.com.ar\/2021\/wp-content\/uploads\/2021\/07\/logosol300x200.png","type":"image\/png"}],"author":"Arnaldo Botto","twitter_card":"summary_large_image","schema":{"@context":"https:\/\/schema.org","@graph":[{"@type":"WebPage","@id":"https:\/\/www.noticiasradioreflejos.com.ar\/2021\/comunicado-del-frente-popular-25-de-febrero-6\/","url":"https:\/\/www.noticiasradioreflejos.com.ar\/2021\/comunicado-del-frente-popular-25-de-febrero-6\/","name":"Comunicado del Frente Popular 25 de Febrero - Noticias Radio Reflejos","isPartOf":{"@id":"https:\/\/www.noticiasradioreflejos.com.ar\/2021\/#website"},"datePublished":"2018-07-09T16:27:53+00:00","author":{"@id":"https:\/\/www.noticiasradioreflejos.com.ar\/2021\/#\/schema\/person\/ad82545263dcc5ec0996818884fd5fb1"},"breadcrumb":{"@id":"https:\/\/www.noticiasradioreflejos.com.ar\/2021\/comunicado-del-frente-popular-25-de-febrero-6\/#breadcrumb"},"inLanguage":"es","potentialAction":[{"@type":"ReadAction","target":["https:\/\/www.noticiasradioreflejos.com.ar\/2021\/comunicado-del-frente-popular-25-de-febrero-6\/"]}]},{"@type":"BreadcrumbList","@id":"https:\/\/www.noticiasradioreflejos.com.ar\/2021\/comunicado-del-frente-popular-25-de-febrero-6\/#breadcrumb","itemListElement":[{"@type":"ListItem","position":1,"name":"Portada","item":"https:\/\/www.noticiasradioreflejos.com.ar\/2021\/"},{"@type":"ListItem","position":2,"name":"Comunicado del Frente Popular 25 de Febrero"}]},{"@type":"WebSite","@id":"https:\/\/www.noticiasradioreflejos.com.ar\/2021\/#website","url":"https:\/\/www.noticiasradioreflejos.com.ar\/2021\/","name":"Noticias Radio Reflejos","description":"Las noticias de mi comarca","potentialAction":[{"@type":"SearchAction","target":{"@type":"EntryPoint","urlTemplate":"https:\/\/www.noticiasradioreflejos.com.ar\/2021\/?s={search_term_string}"},"query-input":{"@type":"PropertyValueSpecification","valueRequired":true,"valueName":"search_term_string"}}],"inLanguage":"es"},{"@type":"Person","@id":"https:\/\/www.noticiasradioreflejos.com.ar\/2021\/#\/schema\/person\/ad82545263dcc5ec0996818884fd5fb1","name":"Arnaldo Botto","image":{"@type":"ImageObject","inLanguage":"es","@id":"https:\/\/www.noticiasradioreflejos.com.ar\/2021\/#\/schema\/person\/image\/","url":"https:\/\/secure.gravatar.com\/avatar\/55cb5e37c1efa326397366e6974cb338056df65cb50e7d64d1cf314e87504837?s=96&d=mm&r=g","contentUrl":"https:\/\/secure.gravatar.com\/avatar\/55cb5e37c1efa326397366e6974cb338056df65cb50e7d64d1cf314e87504837?s=96&d=mm&r=g","caption":"Arnaldo Botto"},"url":"https:\/\/www.noticiasradioreflejos.com.ar\/2021\/author\/arnaldo\/"}]}},"_links":{"self":[{"href":"https:\/\/www.noticiasradioreflejos.com.ar\/2021\/wp-json\/wp\/v2\/posts\/23105","targetHints":{"allow":["GET"]}}],"collection":[{"href":"https:\/\/www.noticiasradioreflejos.com.ar\/2021\/wp-json\/wp\/v2\/posts"}],"about":[{"href":"https:\/\/www.noticiasradioreflejos.com.ar\/2021\/wp-json\/wp\/v2\/types\/post"}],"author":[{"embeddable":true,"href":"https:\/\/www.noticiasradioreflejos.com.ar\/2021\/wp-json\/wp\/v2\/users\/3"}],"replies":[{"embeddable":true,"href":"https:\/\/www.noticiasradioreflejos.com.ar\/2021\/wp-json\/wp\/v2\/comments?post=23105"}],"version-history":[{"count":0,"href":"https:\/\/www.noticiasradioreflejos.com.ar\/2021\/wp-json\/wp\/v2\/posts\/23105\/revisions"}],"wp:attachment":[{"href":"https:\/\/www.noticiasradioreflejos.com.ar\/2021\/wp-json\/wp\/v2\/media?parent=23105"}],"wp:term":[{"taxonomy":"category","embeddable":true,"href":"https:\/\/www.noticiasradioreflejos.com.ar\/2021\/wp-json\/wp\/v2\/categories?post=23105"},{"taxonomy":"post_tag","embeddable":true,"href":"https:\/\/www.noticiasradioreflejos.com.ar\/2021\/wp-json\/wp\/v2\/tags?post=23105"}],"curies":[{"name":"wp","href":"https:\/\/api.w.org\/{rel}","templated":true}]}}