{"id":23098,"date":"2018-07-06T22:50:27","date_gmt":"2018-07-07T01:50:27","guid":{"rendered":"http:\/\/www.noticiasradioreflejos.com.ar\/noticias\/?p=23098"},"modified":"2018-07-06T22:50:27","modified_gmt":"2018-07-07T01:50:27","slug":"avanza-en-el-distrito-la-ejecucion-de-obras-y-de-nuevos-proyectos","status":"publish","type":"post","link":"https:\/\/www.noticiasradioreflejos.com.ar\/2021\/avanza-en-el-distrito-la-ejecucion-de-obras-y-de-nuevos-proyectos\/","title":{"rendered":"Avanza en el distrito la ejecuci\u00f3n de obras y de nuevos proyectos"},"content":{"rendered":"<p>La Secretaria de Obras y Servicios P\u00fablicos, Ing. Gisela Lencinas, hizo un repaso de la ejecuci\u00f3n de obras y de nuevos proyectos que lleva adelante el municipio en materia de cloacas, viviendas y rutas.<!--more--><br \/>\nTambi\u00e9n, la funcionaria hizo menci\u00f3n a los trabajos que se desarrollar\u00e1n en el SUM del Barrio Sur y a las ampliaciones del Hospital Municipal y de la Unidad Sanitaria de Sierra de la Ventana.<br \/>\nSUM DEL BARRIO SUR<br \/>\nSemanas atr\u00e1s, el SUM de la Junta Vecinal del Barrio Sur se incendi\u00f3 y registr\u00f3 p\u00e9rdidas casi totales, y es por eso que el municipio har\u00e1 los arreglos necesarios, a la espera de la intervenci\u00f3n del seguro.<br \/>\n\u201cHay muchas cosas para hacer nuevas. Mientras esperamos que se haga cargo el seguro, estamos trabajando para que podamos avanzar en el funcionamiento del SUM, con un gasista y un electricista, y analizando presupuestos\u201d, indic\u00f3.<br \/>\n\u201cEl SUM propiamente dicho hay que hacerlo de cero porque se perdi\u00f3 todo: las aberturas, el techo y las paredes. Las paredes cedieron y se abrieron, por lo que estamos esperando a que se termine de desmontar el techo para ver si las debemos hacer nuevas o reforzarlas\u201d, agreg\u00f3.<br \/>\nLencinas se\u00f1al\u00f3 tambi\u00e9n que la comuna afrontar\u00e1, hasta que act\u00fae el seguro, la construcci\u00f3n; mientras que la instituci\u00f3n se har\u00e1 cargo del equipamiento.<br \/>\nPLANTA DE TRATAMIENTO DE RESIDUOS CLOACALES<br \/>\nEn cuanto a la obra de reparaci\u00f3n de la planta de tratamiento de residuos cloacales del barrio Norte, la funcionaria explic\u00f3 que \u201chasta ahora se retiraron los barros para que empiecen a funcionar las piletas; lo segundo es colocar los aireadores que est\u00e1n siendo reparados en Bahia Blanca. Funcionaban, pero sus motores fueron robados\u201d.<br \/>\nDichas tareas forman parte de la primera etapa de la obra, mientras que en la segunda fase se realizar\u00e1n nuevas las instalaciones el\u00e9ctrica y electromec\u00e1nica.<br \/>\nBACHEO PROFUNDO EN LA RUTA 76<br \/>\nSobre la obra que anunci\u00f3 Vialidad Provincial para la Ruta 76 entre la Ruta Nacional 33 y el puente del Rio Sauce Grande, Lencinas coment\u00f3 que \u201cse licitaron 15mil toneladas de material de bacheo\u201d.<br \/>\n\u201cLa empresa a cargo analizar\u00e1 sector por sector para ir arregl\u00e1ndola con bacheo profundo. Sin embargo, por el estado en que se encuentra la cinta asf\u00e1ltica, es probable que se repavimente por tramos, como se hizo la \u00faltima vez. Adem\u00e1s, consideran que ese material no va a alcanzar para toda la ruta, por lo que lanzar\u00e1n otra licitaci\u00f3n por 20mil toneladas m\u00e1s\u201d, agreg\u00f3.<br \/>\nAsimismo, la ingeniera civil afirm\u00f3 que la repavimentaci\u00f3n total de la mencionada ruta es un reclamo constante del intendente Sergio Bordoni a las autoridades provinciales, y que dicha obra estar\u00eda planificada para 2019.<br \/>\n\u201cPero en el mientras tanto nosotros pedimos material de bacheo y personal municipal tapa los pozos cuando Vialidad no puede hacerlo\u201d, dijo.<br \/>\nCONSTRUCCI\u00d3N DE 17 VIVIENDAS EN CHASICO Y 20 EN TORNQUIST<br \/>\nPara la ejecuci\u00f3n de las 17 viviendas previstas en Chasic\u00f3, la Secretaria de Obras y Servicios P\u00fablicos explic\u00f3 que \u201cla idea era poder repartir las casas en proveedores del distrito, pero nos reunimos con algunos de ellos y nos dijeron que, por los valores, es conveniente licitarlas todas juntas\u201d.<br \/>\nEn ese marco, adelant\u00f3 que dentro de un mes se har\u00e1 la apertura de sobres para la licitaci\u00f3n y adjudicaci\u00f3n de la obra.<br \/>\nEn tanto, sobre las 20 viviendas que se est\u00e1n construyendo en Tornquist, pertenecientes al Plan Buenos Aires Hogar, sostuvo que se llevan adelante por administraci\u00f3n, con los trabajos a cargo de proveedores de nuestra ciudad.<br \/>\n\u201cVamos terminar 10 viviendas y entregarlas, para despu\u00e9s reanudar la ejecuci\u00f3n de las restantes\u201d, coment\u00f3.<br \/>\nOBRAS EN LAS 11 NUEVAS HECT\u00c1REAS DEL EJIDO URBANO<br \/>\nGisela Lencinas indic\u00f3 que desde Provincia enviaron 24 millones de pesos para obras en las 11 hect\u00e1reas adquiridas para la ampliaci\u00f3n del ejido urbano hacia el sur de la ciudad cabecera.<br \/>\nEse dinero se destinar\u00e1 a la instalaci\u00f3n de agua, cloacas, energ\u00eda, cord\u00f3n cuneta y badenes en dos manzanas, en las que se concentrar\u00e1n las tareas para la futura construcci\u00f3n de viviendas, que, aclar\u00f3, no ser\u00e1n de tipo social.<br \/>\nMientras tanto, en las restantes siete manzanas se instalar\u00e1n los servicios de agua y energ\u00eda el\u00e9ctrica.<br \/>\nAMPLIACI\u00d3N DE UNIDAD SANITARIA A HOSPITAL EN SIERRA DE LA VENTANA<br \/>\nCon una inversi\u00f3n de $5.000.000, pertenecientes al Fondo de Infraestructura 2017, se llevar\u00e1 a cabo la ampliaci\u00f3n de la Unidad Sanitaria de Sierra de la Ventana, que pasar\u00e1 a ser un mini hospital.<br \/>\n\u201cPara comenzar debemos mover el corral\u00f3n municipal, que est\u00e1 en el espacio que se va a utilizar para ampliar la el centro asistencial. Justamente el corral\u00f3n se trasladar\u00e1 a su nuevo lugar (cerca de la Perrera) en las pr\u00f3ximas semanas, una vez que se finalice la instalaci\u00f3n el\u00e9ctrica\u201d, coment\u00f3.<br \/>\n\u201cLa obra de ampliaci\u00f3n de la Unidad Sanitaria consta en reacondicionar espacios que funcionan mal desde lo comunicacional; y construir un nuevo shock room, dos habitaciones, un laboratorio, una sala de rayos, una salas de espera y ba\u00f1os accesibles\u201d, inform\u00f3.<br \/>\nAdem\u00e1s, \u201cest\u00e1 prevista una segunda etapa que incluye dos habitaciones m\u00e1s, una cocina y lavadero\u201d.<br \/>\nOBRAS EN EL HOSPITAL MUNICIPAL DE TORNQUIST<br \/>\nEn tanto, en el Hospital Municipal de Tornquist \u201cse est\u00e1 ampliando el laboratorio y ejecutando una nueva sala de hemoterapia y ba\u00f1os accesibles. La obra se est\u00e1 haciendo en el exterior y, una vez concluida, se conectar\u00e1 al edificio\u201d.<br \/>\nAl igual que la de Sierra de la Ventana, la obra se ejecuta con dinero del Fondo de Infraestructura 2017, pero por administraci\u00f3n municipal.<\/p>\n","protected":false},"excerpt":{"rendered":"<p>La Secretaria de Obras y Servicios P\u00fablicos, Ing. Gisela Lencinas, hizo un repaso de la ejecuci\u00f3n de obras y de nuevos proyectos que lleva adelante el municipio en materia de cloacas, viviendas y rutas.<\/p>\n","protected":false},"author":3,"featured_media":0,"comment_status":"closed","ping_status":"open","sticky":false,"template":"","format":"standard","meta":{"footnotes":""},"categories":[26],"tags":[],"class_list":["post-23098","post","type-post","status-publish","format-standard","hentry","category-sociedad"],"yoast_head":"<!-- This site is optimized with the Yoast SEO plugin v25.9 - https:\/\/yoast.com\/wordpress\/plugins\/seo\/ -->\n<title>Avanza en el distrito la ejecuci\u00f3n de obras y de nuevos proyectos - Noticias Radio Reflejos<\/title>\n<meta name=\"robots\" content=\"index, follow, max-snippet:-1, max-image-preview:large, max-video-preview:-1\" \/>\n<link rel=\"canonical\" href=\"https:\/\/www.noticiasradioreflejos.com.ar\/2021\/avanza-en-el-distrito-la-ejecucion-de-obras-y-de-nuevos-proyectos\/\" \/>\n<meta property=\"og:locale\" content=\"es_ES\" \/>\n<meta property=\"og:type\" content=\"article\" \/>\n<meta property=\"og:title\" content=\"Avanza en el distrito la ejecuci\u00f3n de obras y de nuevos proyectos - Noticias Radio Reflejos\" \/>\n<meta property=\"og:description\" content=\"La Secretaria de Obras y Servicios P\u00fablicos, Ing. Gisela Lencinas, hizo un repaso de la ejecuci\u00f3n de obras y de nuevos proyectos que lleva adelante el municipio en materia de cloacas, viviendas y rutas.\" \/>\n<meta property=\"og:url\" content=\"https:\/\/www.noticiasradioreflejos.com.ar\/2021\/avanza-en-el-distrito-la-ejecucion-de-obras-y-de-nuevos-proyectos\/\" \/>\n<meta property=\"og:site_name\" content=\"Noticias Radio Reflejos\" \/>\n<meta property=\"article:published_time\" content=\"2018-07-07T01:50:27+00:00\" \/>\n<meta property=\"og:image\" content=\"https:\/\/www.noticiasradioreflejos.com.ar\/2021\/wp-content\/uploads\/2021\/07\/logosol300x200.png\" \/>\n\t<meta property=\"og:image:width\" content=\"300\" \/>\n\t<meta property=\"og:image:height\" content=\"200\" \/>\n\t<meta property=\"og:image:type\" content=\"image\/png\" \/>\n<meta name=\"author\" content=\"Arnaldo Botto\" \/>\n<meta name=\"twitter:card\" content=\"summary_large_image\" \/>\n<script type=\"application\/ld+json\" class=\"yoast-schema-graph\">{\"@context\":\"https:\/\/schema.org\",\"@graph\":[{\"@type\":\"WebPage\",\"@id\":\"https:\/\/www.noticiasradioreflejos.com.ar\/2021\/avanza-en-el-distrito-la-ejecucion-de-obras-y-de-nuevos-proyectos\/\",\"url\":\"https:\/\/www.noticiasradioreflejos.com.ar\/2021\/avanza-en-el-distrito-la-ejecucion-de-obras-y-de-nuevos-proyectos\/\",\"name\":\"Avanza en el distrito la ejecuci\u00f3n de obras y de nuevos proyectos - Noticias Radio Reflejos\",\"isPartOf\":{\"@id\":\"https:\/\/www.noticiasradioreflejos.com.ar\/2021\/#website\"},\"datePublished\":\"2018-07-07T01:50:27+00:00\",\"author\":{\"@id\":\"https:\/\/www.noticiasradioreflejos.com.ar\/2021\/#\/schema\/person\/ad82545263dcc5ec0996818884fd5fb1\"},\"breadcrumb\":{\"@id\":\"https:\/\/www.noticiasradioreflejos.com.ar\/2021\/avanza-en-el-distrito-la-ejecucion-de-obras-y-de-nuevos-proyectos\/#breadcrumb\"},\"inLanguage\":\"es\",\"potentialAction\":[{\"@type\":\"ReadAction\",\"target\":[\"https:\/\/www.noticiasradioreflejos.com.ar\/2021\/avanza-en-el-distrito-la-ejecucion-de-obras-y-de-nuevos-proyectos\/\"]}]},{\"@type\":\"BreadcrumbList\",\"@id\":\"https:\/\/www.noticiasradioreflejos.com.ar\/2021\/avanza-en-el-distrito-la-ejecucion-de-obras-y-de-nuevos-proyectos\/#breadcrumb\",\"itemListElement\":[{\"@type\":\"ListItem\",\"position\":1,\"name\":\"Portada\",\"item\":\"https:\/\/www.noticiasradioreflejos.com.ar\/2021\/\"},{\"@type\":\"ListItem\",\"position\":2,\"name\":\"Avanza en el distrito la ejecuci\u00f3n de obras y de nuevos proyectos\"}]},{\"@type\":\"WebSite\",\"@id\":\"https:\/\/www.noticiasradioreflejos.com.ar\/2021\/#website\",\"url\":\"https:\/\/www.noticiasradioreflejos.com.ar\/2021\/\",\"name\":\"Noticias Radio Reflejos\",\"description\":\"Las noticias de mi comarca\",\"potentialAction\":[{\"@type\":\"SearchAction\",\"target\":{\"@type\":\"EntryPoint\",\"urlTemplate\":\"https:\/\/www.noticiasradioreflejos.com.ar\/2021\/?s={search_term_string}\"},\"query-input\":{\"@type\":\"PropertyValueSpecification\",\"valueRequired\":true,\"valueName\":\"search_term_string\"}}],\"inLanguage\":\"es\"},{\"@type\":\"Person\",\"@id\":\"https:\/\/www.noticiasradioreflejos.com.ar\/2021\/#\/schema\/person\/ad82545263dcc5ec0996818884fd5fb1\",\"name\":\"Arnaldo Botto\",\"image\":{\"@type\":\"ImageObject\",\"inLanguage\":\"es\",\"@id\":\"https:\/\/www.noticiasradioreflejos.com.ar\/2021\/#\/schema\/person\/image\/\",\"url\":\"https:\/\/secure.gravatar.com\/avatar\/55cb5e37c1efa326397366e6974cb338056df65cb50e7d64d1cf314e87504837?s=96&d=mm&r=g\",\"contentUrl\":\"https:\/\/secure.gravatar.com\/avatar\/55cb5e37c1efa326397366e6974cb338056df65cb50e7d64d1cf314e87504837?s=96&d=mm&r=g\",\"caption\":\"Arnaldo Botto\"},\"url\":\"https:\/\/www.noticiasradioreflejos.com.ar\/2021\/author\/arnaldo\/\"}]}<\/script>\n<!-- \/ Yoast SEO plugin. -->","yoast_head_json":{"title":"Avanza en el distrito la ejecuci\u00f3n de obras y de nuevos proyectos - Noticias Radio Reflejos","robots":{"index":"index","follow":"follow","max-snippet":"max-snippet:-1","max-image-preview":"max-image-preview:large","max-video-preview":"max-video-preview:-1"},"canonical":"https:\/\/www.noticiasradioreflejos.com.ar\/2021\/avanza-en-el-distrito-la-ejecucion-de-obras-y-de-nuevos-proyectos\/","og_locale":"es_ES","og_type":"article","og_title":"Avanza en el distrito la ejecuci\u00f3n de obras y de nuevos proyectos - Noticias Radio Reflejos","og_description":"La Secretaria de Obras y Servicios P\u00fablicos, Ing. Gisela Lencinas, hizo un repaso de la ejecuci\u00f3n de obras y de nuevos proyectos que lleva adelante el municipio en materia de cloacas, viviendas y rutas.","og_url":"https:\/\/www.noticiasradioreflejos.com.ar\/2021\/avanza-en-el-distrito-la-ejecucion-de-obras-y-de-nuevos-proyectos\/","og_site_name":"Noticias Radio Reflejos","article_published_time":"2018-07-07T01:50:27+00:00","og_image":[{"width":300,"height":200,"url":"https:\/\/www.noticiasradioreflejos.com.ar\/2021\/wp-content\/uploads\/2021\/07\/logosol300x200.png","type":"image\/png"}],"author":"Arnaldo Botto","twitter_card":"summary_large_image","schema":{"@context":"https:\/\/schema.org","@graph":[{"@type":"WebPage","@id":"https:\/\/www.noticiasradioreflejos.com.ar\/2021\/avanza-en-el-distrito-la-ejecucion-de-obras-y-de-nuevos-proyectos\/","url":"https:\/\/www.noticiasradioreflejos.com.ar\/2021\/avanza-en-el-distrito-la-ejecucion-de-obras-y-de-nuevos-proyectos\/","name":"Avanza en el distrito la ejecuci\u00f3n de obras y de nuevos proyectos - Noticias Radio Reflejos","isPartOf":{"@id":"https:\/\/www.noticiasradioreflejos.com.ar\/2021\/#website"},"datePublished":"2018-07-07T01:50:27+00:00","author":{"@id":"https:\/\/www.noticiasradioreflejos.com.ar\/2021\/#\/schema\/person\/ad82545263dcc5ec0996818884fd5fb1"},"breadcrumb":{"@id":"https:\/\/www.noticiasradioreflejos.com.ar\/2021\/avanza-en-el-distrito-la-ejecucion-de-obras-y-de-nuevos-proyectos\/#breadcrumb"},"inLanguage":"es","potentialAction":[{"@type":"ReadAction","target":["https:\/\/www.noticiasradioreflejos.com.ar\/2021\/avanza-en-el-distrito-la-ejecucion-de-obras-y-de-nuevos-proyectos\/"]}]},{"@type":"BreadcrumbList","@id":"https:\/\/www.noticiasradioreflejos.com.ar\/2021\/avanza-en-el-distrito-la-ejecucion-de-obras-y-de-nuevos-proyectos\/#breadcrumb","itemListElement":[{"@type":"ListItem","position":1,"name":"Portada","item":"https:\/\/www.noticiasradioreflejos.com.ar\/2021\/"},{"@type":"ListItem","position":2,"name":"Avanza en el distrito la ejecuci\u00f3n de obras y de nuevos proyectos"}]},{"@type":"WebSite","@id":"https:\/\/www.noticiasradioreflejos.com.ar\/2021\/#website","url":"https:\/\/www.noticiasradioreflejos.com.ar\/2021\/","name":"Noticias Radio Reflejos","description":"Las noticias de mi comarca","potentialAction":[{"@type":"SearchAction","target":{"@type":"EntryPoint","urlTemplate":"https:\/\/www.noticiasradioreflejos.com.ar\/2021\/?s={search_term_string}"},"query-input":{"@type":"PropertyValueSpecification","valueRequired":true,"valueName":"search_term_string"}}],"inLanguage":"es"},{"@type":"Person","@id":"https:\/\/www.noticiasradioreflejos.com.ar\/2021\/#\/schema\/person\/ad82545263dcc5ec0996818884fd5fb1","name":"Arnaldo Botto","image":{"@type":"ImageObject","inLanguage":"es","@id":"https:\/\/www.noticiasradioreflejos.com.ar\/2021\/#\/schema\/person\/image\/","url":"https:\/\/secure.gravatar.com\/avatar\/55cb5e37c1efa326397366e6974cb338056df65cb50e7d64d1cf314e87504837?s=96&d=mm&r=g","contentUrl":"https:\/\/secure.gravatar.com\/avatar\/55cb5e37c1efa326397366e6974cb338056df65cb50e7d64d1cf314e87504837?s=96&d=mm&r=g","caption":"Arnaldo Botto"},"url":"https:\/\/www.noticiasradioreflejos.com.ar\/2021\/author\/arnaldo\/"}]}},"_links":{"self":[{"href":"https:\/\/www.noticiasradioreflejos.com.ar\/2021\/wp-json\/wp\/v2\/posts\/23098","targetHints":{"allow":["GET"]}}],"collection":[{"href":"https:\/\/www.noticiasradioreflejos.com.ar\/2021\/wp-json\/wp\/v2\/posts"}],"about":[{"href":"https:\/\/www.noticiasradioreflejos.com.ar\/2021\/wp-json\/wp\/v2\/types\/post"}],"author":[{"embeddable":true,"href":"https:\/\/www.noticiasradioreflejos.com.ar\/2021\/wp-json\/wp\/v2\/users\/3"}],"replies":[{"embeddable":true,"href":"https:\/\/www.noticiasradioreflejos.com.ar\/2021\/wp-json\/wp\/v2\/comments?post=23098"}],"version-history":[{"count":0,"href":"https:\/\/www.noticiasradioreflejos.com.ar\/2021\/wp-json\/wp\/v2\/posts\/23098\/revisions"}],"wp:attachment":[{"href":"https:\/\/www.noticiasradioreflejos.com.ar\/2021\/wp-json\/wp\/v2\/media?parent=23098"}],"wp:term":[{"taxonomy":"category","embeddable":true,"href":"https:\/\/www.noticiasradioreflejos.com.ar\/2021\/wp-json\/wp\/v2\/categories?post=23098"},{"taxonomy":"post_tag","embeddable":true,"href":"https:\/\/www.noticiasradioreflejos.com.ar\/2021\/wp-json\/wp\/v2\/tags?post=23098"}],"curies":[{"name":"wp","href":"https:\/\/api.w.org\/{rel}","templated":true}]}}